{"id":10004,"date":"2025-02-07T17:40:22","date_gmt":"2025-02-07T15:40:22","guid":{"rendered":"https:\/\/buod.de\/?p=10004"},"modified":"2025-02-12T17:45:14","modified_gmt":"2025-02-12T15:45:14","slug":"hmi-s-polok-keszultek-az-osszetartozas-jegyeben-hamburgban","status":"publish","type":"post","link":"https:\/\/buod.de\/de\/hmi-s-polok-keszultek-az-osszetartozas-jegyeben-hamburgban\/","title":{"rendered":"HMI-s p\u00f3l\u00f3k k\u00e9sz\u00fcltek az \u00f6sszetartoz\u00e1s jegy\u00e9ben Hamburgban"},"content":{"rendered":"<p>HMI-s p\u00f3l\u00f3k k\u00e9sz\u00fcltek az \u00f6sszetartoz\u00e1s jegy\u00e9ben Hamburgban<\/p>\n\n\n\n<p>A fejl\u0151d\u00e9s \u00f6r\u00f6k<\/p>\n\n\n\n<p>A Hamburgi Magyar Iskol\u00e1ban ism\u00e9t k\u00e9zzelfoghat\u00f3 a k\u00f6z\u00f6ss\u00e9ghez tartoz\u00e1s.<\/p>\n\n\n\n<p>Az \u00faj esztend\u0151ben \u00faj projekttel k\u00e9sz\u00fclt\u00fcnk, m\u00e9gpedig azzal, hogy legyen minden tan\u00e1rnak \u00e9s di\u00e1knak HMI-s p\u00f3l\u00f3ja, ami kifejezi az \u00f6sszetartoz\u00e1st. 2025. janu\u00e1r 25-\u00e9re el is k\u00e9sz\u00fcltek az els\u0151 p\u00f3l\u00f3k a feln\u0151tteknek: h\u00e9t p\u00f3l\u00f3t osztottunk ki. A gyerekek p\u00f3l\u00f3i k\u00f6vetkez\u0151 alkalomra k\u00e9sz\u00fclnek el, mivel a gyerekm\u00e9reteket k\u00e9s\u0151bb tudtuk megkapni.<\/p>\n\n\n\n<p>Febru\u00e1r 8-\u00e1n 30 tov\u00e1bbi gyerekp\u00f3l\u00f3val \u00e9s 4 feln\u0151tt p\u00f3l\u00f3val gazdagodunk, mindenki nagy \u00f6r\u00f6m\u00e9re.<\/p>\n\n\n\n<p>A k\u00f6z\u00f6ss\u00e9ghez tartoz\u00e1st \u00e9s a k\u00f6z\u00f6ss\u00e9g fejl\u0151d\u00e9s\u00e9t nemcsak p\u00f3l\u00f3kkal, hanem visszajelz\u00e9sekkel is \u00e9rt\u00e9kelj\u00fck: k\u00e9rd\u0151\u00edvet k\u00fcldt\u00fcnk ki a csal\u00e1doknak, hogy \u00edrj\u00e1k meg nek\u00fcnk, hogy mi\u00e9rt szeretnek a HMI-be j\u00e1rni, mit lehetne m\u00e1sk\u00e9pp csin\u00e1lni, kinek van kedve \u00e9s ideje seg\u00edteni k\u00fcl\u00f6nb\u00f6z\u0151 feladatokban. Ezeket a v\u00e1laszokat ki\u00e9rt\u00e9kelj\u00fck \u00e9s febru\u00e1r 8-\u00e1n sz\u00fcl\u0151i \u00e9rtekezleten megbesz\u00e9lj\u00fck a v\u00e1laszokat.<\/p>\n\n\n\n<p>A HMI jelenlegi vezet\u0151s\u00e9ge nagyon fontosnak tartja a fejl\u0151d\u00e9st \u00e9s fenntarthat\u00f3s\u00e1got. Az elm\u00falt egy \u00e9vben nagyon sok mindent \u00e9rt\u00fcnk el k\u00f6z\u00f6sen: 2024. febru\u00e1rj\u00e1t\u00f3l a katolikus misszi\u00f3ban tartottuk az \u00f3r\u00e1kat (ahol a cserk\u00e9szek az\u00f3ta is ott vannak), mik\u00f6zben folyamatosan n\u00f6vekedett a l\u00e9tsz\u00e1munk, majd j\u00faniusban iskola\u00e9p\u00fcletbe k\u00f6lt\u00f6zt\u00fcnk. A ny\u00e1ron is zajlott a munka, hogy sz\u00e1rmaz\u00e1si nyelvk\u00e9nt oktathassuk a magyar nyelvet Hamburg tartom\u00e1ny \u00e1ltal, ami szeptember v\u00e9g\u00e9t\u0151l el is indult, ahol nemcsak a hamburgi, de a Schleswig-Holsteinb\u00f3l \u00e9s Niedersachsenb\u0151l \u00e9rkez\u0151 gyerekek is r\u00e9szt vehetnek. Az iskolai alkalmakn\u00e1l figyelembe vessz\u00fck mindh\u00e1rom tartom\u00e1ny iskolai sz\u00fcneteit.<\/p>\n\n\n\n<p>Szeptemberre tov\u00e1bbi nagy l\u00e9p\u00e9seket tett\u00fcnk: szakemberekb\u0151l \u00e1ll\u00f3 tan\u00e1ri karunk lett \u00e9s megalakult az el\u0151k\u00e9sz\u00edt\u0151 \u00e9s tini csoport is az ovi\/b\u00f6lcsi, als\u00f3 \u00e9s fels\u0151 csoport mellett. Ami tal\u00e1n a legfontosabb, hogy mostanra megtripl\u00e1ztuk a HMI-be beiratkozott gyerekek l\u00e9tsz\u00e1m\u00e1t: jelenleg 42 di\u00e1kot tart nyilv\u00e1n a Hamburgi Magyar Iskola.<\/p>\n\n\n\n<p>A fejl\u0151d\u00e9s azonban nem \u00e1ll meg, folyamatosan tanulunk, b\u0151v\u00fcl\u00fcnk \u00e9s v\u00e1rjuk a visszajelz\u00e9seket, hogy a magyar iskola a j\u00f6v\u0151ben is fenntarthat\u00f3 maradhasson.<\/p>\n\n\n\n<figure class=\"wp-block-image size-large\"><img loading=\"lazy\" decoding=\"async\" width=\"1024\" height=\"604\" src=\"https:\/\/buod.de\/wp-content\/uploads\/2025\/02\/HMI-polo-2-1024x604.png\" alt=\"\" class=\"wp-image-10006\" srcset=\"https:\/\/buod.de\/wp-content\/uploads\/2025\/02\/HMI-polo-2-1024x604.png 1024w, https:\/\/buod.de\/wp-content\/uploads\/2025\/02\/HMI-polo-2-300x177.png 300w, https:\/\/buod.de\/wp-content\/uploads\/2025\/02\/HMI-polo-2-768x453.png 768w, https:\/\/buod.de\/wp-content\/uploads\/2025\/02\/HMI-polo-2-18x12.png 18w, https:\/\/buod.de\/wp-content\/uploads\/2025\/02\/HMI-polo-2.png 1323w\" sizes=\"auto, (max-width: 1024px) 100vw, 1024px\" \/><\/figure>\n\n\n\n<figure class=\"wp-block-image size-full\"><img loading=\"lazy\" decoding=\"async\" width=\"507\" height=\"905\" src=\"https:\/\/buod.de\/wp-content\/uploads\/2025\/02\/HMI-polo-1.png\" alt=\"\" class=\"wp-image-10005\" srcset=\"https:\/\/buod.de\/wp-content\/uploads\/2025\/02\/HMI-polo-1.png 507w, https:\/\/buod.de\/wp-content\/uploads\/2025\/02\/HMI-polo-1-168x300.png 168w, https:\/\/buod.de\/wp-content\/uploads\/2025\/02\/HMI-polo-1-7x12.png 7w\" sizes=\"auto, (max-width: 507px) 100vw, 507px\" \/><\/figure>","protected":false},"excerpt":{"rendered":"<p>HMI-s p\u00f3l\u00f3k k\u00e9sz\u00fcltek az \u00f6sszetartoz\u00e1s jegy\u00e9ben Hamburgban A fejl\u0151d\u00e9s \u00f6r\u00f6k A Hamburgi Magyar Iskol\u00e1ban ism\u00e9t k\u00e9zzelfoghat\u00f3 a k\u00f6z\u00f6ss\u00e9ghez tartoz\u00e1s. Az \u00faj esztend\u0151ben \u00faj projekttel k\u00e9sz\u00fclt\u00fcnk, m\u00e9gpedig azzal, hogy legyen minden tan\u00e1rnak \u00e9s di\u00e1knak HMI-s p\u00f3l\u00f3ja, ami kifejezi az \u00f6sszetartoz\u00e1st. 2025. janu\u00e1r 25-\u00e9re el is k\u00e9sz\u00fcltek az els\u0151 p\u00f3l\u00f3k a feln\u0151tteknek: h\u00e9t p\u00f3l\u00f3t osztottunk ki. A [&hellip;]<\/p>\n","protected":false},"author":4,"featured_media":10005,"comment_status":"open","ping_status":"open","sticky":false,"template":"","format":"standard","meta":{"footnotes":""},"categories":[17],"tags":[23],"class_list":["post-10004","post","type-post","status-publish","format-standard","has-post-thumbnail","hentry","category-hirek","tag-23"],"yoast_head":"<!-- This site is optimized with the Yoast SEO plugin v27.5 - https:\/\/yoast.com\/product\/yoast-seo-wordpress\/ -->\n<title>HMI-s p\u00f3l\u00f3k k\u00e9sz\u00fcltek az \u00f6sszetartoz\u00e1s jegy\u00e9ben Hamburgban - BUOD<\/title>\n<meta name=\"robots\" content=\"index, follow, max-snippet:-1, max-image-preview:large, max-video-preview:-1\" \/>\n<link rel=\"canonical\" href=\"https:\/\/buod.de\/de\/hmi-s-polok-keszultek-az-osszetartozas-jegyeben-hamburgban\/\" \/>\n<meta property=\"og:locale\" content=\"de_DE\" \/>\n<meta property=\"og:type\" content=\"article\" \/>\n<meta property=\"og:title\" content=\"HMI-s p\u00f3l\u00f3k k\u00e9sz\u00fcltek az \u00f6sszetartoz\u00e1s jegy\u00e9ben Hamburgban - BUOD\" \/>\n<meta property=\"og:description\" content=\"HMI-s p\u00f3l\u00f3k k\u00e9sz\u00fcltek az \u00f6sszetartoz\u00e1s jegy\u00e9ben Hamburgban A fejl\u0151d\u00e9s \u00f6r\u00f6k A Hamburgi Magyar Iskol\u00e1ban ism\u00e9t k\u00e9zzelfoghat\u00f3 a k\u00f6z\u00f6ss\u00e9ghez tartoz\u00e1s. Az \u00faj esztend\u0151ben \u00faj projekttel k\u00e9sz\u00fclt\u00fcnk, m\u00e9gpedig azzal, hogy legyen minden tan\u00e1rnak \u00e9s di\u00e1knak HMI-s p\u00f3l\u00f3ja, ami kifejezi az \u00f6sszetartoz\u00e1st. 2025. janu\u00e1r 25-\u00e9re el is k\u00e9sz\u00fcltek az els\u0151 p\u00f3l\u00f3k a feln\u0151tteknek: h\u00e9t p\u00f3l\u00f3t osztottunk ki. A [&hellip;]\" \/>\n<meta property=\"og:url\" content=\"https:\/\/buod.de\/de\/hmi-s-polok-keszultek-az-osszetartozas-jegyeben-hamburgban\/\" \/>\n<meta property=\"og:site_name\" content=\"BUOD\" \/>\n<meta property=\"article:publisher\" content=\"https:\/\/www.facebook.com\/profile.php?id=100082185652397\" \/>\n<meta property=\"article:published_time\" content=\"2025-02-07T15:40:22+00:00\" \/>\n<meta property=\"article:modified_time\" content=\"2025-02-12T15:45:14+00:00\" \/>\n<meta property=\"og:image\" content=\"https:\/\/buod.de\/wp-content\/uploads\/2025\/02\/HMI-polo-1.png\" \/>\n\t<meta property=\"og:image:width\" content=\"507\" \/>\n\t<meta property=\"og:image:height\" content=\"905\" \/>\n\t<meta property=\"og:image:type\" content=\"image\/png\" \/>\n<meta name=\"author\" content=\"Gery V\u00e1rkonyi\" \/>\n<meta name=\"twitter:card\" content=\"summary_large_image\" \/>\n<meta name=\"twitter:label1\" content=\"Written by\" \/>\n\t<meta name=\"twitter:data1\" content=\"Gery V\u00e1rkonyi\" \/>\n\t<meta name=\"twitter:label2\" content=\"Est. reading time\" \/>\n\t<meta name=\"twitter:data2\" content=\"2 minutes\" \/>\n<script type=\"application\/ld+json\" class=\"yoast-schema-graph\">{\"@context\":\"https:\\\/\\\/schema.org\",\"@graph\":[{\"@type\":\"Article\",\"@id\":\"https:\\\/\\\/buod.de\\\/hmi-s-polok-keszultek-az-osszetartozas-jegyeben-hamburgban\\\/#article\",\"isPartOf\":{\"@id\":\"https:\\\/\\\/buod.de\\\/hmi-s-polok-keszultek-az-osszetartozas-jegyeben-hamburgban\\\/\"},\"author\":{\"name\":\"Gery V\u00e1rkonyi\",\"@id\":\"https:\\\/\\\/buod.de\\\/#\\\/schema\\\/person\\\/8332a3e63b017fea8fcd17e9c0f96bf1\"},\"headline\":\"HMI-s p\u00f3l\u00f3k k\u00e9sz\u00fcltek az \u00f6sszetartoz\u00e1s jegy\u00e9ben Hamburgban\",\"datePublished\":\"2025-02-07T15:40:22+00:00\",\"dateModified\":\"2025-02-12T15:45:14+00:00\",\"mainEntityOfPage\":{\"@id\":\"https:\\\/\\\/buod.de\\\/hmi-s-polok-keszultek-az-osszetartozas-jegyeben-hamburgban\\\/\"},\"wordCount\":464,\"commentCount\":0,\"publisher\":{\"@id\":\"https:\\\/\\\/buod.de\\\/#organization\"},\"image\":{\"@id\":\"https:\\\/\\\/buod.de\\\/hmi-s-polok-keszultek-az-osszetartozas-jegyeben-hamburgban\\\/#primaryimage\"},\"thumbnailUrl\":\"https:\\\/\\\/buod.de\\\/wp-content\\\/uploads\\\/2025\\\/02\\\/HMI-polo-1.png\",\"keywords\":[\"2025\"],\"articleSection\":[\"H\u00edrek\"],\"inLanguage\":\"de-DE\",\"potentialAction\":[{\"@type\":\"CommentAction\",\"name\":\"Comment\",\"target\":[\"https:\\\/\\\/buod.de\\\/hmi-s-polok-keszultek-az-osszetartozas-jegyeben-hamburgban\\\/#respond\"]}]},{\"@type\":\"WebPage\",\"@id\":\"https:\\\/\\\/buod.de\\\/hmi-s-polok-keszultek-az-osszetartozas-jegyeben-hamburgban\\\/\",\"url\":\"https:\\\/\\\/buod.de\\\/hmi-s-polok-keszultek-az-osszetartozas-jegyeben-hamburgban\\\/\",\"name\":\"HMI-s p\u00f3l\u00f3k k\u00e9sz\u00fcltek az \u00f6sszetartoz\u00e1s jegy\u00e9ben Hamburgban - BUOD\",\"isPartOf\":{\"@id\":\"https:\\\/\\\/buod.de\\\/#website\"},\"primaryImageOfPage\":{\"@id\":\"https:\\\/\\\/buod.de\\\/hmi-s-polok-keszultek-az-osszetartozas-jegyeben-hamburgban\\\/#primaryimage\"},\"image\":{\"@id\":\"https:\\\/\\\/buod.de\\\/hmi-s-polok-keszultek-az-osszetartozas-jegyeben-hamburgban\\\/#primaryimage\"},\"thumbnailUrl\":\"https:\\\/\\\/buod.de\\\/wp-content\\\/uploads\\\/2025\\\/02\\\/HMI-polo-1.png\",\"datePublished\":\"2025-02-07T15:40:22+00:00\",\"dateModified\":\"2025-02-12T15:45:14+00:00\",\"breadcrumb\":{\"@id\":\"https:\\\/\\\/buod.de\\\/hmi-s-polok-keszultek-az-osszetartozas-jegyeben-hamburgban\\\/#breadcrumb\"},\"inLanguage\":\"de-DE\",\"potentialAction\":[{\"@type\":\"ReadAction\",\"target\":[\"https:\\\/\\\/buod.de\\\/hmi-s-polok-keszultek-az-osszetartozas-jegyeben-hamburgban\\\/\"]}]},{\"@type\":\"ImageObject\",\"inLanguage\":\"de-DE\",\"@id\":\"https:\\\/\\\/buod.de\\\/hmi-s-polok-keszultek-az-osszetartozas-jegyeben-hamburgban\\\/#primaryimage\",\"url\":\"https:\\\/\\\/buod.de\\\/wp-content\\\/uploads\\\/2025\\\/02\\\/HMI-polo-1.png\",\"contentUrl\":\"https:\\\/\\\/buod.de\\\/wp-content\\\/uploads\\\/2025\\\/02\\\/HMI-polo-1.png\",\"width\":507,\"height\":905},{\"@type\":\"BreadcrumbList\",\"@id\":\"https:\\\/\\\/buod.de\\\/hmi-s-polok-keszultek-az-osszetartozas-jegyeben-hamburgban\\\/#breadcrumb\",\"itemListElement\":[{\"@type\":\"ListItem\",\"position\":1,\"name\":\"Kezd\u0151lap\",\"item\":\"https:\\\/\\\/buod.de\\\/\"},{\"@type\":\"ListItem\",\"position\":2,\"name\":\"HMI-s p\u00f3l\u00f3k k\u00e9sz\u00fcltek az \u00f6sszetartoz\u00e1s jegy\u00e9ben Hamburgban\"}]},{\"@type\":\"WebSite\",\"@id\":\"https:\\\/\\\/buod.de\\\/#website\",\"url\":\"https:\\\/\\\/buod.de\\\/\",\"name\":\"BUOD\",\"description\":\"Bund Ungarischer Organisationen in Deutschland\",\"publisher\":{\"@id\":\"https:\\\/\\\/buod.de\\\/#organization\"},\"potentialAction\":[{\"@type\":\"SearchAction\",\"target\":{\"@type\":\"EntryPoint\",\"urlTemplate\":\"https:\\\/\\\/buod.de\\\/?s={search_term_string}\"},\"query-input\":{\"@type\":\"PropertyValueSpecification\",\"valueRequired\":true,\"valueName\":\"search_term_string\"}}],\"inLanguage\":\"de-DE\"},{\"@type\":\"Organization\",\"@id\":\"https:\\\/\\\/buod.de\\\/#organization\",\"name\":\"BUOD\",\"url\":\"https:\\\/\\\/buod.de\\\/\",\"logo\":{\"@type\":\"ImageObject\",\"inLanguage\":\"de-DE\",\"@id\":\"https:\\\/\\\/buod.de\\\/#\\\/schema\\\/logo\\\/image\\\/\",\"url\":\"https:\\\/\\\/buod.de\\\/wp-content\\\/uploads\\\/2024\\\/03\\\/BUOD-logo.png\",\"contentUrl\":\"https:\\\/\\\/buod.de\\\/wp-content\\\/uploads\\\/2024\\\/03\\\/BUOD-logo.png\",\"width\":586,\"height\":490,\"caption\":\"BUOD\"},\"image\":{\"@id\":\"https:\\\/\\\/buod.de\\\/#\\\/schema\\\/logo\\\/image\\\/\"},\"sameAs\":[\"https:\\\/\\\/www.facebook.com\\\/profile.php?id=100082185652397\"]},{\"@type\":\"Person\",\"@id\":\"https:\\\/\\\/buod.de\\\/#\\\/schema\\\/person\\\/8332a3e63b017fea8fcd17e9c0f96bf1\",\"name\":\"Gery V\u00e1rkonyi\",\"image\":{\"@type\":\"ImageObject\",\"inLanguage\":\"de-DE\",\"@id\":\"https:\\\/\\\/secure.gravatar.com\\\/avatar\\\/c1babe7dc68f065be4ec606c522172804715398688c78c6fffca3888b364e934?s=96&d=mm&r=g\",\"url\":\"https:\\\/\\\/secure.gravatar.com\\\/avatar\\\/c1babe7dc68f065be4ec606c522172804715398688c78c6fffca3888b364e934?s=96&d=mm&r=g\",\"contentUrl\":\"https:\\\/\\\/secure.gravatar.com\\\/avatar\\\/c1babe7dc68f065be4ec606c522172804715398688c78c6fffca3888b364e934?s=96&d=mm&r=g\",\"caption\":\"Gery V\u00e1rkonyi\"},\"url\":\"https:\\\/\\\/buod.de\\\/de\\\/author\\\/geryvarkonyi\\\/\"}]}<\/script>\n<!-- \/ Yoast SEO plugin. -->","yoast_head_json":{"title":"HMI-s p\u00f3l\u00f3k k\u00e9sz\u00fcltek az \u00f6sszetartoz\u00e1s jegy\u00e9ben Hamburgban - BUOD","robots":{"index":"index","follow":"follow","max-snippet":"max-snippet:-1","max-image-preview":"max-image-preview:large","max-video-preview":"max-video-preview:-1"},"canonical":"https:\/\/buod.de\/de\/hmi-s-polok-keszultek-az-osszetartozas-jegyeben-hamburgban\/","og_locale":"de_DE","og_type":"article","og_title":"HMI-s p\u00f3l\u00f3k k\u00e9sz\u00fcltek az \u00f6sszetartoz\u00e1s jegy\u00e9ben Hamburgban - BUOD","og_description":"HMI-s p\u00f3l\u00f3k k\u00e9sz\u00fcltek az \u00f6sszetartoz\u00e1s jegy\u00e9ben Hamburgban A fejl\u0151d\u00e9s \u00f6r\u00f6k A Hamburgi Magyar Iskol\u00e1ban ism\u00e9t k\u00e9zzelfoghat\u00f3 a k\u00f6z\u00f6ss\u00e9ghez tartoz\u00e1s. Az \u00faj esztend\u0151ben \u00faj projekttel k\u00e9sz\u00fclt\u00fcnk, m\u00e9gpedig azzal, hogy legyen minden tan\u00e1rnak \u00e9s di\u00e1knak HMI-s p\u00f3l\u00f3ja, ami kifejezi az \u00f6sszetartoz\u00e1st. 2025. janu\u00e1r 25-\u00e9re el is k\u00e9sz\u00fcltek az els\u0151 p\u00f3l\u00f3k a feln\u0151tteknek: h\u00e9t p\u00f3l\u00f3t osztottunk ki. A [&hellip;]","og_url":"https:\/\/buod.de\/de\/hmi-s-polok-keszultek-az-osszetartozas-jegyeben-hamburgban\/","og_site_name":"BUOD","article_publisher":"https:\/\/www.facebook.com\/profile.php?id=100082185652397","article_published_time":"2025-02-07T15:40:22+00:00","article_modified_time":"2025-02-12T15:45:14+00:00","og_image":[{"width":507,"height":905,"url":"https:\/\/buod.de\/wp-content\/uploads\/2025\/02\/HMI-polo-1.png","type":"image\/png"}],"author":"Gery V\u00e1rkonyi","twitter_card":"summary_large_image","twitter_misc":{"Written by":"Gery V\u00e1rkonyi","Est. reading time":"2 minutes"},"schema":{"@context":"https:\/\/schema.org","@graph":[{"@type":"Article","@id":"https:\/\/buod.de\/hmi-s-polok-keszultek-az-osszetartozas-jegyeben-hamburgban\/#article","isPartOf":{"@id":"https:\/\/buod.de\/hmi-s-polok-keszultek-az-osszetartozas-jegyeben-hamburgban\/"},"author":{"name":"Gery V\u00e1rkonyi","@id":"https:\/\/buod.de\/#\/schema\/person\/8332a3e63b017fea8fcd17e9c0f96bf1"},"headline":"HMI-s p\u00f3l\u00f3k k\u00e9sz\u00fcltek az \u00f6sszetartoz\u00e1s jegy\u00e9ben Hamburgban","datePublished":"2025-02-07T15:40:22+00:00","dateModified":"2025-02-12T15:45:14+00:00","mainEntityOfPage":{"@id":"https:\/\/buod.de\/hmi-s-polok-keszultek-az-osszetartozas-jegyeben-hamburgban\/"},"wordCount":464,"commentCount":0,"publisher":{"@id":"https:\/\/buod.de\/#organization"},"image":{"@id":"https:\/\/buod.de\/hmi-s-polok-keszultek-az-osszetartozas-jegyeben-hamburgban\/#primaryimage"},"thumbnailUrl":"https:\/\/buod.de\/wp-content\/uploads\/2025\/02\/HMI-polo-1.png","keywords":["2025"],"articleSection":["H\u00edrek"],"inLanguage":"de-DE","potentialAction":[{"@type":"CommentAction","name":"Comment","target":["https:\/\/buod.de\/hmi-s-polok-keszultek-az-osszetartozas-jegyeben-hamburgban\/#respond"]}]},{"@type":"WebPage","@id":"https:\/\/buod.de\/hmi-s-polok-keszultek-az-osszetartozas-jegyeben-hamburgban\/","url":"https:\/\/buod.de\/hmi-s-polok-keszultek-az-osszetartozas-jegyeben-hamburgban\/","name":"HMI-s p\u00f3l\u00f3k k\u00e9sz\u00fcltek az \u00f6sszetartoz\u00e1s jegy\u00e9ben Hamburgban - BUOD","isPartOf":{"@id":"https:\/\/buod.de\/#website"},"primaryImageOfPage":{"@id":"https:\/\/buod.de\/hmi-s-polok-keszultek-az-osszetartozas-jegyeben-hamburgban\/#primaryimage"},"image":{"@id":"https:\/\/buod.de\/hmi-s-polok-keszultek-az-osszetartozas-jegyeben-hamburgban\/#primaryimage"},"thumbnailUrl":"https:\/\/buod.de\/wp-content\/uploads\/2025\/02\/HMI-polo-1.png","datePublished":"2025-02-07T15:40:22+00:00","dateModified":"2025-02-12T15:45:14+00:00","breadcrumb":{"@id":"https:\/\/buod.de\/hmi-s-polok-keszultek-az-osszetartozas-jegyeben-hamburgban\/#breadcrumb"},"inLanguage":"de-DE","potentialAction":[{"@type":"ReadAction","target":["https:\/\/buod.de\/hmi-s-polok-keszultek-az-osszetartozas-jegyeben-hamburgban\/"]}]},{"@type":"ImageObject","inLanguage":"de-DE","@id":"https:\/\/buod.de\/hmi-s-polok-keszultek-az-osszetartozas-jegyeben-hamburgban\/#primaryimage","url":"https:\/\/buod.de\/wp-content\/uploads\/2025\/02\/HMI-polo-1.png","contentUrl":"https:\/\/buod.de\/wp-content\/uploads\/2025\/02\/HMI-polo-1.png","width":507,"height":905},{"@type":"BreadcrumbList","@id":"https:\/\/buod.de\/hmi-s-polok-keszultek-az-osszetartozas-jegyeben-hamburgban\/#breadcrumb","itemListElement":[{"@type":"ListItem","position":1,"name":"Kezd\u0151lap","item":"https:\/\/buod.de\/"},{"@type":"ListItem","position":2,"name":"HMI-s p\u00f3l\u00f3k k\u00e9sz\u00fcltek az \u00f6sszetartoz\u00e1s jegy\u00e9ben Hamburgban"}]},{"@type":"WebSite","@id":"https:\/\/buod.de\/#website","url":"https:\/\/buod.de\/","name":"BUOD","description":"Bund Ungarischer Organisationen in Deutschland","publisher":{"@id":"https:\/\/buod.de\/#organization"},"potentialAction":[{"@type":"SearchAction","target":{"@type":"EntryPoint","urlTemplate":"https:\/\/buod.de\/?s={search_term_string}"},"query-input":{"@type":"PropertyValueSpecification","valueRequired":true,"valueName":"search_term_string"}}],"inLanguage":"de-DE"},{"@type":"Organization","@id":"https:\/\/buod.de\/#organization","name":"BUOD","url":"https:\/\/buod.de\/","logo":{"@type":"ImageObject","inLanguage":"de-DE","@id":"https:\/\/buod.de\/#\/schema\/logo\/image\/","url":"https:\/\/buod.de\/wp-content\/uploads\/2024\/03\/BUOD-logo.png","contentUrl":"https:\/\/buod.de\/wp-content\/uploads\/2024\/03\/BUOD-logo.png","width":586,"height":490,"caption":"BUOD"},"image":{"@id":"https:\/\/buod.de\/#\/schema\/logo\/image\/"},"sameAs":["https:\/\/www.facebook.com\/profile.php?id=100082185652397"]},{"@type":"Person","@id":"https:\/\/buod.de\/#\/schema\/person\/8332a3e63b017fea8fcd17e9c0f96bf1","name":"Gery V\u00e1rkonyi","image":{"@type":"ImageObject","inLanguage":"de-DE","@id":"https:\/\/secure.gravatar.com\/avatar\/c1babe7dc68f065be4ec606c522172804715398688c78c6fffca3888b364e934?s=96&d=mm&r=g","url":"https:\/\/secure.gravatar.com\/avatar\/c1babe7dc68f065be4ec606c522172804715398688c78c6fffca3888b364e934?s=96&d=mm&r=g","contentUrl":"https:\/\/secure.gravatar.com\/avatar\/c1babe7dc68f065be4ec606c522172804715398688c78c6fffca3888b364e934?s=96&d=mm&r=g","caption":"Gery V\u00e1rkonyi"},"url":"https:\/\/buod.de\/de\/author\/geryvarkonyi\/"}]}},"_links":{"self":[{"href":"https:\/\/buod.de\/de\/wp-json\/wp\/v2\/posts\/10004","targetHints":{"allow":["GET"]}}],"collection":[{"href":"https:\/\/buod.de\/de\/wp-json\/wp\/v2\/posts"}],"about":[{"href":"https:\/\/buod.de\/de\/wp-json\/wp\/v2\/types\/post"}],"author":[{"embeddable":true,"href":"https:\/\/buod.de\/de\/wp-json\/wp\/v2\/users\/4"}],"replies":[{"embeddable":true,"href":"https:\/\/buod.de\/de\/wp-json\/wp\/v2\/comments?post=10004"}],"version-history":[{"count":1,"href":"https:\/\/buod.de\/de\/wp-json\/wp\/v2\/posts\/10004\/revisions"}],"predecessor-version":[{"id":10007,"href":"https:\/\/buod.de\/de\/wp-json\/wp\/v2\/posts\/10004\/revisions\/10007"}],"wp:featuredmedia":[{"embeddable":true,"href":"https:\/\/buod.de\/de\/wp-json\/wp\/v2\/media\/10005"}],"wp:attachment":[{"href":"https:\/\/buod.de\/de\/wp-json\/wp\/v2\/media?parent=10004"}],"wp:term":[{"taxonomy":"category","embeddable":true,"href":"https:\/\/buod.de\/de\/wp-json\/wp\/v2\/categories?post=10004"},{"taxonomy":"post_tag","embeddable":true,"href":"https:\/\/buod.de\/de\/wp-json\/wp\/v2\/tags?post=10004"}],"curies":[{"name":"wp","href":"https:\/\/api.w.org\/{rel}","templated":true}]}}