{"id":10012,"date":"2025-02-14T20:46:55","date_gmt":"2025-02-14T18:46:55","guid":{"rendered":"https:\/\/buod.de\/?p=10012"},"modified":"2025-02-24T20:51:40","modified_gmt":"2025-02-24T18:51:40","slug":"einladung-deutschland-und-ungarn-nach-der-bundestagswahl","status":"publish","type":"post","link":"https:\/\/buod.de\/de\/einladung-deutschland-und-ungarn-nach-der-bundestagswahl\/","title":{"rendered":"Einladung: Deutschland und Ungarn nach der Bundestagswahl"},"content":{"rendered":"<p>An die Mitglieder und Freunde der<\/p>\n\n\n\n<p>Deutsch-Ungarischen Gesellschaft in der Bundesrepublik Deutschland e.V.<\/p>\n\n\n\n<p>Sehr geehrte Damen und Herren,<\/p>\n\n\n\n<p>wieder einmal stehen die Menschen in Deutschland unter dem Eindruck eines weiteren Attentats, diesmal in M\u00fcnchen. Deutschland erleidet inzwischen Woche f\u00fcr Woche die schrecklichen Folgen einer verfehlten Migrationspolitik, vor der unsere ungarischen Freunde seit 2015 beharrlich gewarnt haben! Hoffen wir, dass eine neue Bundesregierung nach der bevorstehenden Bundestagswahl endlich die n\u00f6tigen Konsequenzen daraus zieht.<\/p>\n\n\n\n<p>US-Pr\u00e4sident Trump hat mit seiner Initiative zur Beendigung des Ukraine-Krieges, \u00fcber die K\u00f6pfe der Europ\u00e4er hinweg, die selbstverschuldete Machtlosigkeit der Europ\u00e4ischen Union gnadenlos offengelegt. Die neue amerikanische Administration wird die politische, wirtschaftliche und milit\u00e4rische Zusammenarbeit Europas absehbar vor die gr\u00f6\u00dften Herausforderungen seit dem Ende des Kalten Krieges stellen. Wir stehen gerade am Beginn einer echten Zeitenwende.<\/p>\n\n\n\n<p>Kein anderer europ\u00e4ischer Regierungschef hat diese Entwicklungen derart zutreffend prognostiziert wie Viktor Orb\u00e1n. Kaum jemand von ihnen verf\u00fcgt \u00fcber einen derart guten Kontakt zu Donald Trump. Sollte man das nicht schleunigst im Interesse der gesamten EU nutzen, anstatt die L\u00e4nder Europas weiter auseinanderzutreiben, wenn sie nicht einer bestimmten ideologischen Richtung Br\u00fcssels folgen wollen?<\/p>\n\n\n\n<p><strong>Wir wollen diese Fragen, selbstverst\u00e4ndlich insbesondere mit Blick auf die deutsch-ungarischen Beziehungen, auf einer DUG-Veranstaltung in Berlin am 13. M\u00e4rz 2025, 18.00 Uhr, mit Ungarns Botschafter Dr. P\u00e9ter Gy\u00f6rk\u00f6s diskutieren: &#8222;Deutschland und Ungarn nach der Bundestagswahl &#8211; wie geht es weiter?<\/strong><\/p>\n\n\n\n<p>Die Einladung dazu finden Sie im Anhang. Anmeldungen erbitten wir m\u00f6glichst fr\u00fchzeitig unter:&nbsp;<a href=\"mailto:kontakt@dug-dach.de\">kontakt@dug-dach.de<\/a>.<\/p>\n\n\n\n<p>Anliegend \u00fcbersenden wir Ihnen auch das Presse-Statement des ungarischen Ministerpr\u00e4sidenten zur Einordnung seines Treffens mit Alice Weidel diese Woche in Budapest, ein Treffen, das in Deutschland ja f\u00fcr einiges Aufsehen gesorgt hat.&nbsp;<\/p>\n\n\n\n<p>Ihnen ein sch\u00f6nes Wochenende!<\/p>\n\n\n\n<p>Mit herzlichen Gr\u00fc\u00dfen<\/p>\n\n\n\n<p>Ihr<\/p>\n\n\n\n<p>Gerhard Papke<\/p>\n\n\n\n<p><strong>Dr. Gerhard Papke<\/strong><\/p>\n\n\n\n<p>Landtagsvizepr\u00e4sident NRW a.D.<\/p>\n\n\n\n<p>Pr\u00e4sident der Deutsch-Ungarischen Gesellschaft<\/p>\n\n\n\n<p>in der Bundesrepublik Deutschland e.V.<\/p>\n\n\n\n<div data-wp-interactive=\"core\/file\" class=\"wp-block-file\"><object data-wp-bind--hidden=\"!state.hasPdfPreview\" hidden class=\"wp-block-file__embed\" data=\"https:\/\/buod.de\/wp-content\/uploads\/2025\/02\/Erklarung-Viktor-Orban-12-2-2025-1.pdf\" type=\"application\/pdf\" style=\"width:100%;height:600px\" aria-label=\"Embed of Erkl\u00e4rung Viktor Orb\u00e1n, 12-2-2025.\"><\/object><a id=\"wp-block-file--media-7528d0c8-a609-437e-82ec-6a8d663f3fbd\" href=\"https:\/\/buod.de\/wp-content\/uploads\/2025\/02\/Erklarung-Viktor-Orban-12-2-2025-1.pdf\">Erkl\u00e4rung Viktor Orb\u00e1n, 12-2-2025<\/a><a href=\"https:\/\/buod.de\/wp-content\/uploads\/2025\/02\/Erklarung-Viktor-Orban-12-2-2025-1.pdf\" class=\"wp-block-file__button wp-element-button\" download aria-describedby=\"wp-block-file--media-7528d0c8-a609-437e-82ec-6a8d663f3fbd\">Herunterladen<\/a><\/div>\n\n\n\n<div data-wp-interactive=\"core\/file\" class=\"wp-block-file\"><object data-wp-bind--hidden=\"!state.hasPdfPreview\" hidden class=\"wp-block-file__embed\" data=\"https:\/\/buod.de\/wp-content\/uploads\/2025\/02\/DUG-Einladung-nach-Berlin-13-3-2025-1.pdf\" type=\"application\/pdf\" style=\"width:100%;height:600px\" aria-label=\"Embed of DUG Einladung nach Berlin 13-3-2025.\"><\/object><a id=\"wp-block-file--media-7c668b1c-39a0-455a-aaba-8e5de33d69c2\" href=\"https:\/\/buod.de\/wp-content\/uploads\/2025\/02\/DUG-Einladung-nach-Berlin-13-3-2025-1.pdf\">DUG Einladung nach Berlin 13-3-2025<\/a><a href=\"https:\/\/buod.de\/wp-content\/uploads\/2025\/02\/DUG-Einladung-nach-Berlin-13-3-2025-1.pdf\" class=\"wp-block-file__button wp-element-button\" download aria-describedby=\"wp-block-file--media-7c668b1c-39a0-455a-aaba-8e5de33d69c2\">Herunterladen<\/a><\/div>","protected":false},"excerpt":{"rendered":"<p>An die Mitglieder und Freunde der Deutsch-Ungarischen Gesellschaft in der Bundesrepublik Deutschland e.V. Sehr geehrte Damen und Herren, wieder einmal stehen die Menschen in Deutschland unter dem Eindruck eines weiteren Attentats, diesmal in M\u00fcnchen. Deutschland erleidet inzwischen Woche f\u00fcr Woche die schrecklichen Folgen einer verfehlten Migrationspolitik, vor der unsere ungarischen Freunde seit 2015 beharrlich gewarnt [&hellip;]<\/p>\n","protected":false},"author":4,"featured_media":0,"comment_status":"open","ping_status":"open","sticky":false,"template":"","format":"standard","meta":{"footnotes":""},"categories":[17],"tags":[23],"class_list":["post-10012","post","type-post","status-publish","format-standard","hentry","category-hirek","tag-23"],"yoast_head":"<!-- This site is optimized with the Yoast SEO plugin v27.5 - https:\/\/yoast.com\/product\/yoast-seo-wordpress\/ -->\n<title>Einladung: Deutschland und Ungarn nach der Bundestagswahl - BUOD<\/title>\n<meta name=\"robots\" content=\"index, follow, max-snippet:-1, max-image-preview:large, max-video-preview:-1\" \/>\n<link rel=\"canonical\" href=\"https:\/\/buod.de\/de\/einladung-deutschland-und-ungarn-nach-der-bundestagswahl\/\" \/>\n<meta property=\"og:locale\" content=\"de_DE\" \/>\n<meta property=\"og:type\" content=\"article\" \/>\n<meta property=\"og:title\" content=\"Einladung: Deutschland und Ungarn nach der Bundestagswahl - BUOD\" \/>\n<meta property=\"og:description\" content=\"An die Mitglieder und Freunde der Deutsch-Ungarischen Gesellschaft in der Bundesrepublik Deutschland e.V. Sehr geehrte Damen und Herren, wieder einmal stehen die Menschen in Deutschland unter dem Eindruck eines weiteren Attentats, diesmal in M\u00fcnchen. Deutschland erleidet inzwischen Woche f\u00fcr Woche die schrecklichen Folgen einer verfehlten Migrationspolitik, vor der unsere ungarischen Freunde seit 2015 beharrlich gewarnt [&hellip;]\" \/>\n<meta property=\"og:url\" content=\"https:\/\/buod.de\/de\/einladung-deutschland-und-ungarn-nach-der-bundestagswahl\/\" \/>\n<meta property=\"og:site_name\" content=\"BUOD\" \/>\n<meta property=\"article:publisher\" content=\"https:\/\/www.facebook.com\/profile.php?id=100082185652397\" \/>\n<meta property=\"article:published_time\" content=\"2025-02-14T18:46:55+00:00\" \/>\n<meta property=\"article:modified_time\" content=\"2025-02-24T18:51:40+00:00\" \/>\n<meta name=\"author\" content=\"Gery V\u00e1rkonyi\" \/>\n<meta name=\"twitter:card\" content=\"summary_large_image\" \/>\n<meta name=\"twitter:label1\" content=\"Written by\" \/>\n\t<meta name=\"twitter:data1\" content=\"Gery V\u00e1rkonyi\" \/>\n\t<meta name=\"twitter:label2\" content=\"Est. reading time\" \/>\n\t<meta name=\"twitter:data2\" content=\"2 minutes\" \/>\n<script type=\"application\/ld+json\" class=\"yoast-schema-graph\">{\"@context\":\"https:\\\/\\\/schema.org\",\"@graph\":[{\"@type\":\"Article\",\"@id\":\"https:\\\/\\\/buod.de\\\/einladung-deutschland-und-ungarn-nach-der-bundestagswahl\\\/#article\",\"isPartOf\":{\"@id\":\"https:\\\/\\\/buod.de\\\/einladung-deutschland-und-ungarn-nach-der-bundestagswahl\\\/\"},\"author\":{\"name\":\"Gery V\u00e1rkonyi\",\"@id\":\"https:\\\/\\\/buod.de\\\/#\\\/schema\\\/person\\\/8332a3e63b017fea8fcd17e9c0f96bf1\"},\"headline\":\"Einladung: Deutschland und Ungarn nach der Bundestagswahl\",\"datePublished\":\"2025-02-14T18:46:55+00:00\",\"dateModified\":\"2025-02-24T18:51:40+00:00\",\"mainEntityOfPage\":{\"@id\":\"https:\\\/\\\/buod.de\\\/einladung-deutschland-und-ungarn-nach-der-bundestagswahl\\\/\"},\"wordCount\":349,\"commentCount\":0,\"publisher\":{\"@id\":\"https:\\\/\\\/buod.de\\\/#organization\"},\"keywords\":[\"2025\"],\"articleSection\":[\"H\u00edrek\"],\"inLanguage\":\"de-DE\",\"potentialAction\":[{\"@type\":\"CommentAction\",\"name\":\"Comment\",\"target\":[\"https:\\\/\\\/buod.de\\\/einladung-deutschland-und-ungarn-nach-der-bundestagswahl\\\/#respond\"]}]},{\"@type\":\"WebPage\",\"@id\":\"https:\\\/\\\/buod.de\\\/einladung-deutschland-und-ungarn-nach-der-bundestagswahl\\\/\",\"url\":\"https:\\\/\\\/buod.de\\\/einladung-deutschland-und-ungarn-nach-der-bundestagswahl\\\/\",\"name\":\"Einladung: Deutschland und Ungarn nach der Bundestagswahl - BUOD\",\"isPartOf\":{\"@id\":\"https:\\\/\\\/buod.de\\\/#website\"},\"datePublished\":\"2025-02-14T18:46:55+00:00\",\"dateModified\":\"2025-02-24T18:51:40+00:00\",\"breadcrumb\":{\"@id\":\"https:\\\/\\\/buod.de\\\/einladung-deutschland-und-ungarn-nach-der-bundestagswahl\\\/#breadcrumb\"},\"inLanguage\":\"de-DE\",\"potentialAction\":[{\"@type\":\"ReadAction\",\"target\":[\"https:\\\/\\\/buod.de\\\/einladung-deutschland-und-ungarn-nach-der-bundestagswahl\\\/\"]}]},{\"@type\":\"BreadcrumbList\",\"@id\":\"https:\\\/\\\/buod.de\\\/einladung-deutschland-und-ungarn-nach-der-bundestagswahl\\\/#breadcrumb\",\"itemListElement\":[{\"@type\":\"ListItem\",\"position\":1,\"name\":\"Kezd\u0151lap\",\"item\":\"https:\\\/\\\/buod.de\\\/\"},{\"@type\":\"ListItem\",\"position\":2,\"name\":\"Einladung: Deutschland und Ungarn nach der Bundestagswahl\"}]},{\"@type\":\"WebSite\",\"@id\":\"https:\\\/\\\/buod.de\\\/#website\",\"url\":\"https:\\\/\\\/buod.de\\\/\",\"name\":\"BUOD\",\"description\":\"Bund Ungarischer Organisationen in Deutschland\",\"publisher\":{\"@id\":\"https:\\\/\\\/buod.de\\\/#organization\"},\"potentialAction\":[{\"@type\":\"SearchAction\",\"target\":{\"@type\":\"EntryPoint\",\"urlTemplate\":\"https:\\\/\\\/buod.de\\\/?s={search_term_string}\"},\"query-input\":{\"@type\":\"PropertyValueSpecification\",\"valueRequired\":true,\"valueName\":\"search_term_string\"}}],\"inLanguage\":\"de-DE\"},{\"@type\":\"Organization\",\"@id\":\"https:\\\/\\\/buod.de\\\/#organization\",\"name\":\"BUOD\",\"url\":\"https:\\\/\\\/buod.de\\\/\",\"logo\":{\"@type\":\"ImageObject\",\"inLanguage\":\"de-DE\",\"@id\":\"https:\\\/\\\/buod.de\\\/#\\\/schema\\\/logo\\\/image\\\/\",\"url\":\"https:\\\/\\\/buod.de\\\/wp-content\\\/uploads\\\/2024\\\/03\\\/BUOD-logo.png\",\"contentUrl\":\"https:\\\/\\\/buod.de\\\/wp-content\\\/uploads\\\/2024\\\/03\\\/BUOD-logo.png\",\"width\":586,\"height\":490,\"caption\":\"BUOD\"},\"image\":{\"@id\":\"https:\\\/\\\/buod.de\\\/#\\\/schema\\\/logo\\\/image\\\/\"},\"sameAs\":[\"https:\\\/\\\/www.facebook.com\\\/profile.php?id=100082185652397\"]},{\"@type\":\"Person\",\"@id\":\"https:\\\/\\\/buod.de\\\/#\\\/schema\\\/person\\\/8332a3e63b017fea8fcd17e9c0f96bf1\",\"name\":\"Gery V\u00e1rkonyi\",\"image\":{\"@type\":\"ImageObject\",\"inLanguage\":\"de-DE\",\"@id\":\"https:\\\/\\\/secure.gravatar.com\\\/avatar\\\/c1babe7dc68f065be4ec606c522172804715398688c78c6fffca3888b364e934?s=96&d=mm&r=g\",\"url\":\"https:\\\/\\\/secure.gravatar.com\\\/avatar\\\/c1babe7dc68f065be4ec606c522172804715398688c78c6fffca3888b364e934?s=96&d=mm&r=g\",\"contentUrl\":\"https:\\\/\\\/secure.gravatar.com\\\/avatar\\\/c1babe7dc68f065be4ec606c522172804715398688c78c6fffca3888b364e934?s=96&d=mm&r=g\",\"caption\":\"Gery V\u00e1rkonyi\"},\"url\":\"https:\\\/\\\/buod.de\\\/de\\\/author\\\/geryvarkonyi\\\/\"}]}<\/script>\n<!-- \/ Yoast SEO plugin. -->","yoast_head_json":{"title":"Einladung: Deutschland und Ungarn nach der Bundestagswahl - BUOD","robots":{"index":"index","follow":"follow","max-snippet":"max-snippet:-1","max-image-preview":"max-image-preview:large","max-video-preview":"max-video-preview:-1"},"canonical":"https:\/\/buod.de\/de\/einladung-deutschland-und-ungarn-nach-der-bundestagswahl\/","og_locale":"de_DE","og_type":"article","og_title":"Einladung: Deutschland und Ungarn nach der Bundestagswahl - BUOD","og_description":"An die Mitglieder und Freunde der Deutsch-Ungarischen Gesellschaft in der Bundesrepublik Deutschland e.V. Sehr geehrte Damen und Herren, wieder einmal stehen die Menschen in Deutschland unter dem Eindruck eines weiteren Attentats, diesmal in M\u00fcnchen. Deutschland erleidet inzwischen Woche f\u00fcr Woche die schrecklichen Folgen einer verfehlten Migrationspolitik, vor der unsere ungarischen Freunde seit 2015 beharrlich gewarnt [&hellip;]","og_url":"https:\/\/buod.de\/de\/einladung-deutschland-und-ungarn-nach-der-bundestagswahl\/","og_site_name":"BUOD","article_publisher":"https:\/\/www.facebook.com\/profile.php?id=100082185652397","article_published_time":"2025-02-14T18:46:55+00:00","article_modified_time":"2025-02-24T18:51:40+00:00","author":"Gery V\u00e1rkonyi","twitter_card":"summary_large_image","twitter_misc":{"Written by":"Gery V\u00e1rkonyi","Est. reading time":"2 minutes"},"schema":{"@context":"https:\/\/schema.org","@graph":[{"@type":"Article","@id":"https:\/\/buod.de\/einladung-deutschland-und-ungarn-nach-der-bundestagswahl\/#article","isPartOf":{"@id":"https:\/\/buod.de\/einladung-deutschland-und-ungarn-nach-der-bundestagswahl\/"},"author":{"name":"Gery V\u00e1rkonyi","@id":"https:\/\/buod.de\/#\/schema\/person\/8332a3e63b017fea8fcd17e9c0f96bf1"},"headline":"Einladung: Deutschland und Ungarn nach der Bundestagswahl","datePublished":"2025-02-14T18:46:55+00:00","dateModified":"2025-02-24T18:51:40+00:00","mainEntityOfPage":{"@id":"https:\/\/buod.de\/einladung-deutschland-und-ungarn-nach-der-bundestagswahl\/"},"wordCount":349,"commentCount":0,"publisher":{"@id":"https:\/\/buod.de\/#organization"},"keywords":["2025"],"articleSection":["H\u00edrek"],"inLanguage":"de-DE","potentialAction":[{"@type":"CommentAction","name":"Comment","target":["https:\/\/buod.de\/einladung-deutschland-und-ungarn-nach-der-bundestagswahl\/#respond"]}]},{"@type":"WebPage","@id":"https:\/\/buod.de\/einladung-deutschland-und-ungarn-nach-der-bundestagswahl\/","url":"https:\/\/buod.de\/einladung-deutschland-und-ungarn-nach-der-bundestagswahl\/","name":"Einladung: Deutschland und Ungarn nach der Bundestagswahl - BUOD","isPartOf":{"@id":"https:\/\/buod.de\/#website"},"datePublished":"2025-02-14T18:46:55+00:00","dateModified":"2025-02-24T18:51:40+00:00","breadcrumb":{"@id":"https:\/\/buod.de\/einladung-deutschland-und-ungarn-nach-der-bundestagswahl\/#breadcrumb"},"inLanguage":"de-DE","potentialAction":[{"@type":"ReadAction","target":["https:\/\/buod.de\/einladung-deutschland-und-ungarn-nach-der-bundestagswahl\/"]}]},{"@type":"BreadcrumbList","@id":"https:\/\/buod.de\/einladung-deutschland-und-ungarn-nach-der-bundestagswahl\/#breadcrumb","itemListElement":[{"@type":"ListItem","position":1,"name":"Kezd\u0151lap","item":"https:\/\/buod.de\/"},{"@type":"ListItem","position":2,"name":"Einladung: Deutschland und Ungarn nach der Bundestagswahl"}]},{"@type":"WebSite","@id":"https:\/\/buod.de\/#website","url":"https:\/\/buod.de\/","name":"BUOD","description":"Bund Ungarischer Organisationen in Deutschland","publisher":{"@id":"https:\/\/buod.de\/#organization"},"potentialAction":[{"@type":"SearchAction","target":{"@type":"EntryPoint","urlTemplate":"https:\/\/buod.de\/?s={search_term_string}"},"query-input":{"@type":"PropertyValueSpecification","valueRequired":true,"valueName":"search_term_string"}}],"inLanguage":"de-DE"},{"@type":"Organization","@id":"https:\/\/buod.de\/#organization","name":"BUOD","url":"https:\/\/buod.de\/","logo":{"@type":"ImageObject","inLanguage":"de-DE","@id":"https:\/\/buod.de\/#\/schema\/logo\/image\/","url":"https:\/\/buod.de\/wp-content\/uploads\/2024\/03\/BUOD-logo.png","contentUrl":"https:\/\/buod.de\/wp-content\/uploads\/2024\/03\/BUOD-logo.png","width":586,"height":490,"caption":"BUOD"},"image":{"@id":"https:\/\/buod.de\/#\/schema\/logo\/image\/"},"sameAs":["https:\/\/www.facebook.com\/profile.php?id=100082185652397"]},{"@type":"Person","@id":"https:\/\/buod.de\/#\/schema\/person\/8332a3e63b017fea8fcd17e9c0f96bf1","name":"Gery V\u00e1rkonyi","image":{"@type":"ImageObject","inLanguage":"de-DE","@id":"https:\/\/secure.gravatar.com\/avatar\/c1babe7dc68f065be4ec606c522172804715398688c78c6fffca3888b364e934?s=96&d=mm&r=g","url":"https:\/\/secure.gravatar.com\/avatar\/c1babe7dc68f065be4ec606c522172804715398688c78c6fffca3888b364e934?s=96&d=mm&r=g","contentUrl":"https:\/\/secure.gravatar.com\/avatar\/c1babe7dc68f065be4ec606c522172804715398688c78c6fffca3888b364e934?s=96&d=mm&r=g","caption":"Gery V\u00e1rkonyi"},"url":"https:\/\/buod.de\/de\/author\/geryvarkonyi\/"}]}},"_links":{"self":[{"href":"https:\/\/buod.de\/de\/wp-json\/wp\/v2\/posts\/10012","targetHints":{"allow":["GET"]}}],"collection":[{"href":"https:\/\/buod.de\/de\/wp-json\/wp\/v2\/posts"}],"about":[{"href":"https:\/\/buod.de\/de\/wp-json\/wp\/v2\/types\/post"}],"author":[{"embeddable":true,"href":"https:\/\/buod.de\/de\/wp-json\/wp\/v2\/users\/4"}],"replies":[{"embeddable":true,"href":"https:\/\/buod.de\/de\/wp-json\/wp\/v2\/comments?post=10012"}],"version-history":[{"count":1,"href":"https:\/\/buod.de\/de\/wp-json\/wp\/v2\/posts\/10012\/revisions"}],"predecessor-version":[{"id":10017,"href":"https:\/\/buod.de\/de\/wp-json\/wp\/v2\/posts\/10012\/revisions\/10017"}],"wp:attachment":[{"href":"https:\/\/buod.de\/de\/wp-json\/wp\/v2\/media?parent=10012"}],"wp:term":[{"taxonomy":"category","embeddable":true,"href":"https:\/\/buod.de\/de\/wp-json\/wp\/v2\/categories?post=10012"},{"taxonomy":"post_tag","embeddable":true,"href":"https:\/\/buod.de\/de\/wp-json\/wp\/v2\/tags?post=10012"}],"curies":[{"name":"wp","href":"https:\/\/api.w.org\/{rel}","templated":true}]}}