{"id":10047,"date":"2025-02-25T09:10:42","date_gmt":"2025-02-25T07:10:42","guid":{"rendered":"https:\/\/buod.de\/?p=10047"},"modified":"2025-03-06T09:12:48","modified_gmt":"2025-03-06T07:12:48","slug":"meghosszabbitott-jelentkezesi-hatarido-az-amor-fati-zenekar-erkezik-nemetorszagba-koncert-es-tanchaz-lehetoseg","status":"publish","type":"post","link":"https:\/\/buod.de\/de\/meghosszabbitott-jelentkezesi-hatarido-az-amor-fati-zenekar-erkezik-nemetorszagba-koncert-es-tanchaz-lehetoseg\/","title":{"rendered":"Meghosszabb\u00edtott jelentkez\u00e9si hat\u00e1rid\u0151, az amor fati zenekar \u00e9rkezik N\u00e9metorsz\u00e1gba, koncert \u00e9s t\u00e1nch\u00e1z lehet\u0151s\u00e9g"},"content":{"rendered":"<p>Kedves Egyes\u00fcleti Vezet\u0151k!<\/p>\n\n\n\n<p>Az amor fati zenekar \u00e9rkezik N\u00e9metorsz\u00e1gba!<\/p>\n\n\n\n<p>\u00c1prilis 10-\u00e9n Ingolstadtba, \u00e1prilis 11-\u00e9n M\u00fcnchenbe koncerteznek!<\/p>\n\n\n\n<p>A zenekar magyar n\u00e9pzen\u00e9t \u00e9s vil\u00e1gzen\u00e9t j\u00e1tszik, a lemez\u00fck felker\u00fclt a World Music Charts 2024-es list\u00e1j\u00e1ra. Hazai \u00e9s k\u00fclf\u00f6ldi fesztiv\u00e1lokon koncerteznek, tavasszal \u00e9s \u0151sszel a Magyar Zene H\u00e1z\u00e1ban is lehet tal\u00e1lkozni a zenekarral, ahol koncertet adnak \u00e9s t\u00e1nch\u00e1zat is zen\u00e9lnek. Fatima rendszeresen tart n\u00e9pdalos kurzusokat is, ny\u00e1ron p\u00e9ld\u00e1ul a Pet\u0151fi Irodalmi M\u00fazeum szervez\u00e9s\u00e9ben.<\/p>\n\n\n\n<p>&nbsp;Tov\u00e1bbi inform\u00e1ci\u00f3kat a mell\u00e9kletben tal\u00e1ltok, kattintsatok r\u00e1 a linkekre!<\/p>\n\n\n\n<p>Egy lemezkritika:&nbsp;<a href=\"https:\/\/gramofon.hu\/2025\/01\/20\/amor-fati-sorsszeretet\/\">https:\/\/gramofon.hu\/2025\/01\/20\/amor-fati-sorsszeretet\/<\/a><\/p>\n\n\n\n<p>A k\u00f6r\u00fat szabad id\u0151pontjai m\u00e9g: \u00e1prilis 12. szombat d\u00e9lut\u00e1n\/este, \u00e1prilis 13. vas\u00e1rnap d\u00e9lel\u0151tt!<\/p>\n\n\n\n<p>Aut\u00f3val j\u00f6nnek, tudnak hozni magukkal CD-ket is.<\/p>\n\n\n\n<p>A k\u00f6lts\u00e9gek: 750 \u20ac\/el\u0151ad\u00e1s + \u00fatik\u00f6lts\u00e9g (ami a h\u00e1rom\/n\u00e9gy fogad\u00f3 szervezet k\u00f6z\u00f6tt oszlik meg)<\/p>\n\n\n\n<p>+ sz\u00e1ll\u00e1s, de ott b\u00e1rmi megfelel a zenekarnak. ak\u00e1r 1-2 \u00f6nk\u00e9ntes szoba<\/p>\n\n\n\n<p>A koncertek mell\u00e9 j\u00e1r t\u00e1nch\u00e1z (60-90 perc) vagy n\u00e9pdalkurzus (45 perc) aj\u00e1nd\u00e9kba, amennyiben van r\u00e1 ig\u00e9ny.<\/p>\n\n\n\n<p>Kit \u00e9rdekelne, ki szeretne csatlakozni?<\/p>\n\n\n\n<p><strong>K\u00e9rj\u00fck, hogy sz\u00f3ljatok vissza m\u00e1rcius 5-ig!<\/strong><\/p>\n\n\n\n<p>\u00c9rdekl\u0151dni az al\u00e1bbi el\u00e9rhet\u0151s\u00e9geken lehet:<\/p>\n\n\n\n<p><a href=\"mailto:amor.fati.zene@gmail.com\">amor.fati.zene@gmail.com<\/a><\/p>\n\n\n\n<p>Szalay Fatima +36302227356<\/p>\n\n\n\n<div data-wp-interactive=\"core\/file\" class=\"wp-block-file\"><object data-wp-bind--hidden=\"!state.hasPdfPreview\" hidden class=\"wp-block-file__embed\" data=\"https:\/\/buod.de\/wp-content\/uploads\/2025\/03\/HU_amor-fati__2025.pdf\" type=\"application\/pdf\" style=\"width:100%;height:600px\" aria-label=\"Embed of HU_amor fati__2025.\"><\/object><a id=\"wp-block-file--media-c80ff0bc-b50d-45a3-83b3-013dc6832803\" href=\"https:\/\/buod.de\/wp-content\/uploads\/2025\/03\/HU_amor-fati__2025.pdf\">HU_amor fati__2025<\/a><a href=\"https:\/\/buod.de\/wp-content\/uploads\/2025\/03\/HU_amor-fati__2025.pdf\" class=\"wp-block-file__button wp-element-button\" download aria-describedby=\"wp-block-file--media-c80ff0bc-b50d-45a3-83b3-013dc6832803\">Herunterladen<\/a><\/div>","protected":false},"excerpt":{"rendered":"<p>Kedves Egyes\u00fcleti Vezet\u0151k! Az amor fati zenekar \u00e9rkezik N\u00e9metorsz\u00e1gba! \u00c1prilis 10-\u00e9n Ingolstadtba, \u00e1prilis 11-\u00e9n M\u00fcnchenbe koncerteznek! A zenekar magyar n\u00e9pzen\u00e9t \u00e9s vil\u00e1gzen\u00e9t j\u00e1tszik, a lemez\u00fck felker\u00fclt a World Music Charts 2024-es list\u00e1j\u00e1ra. Hazai \u00e9s k\u00fclf\u00f6ldi fesztiv\u00e1lokon koncerteznek, tavasszal \u00e9s \u0151sszel a Magyar Zene H\u00e1z\u00e1ban is lehet tal\u00e1lkozni a zenekarral, ahol koncertet adnak \u00e9s t\u00e1nch\u00e1zat is [&hellip;]<\/p>\n","protected":false},"author":4,"featured_media":10048,"comment_status":"open","ping_status":"open","sticky":false,"template":"","format":"standard","meta":{"footnotes":""},"categories":[17],"tags":[23],"class_list":["post-10047","post","type-post","status-publish","format-standard","has-post-thumbnail","hentry","category-hirek","tag-23"],"yoast_head":"<!-- This site is optimized with the Yoast SEO plugin v27.5 - https:\/\/yoast.com\/product\/yoast-seo-wordpress\/ -->\n<title>Meghosszabb\u00edtott jelentkez\u00e9si hat\u00e1rid\u0151, az amor fati zenekar \u00e9rkezik N\u00e9metorsz\u00e1gba, koncert \u00e9s t\u00e1nch\u00e1z lehet\u0151s\u00e9g - BUOD<\/title>\n<meta name=\"robots\" content=\"index, follow, max-snippet:-1, max-image-preview:large, max-video-preview:-1\" \/>\n<link rel=\"canonical\" href=\"https:\/\/buod.de\/de\/meghosszabbitott-jelentkezesi-hatarido-az-amor-fati-zenekar-erkezik-nemetorszagba-koncert-es-tanchaz-lehetoseg\/\" \/>\n<meta property=\"og:locale\" content=\"de_DE\" \/>\n<meta property=\"og:type\" content=\"article\" \/>\n<meta property=\"og:title\" content=\"Meghosszabb\u00edtott jelentkez\u00e9si hat\u00e1rid\u0151, az amor fati zenekar \u00e9rkezik N\u00e9metorsz\u00e1gba, koncert \u00e9s t\u00e1nch\u00e1z lehet\u0151s\u00e9g - BUOD\" \/>\n<meta property=\"og:description\" content=\"Kedves Egyes\u00fcleti Vezet\u0151k! Az amor fati zenekar \u00e9rkezik N\u00e9metorsz\u00e1gba! \u00c1prilis 10-\u00e9n Ingolstadtba, \u00e1prilis 11-\u00e9n M\u00fcnchenbe koncerteznek! A zenekar magyar n\u00e9pzen\u00e9t \u00e9s vil\u00e1gzen\u00e9t j\u00e1tszik, a lemez\u00fck felker\u00fclt a World Music Charts 2024-es list\u00e1j\u00e1ra. Hazai \u00e9s k\u00fclf\u00f6ldi fesztiv\u00e1lokon koncerteznek, tavasszal \u00e9s \u0151sszel a Magyar Zene H\u00e1z\u00e1ban is lehet tal\u00e1lkozni a zenekarral, ahol koncertet adnak \u00e9s t\u00e1nch\u00e1zat is [&hellip;]\" \/>\n<meta property=\"og:url\" content=\"https:\/\/buod.de\/de\/meghosszabbitott-jelentkezesi-hatarido-az-amor-fati-zenekar-erkezik-nemetorszagba-koncert-es-tanchaz-lehetoseg\/\" \/>\n<meta property=\"og:site_name\" content=\"BUOD\" \/>\n<meta property=\"article:publisher\" content=\"https:\/\/www.facebook.com\/profile.php?id=100082185652397\" \/>\n<meta property=\"article:published_time\" content=\"2025-02-25T07:10:42+00:00\" \/>\n<meta property=\"article:modified_time\" content=\"2025-03-06T07:12:48+00:00\" \/>\n<meta property=\"og:image\" content=\"https:\/\/buod.de\/wp-content\/uploads\/2025\/03\/Screenshot-2025-03-06-081134-1024x365.png\" \/>\n\t<meta property=\"og:image:width\" content=\"1024\" \/>\n\t<meta property=\"og:image:height\" content=\"365\" \/>\n\t<meta property=\"og:image:type\" content=\"image\/png\" \/>\n<meta name=\"author\" content=\"Gery V\u00e1rkonyi\" \/>\n<meta name=\"twitter:card\" content=\"summary_large_image\" \/>\n<meta name=\"twitter:label1\" content=\"Written by\" \/>\n\t<meta name=\"twitter:data1\" content=\"Gery V\u00e1rkonyi\" \/>\n\t<meta name=\"twitter:label2\" content=\"Est. reading time\" \/>\n\t<meta name=\"twitter:data2\" content=\"1 minute\" \/>\n<script type=\"application\/ld+json\" class=\"yoast-schema-graph\">{\"@context\":\"https:\\\/\\\/schema.org\",\"@graph\":[{\"@type\":\"Article\",\"@id\":\"https:\\\/\\\/buod.de\\\/meghosszabbitott-jelentkezesi-hatarido-az-amor-fati-zenekar-erkezik-nemetorszagba-koncert-es-tanchaz-lehetoseg\\\/#article\",\"isPartOf\":{\"@id\":\"https:\\\/\\\/buod.de\\\/meghosszabbitott-jelentkezesi-hatarido-az-amor-fati-zenekar-erkezik-nemetorszagba-koncert-es-tanchaz-lehetoseg\\\/\"},\"author\":{\"name\":\"Gery V\u00e1rkonyi\",\"@id\":\"https:\\\/\\\/buod.de\\\/#\\\/schema\\\/person\\\/8332a3e63b017fea8fcd17e9c0f96bf1\"},\"headline\":\"Meghosszabb\u00edtott jelentkez\u00e9si hat\u00e1rid\u0151, az amor fati zenekar \u00e9rkezik N\u00e9metorsz\u00e1gba, koncert \u00e9s t\u00e1nch\u00e1z lehet\u0151s\u00e9g\",\"datePublished\":\"2025-02-25T07:10:42+00:00\",\"dateModified\":\"2025-03-06T07:12:48+00:00\",\"mainEntityOfPage\":{\"@id\":\"https:\\\/\\\/buod.de\\\/meghosszabbitott-jelentkezesi-hatarido-az-amor-fati-zenekar-erkezik-nemetorszagba-koncert-es-tanchaz-lehetoseg\\\/\"},\"wordCount\":275,\"commentCount\":0,\"publisher\":{\"@id\":\"https:\\\/\\\/buod.de\\\/#organization\"},\"image\":{\"@id\":\"https:\\\/\\\/buod.de\\\/meghosszabbitott-jelentkezesi-hatarido-az-amor-fati-zenekar-erkezik-nemetorszagba-koncert-es-tanchaz-lehetoseg\\\/#primaryimage\"},\"thumbnailUrl\":\"https:\\\/\\\/buod.de\\\/wp-content\\\/uploads\\\/2025\\\/03\\\/Screenshot-2025-03-06-081134.png\",\"keywords\":[\"2025\"],\"articleSection\":[\"H\u00edrek\"],\"inLanguage\":\"de-DE\",\"potentialAction\":[{\"@type\":\"CommentAction\",\"name\":\"Comment\",\"target\":[\"https:\\\/\\\/buod.de\\\/meghosszabbitott-jelentkezesi-hatarido-az-amor-fati-zenekar-erkezik-nemetorszagba-koncert-es-tanchaz-lehetoseg\\\/#respond\"]}]},{\"@type\":\"WebPage\",\"@id\":\"https:\\\/\\\/buod.de\\\/meghosszabbitott-jelentkezesi-hatarido-az-amor-fati-zenekar-erkezik-nemetorszagba-koncert-es-tanchaz-lehetoseg\\\/\",\"url\":\"https:\\\/\\\/buod.de\\\/meghosszabbitott-jelentkezesi-hatarido-az-amor-fati-zenekar-erkezik-nemetorszagba-koncert-es-tanchaz-lehetoseg\\\/\",\"name\":\"Meghosszabb\u00edtott jelentkez\u00e9si hat\u00e1rid\u0151, az amor fati zenekar \u00e9rkezik N\u00e9metorsz\u00e1gba, koncert \u00e9s t\u00e1nch\u00e1z lehet\u0151s\u00e9g - BUOD\",\"isPartOf\":{\"@id\":\"https:\\\/\\\/buod.de\\\/#website\"},\"primaryImageOfPage\":{\"@id\":\"https:\\\/\\\/buod.de\\\/meghosszabbitott-jelentkezesi-hatarido-az-amor-fati-zenekar-erkezik-nemetorszagba-koncert-es-tanchaz-lehetoseg\\\/#primaryimage\"},\"image\":{\"@id\":\"https:\\\/\\\/buod.de\\\/meghosszabbitott-jelentkezesi-hatarido-az-amor-fati-zenekar-erkezik-nemetorszagba-koncert-es-tanchaz-lehetoseg\\\/#primaryimage\"},\"thumbnailUrl\":\"https:\\\/\\\/buod.de\\\/wp-content\\\/uploads\\\/2025\\\/03\\\/Screenshot-2025-03-06-081134.png\",\"datePublished\":\"2025-02-25T07:10:42+00:00\",\"dateModified\":\"2025-03-06T07:12:48+00:00\",\"breadcrumb\":{\"@id\":\"https:\\\/\\\/buod.de\\\/meghosszabbitott-jelentkezesi-hatarido-az-amor-fati-zenekar-erkezik-nemetorszagba-koncert-es-tanchaz-lehetoseg\\\/#breadcrumb\"},\"inLanguage\":\"de-DE\",\"potentialAction\":[{\"@type\":\"ReadAction\",\"target\":[\"https:\\\/\\\/buod.de\\\/meghosszabbitott-jelentkezesi-hatarido-az-amor-fati-zenekar-erkezik-nemetorszagba-koncert-es-tanchaz-lehetoseg\\\/\"]}]},{\"@type\":\"ImageObject\",\"inLanguage\":\"de-DE\",\"@id\":\"https:\\\/\\\/buod.de\\\/meghosszabbitott-jelentkezesi-hatarido-az-amor-fati-zenekar-erkezik-nemetorszagba-koncert-es-tanchaz-lehetoseg\\\/#primaryimage\",\"url\":\"https:\\\/\\\/buod.de\\\/wp-content\\\/uploads\\\/2025\\\/03\\\/Screenshot-2025-03-06-081134.png\",\"contentUrl\":\"https:\\\/\\\/buod.de\\\/wp-content\\\/uploads\\\/2025\\\/03\\\/Screenshot-2025-03-06-081134.png\",\"width\":3580,\"height\":1275},{\"@type\":\"BreadcrumbList\",\"@id\":\"https:\\\/\\\/buod.de\\\/meghosszabbitott-jelentkezesi-hatarido-az-amor-fati-zenekar-erkezik-nemetorszagba-koncert-es-tanchaz-lehetoseg\\\/#breadcrumb\",\"itemListElement\":[{\"@type\":\"ListItem\",\"position\":1,\"name\":\"Kezd\u0151lap\",\"item\":\"https:\\\/\\\/buod.de\\\/\"},{\"@type\":\"ListItem\",\"position\":2,\"name\":\"Meghosszabb\u00edtott jelentkez\u00e9si hat\u00e1rid\u0151, az amor fati zenekar \u00e9rkezik N\u00e9metorsz\u00e1gba, koncert \u00e9s t\u00e1nch\u00e1z lehet\u0151s\u00e9g\"}]},{\"@type\":\"WebSite\",\"@id\":\"https:\\\/\\\/buod.de\\\/#website\",\"url\":\"https:\\\/\\\/buod.de\\\/\",\"name\":\"BUOD\",\"description\":\"Bund Ungarischer Organisationen in Deutschland\",\"publisher\":{\"@id\":\"https:\\\/\\\/buod.de\\\/#organization\"},\"potentialAction\":[{\"@type\":\"SearchAction\",\"target\":{\"@type\":\"EntryPoint\",\"urlTemplate\":\"https:\\\/\\\/buod.de\\\/?s={search_term_string}\"},\"query-input\":{\"@type\":\"PropertyValueSpecification\",\"valueRequired\":true,\"valueName\":\"search_term_string\"}}],\"inLanguage\":\"de-DE\"},{\"@type\":\"Organization\",\"@id\":\"https:\\\/\\\/buod.de\\\/#organization\",\"name\":\"BUOD\",\"url\":\"https:\\\/\\\/buod.de\\\/\",\"logo\":{\"@type\":\"ImageObject\",\"inLanguage\":\"de-DE\",\"@id\":\"https:\\\/\\\/buod.de\\\/#\\\/schema\\\/logo\\\/image\\\/\",\"url\":\"https:\\\/\\\/buod.de\\\/wp-content\\\/uploads\\\/2024\\\/03\\\/BUOD-logo.png\",\"contentUrl\":\"https:\\\/\\\/buod.de\\\/wp-content\\\/uploads\\\/2024\\\/03\\\/BUOD-logo.png\",\"width\":586,\"height\":490,\"caption\":\"BUOD\"},\"image\":{\"@id\":\"https:\\\/\\\/buod.de\\\/#\\\/schema\\\/logo\\\/image\\\/\"},\"sameAs\":[\"https:\\\/\\\/www.facebook.com\\\/profile.php?id=100082185652397\"]},{\"@type\":\"Person\",\"@id\":\"https:\\\/\\\/buod.de\\\/#\\\/schema\\\/person\\\/8332a3e63b017fea8fcd17e9c0f96bf1\",\"name\":\"Gery V\u00e1rkonyi\",\"image\":{\"@type\":\"ImageObject\",\"inLanguage\":\"de-DE\",\"@id\":\"https:\\\/\\\/secure.gravatar.com\\\/avatar\\\/c1babe7dc68f065be4ec606c522172804715398688c78c6fffca3888b364e934?s=96&d=mm&r=g\",\"url\":\"https:\\\/\\\/secure.gravatar.com\\\/avatar\\\/c1babe7dc68f065be4ec606c522172804715398688c78c6fffca3888b364e934?s=96&d=mm&r=g\",\"contentUrl\":\"https:\\\/\\\/secure.gravatar.com\\\/avatar\\\/c1babe7dc68f065be4ec606c522172804715398688c78c6fffca3888b364e934?s=96&d=mm&r=g\",\"caption\":\"Gery V\u00e1rkonyi\"},\"url\":\"https:\\\/\\\/buod.de\\\/de\\\/author\\\/geryvarkonyi\\\/\"}]}<\/script>\n<!-- \/ Yoast SEO plugin. -->","yoast_head_json":{"title":"Meghosszabb\u00edtott jelentkez\u00e9si hat\u00e1rid\u0151, az amor fati zenekar \u00e9rkezik N\u00e9metorsz\u00e1gba, koncert \u00e9s t\u00e1nch\u00e1z lehet\u0151s\u00e9g - BUOD","robots":{"index":"index","follow":"follow","max-snippet":"max-snippet:-1","max-image-preview":"max-image-preview:large","max-video-preview":"max-video-preview:-1"},"canonical":"https:\/\/buod.de\/de\/meghosszabbitott-jelentkezesi-hatarido-az-amor-fati-zenekar-erkezik-nemetorszagba-koncert-es-tanchaz-lehetoseg\/","og_locale":"de_DE","og_type":"article","og_title":"Meghosszabb\u00edtott jelentkez\u00e9si hat\u00e1rid\u0151, az amor fati zenekar \u00e9rkezik N\u00e9metorsz\u00e1gba, koncert \u00e9s t\u00e1nch\u00e1z lehet\u0151s\u00e9g - BUOD","og_description":"Kedves Egyes\u00fcleti Vezet\u0151k! Az amor fati zenekar \u00e9rkezik N\u00e9metorsz\u00e1gba! \u00c1prilis 10-\u00e9n Ingolstadtba, \u00e1prilis 11-\u00e9n M\u00fcnchenbe koncerteznek! A zenekar magyar n\u00e9pzen\u00e9t \u00e9s vil\u00e1gzen\u00e9t j\u00e1tszik, a lemez\u00fck felker\u00fclt a World Music Charts 2024-es list\u00e1j\u00e1ra. Hazai \u00e9s k\u00fclf\u00f6ldi fesztiv\u00e1lokon koncerteznek, tavasszal \u00e9s \u0151sszel a Magyar Zene H\u00e1z\u00e1ban is lehet tal\u00e1lkozni a zenekarral, ahol koncertet adnak \u00e9s t\u00e1nch\u00e1zat is [&hellip;]","og_url":"https:\/\/buod.de\/de\/meghosszabbitott-jelentkezesi-hatarido-az-amor-fati-zenekar-erkezik-nemetorszagba-koncert-es-tanchaz-lehetoseg\/","og_site_name":"BUOD","article_publisher":"https:\/\/www.facebook.com\/profile.php?id=100082185652397","article_published_time":"2025-02-25T07:10:42+00:00","article_modified_time":"2025-03-06T07:12:48+00:00","og_image":[{"width":1024,"height":365,"url":"https:\/\/buod.de\/wp-content\/uploads\/2025\/03\/Screenshot-2025-03-06-081134-1024x365.png","type":"image\/png"}],"author":"Gery V\u00e1rkonyi","twitter_card":"summary_large_image","twitter_misc":{"Written by":"Gery V\u00e1rkonyi","Est. reading time":"1 minute"},"schema":{"@context":"https:\/\/schema.org","@graph":[{"@type":"Article","@id":"https:\/\/buod.de\/meghosszabbitott-jelentkezesi-hatarido-az-amor-fati-zenekar-erkezik-nemetorszagba-koncert-es-tanchaz-lehetoseg\/#article","isPartOf":{"@id":"https:\/\/buod.de\/meghosszabbitott-jelentkezesi-hatarido-az-amor-fati-zenekar-erkezik-nemetorszagba-koncert-es-tanchaz-lehetoseg\/"},"author":{"name":"Gery V\u00e1rkonyi","@id":"https:\/\/buod.de\/#\/schema\/person\/8332a3e63b017fea8fcd17e9c0f96bf1"},"headline":"Meghosszabb\u00edtott jelentkez\u00e9si hat\u00e1rid\u0151, az amor fati zenekar \u00e9rkezik N\u00e9metorsz\u00e1gba, koncert \u00e9s t\u00e1nch\u00e1z lehet\u0151s\u00e9g","datePublished":"2025-02-25T07:10:42+00:00","dateModified":"2025-03-06T07:12:48+00:00","mainEntityOfPage":{"@id":"https:\/\/buod.de\/meghosszabbitott-jelentkezesi-hatarido-az-amor-fati-zenekar-erkezik-nemetorszagba-koncert-es-tanchaz-lehetoseg\/"},"wordCount":275,"commentCount":0,"publisher":{"@id":"https:\/\/buod.de\/#organization"},"image":{"@id":"https:\/\/buod.de\/meghosszabbitott-jelentkezesi-hatarido-az-amor-fati-zenekar-erkezik-nemetorszagba-koncert-es-tanchaz-lehetoseg\/#primaryimage"},"thumbnailUrl":"https:\/\/buod.de\/wp-content\/uploads\/2025\/03\/Screenshot-2025-03-06-081134.png","keywords":["2025"],"articleSection":["H\u00edrek"],"inLanguage":"de-DE","potentialAction":[{"@type":"CommentAction","name":"Comment","target":["https:\/\/buod.de\/meghosszabbitott-jelentkezesi-hatarido-az-amor-fati-zenekar-erkezik-nemetorszagba-koncert-es-tanchaz-lehetoseg\/#respond"]}]},{"@type":"WebPage","@id":"https:\/\/buod.de\/meghosszabbitott-jelentkezesi-hatarido-az-amor-fati-zenekar-erkezik-nemetorszagba-koncert-es-tanchaz-lehetoseg\/","url":"https:\/\/buod.de\/meghosszabbitott-jelentkezesi-hatarido-az-amor-fati-zenekar-erkezik-nemetorszagba-koncert-es-tanchaz-lehetoseg\/","name":"Meghosszabb\u00edtott jelentkez\u00e9si hat\u00e1rid\u0151, az amor fati zenekar \u00e9rkezik N\u00e9metorsz\u00e1gba, koncert \u00e9s t\u00e1nch\u00e1z lehet\u0151s\u00e9g - BUOD","isPartOf":{"@id":"https:\/\/buod.de\/#website"},"primaryImageOfPage":{"@id":"https:\/\/buod.de\/meghosszabbitott-jelentkezesi-hatarido-az-amor-fati-zenekar-erkezik-nemetorszagba-koncert-es-tanchaz-lehetoseg\/#primaryimage"},"image":{"@id":"https:\/\/buod.de\/meghosszabbitott-jelentkezesi-hatarido-az-amor-fati-zenekar-erkezik-nemetorszagba-koncert-es-tanchaz-lehetoseg\/#primaryimage"},"thumbnailUrl":"https:\/\/buod.de\/wp-content\/uploads\/2025\/03\/Screenshot-2025-03-06-081134.png","datePublished":"2025-02-25T07:10:42+00:00","dateModified":"2025-03-06T07:12:48+00:00","breadcrumb":{"@id":"https:\/\/buod.de\/meghosszabbitott-jelentkezesi-hatarido-az-amor-fati-zenekar-erkezik-nemetorszagba-koncert-es-tanchaz-lehetoseg\/#breadcrumb"},"inLanguage":"de-DE","potentialAction":[{"@type":"ReadAction","target":["https:\/\/buod.de\/meghosszabbitott-jelentkezesi-hatarido-az-amor-fati-zenekar-erkezik-nemetorszagba-koncert-es-tanchaz-lehetoseg\/"]}]},{"@type":"ImageObject","inLanguage":"de-DE","@id":"https:\/\/buod.de\/meghosszabbitott-jelentkezesi-hatarido-az-amor-fati-zenekar-erkezik-nemetorszagba-koncert-es-tanchaz-lehetoseg\/#primaryimage","url":"https:\/\/buod.de\/wp-content\/uploads\/2025\/03\/Screenshot-2025-03-06-081134.png","contentUrl":"https:\/\/buod.de\/wp-content\/uploads\/2025\/03\/Screenshot-2025-03-06-081134.png","width":3580,"height":1275},{"@type":"BreadcrumbList","@id":"https:\/\/buod.de\/meghosszabbitott-jelentkezesi-hatarido-az-amor-fati-zenekar-erkezik-nemetorszagba-koncert-es-tanchaz-lehetoseg\/#breadcrumb","itemListElement":[{"@type":"ListItem","position":1,"name":"Kezd\u0151lap","item":"https:\/\/buod.de\/"},{"@type":"ListItem","position":2,"name":"Meghosszabb\u00edtott jelentkez\u00e9si hat\u00e1rid\u0151, az amor fati zenekar \u00e9rkezik N\u00e9metorsz\u00e1gba, koncert \u00e9s t\u00e1nch\u00e1z lehet\u0151s\u00e9g"}]},{"@type":"WebSite","@id":"https:\/\/buod.de\/#website","url":"https:\/\/buod.de\/","name":"BUOD","description":"Bund Ungarischer Organisationen in Deutschland","publisher":{"@id":"https:\/\/buod.de\/#organization"},"potentialAction":[{"@type":"SearchAction","target":{"@type":"EntryPoint","urlTemplate":"https:\/\/buod.de\/?s={search_term_string}"},"query-input":{"@type":"PropertyValueSpecification","valueRequired":true,"valueName":"search_term_string"}}],"inLanguage":"de-DE"},{"@type":"Organization","@id":"https:\/\/buod.de\/#organization","name":"BUOD","url":"https:\/\/buod.de\/","logo":{"@type":"ImageObject","inLanguage":"de-DE","@id":"https:\/\/buod.de\/#\/schema\/logo\/image\/","url":"https:\/\/buod.de\/wp-content\/uploads\/2024\/03\/BUOD-logo.png","contentUrl":"https:\/\/buod.de\/wp-content\/uploads\/2024\/03\/BUOD-logo.png","width":586,"height":490,"caption":"BUOD"},"image":{"@id":"https:\/\/buod.de\/#\/schema\/logo\/image\/"},"sameAs":["https:\/\/www.facebook.com\/profile.php?id=100082185652397"]},{"@type":"Person","@id":"https:\/\/buod.de\/#\/schema\/person\/8332a3e63b017fea8fcd17e9c0f96bf1","name":"Gery V\u00e1rkonyi","image":{"@type":"ImageObject","inLanguage":"de-DE","@id":"https:\/\/secure.gravatar.com\/avatar\/c1babe7dc68f065be4ec606c522172804715398688c78c6fffca3888b364e934?s=96&d=mm&r=g","url":"https:\/\/secure.gravatar.com\/avatar\/c1babe7dc68f065be4ec606c522172804715398688c78c6fffca3888b364e934?s=96&d=mm&r=g","contentUrl":"https:\/\/secure.gravatar.com\/avatar\/c1babe7dc68f065be4ec606c522172804715398688c78c6fffca3888b364e934?s=96&d=mm&r=g","caption":"Gery V\u00e1rkonyi"},"url":"https:\/\/buod.de\/de\/author\/geryvarkonyi\/"}]}},"_links":{"self":[{"href":"https:\/\/buod.de\/de\/wp-json\/wp\/v2\/posts\/10047","targetHints":{"allow":["GET"]}}],"collection":[{"href":"https:\/\/buod.de\/de\/wp-json\/wp\/v2\/posts"}],"about":[{"href":"https:\/\/buod.de\/de\/wp-json\/wp\/v2\/types\/post"}],"author":[{"embeddable":true,"href":"https:\/\/buod.de\/de\/wp-json\/wp\/v2\/users\/4"}],"replies":[{"embeddable":true,"href":"https:\/\/buod.de\/de\/wp-json\/wp\/v2\/comments?post=10047"}],"version-history":[{"count":1,"href":"https:\/\/buod.de\/de\/wp-json\/wp\/v2\/posts\/10047\/revisions"}],"predecessor-version":[{"id":10050,"href":"https:\/\/buod.de\/de\/wp-json\/wp\/v2\/posts\/10047\/revisions\/10050"}],"wp:featuredmedia":[{"embeddable":true,"href":"https:\/\/buod.de\/de\/wp-json\/wp\/v2\/media\/10048"}],"wp:attachment":[{"href":"https:\/\/buod.de\/de\/wp-json\/wp\/v2\/media?parent=10047"}],"wp:term":[{"taxonomy":"category","embeddable":true,"href":"https:\/\/buod.de\/de\/wp-json\/wp\/v2\/categories?post=10047"},{"taxonomy":"post_tag","embeddable":true,"href":"https:\/\/buod.de\/de\/wp-json\/wp\/v2\/tags?post=10047"}],"curies":[{"name":"wp","href":"https:\/\/api.w.org\/{rel}","templated":true}]}}