{"id":10069,"date":"2025-03-14T16:10:12","date_gmt":"2025-03-14T14:10:12","guid":{"rendered":"https:\/\/buod.de\/?p=10069"},"modified":"2025-03-14T16:10:12","modified_gmt":"2025-03-14T14:10:12","slug":"gyongykokardat-keszitettek-frankfurtban","status":"publish","type":"post","link":"https:\/\/buod.de\/de\/gyongykokardat-keszitettek-frankfurtban\/","title":{"rendered":"Gy\u00f6ngykok\u00e1rd\u00e1t k\u00e9sz\u00edtettek Frankfurtban"},"content":{"rendered":"<p>Az 1848-as esem\u00e9nyek \u00fcnnepi megeml\u00e9kez\u00e9s\u00e9hez k\u00f6zeledve \u2013 melyre Frankfurtban m\u00e1rcius 9-\u00e9n, a szentmise ut\u00e1n ker\u00fcl majd sor \u2013 a Szent Erzs\u00e9bet Magyar Katolikus Egyh\u00e1zk\u00f6zs\u00e9g t\u00e1mogat\u00e1s\u00e1val, az Alkot\u00f3k\u00f6r keret\u00e9n bel\u00fcl gy\u00f6ngykok\u00e1rda k\u00e9sz\u00edt\u00e9s\u00e9re volt lehet\u0151s\u00e9g.<\/p>\n\n\n\n<p>A kedd d\u00e9lut\u00e1nra meghirdetett esem\u00e9nyre sz\u00e9p sz\u00e1mmal \u00e9rkeztek \u00e9rdekl\u0151d\u0151k.&nbsp;<\/p>\n\n\n\n<p>N\u00e9h\u00e1ny gyermeknek a gy\u00f6ngykok\u00e1rda elk\u00e9sz\u00edt\u00e9se t\u00fal nagy feladat lett volna, ez\u00e9rt \u0151k sz\u00ednes krepp pap\u00edrb\u00f3l g\u00f6ngy\u00f6l\u00edtett goly\u00f3kat ragasztottak pap\u00edrra, kok\u00e1rd\u00e1t form\u00e1lva.&nbsp;<\/p>\n\n\n\n<p>Az id\u0151sebb fiatalokkal, feln\u0151ttekkel nekil\u00e1ttunk a gy\u00f6ngykok\u00e1rda k\u00e9sz\u00edt\u00e9s\u00e9nek, ami az elej\u00e9n \u2013 a technik\u00e1ban val\u00f3 j\u00e1rtass\u00e1g hi\u00e1nya miatt \u2013 okozott n\u00e9mi kih\u00edv\u00e1st, de ahogy a z\u00f6ld gy\u00f6ngy\u00f6kb\u0151l kezdett kirajzol\u00f3dni a kok\u00e1rda form\u00e1ja, egyre nagyobb lend\u00fclettel f\u0171zt\u00e9k az apr\u00f3 gy\u00f6ngy\u00f6ket. Mire a piros sz\u00ednhez \u00e9rtek, a kicsi lyukba val\u00f3 betal\u00e1l\u00e1s \u00e9s a gy\u00f6ngy\u00f6k sz\u00e1mol\u00e1sa is gyakorlottan m\u0171k\u00f6d\u00f6tt, az utols\u00f3 feladat a r\u00f6gz\u00edt\u00e9shez sz\u00fcks\u00e9ges biztos\u00edt\u00f3t\u0171 felvarr\u00e1sa volt, amit n\u00e9mi seg\u00edts\u00e9ggel mindenki sikeresen teljes\u00edtett.<\/p>\n\n\n\n<p>Ez az alkalom a gy\u00f6ngyf\u0171z\u00e9s mellett a j\u00f3kedv\u0171 tal\u00e1lkoz\u00e1snak, besz\u00e9lget\u00e9snek is j\u00f3 lehet\u0151s\u00e9get adott a r\u00e9sztvev\u0151k sz\u00e1m\u00e1ra, az pedig mindenkit \u00f6r\u00f6mmel t\u00f6lt\u00f6tt el, hogy a saj\u00e1t kez\u0171leg k\u00e9sz\u00edtett gy\u00f6ngykok\u00e1rda d\u00edsz\u00edtheti majd az 1848-as megeml\u00e9kez\u00e9s \u00fcnnepi viselet\u00e9t.<\/p>\n\n\n\n<figure class=\"wp-block-gallery has-nested-images columns-default is-cropped wp-block-gallery-1 is-layout-flex wp-block-gallery-is-layout-flex\">\n<figure data-wp-context=\"{&quot;imageId&quot;:&quot;69f5e5a51381a&quot;}\" data-wp-interactive=\"core\/image\" data-wp-key=\"69f5e5a51381a\" class=\"wp-block-image size-large wp-lightbox-container\"><img loading=\"lazy\" decoding=\"async\" width=\"1024\" height=\"576\" data-wp-class--hide=\"state.isContentHidden\" data-wp-class--show=\"state.isContentVisible\" data-wp-init=\"callbacks.setButtonStyles\" data-wp-on--click=\"actions.showLightbox\" data-wp-on--load=\"callbacks.setButtonStyles\" data-wp-on-window--resize=\"callbacks.setButtonStyles\" data-id=\"10073\" src=\"https:\/\/buod.de\/wp-content\/uploads\/2025\/03\/VeCC81geredmeCC81ny-1024x576.jpeg\" alt=\"\" class=\"wp-image-10073\" srcset=\"https:\/\/buod.de\/wp-content\/uploads\/2025\/03\/VeCC81geredmeCC81ny-1024x576.jpeg 1024w, https:\/\/buod.de\/wp-content\/uploads\/2025\/03\/VeCC81geredmeCC81ny-300x169.jpeg 300w, https:\/\/buod.de\/wp-content\/uploads\/2025\/03\/VeCC81geredmeCC81ny-768x432.jpeg 768w, https:\/\/buod.de\/wp-content\/uploads\/2025\/03\/VeCC81geredmeCC81ny-1536x864.jpeg 1536w, https:\/\/buod.de\/wp-content\/uploads\/2025\/03\/VeCC81geredmeCC81ny-18x10.jpeg 18w, https:\/\/buod.de\/wp-content\/uploads\/2025\/03\/VeCC81geredmeCC81ny.jpeg 1600w\" sizes=\"auto, (max-width: 1024px) 100vw, 1024px\" \/><button\n\t\t\tclass=\"lightbox-trigger\"\n\t\t\ttype=\"button\"\n\t\t\taria-haspopup=\"dialog\"\n\t\t\taria-label=\"Enlarge\"\n\t\t\tdata-wp-init=\"callbacks.initTriggerButton\"\n\t\t\tdata-wp-on--click=\"actions.showLightbox\"\n\t\t\tdata-wp-style--right=\"state.imageButtonRight\"\n\t\t\tdata-wp-style--top=\"state.imageButtonTop\"\n\t\t>\n\t\t\t<svg xmlns=\"http:\/\/www.w3.org\/2000\/svg\" width=\"12\" height=\"12\" fill=\"none\" viewbox=\"0 0 12 12\">\n\t\t\t\t<path fill=\"#fff\" d=\"M2 0a2 2 0 0 0-2 2v2h1.5V2a.5.5 0 0 1 .5-.5h2V0H2Zm2 10.5H2a.5.5 0 0 1-.5-.5V8H0v2a2 2 0 0 0 2 2h2v-1.5ZM8 12v-1.5h2a.5.5 0 0 0 .5-.5V8H12v2a2 2 0 0 1-2 2H8Zm2-12a2 2 0 0 1 2 2v2h-1.5V2a.5.5 0 0 0-.5-.5H8V0h2Z\" \/>\n\t\t\t<\/svg>\n\t\t<\/button><\/figure>\n\n\n\n<figure data-wp-context=\"{&quot;imageId&quot;:&quot;69f5e5a5145d2&quot;}\" data-wp-interactive=\"core\/image\" data-wp-key=\"69f5e5a5145d2\" class=\"wp-block-image size-large wp-lightbox-container\"><img loading=\"lazy\" decoding=\"async\" width=\"1024\" height=\"576\" data-wp-class--hide=\"state.isContentHidden\" data-wp-class--show=\"state.isContentVisible\" data-wp-init=\"callbacks.setButtonStyles\" data-wp-on--click=\"actions.showLightbox\" data-wp-on--load=\"callbacks.setButtonStyles\" data-wp-on-window--resize=\"callbacks.setButtonStyles\" data-id=\"10072\" src=\"https:\/\/buod.de\/wp-content\/uploads\/2025\/03\/GyoCC88ngyfuCC8BzeCC81s-1-1024x576.jpeg\" alt=\"\" class=\"wp-image-10072\" srcset=\"https:\/\/buod.de\/wp-content\/uploads\/2025\/03\/GyoCC88ngyfuCC8BzeCC81s-1-1024x576.jpeg 1024w, https:\/\/buod.de\/wp-content\/uploads\/2025\/03\/GyoCC88ngyfuCC8BzeCC81s-1-300x169.jpeg 300w, https:\/\/buod.de\/wp-content\/uploads\/2025\/03\/GyoCC88ngyfuCC8BzeCC81s-1-768x432.jpeg 768w, https:\/\/buod.de\/wp-content\/uploads\/2025\/03\/GyoCC88ngyfuCC8BzeCC81s-1-1536x864.jpeg 1536w, https:\/\/buod.de\/wp-content\/uploads\/2025\/03\/GyoCC88ngyfuCC8BzeCC81s-1-18x10.jpeg 18w, https:\/\/buod.de\/wp-content\/uploads\/2025\/03\/GyoCC88ngyfuCC8BzeCC81s-1.jpeg 1600w\" sizes=\"auto, (max-width: 1024px) 100vw, 1024px\" \/><button\n\t\t\tclass=\"lightbox-trigger\"\n\t\t\ttype=\"button\"\n\t\t\taria-haspopup=\"dialog\"\n\t\t\taria-label=\"Enlarge\"\n\t\t\tdata-wp-init=\"callbacks.initTriggerButton\"\n\t\t\tdata-wp-on--click=\"actions.showLightbox\"\n\t\t\tdata-wp-style--right=\"state.imageButtonRight\"\n\t\t\tdata-wp-style--top=\"state.imageButtonTop\"\n\t\t>\n\t\t\t<svg xmlns=\"http:\/\/www.w3.org\/2000\/svg\" width=\"12\" height=\"12\" fill=\"none\" viewbox=\"0 0 12 12\">\n\t\t\t\t<path fill=\"#fff\" d=\"M2 0a2 2 0 0 0-2 2v2h1.5V2a.5.5 0 0 1 .5-.5h2V0H2Zm2 10.5H2a.5.5 0 0 1-.5-.5V8H0v2a2 2 0 0 0 2 2h2v-1.5ZM8 12v-1.5h2a.5.5 0 0 0 .5-.5V8H12v2a2 2 0 0 1-2 2H8Zm2-12a2 2 0 0 1 2 2v2h-1.5V2a.5.5 0 0 0-.5-.5H8V0h2Z\" \/>\n\t\t\t<\/svg>\n\t\t<\/button><\/figure>\n\n\n\n<figure data-wp-context=\"{&quot;imageId&quot;:&quot;69f5e5a51538c&quot;}\" data-wp-interactive=\"core\/image\" data-wp-key=\"69f5e5a51538c\" class=\"wp-block-image size-large wp-lightbox-container\"><img loading=\"lazy\" decoding=\"async\" width=\"1024\" height=\"576\" data-wp-class--hide=\"state.isContentHidden\" data-wp-class--show=\"state.isContentVisible\" data-wp-init=\"callbacks.setButtonStyles\" data-wp-on--click=\"actions.showLightbox\" data-wp-on--load=\"callbacks.setButtonStyles\" data-wp-on-window--resize=\"callbacks.setButtonStyles\" data-id=\"10071\" src=\"https:\/\/buod.de\/wp-content\/uploads\/2025\/03\/GyoCC88ngyfuCC8BzeCC81s-1024x576.jpeg\" alt=\"\" class=\"wp-image-10071\" srcset=\"https:\/\/buod.de\/wp-content\/uploads\/2025\/03\/GyoCC88ngyfuCC8BzeCC81s-1024x576.jpeg 1024w, https:\/\/buod.de\/wp-content\/uploads\/2025\/03\/GyoCC88ngyfuCC8BzeCC81s-300x169.jpeg 300w, https:\/\/buod.de\/wp-content\/uploads\/2025\/03\/GyoCC88ngyfuCC8BzeCC81s-768x432.jpeg 768w, https:\/\/buod.de\/wp-content\/uploads\/2025\/03\/GyoCC88ngyfuCC8BzeCC81s-1536x864.jpeg 1536w, https:\/\/buod.de\/wp-content\/uploads\/2025\/03\/GyoCC88ngyfuCC8BzeCC81s-18x10.jpeg 18w, https:\/\/buod.de\/wp-content\/uploads\/2025\/03\/GyoCC88ngyfuCC8BzeCC81s.jpeg 1600w\" sizes=\"auto, (max-width: 1024px) 100vw, 1024px\" \/><button\n\t\t\tclass=\"lightbox-trigger\"\n\t\t\ttype=\"button\"\n\t\t\taria-haspopup=\"dialog\"\n\t\t\taria-label=\"Enlarge\"\n\t\t\tdata-wp-init=\"callbacks.initTriggerButton\"\n\t\t\tdata-wp-on--click=\"actions.showLightbox\"\n\t\t\tdata-wp-style--right=\"state.imageButtonRight\"\n\t\t\tdata-wp-style--top=\"state.imageButtonTop\"\n\t\t>\n\t\t\t<svg xmlns=\"http:\/\/www.w3.org\/2000\/svg\" width=\"12\" height=\"12\" fill=\"none\" viewbox=\"0 0 12 12\">\n\t\t\t\t<path fill=\"#fff\" d=\"M2 0a2 2 0 0 0-2 2v2h1.5V2a.5.5 0 0 1 .5-.5h2V0H2Zm2 10.5H2a.5.5 0 0 1-.5-.5V8H0v2a2 2 0 0 0 2 2h2v-1.5ZM8 12v-1.5h2a.5.5 0 0 0 .5-.5V8H12v2a2 2 0 0 1-2 2H8Zm2-12a2 2 0 0 1 2 2v2h-1.5V2a.5.5 0 0 0-.5-.5H8V0h2Z\" \/>\n\t\t\t<\/svg>\n\t\t<\/button><\/figure>\n\n\n\n<figure data-wp-context=\"{&quot;imageId&quot;:&quot;69f5e5a516272&quot;}\" data-wp-interactive=\"core\/image\" data-wp-key=\"69f5e5a516272\" class=\"wp-block-image size-large wp-lightbox-container\"><img loading=\"lazy\" decoding=\"async\" width=\"768\" height=\"1024\" data-wp-class--hide=\"state.isContentHidden\" data-wp-class--show=\"state.isContentVisible\" data-wp-init=\"callbacks.setButtonStyles\" data-wp-on--click=\"actions.showLightbox\" data-wp-on--load=\"callbacks.setButtonStyles\" data-wp-on-window--resize=\"callbacks.setButtonStyles\" data-id=\"10070\" src=\"https:\/\/buod.de\/wp-content\/uploads\/2025\/03\/AlkotaCC81s-768x1024.jpg\" alt=\"\" class=\"wp-image-10070\" srcset=\"https:\/\/buod.de\/wp-content\/uploads\/2025\/03\/AlkotaCC81s-768x1024.jpg 768w, https:\/\/buod.de\/wp-content\/uploads\/2025\/03\/AlkotaCC81s-225x300.jpg 225w, https:\/\/buod.de\/wp-content\/uploads\/2025\/03\/AlkotaCC81s-1152x1536.jpg 1152w, https:\/\/buod.de\/wp-content\/uploads\/2025\/03\/AlkotaCC81s-1536x2048.jpg 1536w, https:\/\/buod.de\/wp-content\/uploads\/2025\/03\/AlkotaCC81s-9x12.jpg 9w, https:\/\/buod.de\/wp-content\/uploads\/2025\/03\/AlkotaCC81s-scaled.jpg 1920w\" sizes=\"auto, (max-width: 768px) 100vw, 768px\" \/><button\n\t\t\tclass=\"lightbox-trigger\"\n\t\t\ttype=\"button\"\n\t\t\taria-haspopup=\"dialog\"\n\t\t\taria-label=\"Enlarge\"\n\t\t\tdata-wp-init=\"callbacks.initTriggerButton\"\n\t\t\tdata-wp-on--click=\"actions.showLightbox\"\n\t\t\tdata-wp-style--right=\"state.imageButtonRight\"\n\t\t\tdata-wp-style--top=\"state.imageButtonTop\"\n\t\t>\n\t\t\t<svg xmlns=\"http:\/\/www.w3.org\/2000\/svg\" width=\"12\" height=\"12\" fill=\"none\" viewbox=\"0 0 12 12\">\n\t\t\t\t<path fill=\"#fff\" d=\"M2 0a2 2 0 0 0-2 2v2h1.5V2a.5.5 0 0 1 .5-.5h2V0H2Zm2 10.5H2a.5.5 0 0 1-.5-.5V8H0v2a2 2 0 0 0 2 2h2v-1.5ZM8 12v-1.5h2a.5.5 0 0 0 .5-.5V8H12v2a2 2 0 0 1-2 2H8Zm2-12a2 2 0 0 1 2 2v2h-1.5V2a.5.5 0 0 0-.5-.5H8V0h2Z\" \/>\n\t\t\t<\/svg>\n\t\t<\/button><\/figure>\n<\/figure>","protected":false},"excerpt":{"rendered":"<p>Az 1848-as esem\u00e9nyek \u00fcnnepi megeml\u00e9kez\u00e9s\u00e9hez k\u00f6zeledve \u2013 melyre Frankfurtban m\u00e1rcius 9-\u00e9n, a szentmise ut\u00e1n ker\u00fcl majd sor \u2013 a Szent Erzs\u00e9bet Magyar Katolikus Egyh\u00e1zk\u00f6zs\u00e9g t\u00e1mogat\u00e1s\u00e1val, az Alkot\u00f3k\u00f6r keret\u00e9n bel\u00fcl gy\u00f6ngykok\u00e1rda k\u00e9sz\u00edt\u00e9s\u00e9re volt lehet\u0151s\u00e9g. A kedd d\u00e9lut\u00e1nra meghirdetett esem\u00e9nyre sz\u00e9p sz\u00e1mmal \u00e9rkeztek \u00e9rdekl\u0151d\u0151k.&nbsp; N\u00e9h\u00e1ny gyermeknek a gy\u00f6ngykok\u00e1rda elk\u00e9sz\u00edt\u00e9se t\u00fal nagy feladat lett volna, ez\u00e9rt \u0151k sz\u00ednes [&hellip;]<\/p>\n","protected":false},"author":4,"featured_media":10073,"comment_status":"open","ping_status":"open","sticky":false,"template":"","format":"standard","meta":{"footnotes":""},"categories":[17],"tags":[23],"class_list":["post-10069","post","type-post","status-publish","format-standard","has-post-thumbnail","hentry","category-hirek","tag-23"],"yoast_head":"<!-- This site is optimized with the Yoast SEO plugin v27.5 - https:\/\/yoast.com\/product\/yoast-seo-wordpress\/ -->\n<title>Gy\u00f6ngykok\u00e1rd\u00e1t k\u00e9sz\u00edtettek Frankfurtban - BUOD<\/title>\n<meta name=\"robots\" content=\"index, follow, max-snippet:-1, max-image-preview:large, max-video-preview:-1\" \/>\n<link rel=\"canonical\" href=\"https:\/\/buod.de\/de\/gyongykokardat-keszitettek-frankfurtban\/\" \/>\n<meta property=\"og:locale\" content=\"de_DE\" \/>\n<meta property=\"og:type\" content=\"article\" \/>\n<meta property=\"og:title\" content=\"Gy\u00f6ngykok\u00e1rd\u00e1t k\u00e9sz\u00edtettek Frankfurtban - BUOD\" \/>\n<meta property=\"og:description\" content=\"Az 1848-as esem\u00e9nyek \u00fcnnepi megeml\u00e9kez\u00e9s\u00e9hez k\u00f6zeledve \u2013 melyre Frankfurtban m\u00e1rcius 9-\u00e9n, a szentmise ut\u00e1n ker\u00fcl majd sor \u2013 a Szent Erzs\u00e9bet Magyar Katolikus Egyh\u00e1zk\u00f6zs\u00e9g t\u00e1mogat\u00e1s\u00e1val, az Alkot\u00f3k\u00f6r keret\u00e9n bel\u00fcl gy\u00f6ngykok\u00e1rda k\u00e9sz\u00edt\u00e9s\u00e9re volt lehet\u0151s\u00e9g. A kedd d\u00e9lut\u00e1nra meghirdetett esem\u00e9nyre sz\u00e9p sz\u00e1mmal \u00e9rkeztek \u00e9rdekl\u0151d\u0151k.&nbsp; N\u00e9h\u00e1ny gyermeknek a gy\u00f6ngykok\u00e1rda elk\u00e9sz\u00edt\u00e9se t\u00fal nagy feladat lett volna, ez\u00e9rt \u0151k sz\u00ednes [&hellip;]\" \/>\n<meta property=\"og:url\" content=\"https:\/\/buod.de\/de\/gyongykokardat-keszitettek-frankfurtban\/\" \/>\n<meta property=\"og:site_name\" content=\"BUOD\" \/>\n<meta property=\"article:publisher\" content=\"https:\/\/www.facebook.com\/profile.php?id=100082185652397\" \/>\n<meta property=\"article:published_time\" content=\"2025-03-14T14:10:12+00:00\" \/>\n<meta property=\"og:image\" content=\"https:\/\/buod.de\/wp-content\/uploads\/2025\/03\/VeCC81geredmeCC81ny.jpeg\" \/>\n\t<meta property=\"og:image:width\" content=\"1600\" \/>\n\t<meta property=\"og:image:height\" content=\"900\" \/>\n\t<meta property=\"og:image:type\" content=\"image\/jpeg\" \/>\n<meta name=\"author\" content=\"Gery V\u00e1rkonyi\" \/>\n<meta name=\"twitter:card\" content=\"summary_large_image\" \/>\n<meta name=\"twitter:label1\" content=\"Written by\" \/>\n\t<meta name=\"twitter:data1\" content=\"Gery V\u00e1rkonyi\" \/>\n\t<meta name=\"twitter:label2\" content=\"Est. reading time\" \/>\n\t<meta name=\"twitter:data2\" content=\"2 minutes\" \/>\n<script type=\"application\/ld+json\" class=\"yoast-schema-graph\">{\"@context\":\"https:\\\/\\\/schema.org\",\"@graph\":[{\"@type\":\"Article\",\"@id\":\"https:\\\/\\\/buod.de\\\/gyongykokardat-keszitettek-frankfurtban\\\/#article\",\"isPartOf\":{\"@id\":\"https:\\\/\\\/buod.de\\\/gyongykokardat-keszitettek-frankfurtban\\\/\"},\"author\":{\"name\":\"Gery V\u00e1rkonyi\",\"@id\":\"https:\\\/\\\/buod.de\\\/#\\\/schema\\\/person\\\/8332a3e63b017fea8fcd17e9c0f96bf1\"},\"headline\":\"Gy\u00f6ngykok\u00e1rd\u00e1t k\u00e9sz\u00edtettek Frankfurtban\",\"datePublished\":\"2025-03-14T14:10:12+00:00\",\"mainEntityOfPage\":{\"@id\":\"https:\\\/\\\/buod.de\\\/gyongykokardat-keszitettek-frankfurtban\\\/\"},\"wordCount\":310,\"commentCount\":0,\"publisher\":{\"@id\":\"https:\\\/\\\/buod.de\\\/#organization\"},\"image\":{\"@id\":\"https:\\\/\\\/buod.de\\\/gyongykokardat-keszitettek-frankfurtban\\\/#primaryimage\"},\"thumbnailUrl\":\"https:\\\/\\\/buod.de\\\/wp-content\\\/uploads\\\/2025\\\/03\\\/VeCC81geredmeCC81ny.jpeg\",\"keywords\":[\"2025\"],\"articleSection\":[\"H\u00edrek\"],\"inLanguage\":\"de-DE\",\"potentialAction\":[{\"@type\":\"CommentAction\",\"name\":\"Comment\",\"target\":[\"https:\\\/\\\/buod.de\\\/gyongykokardat-keszitettek-frankfurtban\\\/#respond\"]}]},{\"@type\":\"WebPage\",\"@id\":\"https:\\\/\\\/buod.de\\\/gyongykokardat-keszitettek-frankfurtban\\\/\",\"url\":\"https:\\\/\\\/buod.de\\\/gyongykokardat-keszitettek-frankfurtban\\\/\",\"name\":\"Gy\u00f6ngykok\u00e1rd\u00e1t k\u00e9sz\u00edtettek Frankfurtban - BUOD\",\"isPartOf\":{\"@id\":\"https:\\\/\\\/buod.de\\\/#website\"},\"primaryImageOfPage\":{\"@id\":\"https:\\\/\\\/buod.de\\\/gyongykokardat-keszitettek-frankfurtban\\\/#primaryimage\"},\"image\":{\"@id\":\"https:\\\/\\\/buod.de\\\/gyongykokardat-keszitettek-frankfurtban\\\/#primaryimage\"},\"thumbnailUrl\":\"https:\\\/\\\/buod.de\\\/wp-content\\\/uploads\\\/2025\\\/03\\\/VeCC81geredmeCC81ny.jpeg\",\"datePublished\":\"2025-03-14T14:10:12+00:00\",\"breadcrumb\":{\"@id\":\"https:\\\/\\\/buod.de\\\/gyongykokardat-keszitettek-frankfurtban\\\/#breadcrumb\"},\"inLanguage\":\"de-DE\",\"potentialAction\":[{\"@type\":\"ReadAction\",\"target\":[\"https:\\\/\\\/buod.de\\\/gyongykokardat-keszitettek-frankfurtban\\\/\"]}]},{\"@type\":\"ImageObject\",\"inLanguage\":\"de-DE\",\"@id\":\"https:\\\/\\\/buod.de\\\/gyongykokardat-keszitettek-frankfurtban\\\/#primaryimage\",\"url\":\"https:\\\/\\\/buod.de\\\/wp-content\\\/uploads\\\/2025\\\/03\\\/VeCC81geredmeCC81ny.jpeg\",\"contentUrl\":\"https:\\\/\\\/buod.de\\\/wp-content\\\/uploads\\\/2025\\\/03\\\/VeCC81geredmeCC81ny.jpeg\",\"width\":1600,\"height\":900},{\"@type\":\"BreadcrumbList\",\"@id\":\"https:\\\/\\\/buod.de\\\/gyongykokardat-keszitettek-frankfurtban\\\/#breadcrumb\",\"itemListElement\":[{\"@type\":\"ListItem\",\"position\":1,\"name\":\"Kezd\u0151lap\",\"item\":\"https:\\\/\\\/buod.de\\\/\"},{\"@type\":\"ListItem\",\"position\":2,\"name\":\"Gy\u00f6ngykok\u00e1rd\u00e1t k\u00e9sz\u00edtettek Frankfurtban\"}]},{\"@type\":\"WebSite\",\"@id\":\"https:\\\/\\\/buod.de\\\/#website\",\"url\":\"https:\\\/\\\/buod.de\\\/\",\"name\":\"BUOD\",\"description\":\"Bund Ungarischer Organisationen in Deutschland\",\"publisher\":{\"@id\":\"https:\\\/\\\/buod.de\\\/#organization\"},\"potentialAction\":[{\"@type\":\"SearchAction\",\"target\":{\"@type\":\"EntryPoint\",\"urlTemplate\":\"https:\\\/\\\/buod.de\\\/?s={search_term_string}\"},\"query-input\":{\"@type\":\"PropertyValueSpecification\",\"valueRequired\":true,\"valueName\":\"search_term_string\"}}],\"inLanguage\":\"de-DE\"},{\"@type\":\"Organization\",\"@id\":\"https:\\\/\\\/buod.de\\\/#organization\",\"name\":\"BUOD\",\"url\":\"https:\\\/\\\/buod.de\\\/\",\"logo\":{\"@type\":\"ImageObject\",\"inLanguage\":\"de-DE\",\"@id\":\"https:\\\/\\\/buod.de\\\/#\\\/schema\\\/logo\\\/image\\\/\",\"url\":\"https:\\\/\\\/buod.de\\\/wp-content\\\/uploads\\\/2024\\\/03\\\/BUOD-logo.png\",\"contentUrl\":\"https:\\\/\\\/buod.de\\\/wp-content\\\/uploads\\\/2024\\\/03\\\/BUOD-logo.png\",\"width\":586,\"height\":490,\"caption\":\"BUOD\"},\"image\":{\"@id\":\"https:\\\/\\\/buod.de\\\/#\\\/schema\\\/logo\\\/image\\\/\"},\"sameAs\":[\"https:\\\/\\\/www.facebook.com\\\/profile.php?id=100082185652397\"]},{\"@type\":\"Person\",\"@id\":\"https:\\\/\\\/buod.de\\\/#\\\/schema\\\/person\\\/8332a3e63b017fea8fcd17e9c0f96bf1\",\"name\":\"Gery V\u00e1rkonyi\",\"image\":{\"@type\":\"ImageObject\",\"inLanguage\":\"de-DE\",\"@id\":\"https:\\\/\\\/secure.gravatar.com\\\/avatar\\\/c1babe7dc68f065be4ec606c522172804715398688c78c6fffca3888b364e934?s=96&d=mm&r=g\",\"url\":\"https:\\\/\\\/secure.gravatar.com\\\/avatar\\\/c1babe7dc68f065be4ec606c522172804715398688c78c6fffca3888b364e934?s=96&d=mm&r=g\",\"contentUrl\":\"https:\\\/\\\/secure.gravatar.com\\\/avatar\\\/c1babe7dc68f065be4ec606c522172804715398688c78c6fffca3888b364e934?s=96&d=mm&r=g\",\"caption\":\"Gery V\u00e1rkonyi\"},\"url\":\"https:\\\/\\\/buod.de\\\/de\\\/author\\\/geryvarkonyi\\\/\"}]}<\/script>\n<!-- \/ Yoast SEO plugin. -->","yoast_head_json":{"title":"Gy\u00f6ngykok\u00e1rd\u00e1t k\u00e9sz\u00edtettek Frankfurtban - BUOD","robots":{"index":"index","follow":"follow","max-snippet":"max-snippet:-1","max-image-preview":"max-image-preview:large","max-video-preview":"max-video-preview:-1"},"canonical":"https:\/\/buod.de\/de\/gyongykokardat-keszitettek-frankfurtban\/","og_locale":"de_DE","og_type":"article","og_title":"Gy\u00f6ngykok\u00e1rd\u00e1t k\u00e9sz\u00edtettek Frankfurtban - BUOD","og_description":"Az 1848-as esem\u00e9nyek \u00fcnnepi megeml\u00e9kez\u00e9s\u00e9hez k\u00f6zeledve \u2013 melyre Frankfurtban m\u00e1rcius 9-\u00e9n, a szentmise ut\u00e1n ker\u00fcl majd sor \u2013 a Szent Erzs\u00e9bet Magyar Katolikus Egyh\u00e1zk\u00f6zs\u00e9g t\u00e1mogat\u00e1s\u00e1val, az Alkot\u00f3k\u00f6r keret\u00e9n bel\u00fcl gy\u00f6ngykok\u00e1rda k\u00e9sz\u00edt\u00e9s\u00e9re volt lehet\u0151s\u00e9g. A kedd d\u00e9lut\u00e1nra meghirdetett esem\u00e9nyre sz\u00e9p sz\u00e1mmal \u00e9rkeztek \u00e9rdekl\u0151d\u0151k.&nbsp; N\u00e9h\u00e1ny gyermeknek a gy\u00f6ngykok\u00e1rda elk\u00e9sz\u00edt\u00e9se t\u00fal nagy feladat lett volna, ez\u00e9rt \u0151k sz\u00ednes [&hellip;]","og_url":"https:\/\/buod.de\/de\/gyongykokardat-keszitettek-frankfurtban\/","og_site_name":"BUOD","article_publisher":"https:\/\/www.facebook.com\/profile.php?id=100082185652397","article_published_time":"2025-03-14T14:10:12+00:00","og_image":[{"width":1600,"height":900,"url":"https:\/\/buod.de\/wp-content\/uploads\/2025\/03\/VeCC81geredmeCC81ny.jpeg","type":"image\/jpeg"}],"author":"Gery V\u00e1rkonyi","twitter_card":"summary_large_image","twitter_misc":{"Written by":"Gery V\u00e1rkonyi","Est. reading time":"2 minutes"},"schema":{"@context":"https:\/\/schema.org","@graph":[{"@type":"Article","@id":"https:\/\/buod.de\/gyongykokardat-keszitettek-frankfurtban\/#article","isPartOf":{"@id":"https:\/\/buod.de\/gyongykokardat-keszitettek-frankfurtban\/"},"author":{"name":"Gery V\u00e1rkonyi","@id":"https:\/\/buod.de\/#\/schema\/person\/8332a3e63b017fea8fcd17e9c0f96bf1"},"headline":"Gy\u00f6ngykok\u00e1rd\u00e1t k\u00e9sz\u00edtettek Frankfurtban","datePublished":"2025-03-14T14:10:12+00:00","mainEntityOfPage":{"@id":"https:\/\/buod.de\/gyongykokardat-keszitettek-frankfurtban\/"},"wordCount":310,"commentCount":0,"publisher":{"@id":"https:\/\/buod.de\/#organization"},"image":{"@id":"https:\/\/buod.de\/gyongykokardat-keszitettek-frankfurtban\/#primaryimage"},"thumbnailUrl":"https:\/\/buod.de\/wp-content\/uploads\/2025\/03\/VeCC81geredmeCC81ny.jpeg","keywords":["2025"],"articleSection":["H\u00edrek"],"inLanguage":"de-DE","potentialAction":[{"@type":"CommentAction","name":"Comment","target":["https:\/\/buod.de\/gyongykokardat-keszitettek-frankfurtban\/#respond"]}]},{"@type":"WebPage","@id":"https:\/\/buod.de\/gyongykokardat-keszitettek-frankfurtban\/","url":"https:\/\/buod.de\/gyongykokardat-keszitettek-frankfurtban\/","name":"Gy\u00f6ngykok\u00e1rd\u00e1t k\u00e9sz\u00edtettek Frankfurtban - BUOD","isPartOf":{"@id":"https:\/\/buod.de\/#website"},"primaryImageOfPage":{"@id":"https:\/\/buod.de\/gyongykokardat-keszitettek-frankfurtban\/#primaryimage"},"image":{"@id":"https:\/\/buod.de\/gyongykokardat-keszitettek-frankfurtban\/#primaryimage"},"thumbnailUrl":"https:\/\/buod.de\/wp-content\/uploads\/2025\/03\/VeCC81geredmeCC81ny.jpeg","datePublished":"2025-03-14T14:10:12+00:00","breadcrumb":{"@id":"https:\/\/buod.de\/gyongykokardat-keszitettek-frankfurtban\/#breadcrumb"},"inLanguage":"de-DE","potentialAction":[{"@type":"ReadAction","target":["https:\/\/buod.de\/gyongykokardat-keszitettek-frankfurtban\/"]}]},{"@type":"ImageObject","inLanguage":"de-DE","@id":"https:\/\/buod.de\/gyongykokardat-keszitettek-frankfurtban\/#primaryimage","url":"https:\/\/buod.de\/wp-content\/uploads\/2025\/03\/VeCC81geredmeCC81ny.jpeg","contentUrl":"https:\/\/buod.de\/wp-content\/uploads\/2025\/03\/VeCC81geredmeCC81ny.jpeg","width":1600,"height":900},{"@type":"BreadcrumbList","@id":"https:\/\/buod.de\/gyongykokardat-keszitettek-frankfurtban\/#breadcrumb","itemListElement":[{"@type":"ListItem","position":1,"name":"Kezd\u0151lap","item":"https:\/\/buod.de\/"},{"@type":"ListItem","position":2,"name":"Gy\u00f6ngykok\u00e1rd\u00e1t k\u00e9sz\u00edtettek Frankfurtban"}]},{"@type":"WebSite","@id":"https:\/\/buod.de\/#website","url":"https:\/\/buod.de\/","name":"BUOD","description":"Bund Ungarischer Organisationen in Deutschland","publisher":{"@id":"https:\/\/buod.de\/#organization"},"potentialAction":[{"@type":"SearchAction","target":{"@type":"EntryPoint","urlTemplate":"https:\/\/buod.de\/?s={search_term_string}"},"query-input":{"@type":"PropertyValueSpecification","valueRequired":true,"valueName":"search_term_string"}}],"inLanguage":"de-DE"},{"@type":"Organization","@id":"https:\/\/buod.de\/#organization","name":"BUOD","url":"https:\/\/buod.de\/","logo":{"@type":"ImageObject","inLanguage":"de-DE","@id":"https:\/\/buod.de\/#\/schema\/logo\/image\/","url":"https:\/\/buod.de\/wp-content\/uploads\/2024\/03\/BUOD-logo.png","contentUrl":"https:\/\/buod.de\/wp-content\/uploads\/2024\/03\/BUOD-logo.png","width":586,"height":490,"caption":"BUOD"},"image":{"@id":"https:\/\/buod.de\/#\/schema\/logo\/image\/"},"sameAs":["https:\/\/www.facebook.com\/profile.php?id=100082185652397"]},{"@type":"Person","@id":"https:\/\/buod.de\/#\/schema\/person\/8332a3e63b017fea8fcd17e9c0f96bf1","name":"Gery V\u00e1rkonyi","image":{"@type":"ImageObject","inLanguage":"de-DE","@id":"https:\/\/secure.gravatar.com\/avatar\/c1babe7dc68f065be4ec606c522172804715398688c78c6fffca3888b364e934?s=96&d=mm&r=g","url":"https:\/\/secure.gravatar.com\/avatar\/c1babe7dc68f065be4ec606c522172804715398688c78c6fffca3888b364e934?s=96&d=mm&r=g","contentUrl":"https:\/\/secure.gravatar.com\/avatar\/c1babe7dc68f065be4ec606c522172804715398688c78c6fffca3888b364e934?s=96&d=mm&r=g","caption":"Gery V\u00e1rkonyi"},"url":"https:\/\/buod.de\/de\/author\/geryvarkonyi\/"}]}},"_links":{"self":[{"href":"https:\/\/buod.de\/de\/wp-json\/wp\/v2\/posts\/10069","targetHints":{"allow":["GET"]}}],"collection":[{"href":"https:\/\/buod.de\/de\/wp-json\/wp\/v2\/posts"}],"about":[{"href":"https:\/\/buod.de\/de\/wp-json\/wp\/v2\/types\/post"}],"author":[{"embeddable":true,"href":"https:\/\/buod.de\/de\/wp-json\/wp\/v2\/users\/4"}],"replies":[{"embeddable":true,"href":"https:\/\/buod.de\/de\/wp-json\/wp\/v2\/comments?post=10069"}],"version-history":[{"count":1,"href":"https:\/\/buod.de\/de\/wp-json\/wp\/v2\/posts\/10069\/revisions"}],"predecessor-version":[{"id":10074,"href":"https:\/\/buod.de\/de\/wp-json\/wp\/v2\/posts\/10069\/revisions\/10074"}],"wp:featuredmedia":[{"embeddable":true,"href":"https:\/\/buod.de\/de\/wp-json\/wp\/v2\/media\/10073"}],"wp:attachment":[{"href":"https:\/\/buod.de\/de\/wp-json\/wp\/v2\/media?parent=10069"}],"wp:term":[{"taxonomy":"category","embeddable":true,"href":"https:\/\/buod.de\/de\/wp-json\/wp\/v2\/categories?post=10069"},{"taxonomy":"post_tag","embeddable":true,"href":"https:\/\/buod.de\/de\/wp-json\/wp\/v2\/tags?post=10069"}],"curies":[{"name":"wp","href":"https:\/\/api.w.org\/{rel}","templated":true}]}}