{"id":10083,"date":"2025-03-14T16:24:40","date_gmt":"2025-03-14T14:24:40","guid":{"rendered":"https:\/\/buod.de\/?p=10083"},"modified":"2025-03-14T16:26:21","modified_gmt":"2025-03-14T14:26:21","slug":"hamburgi-magyar-iskola-elegedettseg-es-fenntarthatosag","status":"publish","type":"post","link":"https:\/\/buod.de\/de\/hamburgi-magyar-iskola-elegedettseg-es-fenntarthatosag\/","title":{"rendered":"Hamburgi Magyar Iskola: el\u00e9gedetts\u00e9g \u00e9s fenntarthat\u00f3s\u00e1g"},"content":{"rendered":"<p>A Hamburgi Magyar Iskol\u00e1ban a fenntarthat\u00f3s\u00e1gra t\u00f6reksz\u00fcnk \u00e9s arra, hogy mindenki j\u00f3l \u00e9rezze mag\u00e1t, gyerek, sz\u00fcl\u0151 \u00e9s tan\u00e1r egyar\u00e1nt. Az iskol\u00e1ba jelenleg 42 gyerek j\u00e1r, \u00f3vod\u00e1st\u00f3l a tini csoportig, ez 24 csal\u00e1dot jelent. Hogy a HMI k\u00f6vetni tudja c\u00e9lokat \u00e9s elv\u00e1r\u00e1sokat, k\u00e9sz\u00edtett\u00fcnk egy k\u00e9rd\u0151\u00edvet, felm\u00e9r\u00e9st a beiratkozott csal\u00e1doknak, amiben arra kerest\u00fck a v\u00e1laszt, hogy:<\/p>\n\n\n\n<ul class=\"wp-block-list\">\n<li>milyen c\u00e9llal, motiv\u00e1ci\u00f3val j\u00e1rnak a csal\u00e1dok a HMI-be<\/li>\n\n\n\n<li>mennyire el\u00e9gedettek a szervez\u00e9ssel, tan\u00edt\u00e1ssal, \u00e9p\u00fclettel, stb.<\/li>\n\n\n\n<li>felm\u00e9rt\u00fck, hogy a gyerekek mi\u00e9rt j\u00e1rnak sz\u00edvesen hozz\u00e1nk<\/li>\n\n\n\n<li>mi az, amiben elengedhetetlen a fejl\u0151d\u00e9s<\/li>\n\n\n\n<li>a csal\u00e1dok k\u00f6z\u00fcl ki az, aki v\u00e1llaln\u00e1, hogy seg\u00edti a HMI-t (tan\u00edt\u00e1s, helyettes\u00edt\u00e9s, k\u00e1v\u00e9f\u0151z\u00e9s, \u2026 egy\u00e9b)<\/li>\n<\/ul>\n\n\n\n<p>A k\u00e9rd\u0151\u00edv kit\u00f6lt\u00e9s\u00e9re k\u00e9t h\u00e9t \u00e1llt rendelkez\u00e9sre, a HMI-s csal\u00e1dok 40%-a t\u00f6lt\u00f6tte azt ki. Ahogyan al\u00e1bb is l\u00e1that\u00f3, sokan csatlakoztak a tan\u00e9v elej\u00e9n \u00e9s sokan \u201cr\u00e9gi\u201d HMI-s csal\u00e1dok:<\/p>\n\n\n\n<figure class=\"wp-block-image size-large\"><img loading=\"lazy\" decoding=\"async\" width=\"1024\" height=\"431\" src=\"https:\/\/buod.de\/wp-content\/uploads\/2025\/03\/image-1024x431.gif\" alt=\"\" class=\"wp-image-10084\" srcset=\"https:\/\/buod.de\/wp-content\/uploads\/2025\/03\/image-1024x431.gif 1024w, https:\/\/buod.de\/wp-content\/uploads\/2025\/03\/image-300x126.gif 300w, https:\/\/buod.de\/wp-content\/uploads\/2025\/03\/image-768x323.gif 768w, https:\/\/buod.de\/wp-content\/uploads\/2025\/03\/image-18x8.gif 18w\" sizes=\"auto, (max-width: 1024px) 100vw, 1024px\" \/><\/figure>\n\n\n\n<p>Az egyik legfontosabb visszajelz\u00e9s a HMI-nek az, hogy a csal\u00e1dok el\u00e9gedettek a HMI-vel:<\/p>\n\n\n\n<p><img loading=\"lazy\" decoding=\"async\" width=\"602\" height=\"253\" src=\"blob:https:\/\/buod.de\/4cd6a830-85ae-4bfd-80de-42117007c1a4\" alt=\"\u0170rlapok-v\u00e1laszdiagram. K\u00e9rd\u00e9s c\u00edme: Mennyire \u00e9rtesz egyet az al\u00e1bbi \u00e1ll\u00edt\u00e1ssal?&quot;El\u00e9gedett vagyok a HMI-vel.&quot;. V\u00e1laszok sz\u00e1ma: 11 v\u00e1lasz.\">K\u00fcl\u00f6n k\u00e9rd\u00e9sek voltak, hogy a szervez\u00e9ssel, tan\u00e1rok munk\u00e1j\u00e1val is el\u00e9gedettek, illetve az iskola\u00e9p\u00fclettel.<\/p>\n\n\n\n<p>A HMI komoly v\u00e1ltoz\u00e1son ment kereszt\u00fcl egy \u00e9ve. Egy olyan \u00e1llapotot \u00e9rt\u00fcnk el \u00e9s olyan k\u00f6r\u00fclm\u00e9nyeket alak\u00edtottunk ki mostanra, ami egy fenntarthat\u00f3 \u00e1llapotot eredm\u00e9nyez. De m\u00e9gsem szabad h\u00e1trad\u0151lni, mert a fenntarthat\u00f3s\u00e1ghoz a folyamatos v\u00e1ltoz\u00e1s \u00e9s v\u00e1ltoztat\u00e1sra hajland\u00f3s\u00e1g sz\u00fcks\u00e9ges, \u00faj seg\u00edt\u0151k bevon\u00e1sa \u00e9s sok-sok j\u00e1t\u00e9k.<\/p>\n\n\n\n<figure class=\"wp-block-image size-large\"><img loading=\"lazy\" decoding=\"async\" width=\"1024\" height=\"487\" src=\"https:\/\/buod.de\/wp-content\/uploads\/2025\/03\/image-1-1024x487.gif\" alt=\"\" class=\"wp-image-10085\" srcset=\"https:\/\/buod.de\/wp-content\/uploads\/2025\/03\/image-1-1024x487.gif 1024w, https:\/\/buod.de\/wp-content\/uploads\/2025\/03\/image-1-300x143.gif 300w, https:\/\/buod.de\/wp-content\/uploads\/2025\/03\/image-1-768x365.gif 768w, https:\/\/buod.de\/wp-content\/uploads\/2025\/03\/image-1-18x9.gif 18w\" sizes=\"auto, (max-width: 1024px) 100vw, 1024px\" \/><\/figure>\n\n\n\n<p>A v\u00e1laszok alapj\u00e1n t\u00f6bben helyettes\u00edtenek sz\u00edvesen, ak\u00e1r tan\u00edtanak \u00e9s f\u0151zik a k\u00e1v\u00e9t, te\u00e1t. \u00c9ppen ez\u00e9rt m\u00e1r l\u00e9tre is hoztunk egy WhatsApp csoportot azon sz\u00fcl\u0151k r\u00e9sz\u00e9re, akik sz\u00edvesen gondoskodnak a gyerekek eg\u00e9szs\u00e9ges \u00e9letvitel\u00e9r\u0151l a sz\u00fcnetekben (hoznak z\u00f6lds\u00e9get \u00e9s gy\u00fcm\u00f6lcs\u00f6t) \u00e9s t\u00e1mogatj\u00e1k a tan\u00e1rok \u00e9bers\u00e9g\u00e9t (k\u00e1v\u00e9f\u0151z\u00e9ssel).<\/p>\n\n\n\n<p>Egy m\u00e1sik nagyon fontos t\u00e9ma a fenntarthat\u00f3s\u00e1gban a tan\u00e1rok saj\u00e1t megl\u00e1t\u00e1sa \u00e9s hozz\u00e1\u00e1ll\u00e1sa. \u00c9ppen ez\u00e9rt a tan\u00e1rokkal csapat\u00e9p\u00edt\u0151 tr\u00e9ningen vett\u00fcnk r\u00e9szt febru\u00e1rban, hogy a csapat is jobban megismerje egym\u00e1st, \u00f6sszeszokjunk, megbesz\u00e9lj\u00fck a jelenlegi helyzetet \u00e9s a j\u00f6v\u0151t. Azt gondolom, hogy a nap v\u00e9g\u00e9re egy nagyon mosolyg\u00f3s csapat \u00e1llt \u00f6ssze (l\u00e1sd a bor\u00edt\u00f3k\u00e9pet).<\/p>\n\n\n\n<p><strong>Hamburgi Magyar Iskola: El\u00e9gedetts\u00e9g \u00e9s Fenntarthat\u00f3s\u00e1g<\/strong><\/p>\n\n\n\n<p>A Hamburgi Magyar Iskol\u00e1ban kiemelt figyelmet ford\u00edtunk a fenntarthat\u00f3s\u00e1gra, valamint arra, hogy minden \u00e9rintett \u2013 gyermekek, sz\u00fcl\u0151k \u00e9s tan\u00e1rok egyar\u00e1nt \u2013 j\u00f3l \u00e9rezze mag\u00e1t. Jelenleg 42 gyermek l\u00e1togatja az iskol\u00e1t az \u00f3vod\u00e1s koroszt\u00e1lyt\u00f3l a tin\u00e9dzserekig, ami \u00f6sszesen 24 csal\u00e1dot jelent. Annak \u00e9rdek\u00e9ben, hogy jobban meg\u00e9rts\u00fck a csal\u00e1dok ig\u00e9nyeit \u00e9s elv\u00e1r\u00e1sait, k\u00e9rd\u0151\u00edves felm\u00e9r\u00e9st v\u00e9gezt\u00fcnk a beiratkozottak k\u00f6r\u00e9ben. A kutat\u00e1s c\u00e9lja az al\u00e1bbi k\u00e9rd\u00e9sek megv\u00e1laszol\u00e1sa volt:<\/p>\n\n\n\n<ul class=\"wp-block-list\">\n<li>Mi motiv\u00e1lja a csal\u00e1dokat a HMI l\u00e1togat\u00e1s\u00e1ra?<\/li>\n\n\n\n<li>Mennyire el\u00e9gedettek a szervez\u00e9ssel, oktat\u00e1ssal \u00e9s az iskola infrastrukt\u00far\u00e1j\u00e1val?<\/li>\n\n\n\n<li>Mi\u00e9rt szeretnek a gyerekek hozz\u00e1nk j\u00e1rni?<\/li>\n\n\n\n<li>Milyen ter\u00fcleteken van sz\u00fcks\u00e9g fejleszt\u00e9sre?<\/li>\n\n\n\n<li>Ki v\u00e1llalna \u00f6nk\u00e9ntes szerepet a HMI \u00e9let\u00e9ben (pl. tan\u00edt\u00e1s, helyettes\u00edt\u00e9s, k\u00e1v\u00e9f\u0151z\u00e9s stb.)?<\/li>\n<\/ul>\n\n\n\n<p>A k\u00e9rd\u0151\u00edv kit\u00f6lt\u00e9s\u00e9re k\u00e9t h\u00e9t \u00e1llt rendelkez\u00e9sre, \u00e9s a csal\u00e1dok 40%-a vett r\u00e9szt benne. Az eredm\u00e9nyek azt mutatj\u00e1k, hogy a HMI k\u00f6z\u00f6ss\u00e9ge vegyesen \u00e1ll r\u00e9gi \u00e9s \u00faj csal\u00e1dokb\u00f3l, akik akt\u00edvan \u00e9rdekl\u0151dnek az iskola m\u0171k\u00f6d\u00e9se ir\u00e1nt.<\/p>\n\n\n\n<h3 class=\"wp-block-heading\"><a><\/a><strong>Pozit\u00edv visszajelz\u00e9sek \u00e9s j\u00f6v\u0151beli kih\u00edv\u00e1sok<\/strong><\/h3>\n\n\n\n<p>Az egyik legfontosabb eredm\u00e9ny, hogy a csal\u00e1dok el\u00e9gedettek az iskol\u00e1val, bele\u00e9rtve a szervez\u00e9st, a tan\u00e1rok munk\u00e1j\u00e1t \u00e9s az iskola\u00e9p\u00fcletet. Az elm\u00falt \u00e9vben jelent\u0151s fejl\u0151d\u00e9sen ment\u00fcnk kereszt\u00fcl, amely egy fenntarthat\u00f3 m\u0171k\u00f6d\u00e9si modellt eredm\u00e9nyezett. Ugyanakkor a hossz\u00fa t\u00e1v\u00fa fenntarthat\u00f3s\u00e1g \u00e9rdek\u00e9ben elengedhetetlen a folyamatos fejl\u0151d\u00e9s, a nyitotts\u00e1g a v\u00e1ltoz\u00e1sra, valamint \u00faj seg\u00edt\u0151k bevon\u00e1sa \u2013 mindez term\u00e9szetesen sok j\u00e1t\u00e9kkal kieg\u00e9sz\u00edtve.<\/p>\n\n\n\n<p>A felm\u00e9r\u00e9s alapj\u00e1n t\u00f6bben is jelezt\u00e9k, hogy sz\u00edvesen v\u00e1llalnak helyettes\u00edt\u00e9st, oktat\u00e1st vagy ak\u00e1r a k\u00f6z\u00f6ss\u00e9gi \u00e9let t\u00e1mogat\u00e1s\u00e1t. Ennek \u00e9rdek\u00e9ben l\u00e9trehoztunk egy WhatsApp-csoportot azon sz\u00fcl\u0151k sz\u00e1m\u00e1ra, akik gondoskodnak a gyermekek eg\u00e9szs\u00e9ges t\u00e1pl\u00e1lkoz\u00e1s\u00e1r\u00f3l (pl. gy\u00fcm\u00f6lcs \u00e9s z\u00f6lds\u00e9g biztos\u00edt\u00e1sa a sz\u00fcnetekben), valamint t\u00e1mogatj\u00e1k a tan\u00e1rok frissess\u00e9g\u00e9t (k\u00e1v\u00e9f\u0151z\u00e9ssel).<\/p>\n\n\n\n<h3 class=\"wp-block-heading\"><a><\/a><strong>Tan\u00e1ri csapat\u00e9p\u00edt\u00e9s a fenntarthat\u00f3s\u00e1g jegy\u00e9ben<\/strong><\/h3>\n\n\n\n<p>A fenntarthat\u00f3s\u00e1g egyik kulcseleme a tan\u00e1rok elhivatotts\u00e1ga \u00e9s k\u00f6z\u00f6ss\u00e9gi szeml\u00e9lete. \u00c9ppen ez\u00e9rt febru\u00e1rban csapat\u00e9p\u00edt\u0151 tr\u00e9ningen vett\u00fcnk r\u00e9szt, amely lehet\u0151s\u00e9get adott arra, hogy jobban megismerj\u00fck egym\u00e1st, megbesz\u00e9lj\u00fck a jelenlegi helyzetet \u00e9s a j\u00f6v\u0151beli terveket. A nap v\u00e9g\u00e9re egy \u00f6sszetart\u00f3 \u00e9s mosolyg\u00f3s csapat alakult ki, amely k\u00e9szen \u00e1ll a k\u00f6z\u00f6s fejl\u0151d\u00e9sre \u00e9s az iskola tov\u00e1bbi \u00e9p\u00edt\u00e9s\u00e9re.<\/p>","protected":false},"excerpt":{"rendered":"<p>A Hamburgi Magyar Iskol\u00e1ban a fenntarthat\u00f3s\u00e1gra t\u00f6reksz\u00fcnk \u00e9s arra, hogy mindenki j\u00f3l \u00e9rezze mag\u00e1t, gyerek, sz\u00fcl\u0151 \u00e9s tan\u00e1r egyar\u00e1nt. Az iskol\u00e1ba jelenleg 42 gyerek j\u00e1r, \u00f3vod\u00e1st\u00f3l a tini csoportig, ez 24 csal\u00e1dot jelent. Hogy a HMI k\u00f6vetni tudja c\u00e9lokat \u00e9s elv\u00e1r\u00e1sokat, k\u00e9sz\u00edtett\u00fcnk egy k\u00e9rd\u0151\u00edvet, felm\u00e9r\u00e9st a beiratkozott csal\u00e1doknak, amiben arra kerest\u00fck a v\u00e1laszt, hogy: A [&hellip;]<\/p>\n","protected":false},"author":4,"featured_media":10086,"comment_status":"open","ping_status":"open","sticky":false,"template":"","format":"standard","meta":{"footnotes":""},"categories":[17],"tags":[23],"class_list":["post-10083","post","type-post","status-publish","format-standard","has-post-thumbnail","hentry","category-hirek","tag-23"],"yoast_head":"<!-- This site is optimized with the Yoast SEO plugin v27.5 - https:\/\/yoast.com\/product\/yoast-seo-wordpress\/ -->\n<title>Hamburgi Magyar Iskola: el\u00e9gedetts\u00e9g \u00e9s fenntarthat\u00f3s\u00e1g - BUOD<\/title>\n<meta name=\"robots\" content=\"index, follow, max-snippet:-1, max-image-preview:large, max-video-preview:-1\" \/>\n<link rel=\"canonical\" href=\"https:\/\/buod.de\/de\/hamburgi-magyar-iskola-elegedettseg-es-fenntarthatosag\/\" \/>\n<meta property=\"og:locale\" content=\"de_DE\" \/>\n<meta property=\"og:type\" content=\"article\" \/>\n<meta property=\"og:title\" content=\"Hamburgi Magyar Iskola: el\u00e9gedetts\u00e9g \u00e9s fenntarthat\u00f3s\u00e1g - BUOD\" \/>\n<meta property=\"og:description\" content=\"A Hamburgi Magyar Iskol\u00e1ban a fenntarthat\u00f3s\u00e1gra t\u00f6reksz\u00fcnk \u00e9s arra, hogy mindenki j\u00f3l \u00e9rezze mag\u00e1t, gyerek, sz\u00fcl\u0151 \u00e9s tan\u00e1r egyar\u00e1nt. Az iskol\u00e1ba jelenleg 42 gyerek j\u00e1r, \u00f3vod\u00e1st\u00f3l a tini csoportig, ez 24 csal\u00e1dot jelent. Hogy a HMI k\u00f6vetni tudja c\u00e9lokat \u00e9s elv\u00e1r\u00e1sokat, k\u00e9sz\u00edtett\u00fcnk egy k\u00e9rd\u0151\u00edvet, felm\u00e9r\u00e9st a beiratkozott csal\u00e1doknak, amiben arra kerest\u00fck a v\u00e1laszt, hogy: A [&hellip;]\" \/>\n<meta property=\"og:url\" content=\"https:\/\/buod.de\/de\/hamburgi-magyar-iskola-elegedettseg-es-fenntarthatosag\/\" \/>\n<meta property=\"og:site_name\" content=\"BUOD\" \/>\n<meta property=\"article:publisher\" content=\"https:\/\/www.facebook.com\/profile.php?id=100082185652397\" \/>\n<meta property=\"article:published_time\" content=\"2025-03-14T14:24:40+00:00\" \/>\n<meta property=\"article:modified_time\" content=\"2025-03-14T14:26:21+00:00\" \/>\n<meta property=\"og:image\" content=\"https:\/\/buod.de\/wp-content\/uploads\/2025\/03\/HMI-csapat.jpg\" \/>\n\t<meta property=\"og:image:width\" content=\"1024\" \/>\n\t<meta property=\"og:image:height\" content=\"770\" \/>\n\t<meta property=\"og:image:type\" content=\"image\/jpeg\" \/>\n<meta name=\"author\" content=\"Gery V\u00e1rkonyi\" \/>\n<meta name=\"twitter:card\" content=\"summary_large_image\" \/>\n<meta name=\"twitter:label1\" content=\"Written by\" \/>\n\t<meta name=\"twitter:data1\" content=\"Gery V\u00e1rkonyi\" \/>\n\t<meta name=\"twitter:label2\" content=\"Est. reading time\" \/>\n\t<meta name=\"twitter:data2\" content=\"5 minutes\" \/>\n<script type=\"application\/ld+json\" class=\"yoast-schema-graph\">{\"@context\":\"https:\\\/\\\/schema.org\",\"@graph\":[{\"@type\":\"Article\",\"@id\":\"https:\\\/\\\/buod.de\\\/hamburgi-magyar-iskola-elegedettseg-es-fenntarthatosag\\\/#article\",\"isPartOf\":{\"@id\":\"https:\\\/\\\/buod.de\\\/hamburgi-magyar-iskola-elegedettseg-es-fenntarthatosag\\\/\"},\"author\":{\"name\":\"Gery V\u00e1rkonyi\",\"@id\":\"https:\\\/\\\/buod.de\\\/#\\\/schema\\\/person\\\/8332a3e63b017fea8fcd17e9c0f96bf1\"},\"headline\":\"Hamburgi Magyar Iskola: el\u00e9gedetts\u00e9g \u00e9s fenntarthat\u00f3s\u00e1g\",\"datePublished\":\"2025-03-14T14:24:40+00:00\",\"dateModified\":\"2025-03-14T14:26:21+00:00\",\"mainEntityOfPage\":{\"@id\":\"https:\\\/\\\/buod.de\\\/hamburgi-magyar-iskola-elegedettseg-es-fenntarthatosag\\\/\"},\"wordCount\":1018,\"commentCount\":0,\"publisher\":{\"@id\":\"https:\\\/\\\/buod.de\\\/#organization\"},\"image\":{\"@id\":\"https:\\\/\\\/buod.de\\\/hamburgi-magyar-iskola-elegedettseg-es-fenntarthatosag\\\/#primaryimage\"},\"thumbnailUrl\":\"https:\\\/\\\/buod.de\\\/wp-content\\\/uploads\\\/2025\\\/03\\\/HMI-csapat.jpg\",\"keywords\":[\"2025\"],\"articleSection\":[\"H\u00edrek\"],\"inLanguage\":\"de-DE\",\"potentialAction\":[{\"@type\":\"CommentAction\",\"name\":\"Comment\",\"target\":[\"https:\\\/\\\/buod.de\\\/hamburgi-magyar-iskola-elegedettseg-es-fenntarthatosag\\\/#respond\"]}]},{\"@type\":\"WebPage\",\"@id\":\"https:\\\/\\\/buod.de\\\/hamburgi-magyar-iskola-elegedettseg-es-fenntarthatosag\\\/\",\"url\":\"https:\\\/\\\/buod.de\\\/hamburgi-magyar-iskola-elegedettseg-es-fenntarthatosag\\\/\",\"name\":\"Hamburgi Magyar Iskola: el\u00e9gedetts\u00e9g \u00e9s fenntarthat\u00f3s\u00e1g - BUOD\",\"isPartOf\":{\"@id\":\"https:\\\/\\\/buod.de\\\/#website\"},\"primaryImageOfPage\":{\"@id\":\"https:\\\/\\\/buod.de\\\/hamburgi-magyar-iskola-elegedettseg-es-fenntarthatosag\\\/#primaryimage\"},\"image\":{\"@id\":\"https:\\\/\\\/buod.de\\\/hamburgi-magyar-iskola-elegedettseg-es-fenntarthatosag\\\/#primaryimage\"},\"thumbnailUrl\":\"https:\\\/\\\/buod.de\\\/wp-content\\\/uploads\\\/2025\\\/03\\\/HMI-csapat.jpg\",\"datePublished\":\"2025-03-14T14:24:40+00:00\",\"dateModified\":\"2025-03-14T14:26:21+00:00\",\"breadcrumb\":{\"@id\":\"https:\\\/\\\/buod.de\\\/hamburgi-magyar-iskola-elegedettseg-es-fenntarthatosag\\\/#breadcrumb\"},\"inLanguage\":\"de-DE\",\"potentialAction\":[{\"@type\":\"ReadAction\",\"target\":[\"https:\\\/\\\/buod.de\\\/hamburgi-magyar-iskola-elegedettseg-es-fenntarthatosag\\\/\"]}]},{\"@type\":\"ImageObject\",\"inLanguage\":\"de-DE\",\"@id\":\"https:\\\/\\\/buod.de\\\/hamburgi-magyar-iskola-elegedettseg-es-fenntarthatosag\\\/#primaryimage\",\"url\":\"https:\\\/\\\/buod.de\\\/wp-content\\\/uploads\\\/2025\\\/03\\\/HMI-csapat.jpg\",\"contentUrl\":\"https:\\\/\\\/buod.de\\\/wp-content\\\/uploads\\\/2025\\\/03\\\/HMI-csapat.jpg\",\"width\":1024,\"height\":770},{\"@type\":\"BreadcrumbList\",\"@id\":\"https:\\\/\\\/buod.de\\\/hamburgi-magyar-iskola-elegedettseg-es-fenntarthatosag\\\/#breadcrumb\",\"itemListElement\":[{\"@type\":\"ListItem\",\"position\":1,\"name\":\"Kezd\u0151lap\",\"item\":\"https:\\\/\\\/buod.de\\\/\"},{\"@type\":\"ListItem\",\"position\":2,\"name\":\"Hamburgi Magyar Iskola: el\u00e9gedetts\u00e9g \u00e9s fenntarthat\u00f3s\u00e1g\"}]},{\"@type\":\"WebSite\",\"@id\":\"https:\\\/\\\/buod.de\\\/#website\",\"url\":\"https:\\\/\\\/buod.de\\\/\",\"name\":\"BUOD\",\"description\":\"Bund Ungarischer Organisationen in Deutschland\",\"publisher\":{\"@id\":\"https:\\\/\\\/buod.de\\\/#organization\"},\"potentialAction\":[{\"@type\":\"SearchAction\",\"target\":{\"@type\":\"EntryPoint\",\"urlTemplate\":\"https:\\\/\\\/buod.de\\\/?s={search_term_string}\"},\"query-input\":{\"@type\":\"PropertyValueSpecification\",\"valueRequired\":true,\"valueName\":\"search_term_string\"}}],\"inLanguage\":\"de-DE\"},{\"@type\":\"Organization\",\"@id\":\"https:\\\/\\\/buod.de\\\/#organization\",\"name\":\"BUOD\",\"url\":\"https:\\\/\\\/buod.de\\\/\",\"logo\":{\"@type\":\"ImageObject\",\"inLanguage\":\"de-DE\",\"@id\":\"https:\\\/\\\/buod.de\\\/#\\\/schema\\\/logo\\\/image\\\/\",\"url\":\"https:\\\/\\\/buod.de\\\/wp-content\\\/uploads\\\/2024\\\/03\\\/BUOD-logo.png\",\"contentUrl\":\"https:\\\/\\\/buod.de\\\/wp-content\\\/uploads\\\/2024\\\/03\\\/BUOD-logo.png\",\"width\":586,\"height\":490,\"caption\":\"BUOD\"},\"image\":{\"@id\":\"https:\\\/\\\/buod.de\\\/#\\\/schema\\\/logo\\\/image\\\/\"},\"sameAs\":[\"https:\\\/\\\/www.facebook.com\\\/profile.php?id=100082185652397\"]},{\"@type\":\"Person\",\"@id\":\"https:\\\/\\\/buod.de\\\/#\\\/schema\\\/person\\\/8332a3e63b017fea8fcd17e9c0f96bf1\",\"name\":\"Gery V\u00e1rkonyi\",\"image\":{\"@type\":\"ImageObject\",\"inLanguage\":\"de-DE\",\"@id\":\"https:\\\/\\\/secure.gravatar.com\\\/avatar\\\/c1babe7dc68f065be4ec606c522172804715398688c78c6fffca3888b364e934?s=96&d=mm&r=g\",\"url\":\"https:\\\/\\\/secure.gravatar.com\\\/avatar\\\/c1babe7dc68f065be4ec606c522172804715398688c78c6fffca3888b364e934?s=96&d=mm&r=g\",\"contentUrl\":\"https:\\\/\\\/secure.gravatar.com\\\/avatar\\\/c1babe7dc68f065be4ec606c522172804715398688c78c6fffca3888b364e934?s=96&d=mm&r=g\",\"caption\":\"Gery V\u00e1rkonyi\"},\"url\":\"https:\\\/\\\/buod.de\\\/de\\\/author\\\/geryvarkonyi\\\/\"}]}<\/script>\n<!-- \/ Yoast SEO plugin. -->","yoast_head_json":{"title":"Hamburgi Magyar Iskola: el\u00e9gedetts\u00e9g \u00e9s fenntarthat\u00f3s\u00e1g - BUOD","robots":{"index":"index","follow":"follow","max-snippet":"max-snippet:-1","max-image-preview":"max-image-preview:large","max-video-preview":"max-video-preview:-1"},"canonical":"https:\/\/buod.de\/de\/hamburgi-magyar-iskola-elegedettseg-es-fenntarthatosag\/","og_locale":"de_DE","og_type":"article","og_title":"Hamburgi Magyar Iskola: el\u00e9gedetts\u00e9g \u00e9s fenntarthat\u00f3s\u00e1g - BUOD","og_description":"A Hamburgi Magyar Iskol\u00e1ban a fenntarthat\u00f3s\u00e1gra t\u00f6reksz\u00fcnk \u00e9s arra, hogy mindenki j\u00f3l \u00e9rezze mag\u00e1t, gyerek, sz\u00fcl\u0151 \u00e9s tan\u00e1r egyar\u00e1nt. Az iskol\u00e1ba jelenleg 42 gyerek j\u00e1r, \u00f3vod\u00e1st\u00f3l a tini csoportig, ez 24 csal\u00e1dot jelent. Hogy a HMI k\u00f6vetni tudja c\u00e9lokat \u00e9s elv\u00e1r\u00e1sokat, k\u00e9sz\u00edtett\u00fcnk egy k\u00e9rd\u0151\u00edvet, felm\u00e9r\u00e9st a beiratkozott csal\u00e1doknak, amiben arra kerest\u00fck a v\u00e1laszt, hogy: A [&hellip;]","og_url":"https:\/\/buod.de\/de\/hamburgi-magyar-iskola-elegedettseg-es-fenntarthatosag\/","og_site_name":"BUOD","article_publisher":"https:\/\/www.facebook.com\/profile.php?id=100082185652397","article_published_time":"2025-03-14T14:24:40+00:00","article_modified_time":"2025-03-14T14:26:21+00:00","og_image":[{"width":1024,"height":770,"url":"https:\/\/buod.de\/wp-content\/uploads\/2025\/03\/HMI-csapat.jpg","type":"image\/jpeg"}],"author":"Gery V\u00e1rkonyi","twitter_card":"summary_large_image","twitter_misc":{"Written by":"Gery V\u00e1rkonyi","Est. reading time":"5 minutes"},"schema":{"@context":"https:\/\/schema.org","@graph":[{"@type":"Article","@id":"https:\/\/buod.de\/hamburgi-magyar-iskola-elegedettseg-es-fenntarthatosag\/#article","isPartOf":{"@id":"https:\/\/buod.de\/hamburgi-magyar-iskola-elegedettseg-es-fenntarthatosag\/"},"author":{"name":"Gery V\u00e1rkonyi","@id":"https:\/\/buod.de\/#\/schema\/person\/8332a3e63b017fea8fcd17e9c0f96bf1"},"headline":"Hamburgi Magyar Iskola: el\u00e9gedetts\u00e9g \u00e9s fenntarthat\u00f3s\u00e1g","datePublished":"2025-03-14T14:24:40+00:00","dateModified":"2025-03-14T14:26:21+00:00","mainEntityOfPage":{"@id":"https:\/\/buod.de\/hamburgi-magyar-iskola-elegedettseg-es-fenntarthatosag\/"},"wordCount":1018,"commentCount":0,"publisher":{"@id":"https:\/\/buod.de\/#organization"},"image":{"@id":"https:\/\/buod.de\/hamburgi-magyar-iskola-elegedettseg-es-fenntarthatosag\/#primaryimage"},"thumbnailUrl":"https:\/\/buod.de\/wp-content\/uploads\/2025\/03\/HMI-csapat.jpg","keywords":["2025"],"articleSection":["H\u00edrek"],"inLanguage":"de-DE","potentialAction":[{"@type":"CommentAction","name":"Comment","target":["https:\/\/buod.de\/hamburgi-magyar-iskola-elegedettseg-es-fenntarthatosag\/#respond"]}]},{"@type":"WebPage","@id":"https:\/\/buod.de\/hamburgi-magyar-iskola-elegedettseg-es-fenntarthatosag\/","url":"https:\/\/buod.de\/hamburgi-magyar-iskola-elegedettseg-es-fenntarthatosag\/","name":"Hamburgi Magyar Iskola: el\u00e9gedetts\u00e9g \u00e9s fenntarthat\u00f3s\u00e1g - BUOD","isPartOf":{"@id":"https:\/\/buod.de\/#website"},"primaryImageOfPage":{"@id":"https:\/\/buod.de\/hamburgi-magyar-iskola-elegedettseg-es-fenntarthatosag\/#primaryimage"},"image":{"@id":"https:\/\/buod.de\/hamburgi-magyar-iskola-elegedettseg-es-fenntarthatosag\/#primaryimage"},"thumbnailUrl":"https:\/\/buod.de\/wp-content\/uploads\/2025\/03\/HMI-csapat.jpg","datePublished":"2025-03-14T14:24:40+00:00","dateModified":"2025-03-14T14:26:21+00:00","breadcrumb":{"@id":"https:\/\/buod.de\/hamburgi-magyar-iskola-elegedettseg-es-fenntarthatosag\/#breadcrumb"},"inLanguage":"de-DE","potentialAction":[{"@type":"ReadAction","target":["https:\/\/buod.de\/hamburgi-magyar-iskola-elegedettseg-es-fenntarthatosag\/"]}]},{"@type":"ImageObject","inLanguage":"de-DE","@id":"https:\/\/buod.de\/hamburgi-magyar-iskola-elegedettseg-es-fenntarthatosag\/#primaryimage","url":"https:\/\/buod.de\/wp-content\/uploads\/2025\/03\/HMI-csapat.jpg","contentUrl":"https:\/\/buod.de\/wp-content\/uploads\/2025\/03\/HMI-csapat.jpg","width":1024,"height":770},{"@type":"BreadcrumbList","@id":"https:\/\/buod.de\/hamburgi-magyar-iskola-elegedettseg-es-fenntarthatosag\/#breadcrumb","itemListElement":[{"@type":"ListItem","position":1,"name":"Kezd\u0151lap","item":"https:\/\/buod.de\/"},{"@type":"ListItem","position":2,"name":"Hamburgi Magyar Iskola: el\u00e9gedetts\u00e9g \u00e9s fenntarthat\u00f3s\u00e1g"}]},{"@type":"WebSite","@id":"https:\/\/buod.de\/#website","url":"https:\/\/buod.de\/","name":"BUOD","description":"Bund Ungarischer Organisationen in Deutschland","publisher":{"@id":"https:\/\/buod.de\/#organization"},"potentialAction":[{"@type":"SearchAction","target":{"@type":"EntryPoint","urlTemplate":"https:\/\/buod.de\/?s={search_term_string}"},"query-input":{"@type":"PropertyValueSpecification","valueRequired":true,"valueName":"search_term_string"}}],"inLanguage":"de-DE"},{"@type":"Organization","@id":"https:\/\/buod.de\/#organization","name":"BUOD","url":"https:\/\/buod.de\/","logo":{"@type":"ImageObject","inLanguage":"de-DE","@id":"https:\/\/buod.de\/#\/schema\/logo\/image\/","url":"https:\/\/buod.de\/wp-content\/uploads\/2024\/03\/BUOD-logo.png","contentUrl":"https:\/\/buod.de\/wp-content\/uploads\/2024\/03\/BUOD-logo.png","width":586,"height":490,"caption":"BUOD"},"image":{"@id":"https:\/\/buod.de\/#\/schema\/logo\/image\/"},"sameAs":["https:\/\/www.facebook.com\/profile.php?id=100082185652397"]},{"@type":"Person","@id":"https:\/\/buod.de\/#\/schema\/person\/8332a3e63b017fea8fcd17e9c0f96bf1","name":"Gery V\u00e1rkonyi","image":{"@type":"ImageObject","inLanguage":"de-DE","@id":"https:\/\/secure.gravatar.com\/avatar\/c1babe7dc68f065be4ec606c522172804715398688c78c6fffca3888b364e934?s=96&d=mm&r=g","url":"https:\/\/secure.gravatar.com\/avatar\/c1babe7dc68f065be4ec606c522172804715398688c78c6fffca3888b364e934?s=96&d=mm&r=g","contentUrl":"https:\/\/secure.gravatar.com\/avatar\/c1babe7dc68f065be4ec606c522172804715398688c78c6fffca3888b364e934?s=96&d=mm&r=g","caption":"Gery V\u00e1rkonyi"},"url":"https:\/\/buod.de\/de\/author\/geryvarkonyi\/"}]}},"_links":{"self":[{"href":"https:\/\/buod.de\/de\/wp-json\/wp\/v2\/posts\/10083","targetHints":{"allow":["GET"]}}],"collection":[{"href":"https:\/\/buod.de\/de\/wp-json\/wp\/v2\/posts"}],"about":[{"href":"https:\/\/buod.de\/de\/wp-json\/wp\/v2\/types\/post"}],"author":[{"embeddable":true,"href":"https:\/\/buod.de\/de\/wp-json\/wp\/v2\/users\/4"}],"replies":[{"embeddable":true,"href":"https:\/\/buod.de\/de\/wp-json\/wp\/v2\/comments?post=10083"}],"version-history":[{"count":2,"href":"https:\/\/buod.de\/de\/wp-json\/wp\/v2\/posts\/10083\/revisions"}],"predecessor-version":[{"id":10089,"href":"https:\/\/buod.de\/de\/wp-json\/wp\/v2\/posts\/10083\/revisions\/10089"}],"wp:featuredmedia":[{"embeddable":true,"href":"https:\/\/buod.de\/de\/wp-json\/wp\/v2\/media\/10086"}],"wp:attachment":[{"href":"https:\/\/buod.de\/de\/wp-json\/wp\/v2\/media?parent=10083"}],"wp:term":[{"taxonomy":"category","embeddable":true,"href":"https:\/\/buod.de\/de\/wp-json\/wp\/v2\/categories?post=10083"},{"taxonomy":"post_tag","embeddable":true,"href":"https:\/\/buod.de\/de\/wp-json\/wp\/v2\/tags?post=10083"}],"curies":[{"name":"wp","href":"https:\/\/api.w.org\/{rel}","templated":true}]}}