{"id":10176,"date":"2025-05-13T15:37:56","date_gmt":"2025-05-13T13:37:56","guid":{"rendered":"https:\/\/buod.de\/?p=10176"},"modified":"2025-05-15T15:40:52","modified_gmt":"2025-05-15T13:40:52","slug":"meghivo-szechenyi-kor","status":"publish","type":"post","link":"https:\/\/buod.de\/de\/meghivo-szechenyi-kor\/","title":{"rendered":"Megh\u00edv\u00f3 Sz\u00e9chenyi K\u00f6r"},"content":{"rendered":"<p>Sz\u00edv\u00e9lyesen megh\u00edvjuk \u00d6nt, kedves csal\u00e1dj\u00e1t \u00e9s bar\u00e1tait az al\u00e1bbi rendezv\u00e9nyre:<br>Dr. De\u00e1k L\u00e1szl\u00f3 Zolt\u00e1n<br>a Szent L\u00e1z\u00e1r Lovagrend nagyk\u00f6vete, M\u00fcnchen<br>De\u00e1k Ferencz \u00e9s a kiegyez\u00e9s; Magyarorsz\u00e1g \u00e9s az Eur\u00f3pai Uni\u00f3<br>Kedves vend\u00e9g\u00fcnk, K\u00f6r\u00fcnk alap\u00edt\u00f3 \u00e9s nagy\u00e9rdem\u0171 tagja f\u00f6ldbirtokos csal\u00e1dban<br>Szolnokon sz\u00fcletett 1937-ben. 1956-ban szerzett \u00e9retts\u00e9git \u00e9s sikerrel jelentkezett a<br>miskolci g\u00e9p\u00e9szm\u00e9rn\u00f6ki karra. A forradalomban t\u00f6rt\u00e9n\u0151 r\u00e9szv\u00e9tele miatt k\u00e9t \u00e9vig<br>minden magyarorsz\u00e1gi egyetemr\u0151l kiz\u00e1rt\u00e1k. Az 1963-ban szerzett diplom\u00e1j\u00e1t a<br>budapesti k\u00eds\u00e9rleti szakm\u00e9rn\u00f6ki diploma k\u00f6vette.<br>Tanulm\u00e1nyai ut\u00e1n a Magyar Tudom\u00e1nyos Akad\u00e9mi\u00e1n\u00e1l laborvezet\u0151 beoszt\u00e1sban<br>dolgozott. N\u00e9metorsz\u00e1gban 1972-t\u0151l kezd\u0151d\u0151en egy kutat\u00f3int\u00e9zetn\u00e9l ker\u00fclt<br>alkalmaz\u00e1sba eg\u00e9szen a nyugd\u00edjaz\u00e1s\u00e1ig.<br>A magyar Kereszt\u00e9nydemokrata N\u00e9pp\u00e1rt (KDNP) alap\u00edt\u00f3 tagja.<br>A De\u00e1k nemzets\u00e9g nemesi rangot Lip\u00f3t cs\u00e1sz\u00e1rt\u00f3l kapott. F\u00f6ldbirtokosok voltak,<br>vezet\u0151 tiszts\u00e9geket t\u00f6lt\u00f6ttek be a hivatalokban. A nemzets\u00e9g kiemelked\u0151<br>szem\u00e9lyis\u00e9ge volt a jogi v\u00e9gzetts\u00e9g\u0171 DE\u00c1K FERENCZ, aki 1803-ban sz\u00fcletett,<br>\u00fcgy\u00e9sz, jegyz\u0151, parlamenti k\u00e9pvisel\u0151, majd igazs\u00e1g\u00fcgyi miniszter volt a Batthy\u00e1nykorm\u00e1nyban.<br>Az 1848-49-es forradalom \u00e9s szabads\u00e1gharc lever\u00e9s\u00e9t k\u00f6vet\u0151en legf\u0151bb feladat\u00e1ul a<br>kiegyez\u00e9s megval\u00f3s\u00edt\u00e1s\u00e1n f\u00e1radozott \u00e9s v\u00e9gs\u0151 soron neki k\u00f6sz\u00f6nhetj\u00fck, hogy<br>Magyarorsz\u00e1g visszanyerte alkotm\u00e1nyos jogait.<br>Az 1867 \u00e9vi p\u00e1ratlan alkot\u00e1s\u00e1nak jelent\u0151s\u00e9g\u00e9t k\u00fcl\u00f6n\u00f6sen n\u00f6veli az a t\u00e9ny, hogy a<br>k\u00e9s\u0151bbiek folyam\u00e1n \u00cdrorsz\u00e1g, Sk\u00f3cia \u00e9s India is ebb\u0151l mer\u00edtette \u00e1llamalkot\u00f3<br>alapelveit!<br>Az el\u0151ad\u00e1st bevezeti: M\u00fcller-Szalay Anik\u00f3, M\u00fcnchen<br>Magyar Katolikus Misszi\u00f3 M\u00fcnchen, Oberf\u00f6hringer Str. 40<\/p>\n\n\n\n<ol start=\"2025\" class=\"wp-block-list\">\n<li>m\u00e1jus 23-\u00e1n, p\u00e9nteken, 19.00-kor<br>Sz\u00edves k\u00f6lts\u00e9ghozz\u00e1j\u00e1rul\u00e1s\u00e1ra sz\u00e1m\u00edtunk. Mindenkit szeretettel v\u00e1runk!<\/li>\n<\/ol>\n\n\n\n<div data-wp-interactive=\"core\/file\" class=\"wp-block-file\"><object data-wp-bind--hidden=\"!state.hasPdfPreview\" hidden class=\"wp-block-file__embed\" data=\"https:\/\/buod.de\/wp-content\/uploads\/2025\/05\/177_DrDeak.pdf\" type=\"application\/pdf\" style=\"width:100%;height:600px\" aria-label=\"Embed of 177_DrDe\u00e1k.\"><\/object><a id=\"wp-block-file--media-e38513a4-28af-4f26-b8fe-46d8e6c8db60\" href=\"https:\/\/buod.de\/wp-content\/uploads\/2025\/05\/177_DrDeak.pdf\">177_DrDe\u00e1k<\/a><a href=\"https:\/\/buod.de\/wp-content\/uploads\/2025\/05\/177_DrDeak.pdf\" class=\"wp-block-file__button wp-element-button\" download aria-describedby=\"wp-block-file--media-e38513a4-28af-4f26-b8fe-46d8e6c8db60\">Herunterladen<\/a><\/div>","protected":false},"excerpt":{"rendered":"<p>Sz\u00edv\u00e9lyesen megh\u00edvjuk \u00d6nt, kedves csal\u00e1dj\u00e1t \u00e9s bar\u00e1tait az al\u00e1bbi rendezv\u00e9nyre:Dr. De\u00e1k L\u00e1szl\u00f3 Zolt\u00e1na Szent L\u00e1z\u00e1r Lovagrend nagyk\u00f6vete, M\u00fcnchenDe\u00e1k Ferencz \u00e9s a kiegyez\u00e9s; Magyarorsz\u00e1g \u00e9s az Eur\u00f3pai Uni\u00f3Kedves vend\u00e9g\u00fcnk, K\u00f6r\u00fcnk alap\u00edt\u00f3 \u00e9s nagy\u00e9rdem\u0171 tagja f\u00f6ldbirtokos csal\u00e1dbanSzolnokon sz\u00fcletett 1937-ben. 1956-ban szerzett \u00e9retts\u00e9git \u00e9s sikerrel jelentkezett amiskolci g\u00e9p\u00e9szm\u00e9rn\u00f6ki karra. A forradalomban t\u00f6rt\u00e9n\u0151 r\u00e9szv\u00e9tele miatt k\u00e9t \u00e9vigminden magyarorsz\u00e1gi egyetemr\u0151l [&hellip;]<\/p>\n","protected":false},"author":4,"featured_media":0,"comment_status":"open","ping_status":"open","sticky":false,"template":"","format":"standard","meta":{"footnotes":""},"categories":[17],"tags":[23],"class_list":["post-10176","post","type-post","status-publish","format-standard","hentry","category-hirek","tag-23"],"yoast_head":"<!-- This site is optimized with the Yoast SEO plugin v27.5 - https:\/\/yoast.com\/product\/yoast-seo-wordpress\/ -->\n<title>Megh\u00edv\u00f3 Sz\u00e9chenyi K\u00f6r - BUOD<\/title>\n<meta name=\"robots\" content=\"index, follow, max-snippet:-1, max-image-preview:large, max-video-preview:-1\" \/>\n<link rel=\"canonical\" href=\"https:\/\/buod.de\/de\/meghivo-szechenyi-kor\/\" \/>\n<meta property=\"og:locale\" content=\"de_DE\" \/>\n<meta property=\"og:type\" content=\"article\" \/>\n<meta property=\"og:title\" content=\"Megh\u00edv\u00f3 Sz\u00e9chenyi K\u00f6r - BUOD\" \/>\n<meta property=\"og:description\" content=\"Sz\u00edv\u00e9lyesen megh\u00edvjuk \u00d6nt, kedves csal\u00e1dj\u00e1t \u00e9s bar\u00e1tait az al\u00e1bbi rendezv\u00e9nyre:Dr. De\u00e1k L\u00e1szl\u00f3 Zolt\u00e1na Szent L\u00e1z\u00e1r Lovagrend nagyk\u00f6vete, M\u00fcnchenDe\u00e1k Ferencz \u00e9s a kiegyez\u00e9s; Magyarorsz\u00e1g \u00e9s az Eur\u00f3pai Uni\u00f3Kedves vend\u00e9g\u00fcnk, K\u00f6r\u00fcnk alap\u00edt\u00f3 \u00e9s nagy\u00e9rdem\u0171 tagja f\u00f6ldbirtokos csal\u00e1dbanSzolnokon sz\u00fcletett 1937-ben. 1956-ban szerzett \u00e9retts\u00e9git \u00e9s sikerrel jelentkezett amiskolci g\u00e9p\u00e9szm\u00e9rn\u00f6ki karra. A forradalomban t\u00f6rt\u00e9n\u0151 r\u00e9szv\u00e9tele miatt k\u00e9t \u00e9vigminden magyarorsz\u00e1gi egyetemr\u0151l [&hellip;]\" \/>\n<meta property=\"og:url\" content=\"https:\/\/buod.de\/de\/meghivo-szechenyi-kor\/\" \/>\n<meta property=\"og:site_name\" content=\"BUOD\" \/>\n<meta property=\"article:publisher\" content=\"https:\/\/www.facebook.com\/profile.php?id=100082185652397\" \/>\n<meta property=\"article:published_time\" content=\"2025-05-13T13:37:56+00:00\" \/>\n<meta property=\"article:modified_time\" content=\"2025-05-15T13:40:52+00:00\" \/>\n<meta name=\"author\" content=\"Gery V\u00e1rkonyi\" \/>\n<meta name=\"twitter:card\" content=\"summary_large_image\" \/>\n<meta name=\"twitter:label1\" content=\"Written by\" \/>\n\t<meta name=\"twitter:data1\" content=\"Gery V\u00e1rkonyi\" \/>\n\t<meta name=\"twitter:label2\" content=\"Est. reading time\" \/>\n\t<meta name=\"twitter:data2\" content=\"2 minutes\" \/>\n<script type=\"application\/ld+json\" class=\"yoast-schema-graph\">{\"@context\":\"https:\\\/\\\/schema.org\",\"@graph\":[{\"@type\":\"Article\",\"@id\":\"https:\\\/\\\/buod.de\\\/meghivo-szechenyi-kor\\\/#article\",\"isPartOf\":{\"@id\":\"https:\\\/\\\/buod.de\\\/meghivo-szechenyi-kor\\\/\"},\"author\":{\"name\":\"Gery V\u00e1rkonyi\",\"@id\":\"https:\\\/\\\/buod.de\\\/#\\\/schema\\\/person\\\/8332a3e63b017fea8fcd17e9c0f96bf1\"},\"headline\":\"Megh\u00edv\u00f3 Sz\u00e9chenyi K\u00f6r\",\"datePublished\":\"2025-05-13T13:37:56+00:00\",\"dateModified\":\"2025-05-15T13:40:52+00:00\",\"mainEntityOfPage\":{\"@id\":\"https:\\\/\\\/buod.de\\\/meghivo-szechenyi-kor\\\/\"},\"wordCount\":358,\"commentCount\":0,\"publisher\":{\"@id\":\"https:\\\/\\\/buod.de\\\/#organization\"},\"keywords\":[\"2025\"],\"articleSection\":[\"H\u00edrek\"],\"inLanguage\":\"de-DE\",\"potentialAction\":[{\"@type\":\"CommentAction\",\"name\":\"Comment\",\"target\":[\"https:\\\/\\\/buod.de\\\/meghivo-szechenyi-kor\\\/#respond\"]}]},{\"@type\":\"WebPage\",\"@id\":\"https:\\\/\\\/buod.de\\\/meghivo-szechenyi-kor\\\/\",\"url\":\"https:\\\/\\\/buod.de\\\/meghivo-szechenyi-kor\\\/\",\"name\":\"Megh\u00edv\u00f3 Sz\u00e9chenyi K\u00f6r - BUOD\",\"isPartOf\":{\"@id\":\"https:\\\/\\\/buod.de\\\/#website\"},\"datePublished\":\"2025-05-13T13:37:56+00:00\",\"dateModified\":\"2025-05-15T13:40:52+00:00\",\"breadcrumb\":{\"@id\":\"https:\\\/\\\/buod.de\\\/meghivo-szechenyi-kor\\\/#breadcrumb\"},\"inLanguage\":\"de-DE\",\"potentialAction\":[{\"@type\":\"ReadAction\",\"target\":[\"https:\\\/\\\/buod.de\\\/meghivo-szechenyi-kor\\\/\"]}]},{\"@type\":\"BreadcrumbList\",\"@id\":\"https:\\\/\\\/buod.de\\\/meghivo-szechenyi-kor\\\/#breadcrumb\",\"itemListElement\":[{\"@type\":\"ListItem\",\"position\":1,\"name\":\"Kezd\u0151lap\",\"item\":\"https:\\\/\\\/buod.de\\\/\"},{\"@type\":\"ListItem\",\"position\":2,\"name\":\"Megh\u00edv\u00f3 Sz\u00e9chenyi K\u00f6r\"}]},{\"@type\":\"WebSite\",\"@id\":\"https:\\\/\\\/buod.de\\\/#website\",\"url\":\"https:\\\/\\\/buod.de\\\/\",\"name\":\"BUOD\",\"description\":\"Bund Ungarischer Organisationen in Deutschland\",\"publisher\":{\"@id\":\"https:\\\/\\\/buod.de\\\/#organization\"},\"potentialAction\":[{\"@type\":\"SearchAction\",\"target\":{\"@type\":\"EntryPoint\",\"urlTemplate\":\"https:\\\/\\\/buod.de\\\/?s={search_term_string}\"},\"query-input\":{\"@type\":\"PropertyValueSpecification\",\"valueRequired\":true,\"valueName\":\"search_term_string\"}}],\"inLanguage\":\"de-DE\"},{\"@type\":\"Organization\",\"@id\":\"https:\\\/\\\/buod.de\\\/#organization\",\"name\":\"BUOD\",\"url\":\"https:\\\/\\\/buod.de\\\/\",\"logo\":{\"@type\":\"ImageObject\",\"inLanguage\":\"de-DE\",\"@id\":\"https:\\\/\\\/buod.de\\\/#\\\/schema\\\/logo\\\/image\\\/\",\"url\":\"https:\\\/\\\/buod.de\\\/wp-content\\\/uploads\\\/2024\\\/03\\\/BUOD-logo.png\",\"contentUrl\":\"https:\\\/\\\/buod.de\\\/wp-content\\\/uploads\\\/2024\\\/03\\\/BUOD-logo.png\",\"width\":586,\"height\":490,\"caption\":\"BUOD\"},\"image\":{\"@id\":\"https:\\\/\\\/buod.de\\\/#\\\/schema\\\/logo\\\/image\\\/\"},\"sameAs\":[\"https:\\\/\\\/www.facebook.com\\\/profile.php?id=100082185652397\"]},{\"@type\":\"Person\",\"@id\":\"https:\\\/\\\/buod.de\\\/#\\\/schema\\\/person\\\/8332a3e63b017fea8fcd17e9c0f96bf1\",\"name\":\"Gery V\u00e1rkonyi\",\"image\":{\"@type\":\"ImageObject\",\"inLanguage\":\"de-DE\",\"@id\":\"https:\\\/\\\/secure.gravatar.com\\\/avatar\\\/c1babe7dc68f065be4ec606c522172804715398688c78c6fffca3888b364e934?s=96&d=mm&r=g\",\"url\":\"https:\\\/\\\/secure.gravatar.com\\\/avatar\\\/c1babe7dc68f065be4ec606c522172804715398688c78c6fffca3888b364e934?s=96&d=mm&r=g\",\"contentUrl\":\"https:\\\/\\\/secure.gravatar.com\\\/avatar\\\/c1babe7dc68f065be4ec606c522172804715398688c78c6fffca3888b364e934?s=96&d=mm&r=g\",\"caption\":\"Gery V\u00e1rkonyi\"},\"url\":\"https:\\\/\\\/buod.de\\\/de\\\/author\\\/geryvarkonyi\\\/\"}]}<\/script>\n<!-- \/ Yoast SEO plugin. -->","yoast_head_json":{"title":"Megh\u00edv\u00f3 Sz\u00e9chenyi K\u00f6r - BUOD","robots":{"index":"index","follow":"follow","max-snippet":"max-snippet:-1","max-image-preview":"max-image-preview:large","max-video-preview":"max-video-preview:-1"},"canonical":"https:\/\/buod.de\/de\/meghivo-szechenyi-kor\/","og_locale":"de_DE","og_type":"article","og_title":"Megh\u00edv\u00f3 Sz\u00e9chenyi K\u00f6r - BUOD","og_description":"Sz\u00edv\u00e9lyesen megh\u00edvjuk \u00d6nt, kedves csal\u00e1dj\u00e1t \u00e9s bar\u00e1tait az al\u00e1bbi rendezv\u00e9nyre:Dr. De\u00e1k L\u00e1szl\u00f3 Zolt\u00e1na Szent L\u00e1z\u00e1r Lovagrend nagyk\u00f6vete, M\u00fcnchenDe\u00e1k Ferencz \u00e9s a kiegyez\u00e9s; Magyarorsz\u00e1g \u00e9s az Eur\u00f3pai Uni\u00f3Kedves vend\u00e9g\u00fcnk, K\u00f6r\u00fcnk alap\u00edt\u00f3 \u00e9s nagy\u00e9rdem\u0171 tagja f\u00f6ldbirtokos csal\u00e1dbanSzolnokon sz\u00fcletett 1937-ben. 1956-ban szerzett \u00e9retts\u00e9git \u00e9s sikerrel jelentkezett amiskolci g\u00e9p\u00e9szm\u00e9rn\u00f6ki karra. A forradalomban t\u00f6rt\u00e9n\u0151 r\u00e9szv\u00e9tele miatt k\u00e9t \u00e9vigminden magyarorsz\u00e1gi egyetemr\u0151l [&hellip;]","og_url":"https:\/\/buod.de\/de\/meghivo-szechenyi-kor\/","og_site_name":"BUOD","article_publisher":"https:\/\/www.facebook.com\/profile.php?id=100082185652397","article_published_time":"2025-05-13T13:37:56+00:00","article_modified_time":"2025-05-15T13:40:52+00:00","author":"Gery V\u00e1rkonyi","twitter_card":"summary_large_image","twitter_misc":{"Written by":"Gery V\u00e1rkonyi","Est. reading time":"2 minutes"},"schema":{"@context":"https:\/\/schema.org","@graph":[{"@type":"Article","@id":"https:\/\/buod.de\/meghivo-szechenyi-kor\/#article","isPartOf":{"@id":"https:\/\/buod.de\/meghivo-szechenyi-kor\/"},"author":{"name":"Gery V\u00e1rkonyi","@id":"https:\/\/buod.de\/#\/schema\/person\/8332a3e63b017fea8fcd17e9c0f96bf1"},"headline":"Megh\u00edv\u00f3 Sz\u00e9chenyi K\u00f6r","datePublished":"2025-05-13T13:37:56+00:00","dateModified":"2025-05-15T13:40:52+00:00","mainEntityOfPage":{"@id":"https:\/\/buod.de\/meghivo-szechenyi-kor\/"},"wordCount":358,"commentCount":0,"publisher":{"@id":"https:\/\/buod.de\/#organization"},"keywords":["2025"],"articleSection":["H\u00edrek"],"inLanguage":"de-DE","potentialAction":[{"@type":"CommentAction","name":"Comment","target":["https:\/\/buod.de\/meghivo-szechenyi-kor\/#respond"]}]},{"@type":"WebPage","@id":"https:\/\/buod.de\/meghivo-szechenyi-kor\/","url":"https:\/\/buod.de\/meghivo-szechenyi-kor\/","name":"Megh\u00edv\u00f3 Sz\u00e9chenyi K\u00f6r - BUOD","isPartOf":{"@id":"https:\/\/buod.de\/#website"},"datePublished":"2025-05-13T13:37:56+00:00","dateModified":"2025-05-15T13:40:52+00:00","breadcrumb":{"@id":"https:\/\/buod.de\/meghivo-szechenyi-kor\/#breadcrumb"},"inLanguage":"de-DE","potentialAction":[{"@type":"ReadAction","target":["https:\/\/buod.de\/meghivo-szechenyi-kor\/"]}]},{"@type":"BreadcrumbList","@id":"https:\/\/buod.de\/meghivo-szechenyi-kor\/#breadcrumb","itemListElement":[{"@type":"ListItem","position":1,"name":"Kezd\u0151lap","item":"https:\/\/buod.de\/"},{"@type":"ListItem","position":2,"name":"Megh\u00edv\u00f3 Sz\u00e9chenyi K\u00f6r"}]},{"@type":"WebSite","@id":"https:\/\/buod.de\/#website","url":"https:\/\/buod.de\/","name":"BUOD","description":"Bund Ungarischer Organisationen in Deutschland","publisher":{"@id":"https:\/\/buod.de\/#organization"},"potentialAction":[{"@type":"SearchAction","target":{"@type":"EntryPoint","urlTemplate":"https:\/\/buod.de\/?s={search_term_string}"},"query-input":{"@type":"PropertyValueSpecification","valueRequired":true,"valueName":"search_term_string"}}],"inLanguage":"de-DE"},{"@type":"Organization","@id":"https:\/\/buod.de\/#organization","name":"BUOD","url":"https:\/\/buod.de\/","logo":{"@type":"ImageObject","inLanguage":"de-DE","@id":"https:\/\/buod.de\/#\/schema\/logo\/image\/","url":"https:\/\/buod.de\/wp-content\/uploads\/2024\/03\/BUOD-logo.png","contentUrl":"https:\/\/buod.de\/wp-content\/uploads\/2024\/03\/BUOD-logo.png","width":586,"height":490,"caption":"BUOD"},"image":{"@id":"https:\/\/buod.de\/#\/schema\/logo\/image\/"},"sameAs":["https:\/\/www.facebook.com\/profile.php?id=100082185652397"]},{"@type":"Person","@id":"https:\/\/buod.de\/#\/schema\/person\/8332a3e63b017fea8fcd17e9c0f96bf1","name":"Gery V\u00e1rkonyi","image":{"@type":"ImageObject","inLanguage":"de-DE","@id":"https:\/\/secure.gravatar.com\/avatar\/c1babe7dc68f065be4ec606c522172804715398688c78c6fffca3888b364e934?s=96&d=mm&r=g","url":"https:\/\/secure.gravatar.com\/avatar\/c1babe7dc68f065be4ec606c522172804715398688c78c6fffca3888b364e934?s=96&d=mm&r=g","contentUrl":"https:\/\/secure.gravatar.com\/avatar\/c1babe7dc68f065be4ec606c522172804715398688c78c6fffca3888b364e934?s=96&d=mm&r=g","caption":"Gery V\u00e1rkonyi"},"url":"https:\/\/buod.de\/de\/author\/geryvarkonyi\/"}]}},"_links":{"self":[{"href":"https:\/\/buod.de\/de\/wp-json\/wp\/v2\/posts\/10176","targetHints":{"allow":["GET"]}}],"collection":[{"href":"https:\/\/buod.de\/de\/wp-json\/wp\/v2\/posts"}],"about":[{"href":"https:\/\/buod.de\/de\/wp-json\/wp\/v2\/types\/post"}],"author":[{"embeddable":true,"href":"https:\/\/buod.de\/de\/wp-json\/wp\/v2\/users\/4"}],"replies":[{"embeddable":true,"href":"https:\/\/buod.de\/de\/wp-json\/wp\/v2\/comments?post=10176"}],"version-history":[{"count":5,"href":"https:\/\/buod.de\/de\/wp-json\/wp\/v2\/posts\/10176\/revisions"}],"predecessor-version":[{"id":10182,"href":"https:\/\/buod.de\/de\/wp-json\/wp\/v2\/posts\/10176\/revisions\/10182"}],"wp:attachment":[{"href":"https:\/\/buod.de\/de\/wp-json\/wp\/v2\/media?parent=10176"}],"wp:term":[{"taxonomy":"category","embeddable":true,"href":"https:\/\/buod.de\/de\/wp-json\/wp\/v2\/categories?post=10176"},{"taxonomy":"post_tag","embeddable":true,"href":"https:\/\/buod.de\/de\/wp-json\/wp\/v2\/tags?post=10176"}],"curies":[{"name":"wp","href":"https:\/\/api.w.org\/{rel}","templated":true}]}}