{"id":10187,"date":"2025-05-07T15:45:07","date_gmt":"2025-05-07T13:45:07","guid":{"rendered":"https:\/\/buod.de\/?p=10187"},"modified":"2025-05-15T15:46:20","modified_gmt":"2025-05-15T13:46:20","slug":"fontos-egyutt-a-misszioert","status":"publish","type":"post","link":"https:\/\/buod.de\/de\/fontos-egyutt-a-misszioert\/","title":{"rendered":"Fontos! Egy\u00fctt a misszi\u00f3\u00e9rt"},"content":{"rendered":"<p>Kedves Sz\u00e9chenyi-K\u00f6r l\u00e1togat\u00f3k!<br>Biztosan sokan hallott\u00e1tok m\u00e1r, hogy a Magyar Katolikus Egyh\u00e1zk\u00f6zs\u00e9g&nbsp;<strong>Oberf\u00f6hringer utcai \u00e9p\u00fclet\u00e9t az \u00c9rseks\u00e9g m\u00e1s c\u00e9lra kiv\u00e1nja felhaszn\u00e1lni<\/strong>.<br>Az Egyh\u00e1zk\u00f6zs\u00e9g fenn\u00e1ll\u00e1s\u00e1nak 80 \u00e9ves jubileum\u00e1t m\u00e1jus 11-\u00e9n, 11 \u00f3rakor a Szt. Erzs\u00e9bet templomban (Breisacherstr. 9a) Mohos G\u00e1bor esztergom-budapesti seg\u00e9dp\u00fcsp\u00f6k celebr\u00e1l\u00e1s\u00e1val fogjuk \u00fcnnepelni. Ezen a szentmis\u00e9n azt is szeretn\u00e9nk megmutatni az \u00c9rseks\u00e9g jelen lev\u00f6 k\u00e9pvisel\u00f6j\u00e9nek, hogy sokan vagyunk \u00e9s sz\u00fcks\u00e9g\u00fcnk van az eddigi, vagy hasonl\u00f3 adotts\u00e1g\u00fa \u00e9p\u00fcletre. Ez\u00e9rt k\u00e9r\u00fcnk mindenkit, akinek fontos az \u00e9p\u00fclet sorsa \u00e9s \u00e9rdekelt a Sz\u00e9chenyi K\u00f6r tov\u00e1bbi fenn\u00e1ll\u00e1s\u00e1ban, hogy vegyen r\u00e9szt a szentmis\u00e9n \u00e9s az azt k\u00f6vet\u00f6 fogad\u00e1son.<br><strong>Hogy fel tudjuk m\u00e9rni, h\u00e1nyan lesz\u00fcnk, r\u00f6viden k\u00e9rem jelezzetek vissza az al\u00e1bbi email-c\u00edmre, h\u00e1nyan j\u00f6tt\u00f6k.<\/strong><\/p>\n\n\n\n<p><strong><a href=\"mailto:g.kottra@posteo.de\">g.kottra@posteo.de<\/a><\/strong><\/p>\n\n\n\n<p>K\u00f6sz\u00f6nettel,<br>Kottra G\u00e1bor<br>a SZ\u00e9chenyi K\u00f6r eln\u00f6khelyettese<br><\/p>","protected":false},"excerpt":{"rendered":"<p>Kedves Sz\u00e9chenyi-K\u00f6r l\u00e1togat\u00f3k!Biztosan sokan hallott\u00e1tok m\u00e1r, hogy a Magyar Katolikus Egyh\u00e1zk\u00f6zs\u00e9g&nbsp;Oberf\u00f6hringer utcai \u00e9p\u00fclet\u00e9t az \u00c9rseks\u00e9g m\u00e1s c\u00e9lra kiv\u00e1nja felhaszn\u00e1lni.Az Egyh\u00e1zk\u00f6zs\u00e9g fenn\u00e1ll\u00e1s\u00e1nak 80 \u00e9ves jubileum\u00e1t m\u00e1jus 11-\u00e9n, 11 \u00f3rakor a Szt. Erzs\u00e9bet templomban (Breisacherstr. 9a) Mohos G\u00e1bor esztergom-budapesti seg\u00e9dp\u00fcsp\u00f6k celebr\u00e1l\u00e1s\u00e1val fogjuk \u00fcnnepelni. Ezen a szentmis\u00e9n azt is szeretn\u00e9nk megmutatni az \u00c9rseks\u00e9g jelen lev\u00f6 k\u00e9pvisel\u00f6j\u00e9nek, hogy sokan [&hellip;]<\/p>\n","protected":false},"author":4,"featured_media":0,"comment_status":"open","ping_status":"open","sticky":false,"template":"","format":"standard","meta":{"footnotes":""},"categories":[17],"tags":[23],"class_list":["post-10187","post","type-post","status-publish","format-standard","hentry","category-hirek","tag-23"],"yoast_head":"<!-- This site is optimized with the Yoast SEO plugin v27.5 - https:\/\/yoast.com\/product\/yoast-seo-wordpress\/ -->\n<title>Fontos! Egy\u00fctt a misszi\u00f3\u00e9rt - BUOD<\/title>\n<meta name=\"robots\" content=\"index, follow, max-snippet:-1, max-image-preview:large, max-video-preview:-1\" \/>\n<link rel=\"canonical\" href=\"https:\/\/buod.de\/de\/fontos-egyutt-a-misszioert\/\" \/>\n<meta property=\"og:locale\" content=\"de_DE\" \/>\n<meta property=\"og:type\" content=\"article\" \/>\n<meta property=\"og:title\" content=\"Fontos! Egy\u00fctt a misszi\u00f3\u00e9rt - BUOD\" \/>\n<meta property=\"og:description\" content=\"Kedves Sz\u00e9chenyi-K\u00f6r l\u00e1togat\u00f3k!Biztosan sokan hallott\u00e1tok m\u00e1r, hogy a Magyar Katolikus Egyh\u00e1zk\u00f6zs\u00e9g&nbsp;Oberf\u00f6hringer utcai \u00e9p\u00fclet\u00e9t az \u00c9rseks\u00e9g m\u00e1s c\u00e9lra kiv\u00e1nja felhaszn\u00e1lni.Az Egyh\u00e1zk\u00f6zs\u00e9g fenn\u00e1ll\u00e1s\u00e1nak 80 \u00e9ves jubileum\u00e1t m\u00e1jus 11-\u00e9n, 11 \u00f3rakor a Szt. Erzs\u00e9bet templomban (Breisacherstr. 9a) Mohos G\u00e1bor esztergom-budapesti seg\u00e9dp\u00fcsp\u00f6k celebr\u00e1l\u00e1s\u00e1val fogjuk \u00fcnnepelni. Ezen a szentmis\u00e9n azt is szeretn\u00e9nk megmutatni az \u00c9rseks\u00e9g jelen lev\u00f6 k\u00e9pvisel\u00f6j\u00e9nek, hogy sokan [&hellip;]\" \/>\n<meta property=\"og:url\" content=\"https:\/\/buod.de\/de\/fontos-egyutt-a-misszioert\/\" \/>\n<meta property=\"og:site_name\" content=\"BUOD\" \/>\n<meta property=\"article:publisher\" content=\"https:\/\/www.facebook.com\/profile.php?id=100082185652397\" \/>\n<meta property=\"article:published_time\" content=\"2025-05-07T13:45:07+00:00\" \/>\n<meta property=\"article:modified_time\" content=\"2025-05-15T13:46:20+00:00\" \/>\n<meta name=\"author\" content=\"Gery V\u00e1rkonyi\" \/>\n<meta name=\"twitter:card\" content=\"summary_large_image\" \/>\n<meta name=\"twitter:label1\" content=\"Written by\" \/>\n\t<meta name=\"twitter:data1\" content=\"Gery V\u00e1rkonyi\" \/>\n\t<meta name=\"twitter:label2\" content=\"Est. reading time\" \/>\n\t<meta name=\"twitter:data2\" content=\"1 minute\" \/>\n<script type=\"application\/ld+json\" class=\"yoast-schema-graph\">{\"@context\":\"https:\\\/\\\/schema.org\",\"@graph\":[{\"@type\":\"Article\",\"@id\":\"https:\\\/\\\/buod.de\\\/fontos-egyutt-a-misszioert\\\/#article\",\"isPartOf\":{\"@id\":\"https:\\\/\\\/buod.de\\\/fontos-egyutt-a-misszioert\\\/\"},\"author\":{\"name\":\"Gery V\u00e1rkonyi\",\"@id\":\"https:\\\/\\\/buod.de\\\/#\\\/schema\\\/person\\\/8332a3e63b017fea8fcd17e9c0f96bf1\"},\"headline\":\"Fontos! Egy\u00fctt a misszi\u00f3\u00e9rt\",\"datePublished\":\"2025-05-07T13:45:07+00:00\",\"dateModified\":\"2025-05-15T13:46:20+00:00\",\"mainEntityOfPage\":{\"@id\":\"https:\\\/\\\/buod.de\\\/fontos-egyutt-a-misszioert\\\/\"},\"wordCount\":198,\"commentCount\":0,\"publisher\":{\"@id\":\"https:\\\/\\\/buod.de\\\/#organization\"},\"keywords\":[\"2025\"],\"articleSection\":[\"H\u00edrek\"],\"inLanguage\":\"de-DE\",\"potentialAction\":[{\"@type\":\"CommentAction\",\"name\":\"Comment\",\"target\":[\"https:\\\/\\\/buod.de\\\/fontos-egyutt-a-misszioert\\\/#respond\"]}]},{\"@type\":\"WebPage\",\"@id\":\"https:\\\/\\\/buod.de\\\/fontos-egyutt-a-misszioert\\\/\",\"url\":\"https:\\\/\\\/buod.de\\\/fontos-egyutt-a-misszioert\\\/\",\"name\":\"Fontos! Egy\u00fctt a misszi\u00f3\u00e9rt - BUOD\",\"isPartOf\":{\"@id\":\"https:\\\/\\\/buod.de\\\/#website\"},\"datePublished\":\"2025-05-07T13:45:07+00:00\",\"dateModified\":\"2025-05-15T13:46:20+00:00\",\"breadcrumb\":{\"@id\":\"https:\\\/\\\/buod.de\\\/fontos-egyutt-a-misszioert\\\/#breadcrumb\"},\"inLanguage\":\"de-DE\",\"potentialAction\":[{\"@type\":\"ReadAction\",\"target\":[\"https:\\\/\\\/buod.de\\\/fontos-egyutt-a-misszioert\\\/\"]}]},{\"@type\":\"BreadcrumbList\",\"@id\":\"https:\\\/\\\/buod.de\\\/fontos-egyutt-a-misszioert\\\/#breadcrumb\",\"itemListElement\":[{\"@type\":\"ListItem\",\"position\":1,\"name\":\"Kezd\u0151lap\",\"item\":\"https:\\\/\\\/buod.de\\\/\"},{\"@type\":\"ListItem\",\"position\":2,\"name\":\"Fontos! Egy\u00fctt a misszi\u00f3\u00e9rt\"}]},{\"@type\":\"WebSite\",\"@id\":\"https:\\\/\\\/buod.de\\\/#website\",\"url\":\"https:\\\/\\\/buod.de\\\/\",\"name\":\"BUOD\",\"description\":\"Bund Ungarischer Organisationen in Deutschland\",\"publisher\":{\"@id\":\"https:\\\/\\\/buod.de\\\/#organization\"},\"potentialAction\":[{\"@type\":\"SearchAction\",\"target\":{\"@type\":\"EntryPoint\",\"urlTemplate\":\"https:\\\/\\\/buod.de\\\/?s={search_term_string}\"},\"query-input\":{\"@type\":\"PropertyValueSpecification\",\"valueRequired\":true,\"valueName\":\"search_term_string\"}}],\"inLanguage\":\"de-DE\"},{\"@type\":\"Organization\",\"@id\":\"https:\\\/\\\/buod.de\\\/#organization\",\"name\":\"BUOD\",\"url\":\"https:\\\/\\\/buod.de\\\/\",\"logo\":{\"@type\":\"ImageObject\",\"inLanguage\":\"de-DE\",\"@id\":\"https:\\\/\\\/buod.de\\\/#\\\/schema\\\/logo\\\/image\\\/\",\"url\":\"https:\\\/\\\/buod.de\\\/wp-content\\\/uploads\\\/2024\\\/03\\\/BUOD-logo.png\",\"contentUrl\":\"https:\\\/\\\/buod.de\\\/wp-content\\\/uploads\\\/2024\\\/03\\\/BUOD-logo.png\",\"width\":586,\"height\":490,\"caption\":\"BUOD\"},\"image\":{\"@id\":\"https:\\\/\\\/buod.de\\\/#\\\/schema\\\/logo\\\/image\\\/\"},\"sameAs\":[\"https:\\\/\\\/www.facebook.com\\\/profile.php?id=100082185652397\"]},{\"@type\":\"Person\",\"@id\":\"https:\\\/\\\/buod.de\\\/#\\\/schema\\\/person\\\/8332a3e63b017fea8fcd17e9c0f96bf1\",\"name\":\"Gery V\u00e1rkonyi\",\"image\":{\"@type\":\"ImageObject\",\"inLanguage\":\"de-DE\",\"@id\":\"https:\\\/\\\/secure.gravatar.com\\\/avatar\\\/c1babe7dc68f065be4ec606c522172804715398688c78c6fffca3888b364e934?s=96&d=mm&r=g\",\"url\":\"https:\\\/\\\/secure.gravatar.com\\\/avatar\\\/c1babe7dc68f065be4ec606c522172804715398688c78c6fffca3888b364e934?s=96&d=mm&r=g\",\"contentUrl\":\"https:\\\/\\\/secure.gravatar.com\\\/avatar\\\/c1babe7dc68f065be4ec606c522172804715398688c78c6fffca3888b364e934?s=96&d=mm&r=g\",\"caption\":\"Gery V\u00e1rkonyi\"},\"url\":\"https:\\\/\\\/buod.de\\\/de\\\/author\\\/geryvarkonyi\\\/\"}]}<\/script>\n<!-- \/ Yoast SEO plugin. -->","yoast_head_json":{"title":"Fontos! Egy\u00fctt a misszi\u00f3\u00e9rt - BUOD","robots":{"index":"index","follow":"follow","max-snippet":"max-snippet:-1","max-image-preview":"max-image-preview:large","max-video-preview":"max-video-preview:-1"},"canonical":"https:\/\/buod.de\/de\/fontos-egyutt-a-misszioert\/","og_locale":"de_DE","og_type":"article","og_title":"Fontos! Egy\u00fctt a misszi\u00f3\u00e9rt - BUOD","og_description":"Kedves Sz\u00e9chenyi-K\u00f6r l\u00e1togat\u00f3k!Biztosan sokan hallott\u00e1tok m\u00e1r, hogy a Magyar Katolikus Egyh\u00e1zk\u00f6zs\u00e9g&nbsp;Oberf\u00f6hringer utcai \u00e9p\u00fclet\u00e9t az \u00c9rseks\u00e9g m\u00e1s c\u00e9lra kiv\u00e1nja felhaszn\u00e1lni.Az Egyh\u00e1zk\u00f6zs\u00e9g fenn\u00e1ll\u00e1s\u00e1nak 80 \u00e9ves jubileum\u00e1t m\u00e1jus 11-\u00e9n, 11 \u00f3rakor a Szt. Erzs\u00e9bet templomban (Breisacherstr. 9a) Mohos G\u00e1bor esztergom-budapesti seg\u00e9dp\u00fcsp\u00f6k celebr\u00e1l\u00e1s\u00e1val fogjuk \u00fcnnepelni. Ezen a szentmis\u00e9n azt is szeretn\u00e9nk megmutatni az \u00c9rseks\u00e9g jelen lev\u00f6 k\u00e9pvisel\u00f6j\u00e9nek, hogy sokan [&hellip;]","og_url":"https:\/\/buod.de\/de\/fontos-egyutt-a-misszioert\/","og_site_name":"BUOD","article_publisher":"https:\/\/www.facebook.com\/profile.php?id=100082185652397","article_published_time":"2025-05-07T13:45:07+00:00","article_modified_time":"2025-05-15T13:46:20+00:00","author":"Gery V\u00e1rkonyi","twitter_card":"summary_large_image","twitter_misc":{"Written by":"Gery V\u00e1rkonyi","Est. reading time":"1 minute"},"schema":{"@context":"https:\/\/schema.org","@graph":[{"@type":"Article","@id":"https:\/\/buod.de\/fontos-egyutt-a-misszioert\/#article","isPartOf":{"@id":"https:\/\/buod.de\/fontos-egyutt-a-misszioert\/"},"author":{"name":"Gery V\u00e1rkonyi","@id":"https:\/\/buod.de\/#\/schema\/person\/8332a3e63b017fea8fcd17e9c0f96bf1"},"headline":"Fontos! Egy\u00fctt a misszi\u00f3\u00e9rt","datePublished":"2025-05-07T13:45:07+00:00","dateModified":"2025-05-15T13:46:20+00:00","mainEntityOfPage":{"@id":"https:\/\/buod.de\/fontos-egyutt-a-misszioert\/"},"wordCount":198,"commentCount":0,"publisher":{"@id":"https:\/\/buod.de\/#organization"},"keywords":["2025"],"articleSection":["H\u00edrek"],"inLanguage":"de-DE","potentialAction":[{"@type":"CommentAction","name":"Comment","target":["https:\/\/buod.de\/fontos-egyutt-a-misszioert\/#respond"]}]},{"@type":"WebPage","@id":"https:\/\/buod.de\/fontos-egyutt-a-misszioert\/","url":"https:\/\/buod.de\/fontos-egyutt-a-misszioert\/","name":"Fontos! Egy\u00fctt a misszi\u00f3\u00e9rt - BUOD","isPartOf":{"@id":"https:\/\/buod.de\/#website"},"datePublished":"2025-05-07T13:45:07+00:00","dateModified":"2025-05-15T13:46:20+00:00","breadcrumb":{"@id":"https:\/\/buod.de\/fontos-egyutt-a-misszioert\/#breadcrumb"},"inLanguage":"de-DE","potentialAction":[{"@type":"ReadAction","target":["https:\/\/buod.de\/fontos-egyutt-a-misszioert\/"]}]},{"@type":"BreadcrumbList","@id":"https:\/\/buod.de\/fontos-egyutt-a-misszioert\/#breadcrumb","itemListElement":[{"@type":"ListItem","position":1,"name":"Kezd\u0151lap","item":"https:\/\/buod.de\/"},{"@type":"ListItem","position":2,"name":"Fontos! Egy\u00fctt a misszi\u00f3\u00e9rt"}]},{"@type":"WebSite","@id":"https:\/\/buod.de\/#website","url":"https:\/\/buod.de\/","name":"BUOD","description":"Bund Ungarischer Organisationen in Deutschland","publisher":{"@id":"https:\/\/buod.de\/#organization"},"potentialAction":[{"@type":"SearchAction","target":{"@type":"EntryPoint","urlTemplate":"https:\/\/buod.de\/?s={search_term_string}"},"query-input":{"@type":"PropertyValueSpecification","valueRequired":true,"valueName":"search_term_string"}}],"inLanguage":"de-DE"},{"@type":"Organization","@id":"https:\/\/buod.de\/#organization","name":"BUOD","url":"https:\/\/buod.de\/","logo":{"@type":"ImageObject","inLanguage":"de-DE","@id":"https:\/\/buod.de\/#\/schema\/logo\/image\/","url":"https:\/\/buod.de\/wp-content\/uploads\/2024\/03\/BUOD-logo.png","contentUrl":"https:\/\/buod.de\/wp-content\/uploads\/2024\/03\/BUOD-logo.png","width":586,"height":490,"caption":"BUOD"},"image":{"@id":"https:\/\/buod.de\/#\/schema\/logo\/image\/"},"sameAs":["https:\/\/www.facebook.com\/profile.php?id=100082185652397"]},{"@type":"Person","@id":"https:\/\/buod.de\/#\/schema\/person\/8332a3e63b017fea8fcd17e9c0f96bf1","name":"Gery V\u00e1rkonyi","image":{"@type":"ImageObject","inLanguage":"de-DE","@id":"https:\/\/secure.gravatar.com\/avatar\/c1babe7dc68f065be4ec606c522172804715398688c78c6fffca3888b364e934?s=96&d=mm&r=g","url":"https:\/\/secure.gravatar.com\/avatar\/c1babe7dc68f065be4ec606c522172804715398688c78c6fffca3888b364e934?s=96&d=mm&r=g","contentUrl":"https:\/\/secure.gravatar.com\/avatar\/c1babe7dc68f065be4ec606c522172804715398688c78c6fffca3888b364e934?s=96&d=mm&r=g","caption":"Gery V\u00e1rkonyi"},"url":"https:\/\/buod.de\/de\/author\/geryvarkonyi\/"}]}},"_links":{"self":[{"href":"https:\/\/buod.de\/de\/wp-json\/wp\/v2\/posts\/10187","targetHints":{"allow":["GET"]}}],"collection":[{"href":"https:\/\/buod.de\/de\/wp-json\/wp\/v2\/posts"}],"about":[{"href":"https:\/\/buod.de\/de\/wp-json\/wp\/v2\/types\/post"}],"author":[{"embeddable":true,"href":"https:\/\/buod.de\/de\/wp-json\/wp\/v2\/users\/4"}],"replies":[{"embeddable":true,"href":"https:\/\/buod.de\/de\/wp-json\/wp\/v2\/comments?post=10187"}],"version-history":[{"count":1,"href":"https:\/\/buod.de\/de\/wp-json\/wp\/v2\/posts\/10187\/revisions"}],"predecessor-version":[{"id":10188,"href":"https:\/\/buod.de\/de\/wp-json\/wp\/v2\/posts\/10187\/revisions\/10188"}],"wp:attachment":[{"href":"https:\/\/buod.de\/de\/wp-json\/wp\/v2\/media?parent=10187"}],"wp:term":[{"taxonomy":"category","embeddable":true,"href":"https:\/\/buod.de\/de\/wp-json\/wp\/v2\/categories?post=10187"},{"taxonomy":"post_tag","embeddable":true,"href":"https:\/\/buod.de\/de\/wp-json\/wp\/v2\/tags?post=10187"}],"curies":[{"name":"wp","href":"https:\/\/api.w.org\/{rel}","templated":true}]}}