{"id":10367,"date":"2025-06-11T15:26:00","date_gmt":"2025-06-11T13:26:00","guid":{"rendered":"https:\/\/buod.de\/?p=10367"},"modified":"2025-06-16T15:28:12","modified_gmt":"2025-06-16T13:28:12","slug":"egy-nemes-felhivas-szekelyfoldi-arviz","status":"publish","type":"post","link":"https:\/\/buod.de\/de\/egy-nemes-felhivas-szekelyfoldi-arviz\/","title":{"rendered":"Egy nemes felh\u00edv\u00e1s! Sz\u00e9kelyf\u00f6ldi \u00e1rv\u00edz"},"content":{"rendered":"<p>Kedves Mindny\u00e1jan!<\/p>\n\n\n\n<p>Bizony\u00e1ra Ti is d\u00f6bbenten hallj\u00e1tok a parajdi \u00e9s sz\u00e9kelyf\u00f6ldi \u00e1rv\u00edzzel kapcsolatos sz\u00f6rny\u0171 h\u00edreket.<\/p>\n\n\n\n<p>A NYEOMSZSZ (Nyugat-Eur\u00f3pai Orsz\u00e1gos Magyar Szervezetek Sz\u00f6vets\u00e9ge) ez\u00e9rt kezdem\u00e9nyezte, hogy orsz\u00e1gonk\u00e9nt, de ak\u00e1r egyes\u00fcletk\u00e9nt, egy\u00e9nileg gy\u0171jts\u00fcnk a k\u00e1rosult s\u00f3b\u00e1nya ill. egy\u00e9nek sz\u00e1m\u00e1ra. L\u00e1ss\u00e1tok Bihari Szabolcs (eln\u00f6k, Sv\u00e9dorsz\u00e1g) ezzel kapcsolatos tov\u00e1bb\u00edtott level\u00e9t.<\/p>\n\n\n\n<p>Ehhez a gy\u0171jt\u00e9shez term\u00e9szetesen mi is, mint BUOD csatlakozunk.<\/p>\n\n\n\n<p>Amennyiben Ti is szeretn\u00e9tek \u00e9s tudtok seg\u00edt\u0151 adom\u00e1nyt gy\u0171jteni, akar egy\u00e9nileg, ak\u00e1r magyar szervezetk\u00e9nt, akkor az \u00f6sszeget a BUOD foly\u00f3sz\u00e1ml\u00e1j\u00e1ra \u201eParajd\u201d jelig\u00e9vel utalhatj\u00e1tok. Mi a BUOD r\u00e9sz\u00e9r\u0151l is hozz\u00e1j\u00e1rulunk \u00e9s a v\u00e9g\u00f6sszeget a Nemzetpolitikai \u00c1llamtitk\u00e1rs\u00e1g \u00e1ltal lent v\u00e1zolt elj\u00e1r\u00e1ssal tov\u00e1bb\u00edtjuk.<\/p>\n\n\n\n<p>Term\u00e9szetesen, ha vannak saj\u00e1t megb\u00edzhat\u00f3 \u00e9s bev\u00e1lt kapcsolataitok, akkor azokon kereszt\u00fcl is k\u00fcldhetitek a seg\u00edts\u00e9get.<\/p>\n\n\n\n<p>El\u0151re k\u00f6sz\u00f6nj\u00fck!<\/p>\n\n\n\n<p>Sparkasse Ulm: BUOD<\/p>\n\n\n\n<p>IBAN: DE56 6305 0000 0021 2495 27<\/p>\n\n\n\n<p>BIC: SOLADES1ULM<\/p>\n\n\n\n<p>Jelige: Parajd<\/p>\n\n\n\n<p>Bar\u00e1ti \u00fcdv\u00f6zlettel \u2013 Klement Korn\u00e9l (Kori)<\/p>","protected":false},"excerpt":{"rendered":"<p>Kedves Mindny\u00e1jan! Bizony\u00e1ra Ti is d\u00f6bbenten hallj\u00e1tok a parajdi \u00e9s sz\u00e9kelyf\u00f6ldi \u00e1rv\u00edzzel kapcsolatos sz\u00f6rny\u0171 h\u00edreket. A NYEOMSZSZ (Nyugat-Eur\u00f3pai Orsz\u00e1gos Magyar Szervezetek Sz\u00f6vets\u00e9ge) ez\u00e9rt kezdem\u00e9nyezte, hogy orsz\u00e1gonk\u00e9nt, de ak\u00e1r egyes\u00fcletk\u00e9nt, egy\u00e9nileg gy\u0171jts\u00fcnk a k\u00e1rosult s\u00f3b\u00e1nya ill. egy\u00e9nek sz\u00e1m\u00e1ra. L\u00e1ss\u00e1tok Bihari Szabolcs (eln\u00f6k, Sv\u00e9dorsz\u00e1g) ezzel kapcsolatos tov\u00e1bb\u00edtott level\u00e9t. Ehhez a gy\u0171jt\u00e9shez term\u00e9szetesen mi is, mint BUOD csatlakozunk. [&hellip;]<\/p>\n","protected":false},"author":4,"featured_media":0,"comment_status":"open","ping_status":"open","sticky":false,"template":"","format":"standard","meta":{"footnotes":""},"categories":[17],"tags":[23],"class_list":["post-10367","post","type-post","status-publish","format-standard","hentry","category-hirek","tag-23"],"yoast_head":"<!-- This site is optimized with the Yoast SEO plugin v27.5 - https:\/\/yoast.com\/product\/yoast-seo-wordpress\/ -->\n<title>Egy nemes felh\u00edv\u00e1s! Sz\u00e9kelyf\u00f6ldi \u00e1rv\u00edz - BUOD<\/title>\n<meta name=\"robots\" content=\"index, follow, max-snippet:-1, max-image-preview:large, max-video-preview:-1\" \/>\n<link rel=\"canonical\" href=\"https:\/\/buod.de\/de\/egy-nemes-felhivas-szekelyfoldi-arviz\/\" \/>\n<meta property=\"og:locale\" content=\"de_DE\" \/>\n<meta property=\"og:type\" content=\"article\" \/>\n<meta property=\"og:title\" content=\"Egy nemes felh\u00edv\u00e1s! Sz\u00e9kelyf\u00f6ldi \u00e1rv\u00edz - BUOD\" \/>\n<meta property=\"og:description\" content=\"Kedves Mindny\u00e1jan! Bizony\u00e1ra Ti is d\u00f6bbenten hallj\u00e1tok a parajdi \u00e9s sz\u00e9kelyf\u00f6ldi \u00e1rv\u00edzzel kapcsolatos sz\u00f6rny\u0171 h\u00edreket. A NYEOMSZSZ (Nyugat-Eur\u00f3pai Orsz\u00e1gos Magyar Szervezetek Sz\u00f6vets\u00e9ge) ez\u00e9rt kezdem\u00e9nyezte, hogy orsz\u00e1gonk\u00e9nt, de ak\u00e1r egyes\u00fcletk\u00e9nt, egy\u00e9nileg gy\u0171jts\u00fcnk a k\u00e1rosult s\u00f3b\u00e1nya ill. egy\u00e9nek sz\u00e1m\u00e1ra. L\u00e1ss\u00e1tok Bihari Szabolcs (eln\u00f6k, Sv\u00e9dorsz\u00e1g) ezzel kapcsolatos tov\u00e1bb\u00edtott level\u00e9t. Ehhez a gy\u0171jt\u00e9shez term\u00e9szetesen mi is, mint BUOD csatlakozunk. [&hellip;]\" \/>\n<meta property=\"og:url\" content=\"https:\/\/buod.de\/de\/egy-nemes-felhivas-szekelyfoldi-arviz\/\" \/>\n<meta property=\"og:site_name\" content=\"BUOD\" \/>\n<meta property=\"article:publisher\" content=\"https:\/\/www.facebook.com\/profile.php?id=100082185652397\" \/>\n<meta property=\"article:published_time\" content=\"2025-06-11T13:26:00+00:00\" \/>\n<meta property=\"article:modified_time\" content=\"2025-06-16T13:28:12+00:00\" \/>\n<meta name=\"author\" content=\"Gery V\u00e1rkonyi\" \/>\n<meta name=\"twitter:card\" content=\"summary_large_image\" \/>\n<meta name=\"twitter:label1\" content=\"Written by\" \/>\n\t<meta name=\"twitter:data1\" content=\"Gery V\u00e1rkonyi\" \/>\n\t<meta name=\"twitter:label2\" content=\"Est. reading time\" \/>\n\t<meta name=\"twitter:data2\" content=\"1 minute\" \/>\n<script type=\"application\/ld+json\" class=\"yoast-schema-graph\">{\"@context\":\"https:\\\/\\\/schema.org\",\"@graph\":[{\"@type\":\"Article\",\"@id\":\"https:\\\/\\\/buod.de\\\/egy-nemes-felhivas-szekelyfoldi-arviz\\\/#article\",\"isPartOf\":{\"@id\":\"https:\\\/\\\/buod.de\\\/egy-nemes-felhivas-szekelyfoldi-arviz\\\/\"},\"author\":{\"name\":\"Gery V\u00e1rkonyi\",\"@id\":\"https:\\\/\\\/buod.de\\\/#\\\/schema\\\/person\\\/8332a3e63b017fea8fcd17e9c0f96bf1\"},\"headline\":\"Egy nemes felh\u00edv\u00e1s! Sz\u00e9kelyf\u00f6ldi \u00e1rv\u00edz\",\"datePublished\":\"2025-06-11T13:26:00+00:00\",\"dateModified\":\"2025-06-16T13:28:12+00:00\",\"mainEntityOfPage\":{\"@id\":\"https:\\\/\\\/buod.de\\\/egy-nemes-felhivas-szekelyfoldi-arviz\\\/\"},\"wordCount\":219,\"commentCount\":0,\"publisher\":{\"@id\":\"https:\\\/\\\/buod.de\\\/#organization\"},\"keywords\":[\"2025\"],\"articleSection\":[\"H\u00edrek\"],\"inLanguage\":\"de-DE\",\"potentialAction\":[{\"@type\":\"CommentAction\",\"name\":\"Comment\",\"target\":[\"https:\\\/\\\/buod.de\\\/egy-nemes-felhivas-szekelyfoldi-arviz\\\/#respond\"]}]},{\"@type\":\"WebPage\",\"@id\":\"https:\\\/\\\/buod.de\\\/egy-nemes-felhivas-szekelyfoldi-arviz\\\/\",\"url\":\"https:\\\/\\\/buod.de\\\/egy-nemes-felhivas-szekelyfoldi-arviz\\\/\",\"name\":\"Egy nemes felh\u00edv\u00e1s! Sz\u00e9kelyf\u00f6ldi \u00e1rv\u00edz - BUOD\",\"isPartOf\":{\"@id\":\"https:\\\/\\\/buod.de\\\/#website\"},\"datePublished\":\"2025-06-11T13:26:00+00:00\",\"dateModified\":\"2025-06-16T13:28:12+00:00\",\"breadcrumb\":{\"@id\":\"https:\\\/\\\/buod.de\\\/egy-nemes-felhivas-szekelyfoldi-arviz\\\/#breadcrumb\"},\"inLanguage\":\"de-DE\",\"potentialAction\":[{\"@type\":\"ReadAction\",\"target\":[\"https:\\\/\\\/buod.de\\\/egy-nemes-felhivas-szekelyfoldi-arviz\\\/\"]}]},{\"@type\":\"BreadcrumbList\",\"@id\":\"https:\\\/\\\/buod.de\\\/egy-nemes-felhivas-szekelyfoldi-arviz\\\/#breadcrumb\",\"itemListElement\":[{\"@type\":\"ListItem\",\"position\":1,\"name\":\"Kezd\u0151lap\",\"item\":\"https:\\\/\\\/buod.de\\\/\"},{\"@type\":\"ListItem\",\"position\":2,\"name\":\"Egy nemes felh\u00edv\u00e1s! Sz\u00e9kelyf\u00f6ldi \u00e1rv\u00edz\"}]},{\"@type\":\"WebSite\",\"@id\":\"https:\\\/\\\/buod.de\\\/#website\",\"url\":\"https:\\\/\\\/buod.de\\\/\",\"name\":\"BUOD\",\"description\":\"Bund Ungarischer Organisationen in Deutschland\",\"publisher\":{\"@id\":\"https:\\\/\\\/buod.de\\\/#organization\"},\"potentialAction\":[{\"@type\":\"SearchAction\",\"target\":{\"@type\":\"EntryPoint\",\"urlTemplate\":\"https:\\\/\\\/buod.de\\\/?s={search_term_string}\"},\"query-input\":{\"@type\":\"PropertyValueSpecification\",\"valueRequired\":true,\"valueName\":\"search_term_string\"}}],\"inLanguage\":\"de-DE\"},{\"@type\":\"Organization\",\"@id\":\"https:\\\/\\\/buod.de\\\/#organization\",\"name\":\"BUOD\",\"url\":\"https:\\\/\\\/buod.de\\\/\",\"logo\":{\"@type\":\"ImageObject\",\"inLanguage\":\"de-DE\",\"@id\":\"https:\\\/\\\/buod.de\\\/#\\\/schema\\\/logo\\\/image\\\/\",\"url\":\"https:\\\/\\\/buod.de\\\/wp-content\\\/uploads\\\/2024\\\/03\\\/BUOD-logo.png\",\"contentUrl\":\"https:\\\/\\\/buod.de\\\/wp-content\\\/uploads\\\/2024\\\/03\\\/BUOD-logo.png\",\"width\":586,\"height\":490,\"caption\":\"BUOD\"},\"image\":{\"@id\":\"https:\\\/\\\/buod.de\\\/#\\\/schema\\\/logo\\\/image\\\/\"},\"sameAs\":[\"https:\\\/\\\/www.facebook.com\\\/profile.php?id=100082185652397\"]},{\"@type\":\"Person\",\"@id\":\"https:\\\/\\\/buod.de\\\/#\\\/schema\\\/person\\\/8332a3e63b017fea8fcd17e9c0f96bf1\",\"name\":\"Gery V\u00e1rkonyi\",\"image\":{\"@type\":\"ImageObject\",\"inLanguage\":\"de-DE\",\"@id\":\"https:\\\/\\\/secure.gravatar.com\\\/avatar\\\/c1babe7dc68f065be4ec606c522172804715398688c78c6fffca3888b364e934?s=96&d=mm&r=g\",\"url\":\"https:\\\/\\\/secure.gravatar.com\\\/avatar\\\/c1babe7dc68f065be4ec606c522172804715398688c78c6fffca3888b364e934?s=96&d=mm&r=g\",\"contentUrl\":\"https:\\\/\\\/secure.gravatar.com\\\/avatar\\\/c1babe7dc68f065be4ec606c522172804715398688c78c6fffca3888b364e934?s=96&d=mm&r=g\",\"caption\":\"Gery V\u00e1rkonyi\"},\"url\":\"https:\\\/\\\/buod.de\\\/de\\\/author\\\/geryvarkonyi\\\/\"}]}<\/script>\n<!-- \/ Yoast SEO plugin. -->","yoast_head_json":{"title":"Egy nemes felh\u00edv\u00e1s! Sz\u00e9kelyf\u00f6ldi \u00e1rv\u00edz - BUOD","robots":{"index":"index","follow":"follow","max-snippet":"max-snippet:-1","max-image-preview":"max-image-preview:large","max-video-preview":"max-video-preview:-1"},"canonical":"https:\/\/buod.de\/de\/egy-nemes-felhivas-szekelyfoldi-arviz\/","og_locale":"de_DE","og_type":"article","og_title":"Egy nemes felh\u00edv\u00e1s! Sz\u00e9kelyf\u00f6ldi \u00e1rv\u00edz - BUOD","og_description":"Kedves Mindny\u00e1jan! Bizony\u00e1ra Ti is d\u00f6bbenten hallj\u00e1tok a parajdi \u00e9s sz\u00e9kelyf\u00f6ldi \u00e1rv\u00edzzel kapcsolatos sz\u00f6rny\u0171 h\u00edreket. A NYEOMSZSZ (Nyugat-Eur\u00f3pai Orsz\u00e1gos Magyar Szervezetek Sz\u00f6vets\u00e9ge) ez\u00e9rt kezdem\u00e9nyezte, hogy orsz\u00e1gonk\u00e9nt, de ak\u00e1r egyes\u00fcletk\u00e9nt, egy\u00e9nileg gy\u0171jts\u00fcnk a k\u00e1rosult s\u00f3b\u00e1nya ill. egy\u00e9nek sz\u00e1m\u00e1ra. L\u00e1ss\u00e1tok Bihari Szabolcs (eln\u00f6k, Sv\u00e9dorsz\u00e1g) ezzel kapcsolatos tov\u00e1bb\u00edtott level\u00e9t. Ehhez a gy\u0171jt\u00e9shez term\u00e9szetesen mi is, mint BUOD csatlakozunk. [&hellip;]","og_url":"https:\/\/buod.de\/de\/egy-nemes-felhivas-szekelyfoldi-arviz\/","og_site_name":"BUOD","article_publisher":"https:\/\/www.facebook.com\/profile.php?id=100082185652397","article_published_time":"2025-06-11T13:26:00+00:00","article_modified_time":"2025-06-16T13:28:12+00:00","author":"Gery V\u00e1rkonyi","twitter_card":"summary_large_image","twitter_misc":{"Written by":"Gery V\u00e1rkonyi","Est. reading time":"1 minute"},"schema":{"@context":"https:\/\/schema.org","@graph":[{"@type":"Article","@id":"https:\/\/buod.de\/egy-nemes-felhivas-szekelyfoldi-arviz\/#article","isPartOf":{"@id":"https:\/\/buod.de\/egy-nemes-felhivas-szekelyfoldi-arviz\/"},"author":{"name":"Gery V\u00e1rkonyi","@id":"https:\/\/buod.de\/#\/schema\/person\/8332a3e63b017fea8fcd17e9c0f96bf1"},"headline":"Egy nemes felh\u00edv\u00e1s! Sz\u00e9kelyf\u00f6ldi \u00e1rv\u00edz","datePublished":"2025-06-11T13:26:00+00:00","dateModified":"2025-06-16T13:28:12+00:00","mainEntityOfPage":{"@id":"https:\/\/buod.de\/egy-nemes-felhivas-szekelyfoldi-arviz\/"},"wordCount":219,"commentCount":0,"publisher":{"@id":"https:\/\/buod.de\/#organization"},"keywords":["2025"],"articleSection":["H\u00edrek"],"inLanguage":"de-DE","potentialAction":[{"@type":"CommentAction","name":"Comment","target":["https:\/\/buod.de\/egy-nemes-felhivas-szekelyfoldi-arviz\/#respond"]}]},{"@type":"WebPage","@id":"https:\/\/buod.de\/egy-nemes-felhivas-szekelyfoldi-arviz\/","url":"https:\/\/buod.de\/egy-nemes-felhivas-szekelyfoldi-arviz\/","name":"Egy nemes felh\u00edv\u00e1s! Sz\u00e9kelyf\u00f6ldi \u00e1rv\u00edz - BUOD","isPartOf":{"@id":"https:\/\/buod.de\/#website"},"datePublished":"2025-06-11T13:26:00+00:00","dateModified":"2025-06-16T13:28:12+00:00","breadcrumb":{"@id":"https:\/\/buod.de\/egy-nemes-felhivas-szekelyfoldi-arviz\/#breadcrumb"},"inLanguage":"de-DE","potentialAction":[{"@type":"ReadAction","target":["https:\/\/buod.de\/egy-nemes-felhivas-szekelyfoldi-arviz\/"]}]},{"@type":"BreadcrumbList","@id":"https:\/\/buod.de\/egy-nemes-felhivas-szekelyfoldi-arviz\/#breadcrumb","itemListElement":[{"@type":"ListItem","position":1,"name":"Kezd\u0151lap","item":"https:\/\/buod.de\/"},{"@type":"ListItem","position":2,"name":"Egy nemes felh\u00edv\u00e1s! Sz\u00e9kelyf\u00f6ldi \u00e1rv\u00edz"}]},{"@type":"WebSite","@id":"https:\/\/buod.de\/#website","url":"https:\/\/buod.de\/","name":"BUOD","description":"Bund Ungarischer Organisationen in Deutschland","publisher":{"@id":"https:\/\/buod.de\/#organization"},"potentialAction":[{"@type":"SearchAction","target":{"@type":"EntryPoint","urlTemplate":"https:\/\/buod.de\/?s={search_term_string}"},"query-input":{"@type":"PropertyValueSpecification","valueRequired":true,"valueName":"search_term_string"}}],"inLanguage":"de-DE"},{"@type":"Organization","@id":"https:\/\/buod.de\/#organization","name":"BUOD","url":"https:\/\/buod.de\/","logo":{"@type":"ImageObject","inLanguage":"de-DE","@id":"https:\/\/buod.de\/#\/schema\/logo\/image\/","url":"https:\/\/buod.de\/wp-content\/uploads\/2024\/03\/BUOD-logo.png","contentUrl":"https:\/\/buod.de\/wp-content\/uploads\/2024\/03\/BUOD-logo.png","width":586,"height":490,"caption":"BUOD"},"image":{"@id":"https:\/\/buod.de\/#\/schema\/logo\/image\/"},"sameAs":["https:\/\/www.facebook.com\/profile.php?id=100082185652397"]},{"@type":"Person","@id":"https:\/\/buod.de\/#\/schema\/person\/8332a3e63b017fea8fcd17e9c0f96bf1","name":"Gery V\u00e1rkonyi","image":{"@type":"ImageObject","inLanguage":"de-DE","@id":"https:\/\/secure.gravatar.com\/avatar\/c1babe7dc68f065be4ec606c522172804715398688c78c6fffca3888b364e934?s=96&d=mm&r=g","url":"https:\/\/secure.gravatar.com\/avatar\/c1babe7dc68f065be4ec606c522172804715398688c78c6fffca3888b364e934?s=96&d=mm&r=g","contentUrl":"https:\/\/secure.gravatar.com\/avatar\/c1babe7dc68f065be4ec606c522172804715398688c78c6fffca3888b364e934?s=96&d=mm&r=g","caption":"Gery V\u00e1rkonyi"},"url":"https:\/\/buod.de\/de\/author\/geryvarkonyi\/"}]}},"_links":{"self":[{"href":"https:\/\/buod.de\/de\/wp-json\/wp\/v2\/posts\/10367","targetHints":{"allow":["GET"]}}],"collection":[{"href":"https:\/\/buod.de\/de\/wp-json\/wp\/v2\/posts"}],"about":[{"href":"https:\/\/buod.de\/de\/wp-json\/wp\/v2\/types\/post"}],"author":[{"embeddable":true,"href":"https:\/\/buod.de\/de\/wp-json\/wp\/v2\/users\/4"}],"replies":[{"embeddable":true,"href":"https:\/\/buod.de\/de\/wp-json\/wp\/v2\/comments?post=10367"}],"version-history":[{"count":1,"href":"https:\/\/buod.de\/de\/wp-json\/wp\/v2\/posts\/10367\/revisions"}],"predecessor-version":[{"id":10368,"href":"https:\/\/buod.de\/de\/wp-json\/wp\/v2\/posts\/10367\/revisions\/10368"}],"wp:attachment":[{"href":"https:\/\/buod.de\/de\/wp-json\/wp\/v2\/media?parent=10367"}],"wp:term":[{"taxonomy":"category","embeddable":true,"href":"https:\/\/buod.de\/de\/wp-json\/wp\/v2\/categories?post=10367"},{"taxonomy":"post_tag","embeddable":true,"href":"https:\/\/buod.de\/de\/wp-json\/wp\/v2\/tags?post=10367"}],"curies":[{"name":"wp","href":"https:\/\/api.w.org\/{rel}","templated":true}]}}