{"id":10382,"date":"2025-07-07T14:30:30","date_gmt":"2025-07-07T12:30:30","guid":{"rendered":"https:\/\/buod.de\/?p=10382"},"modified":"2025-07-10T14:32:01","modified_gmt":"2025-07-10T12:32:01","slug":"ungarn-ukraine-pride-parade-majav","status":"publish","type":"post","link":"https:\/\/buod.de\/de\/ungarn-ukraine-pride-parade-majav\/","title":{"rendered":"Ungarn + Ukraine, &#8222;Pride-Parade&#8221;, &#8222;Maja&#8221;v"},"content":{"rendered":"<p>An die Mitglieder und Freunde der<\/p>\n\n\n\n<p>Deutsch-Ungarischen Gesellschaft in der Bundesrepublik Deutschland e.V.<\/p>\n\n\n\n<p>Sehr geehrte Damen und Herren,<\/p>\n\n\n\n<p>in den letzten Tagen war Ungarn wieder einmal in mehrfacher Hinsicht Thema in den deutschen Medien. Dazu m\u00f6chte ich Ihnen gerne einige Hinweise geben.<\/p>\n\n\n\n<p>Bei einer sogenannten nationalen Konsultation &#8211; einer Volksbefragung ohne rechtliche Bindungswirkung &#8211; haben&nbsp;2,285 Millionen ungarische W\u00e4hler \u00fcber die Frage abgestimmt, ob die Ukraine Mitglied der Europ\u00e4ischen Union werden soll. 2,168 Millionen, 95 Prozent, haben mit &#8222;Nein&#8221; votiert. Genau diese Position hat Viktor Orb\u00e1n dann beim EU-Gipfel vertreten und den Beitrittsprozess blockiert, der Einstimmigkeit erfordert. Viktor Orb\u00e1n hat die Gr\u00fcnde f\u00fcr diese Haltung aktuell noch einmal in einem Radio-Interview am 27. Juni erl\u00e4utert, dessen deutsche \u00dcbersetzung ich Ihnen anf\u00fcge.<\/p>\n\n\n\n<p>Der ungarische Ministerpr\u00e4sident nimmt dort auch Stellung zu der &#8222;Pride-Parade&#8221; in Budapest, die am Wochenende stattgefunden hat, obwohl sie nach ungarischem Recht eigentlich verboten war. Er hat fr\u00fchzeitig angek\u00fcndigt, dass diese Versammlung von der Polizei nicht etwa gewaltsam aufgel\u00f6st w\u00fcrde. (&#8222;Ungarn ist doch ein zivilisiertes Land, eine b\u00fcrgerliche Welt. Wir verletzen uns nicht gegenseitig. Die Beh\u00f6rden sind nicht dazu da, um B\u00fcrger zu verpr\u00fcgeln&#8221;).&nbsp;Und so kam es dann am Wochenende auch.<\/p>\n\n\n\n<p>Weil dazu immer wieder Falschinformationen verbreitet werden: Es gibt in Ungarn keine Diskriminierung von Homosexuellen, wie in Deutschland h\u00e4ufig behauptet wird, sondern sogar das Rechtsinstitut der gleichgeschlechtlichen Lebenspartnerschaft f\u00fcr eingetragene homosexuelle Paare. Allerdings gibt es in Ungarn eben auch einen weitreichenden Kinderschutz, der die &#8222;Darstellung oder F\u00f6rderung&#8221; von Homosexualit\u00e4t gegen\u00fcber Minderj\u00e4hrigen ebenso untersagt wie die Geschlechtsumwandlung von Kindern.<\/p>\n\n\n\n<p>Dieser Kinderschutz ist erst vor wenigen Wochen ausdr\u00fccklich von einer Zweidrittelmehrheit in der Nationalversammlung in der ungarischen Verfassung verankert worden und bietet damit eine eindeutige Rechtsgrundlage, sogar f\u00fcr m\u00f6gliche Einschr\u00e4nkungen der Versammlungsfreiheit, wie jetzt bei der &#8222;Pride-Parade&#8221;. Das souver\u00e4ne ungarische Volk hat mit gro\u00dfer Mehrheit so entschieden, ob es Kritikern im Ausland gef\u00e4llt oder nicht, und wie immer man pers\u00f6nlich dazu stehen mag.<\/p>\n\n\n\n<p>Leider wieder einmal typisch war, dass am Wochenende auch zahlreiche deutsche gr\u00fcne EU- und Bundestagsabgeordnete wie Frau G\u00f6ring-Eckardt in Ungarn waren, um dort neben der &#8222;Pride-Parade&#8221; \u00f6ffentlich f\u00fcr den deutschen Gewaltverbrecher &#8222;Maja T.&#8221; zu werben, der in Budapest vor Gericht steht, weil er als Mitglieder einer linksextremen Bande heimt\u00fcckische Anschl\u00e4ge auf Menschen in Ungarn ver\u00fcbt hat.&nbsp;F\u00fcr solche Figuren k\u00f6nnen wir uns als Deutsche bei unseren ungarischen Freunden nur entschuldigen!<\/p>\n\n\n\n<p>Schlie\u00dflich f\u00fcge ich Ihnen noch meinen Post auf X vom gestrigen Sonntag zur Lage in Ungarn an. Die gro\u00dfe und positive Resonanz ist wieder ein Zeichen der Ermutigung, mit unserer Arbeit f\u00fcr die deutsch-ungarische Freundschaft weiterzumachen.<\/p>\n\n\n\n<p>In diesem Sinne Ihnen allen eine &#8211; trotz der sommerlichen Hitze &#8211; gute und erfolgreiche Woche!<\/p>\n\n\n\n<p>Mit herzlichen Gr\u00fc\u00dfen<\/p>\n\n\n\n<p>Ihr<\/p>\n\n\n\n<p>Gerhard Papke<\/p>\n\n\n\n<p><strong>Dr. Gerhard Papke<\/strong><\/p>\n\n\n\n<p>Landtagsvizepr\u00e4sident NRW a.D.<\/p>\n\n\n\n<p>Pr\u00e4sident der Deutsch-Ungarischen Gesellschaft<\/p>\n\n\n\n<p>in der Bundesrepublik Deutschland e.V.<\/p>\n\n\n\n<figure class=\"wp-block-image size-large\"><img loading=\"lazy\" decoding=\"async\" width=\"1024\" height=\"533\" src=\"https:\/\/buod.de\/wp-content\/uploads\/2025\/07\/Screenshot-2025-06-30-140225-1024x533.jpg\" alt=\"\" class=\"wp-image-10384\" srcset=\"https:\/\/buod.de\/wp-content\/uploads\/2025\/07\/Screenshot-2025-06-30-140225-1024x533.jpg 1024w, https:\/\/buod.de\/wp-content\/uploads\/2025\/07\/Screenshot-2025-06-30-140225-300x156.jpg 300w, https:\/\/buod.de\/wp-content\/uploads\/2025\/07\/Screenshot-2025-06-30-140225-768x400.jpg 768w, https:\/\/buod.de\/wp-content\/uploads\/2025\/07\/Screenshot-2025-06-30-140225-18x9.jpg 18w, https:\/\/buod.de\/wp-content\/uploads\/2025\/07\/Screenshot-2025-06-30-140225.jpg 1210w\" sizes=\"auto, (max-width: 1024px) 100vw, 1024px\" \/><\/figure>\n\n\n\n<div data-wp-interactive=\"core\/file\" class=\"wp-block-file\"><object data-wp-bind--hidden=\"!state.hasPdfPreview\" hidden class=\"wp-block-file__embed\" data=\"https:\/\/buod.de\/wp-content\/uploads\/2025\/07\/Orban-Radiogesprach-27-6-2025.pdf\" type=\"application\/pdf\" style=\"width:100%;height:600px\" aria-label=\"Embed of Orb\u00e1n-Radiogespr\u00e4ch, 27-6-2025.\"><\/object><a id=\"wp-block-file--media-2f212983-715d-42f0-8f9a-d0ab24dbe961\" href=\"https:\/\/buod.de\/wp-content\/uploads\/2025\/07\/Orban-Radiogesprach-27-6-2025.pdf\">Orb\u00e1n-Radiogespr\u00e4ch, 27-6-2025<\/a><a href=\"https:\/\/buod.de\/wp-content\/uploads\/2025\/07\/Orban-Radiogesprach-27-6-2025.pdf\" class=\"wp-block-file__button wp-element-button\" download aria-describedby=\"wp-block-file--media-2f212983-715d-42f0-8f9a-d0ab24dbe961\">Herunterladen<\/a><\/div>","protected":false},"excerpt":{"rendered":"<p>An die Mitglieder und Freunde der Deutsch-Ungarischen Gesellschaft in der Bundesrepublik Deutschland e.V. Sehr geehrte Damen und Herren, in den letzten Tagen war Ungarn wieder einmal in mehrfacher Hinsicht Thema in den deutschen Medien. Dazu m\u00f6chte ich Ihnen gerne einige Hinweise geben. Bei einer sogenannten nationalen Konsultation &#8211; einer Volksbefragung ohne rechtliche Bindungswirkung &#8211; haben&nbsp;2,285 [&hellip;]<\/p>\n","protected":false},"author":4,"featured_media":0,"comment_status":"open","ping_status":"open","sticky":false,"template":"","format":"standard","meta":{"footnotes":""},"categories":[17],"tags":[23],"class_list":["post-10382","post","type-post","status-publish","format-standard","hentry","category-hirek","tag-23"],"yoast_head":"<!-- This site is optimized with the Yoast SEO plugin v27.5 - https:\/\/yoast.com\/product\/yoast-seo-wordpress\/ -->\n<title>Ungarn + Ukraine, &quot;Pride-Parade&quot;, &quot;Maja&quot;v - BUOD<\/title>\n<meta name=\"robots\" content=\"index, follow, max-snippet:-1, max-image-preview:large, max-video-preview:-1\" \/>\n<link rel=\"canonical\" href=\"https:\/\/buod.de\/de\/ungarn-ukraine-pride-parade-majav\/\" \/>\n<meta property=\"og:locale\" content=\"de_DE\" \/>\n<meta property=\"og:type\" content=\"article\" \/>\n<meta property=\"og:title\" content=\"Ungarn + Ukraine, &quot;Pride-Parade&quot;, &quot;Maja&quot;v - BUOD\" \/>\n<meta property=\"og:description\" content=\"An die Mitglieder und Freunde der Deutsch-Ungarischen Gesellschaft in der Bundesrepublik Deutschland e.V. Sehr geehrte Damen und Herren, in den letzten Tagen war Ungarn wieder einmal in mehrfacher Hinsicht Thema in den deutschen Medien. Dazu m\u00f6chte ich Ihnen gerne einige Hinweise geben. Bei einer sogenannten nationalen Konsultation &#8211; einer Volksbefragung ohne rechtliche Bindungswirkung &#8211; haben&nbsp;2,285 [&hellip;]\" \/>\n<meta property=\"og:url\" content=\"https:\/\/buod.de\/de\/ungarn-ukraine-pride-parade-majav\/\" \/>\n<meta property=\"og:site_name\" content=\"BUOD\" \/>\n<meta property=\"article:publisher\" content=\"https:\/\/www.facebook.com\/profile.php?id=100082185652397\" \/>\n<meta property=\"article:published_time\" content=\"2025-07-07T12:30:30+00:00\" \/>\n<meta property=\"article:modified_time\" content=\"2025-07-10T12:32:01+00:00\" \/>\n<meta property=\"og:image\" content=\"https:\/\/buod.de\/wp-content\/uploads\/2025\/07\/Screenshot-2025-06-30-140225.jpg\" \/>\n\t<meta property=\"og:image:width\" content=\"1210\" \/>\n\t<meta property=\"og:image:height\" content=\"630\" \/>\n\t<meta property=\"og:image:type\" content=\"image\/jpeg\" \/>\n<meta name=\"author\" content=\"Gery V\u00e1rkonyi\" \/>\n<meta name=\"twitter:card\" content=\"summary_large_image\" \/>\n<meta name=\"twitter:label1\" content=\"Written by\" \/>\n\t<meta name=\"twitter:data1\" content=\"Gery V\u00e1rkonyi\" \/>\n\t<meta name=\"twitter:label2\" content=\"Est. reading time\" \/>\n\t<meta name=\"twitter:data2\" content=\"3 minutes\" \/>\n<script type=\"application\/ld+json\" class=\"yoast-schema-graph\">{\"@context\":\"https:\\\/\\\/schema.org\",\"@graph\":[{\"@type\":\"Article\",\"@id\":\"https:\\\/\\\/buod.de\\\/ungarn-ukraine-pride-parade-majav\\\/#article\",\"isPartOf\":{\"@id\":\"https:\\\/\\\/buod.de\\\/ungarn-ukraine-pride-parade-majav\\\/\"},\"author\":{\"name\":\"Gery V\u00e1rkonyi\",\"@id\":\"https:\\\/\\\/buod.de\\\/#\\\/schema\\\/person\\\/8332a3e63b017fea8fcd17e9c0f96bf1\"},\"headline\":\"Ungarn + Ukraine, &#8222;Pride-Parade&#8221;, &#8222;Maja&#8221;v\",\"datePublished\":\"2025-07-07T12:30:30+00:00\",\"dateModified\":\"2025-07-10T12:32:01+00:00\",\"mainEntityOfPage\":{\"@id\":\"https:\\\/\\\/buod.de\\\/ungarn-ukraine-pride-parade-majav\\\/\"},\"wordCount\":519,\"commentCount\":0,\"publisher\":{\"@id\":\"https:\\\/\\\/buod.de\\\/#organization\"},\"image\":{\"@id\":\"https:\\\/\\\/buod.de\\\/ungarn-ukraine-pride-parade-majav\\\/#primaryimage\"},\"thumbnailUrl\":\"https:\\\/\\\/buod.de\\\/wp-content\\\/uploads\\\/2025\\\/07\\\/Screenshot-2025-06-30-140225-1024x533.jpg\",\"keywords\":[\"2025\"],\"articleSection\":[\"H\u00edrek\"],\"inLanguage\":\"de-DE\",\"potentialAction\":[{\"@type\":\"CommentAction\",\"name\":\"Comment\",\"target\":[\"https:\\\/\\\/buod.de\\\/ungarn-ukraine-pride-parade-majav\\\/#respond\"]}]},{\"@type\":\"WebPage\",\"@id\":\"https:\\\/\\\/buod.de\\\/ungarn-ukraine-pride-parade-majav\\\/\",\"url\":\"https:\\\/\\\/buod.de\\\/ungarn-ukraine-pride-parade-majav\\\/\",\"name\":\"Ungarn + Ukraine, \\\"Pride-Parade\\\", \\\"Maja\\\"v - BUOD\",\"isPartOf\":{\"@id\":\"https:\\\/\\\/buod.de\\\/#website\"},\"primaryImageOfPage\":{\"@id\":\"https:\\\/\\\/buod.de\\\/ungarn-ukraine-pride-parade-majav\\\/#primaryimage\"},\"image\":{\"@id\":\"https:\\\/\\\/buod.de\\\/ungarn-ukraine-pride-parade-majav\\\/#primaryimage\"},\"thumbnailUrl\":\"https:\\\/\\\/buod.de\\\/wp-content\\\/uploads\\\/2025\\\/07\\\/Screenshot-2025-06-30-140225-1024x533.jpg\",\"datePublished\":\"2025-07-07T12:30:30+00:00\",\"dateModified\":\"2025-07-10T12:32:01+00:00\",\"breadcrumb\":{\"@id\":\"https:\\\/\\\/buod.de\\\/ungarn-ukraine-pride-parade-majav\\\/#breadcrumb\"},\"inLanguage\":\"de-DE\",\"potentialAction\":[{\"@type\":\"ReadAction\",\"target\":[\"https:\\\/\\\/buod.de\\\/ungarn-ukraine-pride-parade-majav\\\/\"]}]},{\"@type\":\"ImageObject\",\"inLanguage\":\"de-DE\",\"@id\":\"https:\\\/\\\/buod.de\\\/ungarn-ukraine-pride-parade-majav\\\/#primaryimage\",\"url\":\"https:\\\/\\\/buod.de\\\/wp-content\\\/uploads\\\/2025\\\/07\\\/Screenshot-2025-06-30-140225-1024x533.jpg\",\"contentUrl\":\"https:\\\/\\\/buod.de\\\/wp-content\\\/uploads\\\/2025\\\/07\\\/Screenshot-2025-06-30-140225-1024x533.jpg\"},{\"@type\":\"BreadcrumbList\",\"@id\":\"https:\\\/\\\/buod.de\\\/ungarn-ukraine-pride-parade-majav\\\/#breadcrumb\",\"itemListElement\":[{\"@type\":\"ListItem\",\"position\":1,\"name\":\"Kezd\u0151lap\",\"item\":\"https:\\\/\\\/buod.de\\\/\"},{\"@type\":\"ListItem\",\"position\":2,\"name\":\"Ungarn + Ukraine, &#8222;Pride-Parade&#8221;, &#8222;Maja&#8221;v\"}]},{\"@type\":\"WebSite\",\"@id\":\"https:\\\/\\\/buod.de\\\/#website\",\"url\":\"https:\\\/\\\/buod.de\\\/\",\"name\":\"BUOD\",\"description\":\"Bund Ungarischer Organisationen in Deutschland\",\"publisher\":{\"@id\":\"https:\\\/\\\/buod.de\\\/#organization\"},\"potentialAction\":[{\"@type\":\"SearchAction\",\"target\":{\"@type\":\"EntryPoint\",\"urlTemplate\":\"https:\\\/\\\/buod.de\\\/?s={search_term_string}\"},\"query-input\":{\"@type\":\"PropertyValueSpecification\",\"valueRequired\":true,\"valueName\":\"search_term_string\"}}],\"inLanguage\":\"de-DE\"},{\"@type\":\"Organization\",\"@id\":\"https:\\\/\\\/buod.de\\\/#organization\",\"name\":\"BUOD\",\"url\":\"https:\\\/\\\/buod.de\\\/\",\"logo\":{\"@type\":\"ImageObject\",\"inLanguage\":\"de-DE\",\"@id\":\"https:\\\/\\\/buod.de\\\/#\\\/schema\\\/logo\\\/image\\\/\",\"url\":\"https:\\\/\\\/buod.de\\\/wp-content\\\/uploads\\\/2024\\\/03\\\/BUOD-logo.png\",\"contentUrl\":\"https:\\\/\\\/buod.de\\\/wp-content\\\/uploads\\\/2024\\\/03\\\/BUOD-logo.png\",\"width\":586,\"height\":490,\"caption\":\"BUOD\"},\"image\":{\"@id\":\"https:\\\/\\\/buod.de\\\/#\\\/schema\\\/logo\\\/image\\\/\"},\"sameAs\":[\"https:\\\/\\\/www.facebook.com\\\/profile.php?id=100082185652397\"]},{\"@type\":\"Person\",\"@id\":\"https:\\\/\\\/buod.de\\\/#\\\/schema\\\/person\\\/8332a3e63b017fea8fcd17e9c0f96bf1\",\"name\":\"Gery V\u00e1rkonyi\",\"image\":{\"@type\":\"ImageObject\",\"inLanguage\":\"de-DE\",\"@id\":\"https:\\\/\\\/secure.gravatar.com\\\/avatar\\\/c1babe7dc68f065be4ec606c522172804715398688c78c6fffca3888b364e934?s=96&d=mm&r=g\",\"url\":\"https:\\\/\\\/secure.gravatar.com\\\/avatar\\\/c1babe7dc68f065be4ec606c522172804715398688c78c6fffca3888b364e934?s=96&d=mm&r=g\",\"contentUrl\":\"https:\\\/\\\/secure.gravatar.com\\\/avatar\\\/c1babe7dc68f065be4ec606c522172804715398688c78c6fffca3888b364e934?s=96&d=mm&r=g\",\"caption\":\"Gery V\u00e1rkonyi\"},\"url\":\"https:\\\/\\\/buod.de\\\/de\\\/author\\\/geryvarkonyi\\\/\"}]}<\/script>\n<!-- \/ Yoast SEO plugin. -->","yoast_head_json":{"title":"Ungarn + Ukraine, \"Pride-Parade\", \"Maja\"v - BUOD","robots":{"index":"index","follow":"follow","max-snippet":"max-snippet:-1","max-image-preview":"max-image-preview:large","max-video-preview":"max-video-preview:-1"},"canonical":"https:\/\/buod.de\/de\/ungarn-ukraine-pride-parade-majav\/","og_locale":"de_DE","og_type":"article","og_title":"Ungarn + Ukraine, \"Pride-Parade\", \"Maja\"v - BUOD","og_description":"An die Mitglieder und Freunde der Deutsch-Ungarischen Gesellschaft in der Bundesrepublik Deutschland e.V. Sehr geehrte Damen und Herren, in den letzten Tagen war Ungarn wieder einmal in mehrfacher Hinsicht Thema in den deutschen Medien. Dazu m\u00f6chte ich Ihnen gerne einige Hinweise geben. Bei einer sogenannten nationalen Konsultation &#8211; einer Volksbefragung ohne rechtliche Bindungswirkung &#8211; haben&nbsp;2,285 [&hellip;]","og_url":"https:\/\/buod.de\/de\/ungarn-ukraine-pride-parade-majav\/","og_site_name":"BUOD","article_publisher":"https:\/\/www.facebook.com\/profile.php?id=100082185652397","article_published_time":"2025-07-07T12:30:30+00:00","article_modified_time":"2025-07-10T12:32:01+00:00","og_image":[{"width":1210,"height":630,"url":"https:\/\/buod.de\/wp-content\/uploads\/2025\/07\/Screenshot-2025-06-30-140225.jpg","type":"image\/jpeg"}],"author":"Gery V\u00e1rkonyi","twitter_card":"summary_large_image","twitter_misc":{"Written by":"Gery V\u00e1rkonyi","Est. reading time":"3 minutes"},"schema":{"@context":"https:\/\/schema.org","@graph":[{"@type":"Article","@id":"https:\/\/buod.de\/ungarn-ukraine-pride-parade-majav\/#article","isPartOf":{"@id":"https:\/\/buod.de\/ungarn-ukraine-pride-parade-majav\/"},"author":{"name":"Gery V\u00e1rkonyi","@id":"https:\/\/buod.de\/#\/schema\/person\/8332a3e63b017fea8fcd17e9c0f96bf1"},"headline":"Ungarn + Ukraine, &#8222;Pride-Parade&#8221;, &#8222;Maja&#8221;v","datePublished":"2025-07-07T12:30:30+00:00","dateModified":"2025-07-10T12:32:01+00:00","mainEntityOfPage":{"@id":"https:\/\/buod.de\/ungarn-ukraine-pride-parade-majav\/"},"wordCount":519,"commentCount":0,"publisher":{"@id":"https:\/\/buod.de\/#organization"},"image":{"@id":"https:\/\/buod.de\/ungarn-ukraine-pride-parade-majav\/#primaryimage"},"thumbnailUrl":"https:\/\/buod.de\/wp-content\/uploads\/2025\/07\/Screenshot-2025-06-30-140225-1024x533.jpg","keywords":["2025"],"articleSection":["H\u00edrek"],"inLanguage":"de-DE","potentialAction":[{"@type":"CommentAction","name":"Comment","target":["https:\/\/buod.de\/ungarn-ukraine-pride-parade-majav\/#respond"]}]},{"@type":"WebPage","@id":"https:\/\/buod.de\/ungarn-ukraine-pride-parade-majav\/","url":"https:\/\/buod.de\/ungarn-ukraine-pride-parade-majav\/","name":"Ungarn + Ukraine, \"Pride-Parade\", \"Maja\"v - BUOD","isPartOf":{"@id":"https:\/\/buod.de\/#website"},"primaryImageOfPage":{"@id":"https:\/\/buod.de\/ungarn-ukraine-pride-parade-majav\/#primaryimage"},"image":{"@id":"https:\/\/buod.de\/ungarn-ukraine-pride-parade-majav\/#primaryimage"},"thumbnailUrl":"https:\/\/buod.de\/wp-content\/uploads\/2025\/07\/Screenshot-2025-06-30-140225-1024x533.jpg","datePublished":"2025-07-07T12:30:30+00:00","dateModified":"2025-07-10T12:32:01+00:00","breadcrumb":{"@id":"https:\/\/buod.de\/ungarn-ukraine-pride-parade-majav\/#breadcrumb"},"inLanguage":"de-DE","potentialAction":[{"@type":"ReadAction","target":["https:\/\/buod.de\/ungarn-ukraine-pride-parade-majav\/"]}]},{"@type":"ImageObject","inLanguage":"de-DE","@id":"https:\/\/buod.de\/ungarn-ukraine-pride-parade-majav\/#primaryimage","url":"https:\/\/buod.de\/wp-content\/uploads\/2025\/07\/Screenshot-2025-06-30-140225-1024x533.jpg","contentUrl":"https:\/\/buod.de\/wp-content\/uploads\/2025\/07\/Screenshot-2025-06-30-140225-1024x533.jpg"},{"@type":"BreadcrumbList","@id":"https:\/\/buod.de\/ungarn-ukraine-pride-parade-majav\/#breadcrumb","itemListElement":[{"@type":"ListItem","position":1,"name":"Kezd\u0151lap","item":"https:\/\/buod.de\/"},{"@type":"ListItem","position":2,"name":"Ungarn + Ukraine, &#8222;Pride-Parade&#8221;, &#8222;Maja&#8221;v"}]},{"@type":"WebSite","@id":"https:\/\/buod.de\/#website","url":"https:\/\/buod.de\/","name":"BUOD","description":"Bund Ungarischer Organisationen in Deutschland","publisher":{"@id":"https:\/\/buod.de\/#organization"},"potentialAction":[{"@type":"SearchAction","target":{"@type":"EntryPoint","urlTemplate":"https:\/\/buod.de\/?s={search_term_string}"},"query-input":{"@type":"PropertyValueSpecification","valueRequired":true,"valueName":"search_term_string"}}],"inLanguage":"de-DE"},{"@type":"Organization","@id":"https:\/\/buod.de\/#organization","name":"BUOD","url":"https:\/\/buod.de\/","logo":{"@type":"ImageObject","inLanguage":"de-DE","@id":"https:\/\/buod.de\/#\/schema\/logo\/image\/","url":"https:\/\/buod.de\/wp-content\/uploads\/2024\/03\/BUOD-logo.png","contentUrl":"https:\/\/buod.de\/wp-content\/uploads\/2024\/03\/BUOD-logo.png","width":586,"height":490,"caption":"BUOD"},"image":{"@id":"https:\/\/buod.de\/#\/schema\/logo\/image\/"},"sameAs":["https:\/\/www.facebook.com\/profile.php?id=100082185652397"]},{"@type":"Person","@id":"https:\/\/buod.de\/#\/schema\/person\/8332a3e63b017fea8fcd17e9c0f96bf1","name":"Gery V\u00e1rkonyi","image":{"@type":"ImageObject","inLanguage":"de-DE","@id":"https:\/\/secure.gravatar.com\/avatar\/c1babe7dc68f065be4ec606c522172804715398688c78c6fffca3888b364e934?s=96&d=mm&r=g","url":"https:\/\/secure.gravatar.com\/avatar\/c1babe7dc68f065be4ec606c522172804715398688c78c6fffca3888b364e934?s=96&d=mm&r=g","contentUrl":"https:\/\/secure.gravatar.com\/avatar\/c1babe7dc68f065be4ec606c522172804715398688c78c6fffca3888b364e934?s=96&d=mm&r=g","caption":"Gery V\u00e1rkonyi"},"url":"https:\/\/buod.de\/de\/author\/geryvarkonyi\/"}]}},"_links":{"self":[{"href":"https:\/\/buod.de\/de\/wp-json\/wp\/v2\/posts\/10382","targetHints":{"allow":["GET"]}}],"collection":[{"href":"https:\/\/buod.de\/de\/wp-json\/wp\/v2\/posts"}],"about":[{"href":"https:\/\/buod.de\/de\/wp-json\/wp\/v2\/types\/post"}],"author":[{"embeddable":true,"href":"https:\/\/buod.de\/de\/wp-json\/wp\/v2\/users\/4"}],"replies":[{"embeddable":true,"href":"https:\/\/buod.de\/de\/wp-json\/wp\/v2\/comments?post=10382"}],"version-history":[{"count":1,"href":"https:\/\/buod.de\/de\/wp-json\/wp\/v2\/posts\/10382\/revisions"}],"predecessor-version":[{"id":10385,"href":"https:\/\/buod.de\/de\/wp-json\/wp\/v2\/posts\/10382\/revisions\/10385"}],"wp:attachment":[{"href":"https:\/\/buod.de\/de\/wp-json\/wp\/v2\/media?parent=10382"}],"wp:term":[{"taxonomy":"category","embeddable":true,"href":"https:\/\/buod.de\/de\/wp-json\/wp\/v2\/categories?post=10382"},{"taxonomy":"post_tag","embeddable":true,"href":"https:\/\/buod.de\/de\/wp-json\/wp\/v2\/tags?post=10382"}],"curies":[{"name":"wp","href":"https:\/\/api.w.org\/{rel}","templated":true}]}}