{"id":10386,"date":"2025-06-28T14:36:26","date_gmt":"2025-06-28T12:36:26","guid":{"rendered":"https:\/\/buod.de\/?p=10386"},"modified":"2025-07-10T14:41:38","modified_gmt":"2025-07-10T12:41:38","slug":"bemutatkozas","status":"publish","type":"post","link":"https:\/\/buod.de\/de\/bemutatkozas\/","title":{"rendered":"Bemutatkoz\u00e1s"},"content":{"rendered":"<p><strong>Tisztelt Eln\u00f6k \u00dar,<br>Kedves Mindny\u00e1jan,<\/strong><\/p>\n\n\n\n<p>el\u0151sz\u00f6r is szeretn\u00e9m sz\u00edvb\u0151l megk\u00f6sz\u00f6nni Korn\u00e9lnak, hogy lehet\u0151s\u00e9get kaptam csatlakozni ehhez a k\u00f6z\u00f6ss\u00e9ghez. Nagy \u00f6r\u00f6m sz\u00e1momra, hogy bemutatkozhatom \u00d6n\u00f6knek, \u00e9s p\u00e1r sz\u00f3ban mes\u00e9lhetek arr\u00f3l, mivel is foglalkozom \u2013 \u00e9s hogyan pr\u00f3b\u00e1ljuk seg\u00edteni a N\u00e9metorsz\u00e1gban \u00e9l\u0151 magyarokat.<\/p>\n\n\n\n<p>Engedj\u00e9k meg, hogy bemutassam az \u00e1ltalunk l\u00e9trehozott&nbsp;<strong>iranytunemetorszag.de<\/strong>&nbsp;inform\u00e1ci\u00f3s port\u00e1lt, amelyet azzal a c\u00e9llal hoztunk l\u00e9tre, hogy&nbsp;<strong>k\u00e9zzel foghat\u00f3 seg\u00edts\u00e9get ny\u00fajtsunk a kint \u00e9l\u0151 magyaroknak a n\u00e9metorsz\u00e1gi mindennapokban<\/strong>.<br>A honlapon&nbsp;<strong>rendszeresen friss\u00fcl\u0151, k\u00f6nnyen \u00e9rthet\u0151 cikkek<\/strong>&nbsp;tal\u00e1lhat\u00f3k olyan fontos t\u00e9m\u00e1kban, mint p\u00e9ld\u00e1ul lakhat\u00e1s, \u00fcgyint\u00e9z\u00e9s, p\u00e9nz\u00fcgyek, biztos\u00edt\u00e1s, eg\u00e9szs\u00e9g, csal\u00e1di t\u00e1mogat\u00e1sok stb.<\/p>\n\n\n\n<p>Emellett&nbsp;<strong>magyar v\u00e1llalkoz\u00f3k \u00e9s szervezetek is bemutatkozhatnak n\u00e1lunk<\/strong>, \u00edgy \u00e9p\u00edtve egy \u00e9l\u0151, akt\u00edv magyar k\u00f6z\u00f6ss\u00e9get.<br>K\u00fcl\u00f6n szeretn\u00e9m kiemelni, hogy b\u00e1rki&nbsp;<strong>teljesen d\u00edjmentesen t\u00f6ltheti fel magyar vonatkoz\u00e1s\u00fa rendezv\u00e9nyeit, programjait<\/strong>&nbsp;az oldalra, hogy m\u00e9g t\u00f6bb honfit\u00e1rsunkhoz eljusson ( itt lehet felt\u00f6lteni:&nbsp;<a><\/a><a href=\"https:\/\/iranytunemetorszagban.de\/program-bekuldes\/\">https:\/\/iranytunemetorszagban.de\/program-bekuldes\/<\/a>).<\/p>\n\n\n\n<p>Nagy \u00f6r\u00f6m sz\u00e1munkra, hogy az oldal l\u00e1togatotts\u00e1ga&nbsp;<strong>m\u00e1r el\u00e9ri a havi 30 000 kattint\u00e1st<\/strong>, ami azt jelzi, hogy val\u00f3ban van ig\u00e9ny egy ilyen ir\u00e1nyt\u0171re \u2013 egy \u00fatmutat\u00f3ra a n\u00e9metorsz\u00e1gi \u00e9lethez.<\/p>\n\n\n\n<p>Most pedig engedj\u00e9k meg, hogy p\u00e1r mondatban magamr\u00f3l is \u00edrjak:<br><strong>Vid\u00e1n\u00e9 Dr. Ronyecz Ildik\u00f3 vagyok<\/strong>, t\u00f6bb mint 3 \u00e9ve foglalkozom&nbsp;<strong>p\u00e9nz\u00fcgyekkel<\/strong>, \u00e9s t\u00f6bb mint 9 \u00e9ve \u00e9lek N\u00e9metorsz\u00e1gban.<br>Tev\u00e9kenys\u00e9gem k\u00f6z\u00e9ppontj\u00e1ban a&nbsp;<strong>biztos\u00edt\u00e1si v\u00e9delem (pl. felel\u0151ss\u00e9g-, \u00e9let- \u00e9s jogi biztos\u00edt\u00e1sok), valamint a tudatos megtakar\u00edt\u00e1s<\/strong>&nbsp;\u00e1ll \u2013 olyan ter\u00fcletek, melyek sajnos m\u00e9g mindig sokak sz\u00e1m\u00e1ra zavarosak vagy elhanyagoltak.<\/p>\n\n\n\n<p>\u00c9n viszont \u00e9pp ebben tudok seg\u00edteni:&nbsp;<strong>egy\u00e9rtelm\u0171, bar\u00e1ts\u00e1gos, magyar nyelv\u0171 tan\u00e1csad\u00e1ssal, amely sor\u00e1n k\u00f6z\u00f6sen megtal\u00e1ljuk a legjobb megold\u00e1sokat<\/strong>&nbsp;\u2013 legyen sz\u00f3 ak\u00e1r egy okosan fel\u00e9p\u00edtett megtakar\u00edt\u00e1sr\u00f3l, ak\u00e1r egy val\u00f3ban sz\u00fcks\u00e9ges biztos\u00edt\u00e1sr\u00f3l.<\/p>\n\n\n\n<p>A mai gyorsan v\u00e1ltoz\u00f3 vil\u00e1gban egyre fontosabb, hogy&nbsp;<strong>ne csak a jelenre, hanem a j\u00f6v\u0151nkre is gondoljunk<\/strong>&nbsp;\u2013 hiszen v\u00e1ratlan helyzetek b\u00e1rmikor ad\u00f3dhatnak, \u00e9s a biztons\u00e1gos h\u00e1tt\u00e9r nem mag\u00e1t\u00f3l \u00e9rtet\u0151d\u0151.<\/p>\n\n\n\n<p>Nem c\u00e9lom eladni b\u00e1rmit \u2013&nbsp;<strong>sokkal ink\u00e1bb egy hossz\u00fa t\u00e1v\u00fa, bizalmon alapul\u00f3 kapcsolat kialak\u00edt\u00e1s\u00e1ra t\u00f6rekszem<\/strong>, ahol \u00d6n \/\u00d6n\u00f6k\/Ti biztons\u00e1gban \u00e9rezhetitek magatokat, \u00e9s tudj\u00e1k: van kihez fordulni.<\/p>\n\n\n\n<p>Ha szeretn\u00e9 \u00e1tn\u00e9zetni megl\u00e9v\u0151 szerz\u0151d\u00e9seit, ha k\u00edv\u00e1ncsi, mire lenne val\u00f3ban sz\u00fcks\u00e9ge, vagy ha csak szeretne tiszt\u00e1n l\u00e1tni a n\u00e9met p\u00e9nz\u00fcgyek vil\u00e1g\u00e1ban,&nbsp;<strong>keressen bizalommal \u2013 sz\u00edvesen seg\u00edtek.<\/strong><br>A tan\u00e1csad\u00e1som term\u00e9szetesen&nbsp;<strong>ingyenes \u00e9s k\u00f6telezetts\u00e9gmentes<\/strong>&nbsp;\u2013 \u00e9s ak\u00e1r m\u00e1r egy besz\u00e9lget\u00e9ssel sok kellemetlens\u00e9gt\u0151l vagy felesleges kiad\u00e1st\u00f3l k\u00edm\u00e9lheti meg mag\u00e1t.<\/p>\n\n\n\n<p>\ud83d\udce9 V\u00e1rom megkeres\u00e9s\u00e9t, ak\u00e1r k\u00e9rd\u00e9se, ak\u00e1r csak k\u00edv\u00e1ncsis\u00e1ga van \u2013&nbsp;<strong>seg\u00edteni \u00f6r\u00f6m sz\u00e1momra.<\/strong><\/p>\n\n\n\n<p><strong>El\u00e9rhet\u0151s\u00e9geim:<\/strong><\/p>\n\n\n\n<p>\ud83d\udcde Telefon: +49 173 3609047<br>\ud83d\udce7 E-mail: ildiko@iranytunemetorszagban<br>\ud83c\udf10 Weboldal:&nbsp;<a href=\"https:\/\/iranytunemetorszag.de\/\">https:\/\/iranytunemetorszag.de<\/a><br>\ud83d\udcf1 Facebook:&nbsp;<a href=\"https:\/\/www.facebook.com\/iranytuapenzugyekben\">https:\/\/www.facebook.com\/iranytuapenzugyekben<\/a><\/p>\n\n\n\n<p>\u00dcdv\u00f6zlettel \u00e9s bar\u00e1ts\u00e1ggal:<\/p>\n\n\n\n<p><strong>Vid\u00e1n\u00e9 Dr. Ronyecz Ildik\u00f3<\/strong><\/p>\n\n\n\n<figure class=\"wp-block-gallery has-nested-images columns-default is-cropped wp-block-gallery-1 is-layout-flex wp-block-gallery-is-layout-flex\">\n<figure data-wp-context=\"{&quot;imageId&quot;:&quot;69f5bf504d5b9&quot;}\" data-wp-interactive=\"core\/image\" data-wp-key=\"69f5bf504d5b9\" class=\"wp-block-image size-large wp-lightbox-container\"><img loading=\"lazy\" decoding=\"async\" width=\"724\" height=\"1024\" data-wp-class--hide=\"state.isContentHidden\" data-wp-class--show=\"state.isContentVisible\" data-wp-init=\"callbacks.setButtonStyles\" data-wp-on--click=\"actions.showLightbox\" data-wp-on--load=\"callbacks.setButtonStyles\" data-wp-on-window--resize=\"callbacks.setButtonStyles\" data-id=\"10388\" src=\"https:\/\/buod.de\/wp-content\/uploads\/2025\/07\/49-173-3609047-724x1024.png\" alt=\"\" class=\"wp-image-10388\" srcset=\"https:\/\/buod.de\/wp-content\/uploads\/2025\/07\/49-173-3609047-724x1024.png 724w, https:\/\/buod.de\/wp-content\/uploads\/2025\/07\/49-173-3609047-212x300.png 212w, https:\/\/buod.de\/wp-content\/uploads\/2025\/07\/49-173-3609047-768x1086.png 768w, https:\/\/buod.de\/wp-content\/uploads\/2025\/07\/49-173-3609047-1086x1536.png 1086w, https:\/\/buod.de\/wp-content\/uploads\/2025\/07\/49-173-3609047-8x12.png 8w, https:\/\/buod.de\/wp-content\/uploads\/2025\/07\/49-173-3609047.png 1414w\" sizes=\"auto, (max-width: 724px) 100vw, 724px\" \/><button\n\t\t\tclass=\"lightbox-trigger\"\n\t\t\ttype=\"button\"\n\t\t\taria-haspopup=\"dialog\"\n\t\t\taria-label=\"Enlarge\"\n\t\t\tdata-wp-init=\"callbacks.initTriggerButton\"\n\t\t\tdata-wp-on--click=\"actions.showLightbox\"\n\t\t\tdata-wp-style--right=\"state.imageButtonRight\"\n\t\t\tdata-wp-style--top=\"state.imageButtonTop\"\n\t\t>\n\t\t\t<svg xmlns=\"http:\/\/www.w3.org\/2000\/svg\" width=\"12\" height=\"12\" fill=\"none\" viewbox=\"0 0 12 12\">\n\t\t\t\t<path fill=\"#fff\" d=\"M2 0a2 2 0 0 0-2 2v2h1.5V2a.5.5 0 0 1 .5-.5h2V0H2Zm2 10.5H2a.5.5 0 0 1-.5-.5V8H0v2a2 2 0 0 0 2 2h2v-1.5ZM8 12v-1.5h2a.5.5 0 0 0 .5-.5V8H12v2a2 2 0 0 1-2 2H8Zm2-12a2 2 0 0 1 2 2v2h-1.5V2a.5.5 0 0 0-.5-.5H8V0h2Z\" \/>\n\t\t\t<\/svg>\n\t\t<\/button><\/figure>\n\n\n\n<figure data-wp-context=\"{&quot;imageId&quot;:&quot;69f5bf504e3d6&quot;}\" data-wp-interactive=\"core\/image\" data-wp-key=\"69f5bf504e3d6\" class=\"wp-block-image size-large wp-lightbox-container\"><img loading=\"lazy\" decoding=\"async\" width=\"724\" height=\"1024\" data-wp-class--hide=\"state.isContentHidden\" data-wp-class--show=\"state.isContentVisible\" data-wp-init=\"callbacks.setButtonStyles\" data-wp-on--click=\"actions.showLightbox\" data-wp-on--load=\"callbacks.setButtonStyles\" data-wp-on-window--resize=\"callbacks.setButtonStyles\" data-id=\"10387\" src=\"https:\/\/buod.de\/wp-content\/uploads\/2025\/07\/miert-velem-beszeld-at-penzugyeidet-724x1024.png\" alt=\"\" class=\"wp-image-10387\" srcset=\"https:\/\/buod.de\/wp-content\/uploads\/2025\/07\/miert-velem-beszeld-at-penzugyeidet-724x1024.png 724w, https:\/\/buod.de\/wp-content\/uploads\/2025\/07\/miert-velem-beszeld-at-penzugyeidet-212x300.png 212w, https:\/\/buod.de\/wp-content\/uploads\/2025\/07\/miert-velem-beszeld-at-penzugyeidet-768x1086.png 768w, https:\/\/buod.de\/wp-content\/uploads\/2025\/07\/miert-velem-beszeld-at-penzugyeidet-1086x1536.png 1086w, https:\/\/buod.de\/wp-content\/uploads\/2025\/07\/miert-velem-beszeld-at-penzugyeidet-8x12.png 8w, https:\/\/buod.de\/wp-content\/uploads\/2025\/07\/miert-velem-beszeld-at-penzugyeidet.png 1414w\" sizes=\"auto, (max-width: 724px) 100vw, 724px\" \/><button\n\t\t\tclass=\"lightbox-trigger\"\n\t\t\ttype=\"button\"\n\t\t\taria-haspopup=\"dialog\"\n\t\t\taria-label=\"Enlarge\"\n\t\t\tdata-wp-init=\"callbacks.initTriggerButton\"\n\t\t\tdata-wp-on--click=\"actions.showLightbox\"\n\t\t\tdata-wp-style--right=\"state.imageButtonRight\"\n\t\t\tdata-wp-style--top=\"state.imageButtonTop\"\n\t\t>\n\t\t\t<svg xmlns=\"http:\/\/www.w3.org\/2000\/svg\" width=\"12\" height=\"12\" fill=\"none\" viewbox=\"0 0 12 12\">\n\t\t\t\t<path fill=\"#fff\" d=\"M2 0a2 2 0 0 0-2 2v2h1.5V2a.5.5 0 0 1 .5-.5h2V0H2Zm2 10.5H2a.5.5 0 0 1-.5-.5V8H0v2a2 2 0 0 0 2 2h2v-1.5ZM8 12v-1.5h2a.5.5 0 0 0 .5-.5V8H12v2a2 2 0 0 1-2 2H8Zm2-12a2 2 0 0 1 2 2v2h-1.5V2a.5.5 0 0 0-.5-.5H8V0h2Z\" \/>\n\t\t\t<\/svg>\n\t\t<\/button><\/figure>\n<\/figure>","protected":false},"excerpt":{"rendered":"<p>Tisztelt Eln\u00f6k \u00dar,Kedves Mindny\u00e1jan, el\u0151sz\u00f6r is szeretn\u00e9m sz\u00edvb\u0151l megk\u00f6sz\u00f6nni Korn\u00e9lnak, hogy lehet\u0151s\u00e9get kaptam csatlakozni ehhez a k\u00f6z\u00f6ss\u00e9ghez. Nagy \u00f6r\u00f6m sz\u00e1momra, hogy bemutatkozhatom \u00d6n\u00f6knek, \u00e9s p\u00e1r sz\u00f3ban mes\u00e9lhetek arr\u00f3l, mivel is foglalkozom \u2013 \u00e9s hogyan pr\u00f3b\u00e1ljuk seg\u00edteni a N\u00e9metorsz\u00e1gban \u00e9l\u0151 magyarokat. Engedj\u00e9k meg, hogy bemutassam az \u00e1ltalunk l\u00e9trehozott&nbsp;iranytunemetorszag.de&nbsp;inform\u00e1ci\u00f3s port\u00e1lt, amelyet azzal a c\u00e9llal hoztunk l\u00e9tre, hogy&nbsp;k\u00e9zzel [&hellip;]<\/p>\n","protected":false},"author":4,"featured_media":0,"comment_status":"open","ping_status":"open","sticky":false,"template":"","format":"standard","meta":{"footnotes":""},"categories":[17],"tags":[23],"class_list":["post-10386","post","type-post","status-publish","format-standard","hentry","category-hirek","tag-23"],"yoast_head":"<!-- This site is optimized with the Yoast SEO plugin v27.5 - https:\/\/yoast.com\/product\/yoast-seo-wordpress\/ -->\n<title>Bemutatkoz\u00e1s - BUOD<\/title>\n<meta name=\"robots\" content=\"index, follow, max-snippet:-1, max-image-preview:large, max-video-preview:-1\" \/>\n<link rel=\"canonical\" href=\"https:\/\/buod.de\/de\/bemutatkozas\/\" \/>\n<meta property=\"og:locale\" content=\"de_DE\" \/>\n<meta property=\"og:type\" content=\"article\" \/>\n<meta property=\"og:title\" content=\"Bemutatkoz\u00e1s - BUOD\" \/>\n<meta property=\"og:description\" content=\"Tisztelt Eln\u00f6k \u00dar,Kedves Mindny\u00e1jan, el\u0151sz\u00f6r is szeretn\u00e9m sz\u00edvb\u0151l megk\u00f6sz\u00f6nni Korn\u00e9lnak, hogy lehet\u0151s\u00e9get kaptam csatlakozni ehhez a k\u00f6z\u00f6ss\u00e9ghez. Nagy \u00f6r\u00f6m sz\u00e1momra, hogy bemutatkozhatom \u00d6n\u00f6knek, \u00e9s p\u00e1r sz\u00f3ban mes\u00e9lhetek arr\u00f3l, mivel is foglalkozom \u2013 \u00e9s hogyan pr\u00f3b\u00e1ljuk seg\u00edteni a N\u00e9metorsz\u00e1gban \u00e9l\u0151 magyarokat. Engedj\u00e9k meg, hogy bemutassam az \u00e1ltalunk l\u00e9trehozott&nbsp;iranytunemetorszag.de&nbsp;inform\u00e1ci\u00f3s port\u00e1lt, amelyet azzal a c\u00e9llal hoztunk l\u00e9tre, hogy&nbsp;k\u00e9zzel [&hellip;]\" \/>\n<meta property=\"og:url\" content=\"https:\/\/buod.de\/de\/bemutatkozas\/\" \/>\n<meta property=\"og:site_name\" content=\"BUOD\" \/>\n<meta property=\"article:publisher\" content=\"https:\/\/www.facebook.com\/profile.php?id=100082185652397\" \/>\n<meta property=\"article:published_time\" content=\"2025-06-28T12:36:26+00:00\" \/>\n<meta property=\"article:modified_time\" content=\"2025-07-10T12:41:38+00:00\" \/>\n<meta property=\"og:image\" content=\"https:\/\/buod.de\/wp-content\/uploads\/2025\/07\/49-173-3609047.png\" \/>\n\t<meta property=\"og:image:width\" content=\"1414\" \/>\n\t<meta property=\"og:image:height\" content=\"2000\" \/>\n\t<meta property=\"og:image:type\" content=\"image\/png\" \/>\n<meta name=\"author\" content=\"Gery V\u00e1rkonyi\" \/>\n<meta name=\"twitter:card\" content=\"summary_large_image\" \/>\n<meta name=\"twitter:label1\" content=\"Written by\" \/>\n\t<meta name=\"twitter:data1\" content=\"Gery V\u00e1rkonyi\" \/>\n\t<meta name=\"twitter:label2\" content=\"Est. reading time\" \/>\n\t<meta name=\"twitter:data2\" content=\"3 minutes\" \/>\n<script type=\"application\/ld+json\" class=\"yoast-schema-graph\">{\"@context\":\"https:\\\/\\\/schema.org\",\"@graph\":[{\"@type\":\"Article\",\"@id\":\"https:\\\/\\\/buod.de\\\/bemutatkozas\\\/#article\",\"isPartOf\":{\"@id\":\"https:\\\/\\\/buod.de\\\/bemutatkozas\\\/\"},\"author\":{\"name\":\"Gery V\u00e1rkonyi\",\"@id\":\"https:\\\/\\\/buod.de\\\/#\\\/schema\\\/person\\\/8332a3e63b017fea8fcd17e9c0f96bf1\"},\"headline\":\"Bemutatkoz\u00e1s\",\"datePublished\":\"2025-06-28T12:36:26+00:00\",\"dateModified\":\"2025-07-10T12:41:38+00:00\",\"mainEntityOfPage\":{\"@id\":\"https:\\\/\\\/buod.de\\\/bemutatkozas\\\/\"},\"wordCount\":624,\"commentCount\":0,\"publisher\":{\"@id\":\"https:\\\/\\\/buod.de\\\/#organization\"},\"image\":{\"@id\":\"https:\\\/\\\/buod.de\\\/bemutatkozas\\\/#primaryimage\"},\"thumbnailUrl\":\"https:\\\/\\\/buod.de\\\/wp-content\\\/uploads\\\/2025\\\/07\\\/49-173-3609047-724x1024.png\",\"keywords\":[\"2025\"],\"articleSection\":[\"H\u00edrek\"],\"inLanguage\":\"de-DE\",\"potentialAction\":[{\"@type\":\"CommentAction\",\"name\":\"Comment\",\"target\":[\"https:\\\/\\\/buod.de\\\/bemutatkozas\\\/#respond\"]}]},{\"@type\":\"WebPage\",\"@id\":\"https:\\\/\\\/buod.de\\\/bemutatkozas\\\/\",\"url\":\"https:\\\/\\\/buod.de\\\/bemutatkozas\\\/\",\"name\":\"Bemutatkoz\u00e1s - BUOD\",\"isPartOf\":{\"@id\":\"https:\\\/\\\/buod.de\\\/#website\"},\"primaryImageOfPage\":{\"@id\":\"https:\\\/\\\/buod.de\\\/bemutatkozas\\\/#primaryimage\"},\"image\":{\"@id\":\"https:\\\/\\\/buod.de\\\/bemutatkozas\\\/#primaryimage\"},\"thumbnailUrl\":\"https:\\\/\\\/buod.de\\\/wp-content\\\/uploads\\\/2025\\\/07\\\/49-173-3609047-724x1024.png\",\"datePublished\":\"2025-06-28T12:36:26+00:00\",\"dateModified\":\"2025-07-10T12:41:38+00:00\",\"breadcrumb\":{\"@id\":\"https:\\\/\\\/buod.de\\\/bemutatkozas\\\/#breadcrumb\"},\"inLanguage\":\"de-DE\",\"potentialAction\":[{\"@type\":\"ReadAction\",\"target\":[\"https:\\\/\\\/buod.de\\\/bemutatkozas\\\/\"]}]},{\"@type\":\"ImageObject\",\"inLanguage\":\"de-DE\",\"@id\":\"https:\\\/\\\/buod.de\\\/bemutatkozas\\\/#primaryimage\",\"url\":\"https:\\\/\\\/buod.de\\\/wp-content\\\/uploads\\\/2025\\\/07\\\/49-173-3609047-724x1024.png\",\"contentUrl\":\"https:\\\/\\\/buod.de\\\/wp-content\\\/uploads\\\/2025\\\/07\\\/49-173-3609047-724x1024.png\"},{\"@type\":\"BreadcrumbList\",\"@id\":\"https:\\\/\\\/buod.de\\\/bemutatkozas\\\/#breadcrumb\",\"itemListElement\":[{\"@type\":\"ListItem\",\"position\":1,\"name\":\"Kezd\u0151lap\",\"item\":\"https:\\\/\\\/buod.de\\\/\"},{\"@type\":\"ListItem\",\"position\":2,\"name\":\"Bemutatkoz\u00e1s\"}]},{\"@type\":\"WebSite\",\"@id\":\"https:\\\/\\\/buod.de\\\/#website\",\"url\":\"https:\\\/\\\/buod.de\\\/\",\"name\":\"BUOD\",\"description\":\"Bund Ungarischer Organisationen in Deutschland\",\"publisher\":{\"@id\":\"https:\\\/\\\/buod.de\\\/#organization\"},\"potentialAction\":[{\"@type\":\"SearchAction\",\"target\":{\"@type\":\"EntryPoint\",\"urlTemplate\":\"https:\\\/\\\/buod.de\\\/?s={search_term_string}\"},\"query-input\":{\"@type\":\"PropertyValueSpecification\",\"valueRequired\":true,\"valueName\":\"search_term_string\"}}],\"inLanguage\":\"de-DE\"},{\"@type\":\"Organization\",\"@id\":\"https:\\\/\\\/buod.de\\\/#organization\",\"name\":\"BUOD\",\"url\":\"https:\\\/\\\/buod.de\\\/\",\"logo\":{\"@type\":\"ImageObject\",\"inLanguage\":\"de-DE\",\"@id\":\"https:\\\/\\\/buod.de\\\/#\\\/schema\\\/logo\\\/image\\\/\",\"url\":\"https:\\\/\\\/buod.de\\\/wp-content\\\/uploads\\\/2024\\\/03\\\/BUOD-logo.png\",\"contentUrl\":\"https:\\\/\\\/buod.de\\\/wp-content\\\/uploads\\\/2024\\\/03\\\/BUOD-logo.png\",\"width\":586,\"height\":490,\"caption\":\"BUOD\"},\"image\":{\"@id\":\"https:\\\/\\\/buod.de\\\/#\\\/schema\\\/logo\\\/image\\\/\"},\"sameAs\":[\"https:\\\/\\\/www.facebook.com\\\/profile.php?id=100082185652397\"]},{\"@type\":\"Person\",\"@id\":\"https:\\\/\\\/buod.de\\\/#\\\/schema\\\/person\\\/8332a3e63b017fea8fcd17e9c0f96bf1\",\"name\":\"Gery V\u00e1rkonyi\",\"image\":{\"@type\":\"ImageObject\",\"inLanguage\":\"de-DE\",\"@id\":\"https:\\\/\\\/secure.gravatar.com\\\/avatar\\\/c1babe7dc68f065be4ec606c522172804715398688c78c6fffca3888b364e934?s=96&d=mm&r=g\",\"url\":\"https:\\\/\\\/secure.gravatar.com\\\/avatar\\\/c1babe7dc68f065be4ec606c522172804715398688c78c6fffca3888b364e934?s=96&d=mm&r=g\",\"contentUrl\":\"https:\\\/\\\/secure.gravatar.com\\\/avatar\\\/c1babe7dc68f065be4ec606c522172804715398688c78c6fffca3888b364e934?s=96&d=mm&r=g\",\"caption\":\"Gery V\u00e1rkonyi\"},\"url\":\"https:\\\/\\\/buod.de\\\/de\\\/author\\\/geryvarkonyi\\\/\"}]}<\/script>\n<!-- \/ Yoast SEO plugin. -->","yoast_head_json":{"title":"Bemutatkoz\u00e1s - BUOD","robots":{"index":"index","follow":"follow","max-snippet":"max-snippet:-1","max-image-preview":"max-image-preview:large","max-video-preview":"max-video-preview:-1"},"canonical":"https:\/\/buod.de\/de\/bemutatkozas\/","og_locale":"de_DE","og_type":"article","og_title":"Bemutatkoz\u00e1s - BUOD","og_description":"Tisztelt Eln\u00f6k \u00dar,Kedves Mindny\u00e1jan, el\u0151sz\u00f6r is szeretn\u00e9m sz\u00edvb\u0151l megk\u00f6sz\u00f6nni Korn\u00e9lnak, hogy lehet\u0151s\u00e9get kaptam csatlakozni ehhez a k\u00f6z\u00f6ss\u00e9ghez. Nagy \u00f6r\u00f6m sz\u00e1momra, hogy bemutatkozhatom \u00d6n\u00f6knek, \u00e9s p\u00e1r sz\u00f3ban mes\u00e9lhetek arr\u00f3l, mivel is foglalkozom \u2013 \u00e9s hogyan pr\u00f3b\u00e1ljuk seg\u00edteni a N\u00e9metorsz\u00e1gban \u00e9l\u0151 magyarokat. Engedj\u00e9k meg, hogy bemutassam az \u00e1ltalunk l\u00e9trehozott&nbsp;iranytunemetorszag.de&nbsp;inform\u00e1ci\u00f3s port\u00e1lt, amelyet azzal a c\u00e9llal hoztunk l\u00e9tre, hogy&nbsp;k\u00e9zzel [&hellip;]","og_url":"https:\/\/buod.de\/de\/bemutatkozas\/","og_site_name":"BUOD","article_publisher":"https:\/\/www.facebook.com\/profile.php?id=100082185652397","article_published_time":"2025-06-28T12:36:26+00:00","article_modified_time":"2025-07-10T12:41:38+00:00","og_image":[{"width":1414,"height":2000,"url":"https:\/\/buod.de\/wp-content\/uploads\/2025\/07\/49-173-3609047.png","type":"image\/png"}],"author":"Gery V\u00e1rkonyi","twitter_card":"summary_large_image","twitter_misc":{"Written by":"Gery V\u00e1rkonyi","Est. reading time":"3 minutes"},"schema":{"@context":"https:\/\/schema.org","@graph":[{"@type":"Article","@id":"https:\/\/buod.de\/bemutatkozas\/#article","isPartOf":{"@id":"https:\/\/buod.de\/bemutatkozas\/"},"author":{"name":"Gery V\u00e1rkonyi","@id":"https:\/\/buod.de\/#\/schema\/person\/8332a3e63b017fea8fcd17e9c0f96bf1"},"headline":"Bemutatkoz\u00e1s","datePublished":"2025-06-28T12:36:26+00:00","dateModified":"2025-07-10T12:41:38+00:00","mainEntityOfPage":{"@id":"https:\/\/buod.de\/bemutatkozas\/"},"wordCount":624,"commentCount":0,"publisher":{"@id":"https:\/\/buod.de\/#organization"},"image":{"@id":"https:\/\/buod.de\/bemutatkozas\/#primaryimage"},"thumbnailUrl":"https:\/\/buod.de\/wp-content\/uploads\/2025\/07\/49-173-3609047-724x1024.png","keywords":["2025"],"articleSection":["H\u00edrek"],"inLanguage":"de-DE","potentialAction":[{"@type":"CommentAction","name":"Comment","target":["https:\/\/buod.de\/bemutatkozas\/#respond"]}]},{"@type":"WebPage","@id":"https:\/\/buod.de\/bemutatkozas\/","url":"https:\/\/buod.de\/bemutatkozas\/","name":"Bemutatkoz\u00e1s - BUOD","isPartOf":{"@id":"https:\/\/buod.de\/#website"},"primaryImageOfPage":{"@id":"https:\/\/buod.de\/bemutatkozas\/#primaryimage"},"image":{"@id":"https:\/\/buod.de\/bemutatkozas\/#primaryimage"},"thumbnailUrl":"https:\/\/buod.de\/wp-content\/uploads\/2025\/07\/49-173-3609047-724x1024.png","datePublished":"2025-06-28T12:36:26+00:00","dateModified":"2025-07-10T12:41:38+00:00","breadcrumb":{"@id":"https:\/\/buod.de\/bemutatkozas\/#breadcrumb"},"inLanguage":"de-DE","potentialAction":[{"@type":"ReadAction","target":["https:\/\/buod.de\/bemutatkozas\/"]}]},{"@type":"ImageObject","inLanguage":"de-DE","@id":"https:\/\/buod.de\/bemutatkozas\/#primaryimage","url":"https:\/\/buod.de\/wp-content\/uploads\/2025\/07\/49-173-3609047-724x1024.png","contentUrl":"https:\/\/buod.de\/wp-content\/uploads\/2025\/07\/49-173-3609047-724x1024.png"},{"@type":"BreadcrumbList","@id":"https:\/\/buod.de\/bemutatkozas\/#breadcrumb","itemListElement":[{"@type":"ListItem","position":1,"name":"Kezd\u0151lap","item":"https:\/\/buod.de\/"},{"@type":"ListItem","position":2,"name":"Bemutatkoz\u00e1s"}]},{"@type":"WebSite","@id":"https:\/\/buod.de\/#website","url":"https:\/\/buod.de\/","name":"BUOD","description":"Bund Ungarischer Organisationen in Deutschland","publisher":{"@id":"https:\/\/buod.de\/#organization"},"potentialAction":[{"@type":"SearchAction","target":{"@type":"EntryPoint","urlTemplate":"https:\/\/buod.de\/?s={search_term_string}"},"query-input":{"@type":"PropertyValueSpecification","valueRequired":true,"valueName":"search_term_string"}}],"inLanguage":"de-DE"},{"@type":"Organization","@id":"https:\/\/buod.de\/#organization","name":"BUOD","url":"https:\/\/buod.de\/","logo":{"@type":"ImageObject","inLanguage":"de-DE","@id":"https:\/\/buod.de\/#\/schema\/logo\/image\/","url":"https:\/\/buod.de\/wp-content\/uploads\/2024\/03\/BUOD-logo.png","contentUrl":"https:\/\/buod.de\/wp-content\/uploads\/2024\/03\/BUOD-logo.png","width":586,"height":490,"caption":"BUOD"},"image":{"@id":"https:\/\/buod.de\/#\/schema\/logo\/image\/"},"sameAs":["https:\/\/www.facebook.com\/profile.php?id=100082185652397"]},{"@type":"Person","@id":"https:\/\/buod.de\/#\/schema\/person\/8332a3e63b017fea8fcd17e9c0f96bf1","name":"Gery V\u00e1rkonyi","image":{"@type":"ImageObject","inLanguage":"de-DE","@id":"https:\/\/secure.gravatar.com\/avatar\/c1babe7dc68f065be4ec606c522172804715398688c78c6fffca3888b364e934?s=96&d=mm&r=g","url":"https:\/\/secure.gravatar.com\/avatar\/c1babe7dc68f065be4ec606c522172804715398688c78c6fffca3888b364e934?s=96&d=mm&r=g","contentUrl":"https:\/\/secure.gravatar.com\/avatar\/c1babe7dc68f065be4ec606c522172804715398688c78c6fffca3888b364e934?s=96&d=mm&r=g","caption":"Gery V\u00e1rkonyi"},"url":"https:\/\/buod.de\/de\/author\/geryvarkonyi\/"}]}},"_links":{"self":[{"href":"https:\/\/buod.de\/de\/wp-json\/wp\/v2\/posts\/10386","targetHints":{"allow":["GET"]}}],"collection":[{"href":"https:\/\/buod.de\/de\/wp-json\/wp\/v2\/posts"}],"about":[{"href":"https:\/\/buod.de\/de\/wp-json\/wp\/v2\/types\/post"}],"author":[{"embeddable":true,"href":"https:\/\/buod.de\/de\/wp-json\/wp\/v2\/users\/4"}],"replies":[{"embeddable":true,"href":"https:\/\/buod.de\/de\/wp-json\/wp\/v2\/comments?post=10386"}],"version-history":[{"count":1,"href":"https:\/\/buod.de\/de\/wp-json\/wp\/v2\/posts\/10386\/revisions"}],"predecessor-version":[{"id":10389,"href":"https:\/\/buod.de\/de\/wp-json\/wp\/v2\/posts\/10386\/revisions\/10389"}],"wp:attachment":[{"href":"https:\/\/buod.de\/de\/wp-json\/wp\/v2\/media?parent=10386"}],"wp:term":[{"taxonomy":"category","embeddable":true,"href":"https:\/\/buod.de\/de\/wp-json\/wp\/v2\/categories?post=10386"},{"taxonomy":"post_tag","embeddable":true,"href":"https:\/\/buod.de\/de\/wp-json\/wp\/v2\/tags?post=10386"}],"curies":[{"name":"wp","href":"https:\/\/api.w.org\/{rel}","templated":true}]}}