{"id":10391,"date":"2025-06-17T14:42:00","date_gmt":"2025-06-17T12:42:00","guid":{"rendered":"https:\/\/buod.de\/?p=10391"},"modified":"2025-07-10T14:43:36","modified_gmt":"2025-07-10T12:43:36","slug":"buod-kozgyules-es-oktatasugyi-konferencia-2025-szept-20-21","status":"publish","type":"post","link":"https:\/\/buod.de\/de\/buod-kozgyules-es-oktatasugyi-konferencia-2025-szept-20-21\/","title":{"rendered":"BUOD K\u00f6zgy\u0171l\u00e9s \u00e9s Oktat\u00e1s\u00fcgyi Konferencia 2025. szept. 20-21."},"content":{"rendered":"<p><strong>Kedves&nbsp;<\/strong><strong>BUOD Tagszervezetek Vezet\u0151i<\/strong><strong>,&nbsp;<\/strong><strong>H\u00e9tv\u00e9gi Magyar Iskol\u00e1k Tan\u00e1rai, egy\u00e9b Magyar Egyes\u00fcletek Vezet\u0151i!<\/strong><\/p>\n\n\n\n<p><strong>Kedves&nbsp;<\/strong><strong>T\u00e1mogat\u00f3k \u00e9s \u00c9rdekl\u0151d\u0151k!<\/strong><\/p>\n\n\n\n<p>Amint azt m\u00e1r az id\u00e9n t\u00f6bbsz\u00f6r jelezt\u00fck, sok szeretettel h\u00edvunk \u00e9s v\u00e1runk Titeket orsz\u00e1gos sz\u00f6vets\u00e9g\u00fcnk k\u00f6vetkez\u0151 tal\u00e1lkoz\u00f3j\u00e1ra, melyet a gy\u00f6ny\u00f6r\u0171 k\u00f6rnyezetben \u00e9p\u00fclt Turul H\u00e1zban tartjuk a Kastl melletti H\u00e1rshegy Cserk\u00e9szparkban. R\u00e9szletes \u00fatle\u00edr\u00e1st mell\u00e9kelt\u00fcnk.<\/p>\n\n\n\n<p>Az idei tal\u00e1lkoz\u00f3 tartalmaz egy r\u00f6vid tiszt\u00faj\u00edt\u00f3 k\u00f6zgy\u0171l\u00e9st a BUOD tagszervezet k\u00fcld\u00f6ttjei sz\u00e1m\u00e1ra \u00e9s nagyobb r\u00e9szt a tavalyi oktat\u00e1s\u00fcgyi konferencia folytat\u00e1s\u00e1t szakavatott \u00e9s elk\u00f6telezett el\u0151ad\u00f3kkal.<\/p>\n\n\n\n<p>Tov\u00e1bb\u00e1 nagyszer\u0171 \u00e9s a diaszp\u00f3ra sz\u00e1m\u00e1ra igen fontos vend\u00e9geket is v\u00e1runk, \u00edgy Nacsa L\u0151rincet az \u00faj nemzetpolitikai \u00e1llamtitk\u00e1rt \u00e9s Cs\u00e1ky Csongort a R\u00e1k\u00f3czi Sz\u00f6vets\u00e9g eln\u00f6k\u00e9t, valamint a n\u00e9metorsz\u00e1gi magyar konzul\u00e1tusok k\u00e9pvisel\u0151it.<\/p>\n\n\n\n<p>Minden kedves \u00e9rdekl\u0151d\u0151t \u2013 nem BUOD tagszervezet k\u00e9pvisel\u0151it is &#8211; szeretettel h\u00edvunk erre a tal\u00e1lkoz\u00f3ra.<\/p>\n\n\n\n<p><strong><u>C\u00edm:<\/u><\/strong><strong>&nbsp;&nbsp;&nbsp;&nbsp;&nbsp;&nbsp;&nbsp;&nbsp;&nbsp;&nbsp;&nbsp;&nbsp;&nbsp;&nbsp;&nbsp;&nbsp;&nbsp;&nbsp;&nbsp;&nbsp;&nbsp;&nbsp;&nbsp;&nbsp;&nbsp;Turul H\u00e1z (H\u00e1rshegy Cserk\u00e9szpark \/ Ungarischer Pfadfinderpark)<br>Mennersberg 8.<br>92280 Kastl-Mennersberg<br><\/strong><a href=\"http:\/\/www.cserkeszpark.de\/\">www.cserkeszpark.de\/<\/a><strong><\/strong><\/p>\n\n\n\n<p><strong><u>Szervez\u0151k \u00e9s<\/u><\/strong><strong>&nbsp;&nbsp;&nbsp;&nbsp;&nbsp;&nbsp;&nbsp;&nbsp;&nbsp;&nbsp;&nbsp; Mazsu T\u00edmea&nbsp;<\/strong>\/ tel: +49-176-6388-40000 \/&nbsp;<a href=\"mailto:timea.mazsu@buod.de\">timea.mazsu@buod.de<\/a><\/p>\n\n\n\n<p><strong><u>kapcsolattart\u00f3k:<\/u><\/strong><strong>&nbsp;&nbsp;&nbsp;&nbsp;&nbsp;&nbsp;&nbsp; Klement Korn\u00e9l&nbsp;<\/strong>\/ tel: +49-176-935-90-835 \/&nbsp;<a href=\"mailto:kornel.klement@buod.de\">kornel.klement@buod.de<\/a><\/p>\n\n\n\n<p><strong><u>Online jelentkez\u00e9s:<\/u><\/strong><strong>&nbsp;&nbsp;&nbsp;<\/strong><em><u><a href=\"https:\/\/forms.gle\/i5uhyeFkJLZ7beRf8\">https:\/\/forms.gle\/i5uhyeFkJLZ7beRf8<\/a><\/u><\/em><em>&nbsp;&#8211; Google fel\u00fclet<\/em><strong><u><\/u><\/strong><\/p>\n\n\n\n<p><strong><u>Jelentkez\u00e9si:<\/u><\/strong><strong>&nbsp;&nbsp;&nbsp;&nbsp;&nbsp;&nbsp;&nbsp;&nbsp;&nbsp;&nbsp;&nbsp; 2025. augusztus 31. (vas\u00e1rnap)<\/strong><\/p>\n\n\n\n<p><strong><u>hat\u00e1rid\u0151:<\/u><\/strong><strong>&nbsp;&nbsp;&nbsp;&nbsp;&nbsp;&nbsp;&nbsp;&nbsp;&nbsp;&nbsp;&nbsp;&nbsp;&nbsp;&nbsp;&nbsp;&nbsp;&nbsp;&nbsp;&nbsp;<\/strong>Hat\u00e1rid\u0151 ut\u00e1n be\u00e9rkezett jelentkez\u00e9sek eset\u00e9n nem tudunk sz\u00e1ll\u00e1shelyet, \u00e9tkez\u00e9st garant\u00e1lni a cserk\u00e9szparkban.<strong><u><\/u><\/strong><\/p>\n\n\n\n<p>El\u0151re is k\u00f6sz\u00f6nj\u00fck megjelen\u00e9seteket \u00e9s \u00f6r\u00fcl\u00fcnk a tal\u00e1lkoz\u00e1snak. Bar\u00e1ti \u00fcdv\u00f6zlettel!<\/p>\n\n\n\n<p>Klement Korn\u00e9l<\/p>\n\n\n\n<p>Ui.: Tov\u00e1bbi r\u00e9szletek, mint pl. program, \u00e9s mell\u00e9kletek a csatolm\u00e1nyban<\/p>\n\n\n\n<div data-wp-interactive=\"core\/file\" class=\"wp-block-file\"><object data-wp-bind--hidden=\"!state.hasPdfPreview\" hidden class=\"wp-block-file__embed\" data=\"https:\/\/buod.de\/wp-content\/uploads\/2025\/07\/Meghivo-BUOD-Kozgyules-es-Oktatasugyi-Konferencia-2025.09.20-21.pdf\" type=\"application\/pdf\" style=\"width:100%;height:600px\" aria-label=\"Embed of Megh\u00edv\u00f3 - BUOD K\u00f6zgy\u0171l\u00e9s \u00e9s Oktat\u00e1s\u00fcgyi Konferencia 2025.09.20-21.\"><\/object><a id=\"wp-block-file--media-c3dbdb7b-7eb5-49e7-a32b-d5f81d7376c1\" href=\"https:\/\/buod.de\/wp-content\/uploads\/2025\/07\/Meghivo-BUOD-Kozgyules-es-Oktatasugyi-Konferencia-2025.09.20-21.pdf\">Megh\u00edv\u00f3 &#8211; BUOD K\u00f6zgy\u0171l\u00e9s \u00e9s Oktat\u00e1s\u00fcgyi Konferencia 2025.09.20-21<\/a><a href=\"https:\/\/buod.de\/wp-content\/uploads\/2025\/07\/Meghivo-BUOD-Kozgyules-es-Oktatasugyi-Konferencia-2025.09.20-21.pdf\" class=\"wp-block-file__button wp-element-button\" download aria-describedby=\"wp-block-file--media-c3dbdb7b-7eb5-49e7-a32b-d5f81d7376c1\">Herunterladen<\/a><\/div>","protected":false},"excerpt":{"rendered":"<p>Kedves&nbsp;BUOD Tagszervezetek Vezet\u0151i,&nbsp;H\u00e9tv\u00e9gi Magyar Iskol\u00e1k Tan\u00e1rai, egy\u00e9b Magyar Egyes\u00fcletek Vezet\u0151i! Kedves&nbsp;T\u00e1mogat\u00f3k \u00e9s \u00c9rdekl\u0151d\u0151k! Amint azt m\u00e1r az id\u00e9n t\u00f6bbsz\u00f6r jelezt\u00fck, sok szeretettel h\u00edvunk \u00e9s v\u00e1runk Titeket orsz\u00e1gos sz\u00f6vets\u00e9g\u00fcnk k\u00f6vetkez\u0151 tal\u00e1lkoz\u00f3j\u00e1ra, melyet a gy\u00f6ny\u00f6r\u0171 k\u00f6rnyezetben \u00e9p\u00fclt Turul H\u00e1zban tartjuk a Kastl melletti H\u00e1rshegy Cserk\u00e9szparkban. R\u00e9szletes \u00fatle\u00edr\u00e1st mell\u00e9kelt\u00fcnk. Az idei tal\u00e1lkoz\u00f3 tartalmaz egy r\u00f6vid tiszt\u00faj\u00edt\u00f3 k\u00f6zgy\u0171l\u00e9st a [&hellip;]<\/p>\n","protected":false},"author":4,"featured_media":0,"comment_status":"open","ping_status":"open","sticky":false,"template":"","format":"standard","meta":{"footnotes":""},"categories":[17],"tags":[23],"class_list":["post-10391","post","type-post","status-publish","format-standard","hentry","category-hirek","tag-23"],"yoast_head":"<!-- This site is optimized with the Yoast SEO plugin v27.5 - https:\/\/yoast.com\/product\/yoast-seo-wordpress\/ -->\n<title>BUOD K\u00f6zgy\u0171l\u00e9s \u00e9s Oktat\u00e1s\u00fcgyi Konferencia 2025. szept. 20-21. - BUOD<\/title>\n<meta name=\"robots\" content=\"index, follow, max-snippet:-1, max-image-preview:large, max-video-preview:-1\" \/>\n<link rel=\"canonical\" href=\"https:\/\/buod.de\/de\/buod-kozgyules-es-oktatasugyi-konferencia-2025-szept-20-21\/\" \/>\n<meta property=\"og:locale\" content=\"de_DE\" \/>\n<meta property=\"og:type\" content=\"article\" \/>\n<meta property=\"og:title\" content=\"BUOD K\u00f6zgy\u0171l\u00e9s \u00e9s Oktat\u00e1s\u00fcgyi Konferencia 2025. szept. 20-21. - BUOD\" \/>\n<meta property=\"og:description\" content=\"Kedves&nbsp;BUOD Tagszervezetek Vezet\u0151i,&nbsp;H\u00e9tv\u00e9gi Magyar Iskol\u00e1k Tan\u00e1rai, egy\u00e9b Magyar Egyes\u00fcletek Vezet\u0151i! Kedves&nbsp;T\u00e1mogat\u00f3k \u00e9s \u00c9rdekl\u0151d\u0151k! Amint azt m\u00e1r az id\u00e9n t\u00f6bbsz\u00f6r jelezt\u00fck, sok szeretettel h\u00edvunk \u00e9s v\u00e1runk Titeket orsz\u00e1gos sz\u00f6vets\u00e9g\u00fcnk k\u00f6vetkez\u0151 tal\u00e1lkoz\u00f3j\u00e1ra, melyet a gy\u00f6ny\u00f6r\u0171 k\u00f6rnyezetben \u00e9p\u00fclt Turul H\u00e1zban tartjuk a Kastl melletti H\u00e1rshegy Cserk\u00e9szparkban. R\u00e9szletes \u00fatle\u00edr\u00e1st mell\u00e9kelt\u00fcnk. Az idei tal\u00e1lkoz\u00f3 tartalmaz egy r\u00f6vid tiszt\u00faj\u00edt\u00f3 k\u00f6zgy\u0171l\u00e9st a [&hellip;]\" \/>\n<meta property=\"og:url\" content=\"https:\/\/buod.de\/de\/buod-kozgyules-es-oktatasugyi-konferencia-2025-szept-20-21\/\" \/>\n<meta property=\"og:site_name\" content=\"BUOD\" \/>\n<meta property=\"article:publisher\" content=\"https:\/\/www.facebook.com\/profile.php?id=100082185652397\" \/>\n<meta property=\"article:published_time\" content=\"2025-06-17T12:42:00+00:00\" \/>\n<meta property=\"article:modified_time\" content=\"2025-07-10T12:43:36+00:00\" \/>\n<meta name=\"author\" content=\"Gery V\u00e1rkonyi\" \/>\n<meta name=\"twitter:card\" content=\"summary_large_image\" \/>\n<meta name=\"twitter:label1\" content=\"Written by\" \/>\n\t<meta name=\"twitter:data1\" content=\"Gery V\u00e1rkonyi\" \/>\n\t<meta name=\"twitter:label2\" content=\"Est. reading time\" \/>\n\t<meta name=\"twitter:data2\" content=\"2 minutes\" \/>\n<script type=\"application\/ld+json\" class=\"yoast-schema-graph\">{\"@context\":\"https:\\\/\\\/schema.org\",\"@graph\":[{\"@type\":\"Article\",\"@id\":\"https:\\\/\\\/buod.de\\\/buod-kozgyules-es-oktatasugyi-konferencia-2025-szept-20-21\\\/#article\",\"isPartOf\":{\"@id\":\"https:\\\/\\\/buod.de\\\/buod-kozgyules-es-oktatasugyi-konferencia-2025-szept-20-21\\\/\"},\"author\":{\"name\":\"Gery V\u00e1rkonyi\",\"@id\":\"https:\\\/\\\/buod.de\\\/#\\\/schema\\\/person\\\/8332a3e63b017fea8fcd17e9c0f96bf1\"},\"headline\":\"BUOD K\u00f6zgy\u0171l\u00e9s \u00e9s Oktat\u00e1s\u00fcgyi Konferencia 2025. szept. 20-21.\",\"datePublished\":\"2025-06-17T12:42:00+00:00\",\"dateModified\":\"2025-07-10T12:43:36+00:00\",\"mainEntityOfPage\":{\"@id\":\"https:\\\/\\\/buod.de\\\/buod-kozgyules-es-oktatasugyi-konferencia-2025-szept-20-21\\\/\"},\"wordCount\":441,\"commentCount\":0,\"publisher\":{\"@id\":\"https:\\\/\\\/buod.de\\\/#organization\"},\"keywords\":[\"2025\"],\"articleSection\":[\"H\u00edrek\"],\"inLanguage\":\"de-DE\",\"potentialAction\":[{\"@type\":\"CommentAction\",\"name\":\"Comment\",\"target\":[\"https:\\\/\\\/buod.de\\\/buod-kozgyules-es-oktatasugyi-konferencia-2025-szept-20-21\\\/#respond\"]}]},{\"@type\":\"WebPage\",\"@id\":\"https:\\\/\\\/buod.de\\\/buod-kozgyules-es-oktatasugyi-konferencia-2025-szept-20-21\\\/\",\"url\":\"https:\\\/\\\/buod.de\\\/buod-kozgyules-es-oktatasugyi-konferencia-2025-szept-20-21\\\/\",\"name\":\"BUOD K\u00f6zgy\u0171l\u00e9s \u00e9s Oktat\u00e1s\u00fcgyi Konferencia 2025. szept. 20-21. - BUOD\",\"isPartOf\":{\"@id\":\"https:\\\/\\\/buod.de\\\/#website\"},\"datePublished\":\"2025-06-17T12:42:00+00:00\",\"dateModified\":\"2025-07-10T12:43:36+00:00\",\"breadcrumb\":{\"@id\":\"https:\\\/\\\/buod.de\\\/buod-kozgyules-es-oktatasugyi-konferencia-2025-szept-20-21\\\/#breadcrumb\"},\"inLanguage\":\"de-DE\",\"potentialAction\":[{\"@type\":\"ReadAction\",\"target\":[\"https:\\\/\\\/buod.de\\\/buod-kozgyules-es-oktatasugyi-konferencia-2025-szept-20-21\\\/\"]}]},{\"@type\":\"BreadcrumbList\",\"@id\":\"https:\\\/\\\/buod.de\\\/buod-kozgyules-es-oktatasugyi-konferencia-2025-szept-20-21\\\/#breadcrumb\",\"itemListElement\":[{\"@type\":\"ListItem\",\"position\":1,\"name\":\"Kezd\u0151lap\",\"item\":\"https:\\\/\\\/buod.de\\\/\"},{\"@type\":\"ListItem\",\"position\":2,\"name\":\"BUOD K\u00f6zgy\u0171l\u00e9s \u00e9s Oktat\u00e1s\u00fcgyi Konferencia 2025. szept. 20-21.\"}]},{\"@type\":\"WebSite\",\"@id\":\"https:\\\/\\\/buod.de\\\/#website\",\"url\":\"https:\\\/\\\/buod.de\\\/\",\"name\":\"BUOD\",\"description\":\"Bund Ungarischer Organisationen in Deutschland\",\"publisher\":{\"@id\":\"https:\\\/\\\/buod.de\\\/#organization\"},\"potentialAction\":[{\"@type\":\"SearchAction\",\"target\":{\"@type\":\"EntryPoint\",\"urlTemplate\":\"https:\\\/\\\/buod.de\\\/?s={search_term_string}\"},\"query-input\":{\"@type\":\"PropertyValueSpecification\",\"valueRequired\":true,\"valueName\":\"search_term_string\"}}],\"inLanguage\":\"de-DE\"},{\"@type\":\"Organization\",\"@id\":\"https:\\\/\\\/buod.de\\\/#organization\",\"name\":\"BUOD\",\"url\":\"https:\\\/\\\/buod.de\\\/\",\"logo\":{\"@type\":\"ImageObject\",\"inLanguage\":\"de-DE\",\"@id\":\"https:\\\/\\\/buod.de\\\/#\\\/schema\\\/logo\\\/image\\\/\",\"url\":\"https:\\\/\\\/buod.de\\\/wp-content\\\/uploads\\\/2024\\\/03\\\/BUOD-logo.png\",\"contentUrl\":\"https:\\\/\\\/buod.de\\\/wp-content\\\/uploads\\\/2024\\\/03\\\/BUOD-logo.png\",\"width\":586,\"height\":490,\"caption\":\"BUOD\"},\"image\":{\"@id\":\"https:\\\/\\\/buod.de\\\/#\\\/schema\\\/logo\\\/image\\\/\"},\"sameAs\":[\"https:\\\/\\\/www.facebook.com\\\/profile.php?id=100082185652397\"]},{\"@type\":\"Person\",\"@id\":\"https:\\\/\\\/buod.de\\\/#\\\/schema\\\/person\\\/8332a3e63b017fea8fcd17e9c0f96bf1\",\"name\":\"Gery V\u00e1rkonyi\",\"image\":{\"@type\":\"ImageObject\",\"inLanguage\":\"de-DE\",\"@id\":\"https:\\\/\\\/secure.gravatar.com\\\/avatar\\\/c1babe7dc68f065be4ec606c522172804715398688c78c6fffca3888b364e934?s=96&d=mm&r=g\",\"url\":\"https:\\\/\\\/secure.gravatar.com\\\/avatar\\\/c1babe7dc68f065be4ec606c522172804715398688c78c6fffca3888b364e934?s=96&d=mm&r=g\",\"contentUrl\":\"https:\\\/\\\/secure.gravatar.com\\\/avatar\\\/c1babe7dc68f065be4ec606c522172804715398688c78c6fffca3888b364e934?s=96&d=mm&r=g\",\"caption\":\"Gery V\u00e1rkonyi\"},\"url\":\"https:\\\/\\\/buod.de\\\/de\\\/author\\\/geryvarkonyi\\\/\"}]}<\/script>\n<!-- \/ Yoast SEO plugin. -->","yoast_head_json":{"title":"BUOD K\u00f6zgy\u0171l\u00e9s \u00e9s Oktat\u00e1s\u00fcgyi Konferencia 2025. szept. 20-21. - BUOD","robots":{"index":"index","follow":"follow","max-snippet":"max-snippet:-1","max-image-preview":"max-image-preview:large","max-video-preview":"max-video-preview:-1"},"canonical":"https:\/\/buod.de\/de\/buod-kozgyules-es-oktatasugyi-konferencia-2025-szept-20-21\/","og_locale":"de_DE","og_type":"article","og_title":"BUOD K\u00f6zgy\u0171l\u00e9s \u00e9s Oktat\u00e1s\u00fcgyi Konferencia 2025. szept. 20-21. - BUOD","og_description":"Kedves&nbsp;BUOD Tagszervezetek Vezet\u0151i,&nbsp;H\u00e9tv\u00e9gi Magyar Iskol\u00e1k Tan\u00e1rai, egy\u00e9b Magyar Egyes\u00fcletek Vezet\u0151i! Kedves&nbsp;T\u00e1mogat\u00f3k \u00e9s \u00c9rdekl\u0151d\u0151k! Amint azt m\u00e1r az id\u00e9n t\u00f6bbsz\u00f6r jelezt\u00fck, sok szeretettel h\u00edvunk \u00e9s v\u00e1runk Titeket orsz\u00e1gos sz\u00f6vets\u00e9g\u00fcnk k\u00f6vetkez\u0151 tal\u00e1lkoz\u00f3j\u00e1ra, melyet a gy\u00f6ny\u00f6r\u0171 k\u00f6rnyezetben \u00e9p\u00fclt Turul H\u00e1zban tartjuk a Kastl melletti H\u00e1rshegy Cserk\u00e9szparkban. R\u00e9szletes \u00fatle\u00edr\u00e1st mell\u00e9kelt\u00fcnk. Az idei tal\u00e1lkoz\u00f3 tartalmaz egy r\u00f6vid tiszt\u00faj\u00edt\u00f3 k\u00f6zgy\u0171l\u00e9st a [&hellip;]","og_url":"https:\/\/buod.de\/de\/buod-kozgyules-es-oktatasugyi-konferencia-2025-szept-20-21\/","og_site_name":"BUOD","article_publisher":"https:\/\/www.facebook.com\/profile.php?id=100082185652397","article_published_time":"2025-06-17T12:42:00+00:00","article_modified_time":"2025-07-10T12:43:36+00:00","author":"Gery V\u00e1rkonyi","twitter_card":"summary_large_image","twitter_misc":{"Written by":"Gery V\u00e1rkonyi","Est. reading time":"2 minutes"},"schema":{"@context":"https:\/\/schema.org","@graph":[{"@type":"Article","@id":"https:\/\/buod.de\/buod-kozgyules-es-oktatasugyi-konferencia-2025-szept-20-21\/#article","isPartOf":{"@id":"https:\/\/buod.de\/buod-kozgyules-es-oktatasugyi-konferencia-2025-szept-20-21\/"},"author":{"name":"Gery V\u00e1rkonyi","@id":"https:\/\/buod.de\/#\/schema\/person\/8332a3e63b017fea8fcd17e9c0f96bf1"},"headline":"BUOD K\u00f6zgy\u0171l\u00e9s \u00e9s Oktat\u00e1s\u00fcgyi Konferencia 2025. szept. 20-21.","datePublished":"2025-06-17T12:42:00+00:00","dateModified":"2025-07-10T12:43:36+00:00","mainEntityOfPage":{"@id":"https:\/\/buod.de\/buod-kozgyules-es-oktatasugyi-konferencia-2025-szept-20-21\/"},"wordCount":441,"commentCount":0,"publisher":{"@id":"https:\/\/buod.de\/#organization"},"keywords":["2025"],"articleSection":["H\u00edrek"],"inLanguage":"de-DE","potentialAction":[{"@type":"CommentAction","name":"Comment","target":["https:\/\/buod.de\/buod-kozgyules-es-oktatasugyi-konferencia-2025-szept-20-21\/#respond"]}]},{"@type":"WebPage","@id":"https:\/\/buod.de\/buod-kozgyules-es-oktatasugyi-konferencia-2025-szept-20-21\/","url":"https:\/\/buod.de\/buod-kozgyules-es-oktatasugyi-konferencia-2025-szept-20-21\/","name":"BUOD K\u00f6zgy\u0171l\u00e9s \u00e9s Oktat\u00e1s\u00fcgyi Konferencia 2025. szept. 20-21. - BUOD","isPartOf":{"@id":"https:\/\/buod.de\/#website"},"datePublished":"2025-06-17T12:42:00+00:00","dateModified":"2025-07-10T12:43:36+00:00","breadcrumb":{"@id":"https:\/\/buod.de\/buod-kozgyules-es-oktatasugyi-konferencia-2025-szept-20-21\/#breadcrumb"},"inLanguage":"de-DE","potentialAction":[{"@type":"ReadAction","target":["https:\/\/buod.de\/buod-kozgyules-es-oktatasugyi-konferencia-2025-szept-20-21\/"]}]},{"@type":"BreadcrumbList","@id":"https:\/\/buod.de\/buod-kozgyules-es-oktatasugyi-konferencia-2025-szept-20-21\/#breadcrumb","itemListElement":[{"@type":"ListItem","position":1,"name":"Kezd\u0151lap","item":"https:\/\/buod.de\/"},{"@type":"ListItem","position":2,"name":"BUOD K\u00f6zgy\u0171l\u00e9s \u00e9s Oktat\u00e1s\u00fcgyi Konferencia 2025. szept. 20-21."}]},{"@type":"WebSite","@id":"https:\/\/buod.de\/#website","url":"https:\/\/buod.de\/","name":"BUOD","description":"Bund Ungarischer Organisationen in Deutschland","publisher":{"@id":"https:\/\/buod.de\/#organization"},"potentialAction":[{"@type":"SearchAction","target":{"@type":"EntryPoint","urlTemplate":"https:\/\/buod.de\/?s={search_term_string}"},"query-input":{"@type":"PropertyValueSpecification","valueRequired":true,"valueName":"search_term_string"}}],"inLanguage":"de-DE"},{"@type":"Organization","@id":"https:\/\/buod.de\/#organization","name":"BUOD","url":"https:\/\/buod.de\/","logo":{"@type":"ImageObject","inLanguage":"de-DE","@id":"https:\/\/buod.de\/#\/schema\/logo\/image\/","url":"https:\/\/buod.de\/wp-content\/uploads\/2024\/03\/BUOD-logo.png","contentUrl":"https:\/\/buod.de\/wp-content\/uploads\/2024\/03\/BUOD-logo.png","width":586,"height":490,"caption":"BUOD"},"image":{"@id":"https:\/\/buod.de\/#\/schema\/logo\/image\/"},"sameAs":["https:\/\/www.facebook.com\/profile.php?id=100082185652397"]},{"@type":"Person","@id":"https:\/\/buod.de\/#\/schema\/person\/8332a3e63b017fea8fcd17e9c0f96bf1","name":"Gery V\u00e1rkonyi","image":{"@type":"ImageObject","inLanguage":"de-DE","@id":"https:\/\/secure.gravatar.com\/avatar\/c1babe7dc68f065be4ec606c522172804715398688c78c6fffca3888b364e934?s=96&d=mm&r=g","url":"https:\/\/secure.gravatar.com\/avatar\/c1babe7dc68f065be4ec606c522172804715398688c78c6fffca3888b364e934?s=96&d=mm&r=g","contentUrl":"https:\/\/secure.gravatar.com\/avatar\/c1babe7dc68f065be4ec606c522172804715398688c78c6fffca3888b364e934?s=96&d=mm&r=g","caption":"Gery V\u00e1rkonyi"},"url":"https:\/\/buod.de\/de\/author\/geryvarkonyi\/"}]}},"_links":{"self":[{"href":"https:\/\/buod.de\/de\/wp-json\/wp\/v2\/posts\/10391","targetHints":{"allow":["GET"]}}],"collection":[{"href":"https:\/\/buod.de\/de\/wp-json\/wp\/v2\/posts"}],"about":[{"href":"https:\/\/buod.de\/de\/wp-json\/wp\/v2\/types\/post"}],"author":[{"embeddable":true,"href":"https:\/\/buod.de\/de\/wp-json\/wp\/v2\/users\/4"}],"replies":[{"embeddable":true,"href":"https:\/\/buod.de\/de\/wp-json\/wp\/v2\/comments?post=10391"}],"version-history":[{"count":1,"href":"https:\/\/buod.de\/de\/wp-json\/wp\/v2\/posts\/10391\/revisions"}],"predecessor-version":[{"id":10393,"href":"https:\/\/buod.de\/de\/wp-json\/wp\/v2\/posts\/10391\/revisions\/10393"}],"wp:attachment":[{"href":"https:\/\/buod.de\/de\/wp-json\/wp\/v2\/media?parent=10391"}],"wp:term":[{"taxonomy":"category","embeddable":true,"href":"https:\/\/buod.de\/de\/wp-json\/wp\/v2\/categories?post=10391"},{"taxonomy":"post_tag","embeddable":true,"href":"https:\/\/buod.de\/de\/wp-json\/wp\/v2\/tags?post=10391"}],"curies":[{"name":"wp","href":"https:\/\/api.w.org\/{rel}","templated":true}]}}