{"id":10398,"date":"2025-06-16T14:47:00","date_gmt":"2025-06-16T12:47:00","guid":{"rendered":"https:\/\/buod.de\/?p=10398"},"modified":"2025-07-10T15:30:02","modified_gmt":"2025-07-10T13:30:02","slug":"meghivo-szechenyi-kor-2025-junius","status":"publish","type":"post","link":"https:\/\/buod.de\/de\/meghivo-szechenyi-kor-2025-junius\/","title":{"rendered":"Megh\u00edv\u00f3! Sz\u00e9chenyi K\u00f6r, 2025. j\u00fanius"},"content":{"rendered":"<p>Szeretettel megh\u00edvjuk \u00d6nt, kedves csal\u00e1dj\u00e1t \u00e9s bar\u00e1tait az al\u00e1bbi rendezv\u00e9nyre:<strong><\/strong><\/p>\n\n\n\n<pre class=\"wp-block-preformatted\">Dr. Bag\u00f3 T\u00fcnde \u00edr\u00f3, utaz\u00f3blogger<\/pre>\n\n\n\n<pre class=\"wp-block-preformatted\">&nbsp;<\/pre>\n\n\n\n<p class=\"has-text-align-center\"><strong>H\u00e1rom \u00e9s f\u00e9l orsz\u00e1g \u00e9s egy t\u00f3 &#8211;<\/strong><\/p>\n\n\n\n<p class=\"has-text-align-center\"><strong>L\u00e1tnival\u00f3k \u00e9s t\u00f6rt\u00e9netek a bodensee r\u00e9gi\u00f3b\u00f3l<\/strong><\/p>\n\n\n\n<p class=\"has-text-align-center\"><strong> <\/strong><strong>vet\u00edtett k\u00e9pes el\u0151ad\u00e1s. <\/strong><\/p>\n\n\n\n<p>Kedves el\u0151ad\u00f3nk 1974-ben sz\u00fcletett B\u00e9k\u00e9s megy\u00e9ben. Tanulm\u00e1nyait az \u00e9retts\u00e9git k\u00f6vet\u0151en a ny\u00edregyh\u00e1zi Tan\u00e1rk\u00e9pz\u0151 F\u0151iskol\u00e1n folytatta, ahol 1997-ben t\u00f6rt\u00e9nelem tan\u00e1ri \u00e9s m\u0171vel\u0151d\u00e9sszervez\u0151 diplom\u00e1t szerzett. P\u00e1ly\u00e1jat sz\u00fcl\u0151v\u00e1ros\u00e1ban, V\u00e9szt\u0151n kezdte, ahol el\u00f6bb tan\u00edtott, majd a Sinka Istv\u00e1n M\u0171vel\u0151d\u00e9si K\u00f6zpont \u00e9s M\u0171v\u00e9szeti Iskola igazgat\u00f3ja \u00e9s a V\u00e9szt\u0151i \u00dajs\u00e1g f\u0151szerkeszt\u0151je lett. Munk\u00e1ja mellett a Debreceni Egyetem \u00c1llam- \u00e9s Jogtudom\u00e1nyi Kar\u00e1n jog\u00e1sz v\u00e9gzetts\u00e9get szerzett. 2003-ban feles\u00e9g\u00fcl ment dr. Szalai Kriszti\u00e1n orvoshoz, akivel Kaposv\u00e1ron telepedtek le. Ezt k\u00f6vet\u0151en a Somogy Megyei \u00d6nkorm\u00e1nyzat jog\u00e1szak\u00e9nt dolgozott 2012-ig, amikor f\u00e9rj\u00e9vel N\u00e9metorsz\u00e1gba k\u00f6lt\u00f6ztek. T\u00f6bb mint 15 \u00e9ve \u00edr utaz\u00e1saikr\u00f3l blogot. Az <em>\u00c9let s\u00f3ja<\/em> blog szerz\u0151jek\u00e9nt adta ki 2017-ben lak\u00f3hely\u00e9r\u0151l, az \u00e1ltala Bodeni-t\u00f3nak bec\u00e9zett r\u00e9gi\u00f3r\u00f3l k\u00e9sz\u00fclt \u00fatik\u00f6nyvet, amelyben D\u00e9l-N\u00e9metorsz\u00e1g legnagyobb turisztikai r\u00e9gi\u00f3j\u00e1t mutatta be a szomsz\u00e9dos osztr\u00e1k \u00e9s sv\u00e1jci t\u00f3parti l\u00e1tnival\u00f3kkal. M\u0171ve az egyetlen \u00e1tfog\u00f3, magyar nyelvi \u00fatik\u00f6nyv a Bodeni-t\u00f3 vid\u00e9k\u00e9r\u0151l! Els\u0151 reg\u00e9nye <em>Ella h\u00e1bor\u00faja<\/em> c\u00edmmel jelent meg 2023-ban, m\u00e1sodik reg\u00e9nye <em>A l\u00e1mpagy\u00fajtogat\u00f3<\/em> c\u00edmmel most, 2025 m\u00e1jus\u00e1ban ker\u00fclt kiad\u00e1sra. Rendszeresen \u00edr novell\u00e1kat, amelyeket irodalmi lapokban \u00e9s szerz\u0151i oldal\u00e1n publik\u00e1l.<\/p>\n\n\n\n<p>El\u0151ad\u00e1s\u00e1ban bemutatja a Boden(i)-t\u00f3 r\u00e9gi\u00f3j\u00e1t, az osztr\u00e1k, sv\u00e1jci, n\u00e9met (bajor, baden-w\u00fcrttembergi) \u00e9s liechtensteini c\u00e9lpontokat, valamint kit\u00e9r a helyi l\u00e1tnival\u00f3k t\u00f6rt\u00e9nelmi vonatkoz\u00e1saira, \u00e9s a hat\u00e1rok mindennapokra gyakorolt hat\u00e1saira is. Besz\u00e9l a reg\u00e9nyei h\u00e1tter\u00e9ben megh\u00fazod\u00f3, a k\u00f6rny\u00e9k t\u00f6rt\u00e9nelm\u00e9ben gy\u00f6kerez\u0151 val\u00f3s t\u00f6rt\u00e9netek\u0151l, valamint a m\u0171vek keletkez\u00e9s\u00e9nek, kutat\u00e1sainak k\u00f6r\u00fclm\u00e9nyeir\u0151l.<\/p>\n\n\n\n<p><strong><em>Az est\u00e9t bevezeti: az el<\/em><\/strong><strong><em>\u0151ad\u00f3 f\u00e9rje, egyben a remek felv\u00e9telek kivitelez\u0151je,<\/em><\/strong><\/p>\n\n\n\n<p><strong><em>dr.Szalai Kriszti\u00e1n<\/em><\/strong><\/p>\n\n\n\n<p><strong>Magyar Katolikus Misszi\u00f3 M\u00fcnchen, Oberf\u00f6hringer Str. 40<\/strong><strong><\/strong><\/p>\n\n\n\n<p><strong>2025. j\u00fanius 27-\u00e9n p\u00e9nteken, 19.00-kor<\/strong><strong>Sz\u00edves k\u00f6lts\u00e9ghozz\u00e1j\u00e1rul\u00e1s\u00e1ra sz\u00e1m\u00edtunk.&nbsp;&nbsp;&nbsp;&nbsp;&nbsp;&nbsp;&nbsp;&nbsp;&nbsp;&nbsp;&nbsp; Mindenkit szeretettel v\u00e1runk!<\/strong><\/p>\n\n\n\n<div data-wp-interactive=\"core\/file\" class=\"wp-block-file\"><object data-wp-bind--hidden=\"!state.hasPdfPreview\" hidden class=\"wp-block-file__embed\" data=\"https:\/\/buod.de\/wp-content\/uploads\/2025\/07\/dr.Bago-Tunde.pdf\" type=\"application\/pdf\" style=\"width:100%;height:600px\" aria-label=\"Embed of dr.Bag\u00f3 T\u00fcnde.\"><\/object><a id=\"wp-block-file--media-a0f75cb6-a501-49dd-977b-76d243d370de\" href=\"https:\/\/buod.de\/wp-content\/uploads\/2025\/07\/dr.Bago-Tunde.pdf\">dr.Bag\u00f3 T\u00fcnde<\/a><a href=\"https:\/\/buod.de\/wp-content\/uploads\/2025\/07\/dr.Bago-Tunde.pdf\" class=\"wp-block-file__button wp-element-button\" download aria-describedby=\"wp-block-file--media-a0f75cb6-a501-49dd-977b-76d243d370de\">Herunterladen<\/a><\/div>","protected":false},"excerpt":{"rendered":"<p>Szeretettel megh\u00edvjuk \u00d6nt, kedves csal\u00e1dj\u00e1t \u00e9s bar\u00e1tait az al\u00e1bbi rendezv\u00e9nyre: Dr. Bag\u00f3 T\u00fcnde \u00edr\u00f3, utaz\u00f3blogger &nbsp; H\u00e1rom \u00e9s f\u00e9l orsz\u00e1g \u00e9s egy t\u00f3 &#8211; L\u00e1tnival\u00f3k \u00e9s t\u00f6rt\u00e9netek a bodensee r\u00e9gi\u00f3b\u00f3l vet\u00edtett k\u00e9pes el\u0151ad\u00e1s. Kedves el\u0151ad\u00f3nk 1974-ben sz\u00fcletett B\u00e9k\u00e9s megy\u00e9ben. Tanulm\u00e1nyait az \u00e9retts\u00e9git k\u00f6vet\u0151en a ny\u00edregyh\u00e1zi Tan\u00e1rk\u00e9pz\u0151 F\u0151iskol\u00e1n folytatta, ahol 1997-ben t\u00f6rt\u00e9nelem tan\u00e1ri \u00e9s m\u0171vel\u0151d\u00e9sszervez\u0151 diplom\u00e1t [&hellip;]<\/p>\n","protected":false},"author":4,"featured_media":0,"comment_status":"open","ping_status":"open","sticky":false,"template":"","format":"standard","meta":{"footnotes":""},"categories":[17],"tags":[23],"class_list":["post-10398","post","type-post","status-publish","format-standard","hentry","category-hirek","tag-23"],"yoast_head":"<!-- This site is optimized with the Yoast SEO plugin v27.5 - https:\/\/yoast.com\/product\/yoast-seo-wordpress\/ -->\n<title>Megh\u00edv\u00f3! Sz\u00e9chenyi K\u00f6r, 2025. j\u00fanius - BUOD<\/title>\n<meta name=\"robots\" content=\"index, follow, max-snippet:-1, max-image-preview:large, max-video-preview:-1\" \/>\n<link rel=\"canonical\" href=\"https:\/\/buod.de\/de\/meghivo-szechenyi-kor-2025-junius\/\" \/>\n<meta property=\"og:locale\" content=\"de_DE\" \/>\n<meta property=\"og:type\" content=\"article\" \/>\n<meta property=\"og:title\" content=\"Megh\u00edv\u00f3! Sz\u00e9chenyi K\u00f6r, 2025. j\u00fanius - BUOD\" \/>\n<meta property=\"og:description\" content=\"Szeretettel megh\u00edvjuk \u00d6nt, kedves csal\u00e1dj\u00e1t \u00e9s bar\u00e1tait az al\u00e1bbi rendezv\u00e9nyre: Dr. Bag\u00f3 T\u00fcnde \u00edr\u00f3, utaz\u00f3blogger &nbsp; H\u00e1rom \u00e9s f\u00e9l orsz\u00e1g \u00e9s egy t\u00f3 &#8211; L\u00e1tnival\u00f3k \u00e9s t\u00f6rt\u00e9netek a bodensee r\u00e9gi\u00f3b\u00f3l vet\u00edtett k\u00e9pes el\u0151ad\u00e1s. Kedves el\u0151ad\u00f3nk 1974-ben sz\u00fcletett B\u00e9k\u00e9s megy\u00e9ben. Tanulm\u00e1nyait az \u00e9retts\u00e9git k\u00f6vet\u0151en a ny\u00edregyh\u00e1zi Tan\u00e1rk\u00e9pz\u0151 F\u0151iskol\u00e1n folytatta, ahol 1997-ben t\u00f6rt\u00e9nelem tan\u00e1ri \u00e9s m\u0171vel\u0151d\u00e9sszervez\u0151 diplom\u00e1t [&hellip;]\" \/>\n<meta property=\"og:url\" content=\"https:\/\/buod.de\/de\/meghivo-szechenyi-kor-2025-junius\/\" \/>\n<meta property=\"og:site_name\" content=\"BUOD\" \/>\n<meta property=\"article:publisher\" content=\"https:\/\/www.facebook.com\/profile.php?id=100082185652397\" \/>\n<meta property=\"article:published_time\" content=\"2025-06-16T12:47:00+00:00\" \/>\n<meta property=\"article:modified_time\" content=\"2025-07-10T13:30:02+00:00\" \/>\n<meta name=\"author\" content=\"Gery V\u00e1rkonyi\" \/>\n<meta name=\"twitter:card\" content=\"summary_large_image\" \/>\n<meta name=\"twitter:label1\" content=\"Written by\" \/>\n\t<meta name=\"twitter:data1\" content=\"Gery V\u00e1rkonyi\" \/>\n\t<meta name=\"twitter:label2\" content=\"Est. reading time\" \/>\n\t<meta name=\"twitter:data2\" content=\"2 minutes\" \/>\n<script type=\"application\/ld+json\" class=\"yoast-schema-graph\">{\"@context\":\"https:\\\/\\\/schema.org\",\"@graph\":[{\"@type\":\"Article\",\"@id\":\"https:\\\/\\\/buod.de\\\/meghivo-szechenyi-kor-2025-junius\\\/#article\",\"isPartOf\":{\"@id\":\"https:\\\/\\\/buod.de\\\/meghivo-szechenyi-kor-2025-junius\\\/\"},\"author\":{\"name\":\"Gery V\u00e1rkonyi\",\"@id\":\"https:\\\/\\\/buod.de\\\/#\\\/schema\\\/person\\\/8332a3e63b017fea8fcd17e9c0f96bf1\"},\"headline\":\"Megh\u00edv\u00f3! Sz\u00e9chenyi K\u00f6r, 2025. j\u00fanius\",\"datePublished\":\"2025-06-16T12:47:00+00:00\",\"dateModified\":\"2025-07-10T13:30:02+00:00\",\"mainEntityOfPage\":{\"@id\":\"https:\\\/\\\/buod.de\\\/meghivo-szechenyi-kor-2025-junius\\\/\"},\"wordCount\":486,\"commentCount\":0,\"publisher\":{\"@id\":\"https:\\\/\\\/buod.de\\\/#organization\"},\"keywords\":[\"2025\"],\"articleSection\":[\"H\u00edrek\"],\"inLanguage\":\"de-DE\",\"potentialAction\":[{\"@type\":\"CommentAction\",\"name\":\"Comment\",\"target\":[\"https:\\\/\\\/buod.de\\\/meghivo-szechenyi-kor-2025-junius\\\/#respond\"]}]},{\"@type\":\"WebPage\",\"@id\":\"https:\\\/\\\/buod.de\\\/meghivo-szechenyi-kor-2025-junius\\\/\",\"url\":\"https:\\\/\\\/buod.de\\\/meghivo-szechenyi-kor-2025-junius\\\/\",\"name\":\"Megh\u00edv\u00f3! Sz\u00e9chenyi K\u00f6r, 2025. j\u00fanius - BUOD\",\"isPartOf\":{\"@id\":\"https:\\\/\\\/buod.de\\\/#website\"},\"datePublished\":\"2025-06-16T12:47:00+00:00\",\"dateModified\":\"2025-07-10T13:30:02+00:00\",\"breadcrumb\":{\"@id\":\"https:\\\/\\\/buod.de\\\/meghivo-szechenyi-kor-2025-junius\\\/#breadcrumb\"},\"inLanguage\":\"de-DE\",\"potentialAction\":[{\"@type\":\"ReadAction\",\"target\":[\"https:\\\/\\\/buod.de\\\/meghivo-szechenyi-kor-2025-junius\\\/\"]}]},{\"@type\":\"BreadcrumbList\",\"@id\":\"https:\\\/\\\/buod.de\\\/meghivo-szechenyi-kor-2025-junius\\\/#breadcrumb\",\"itemListElement\":[{\"@type\":\"ListItem\",\"position\":1,\"name\":\"Kezd\u0151lap\",\"item\":\"https:\\\/\\\/buod.de\\\/\"},{\"@type\":\"ListItem\",\"position\":2,\"name\":\"Megh\u00edv\u00f3! Sz\u00e9chenyi K\u00f6r, 2025. j\u00fanius\"}]},{\"@type\":\"WebSite\",\"@id\":\"https:\\\/\\\/buod.de\\\/#website\",\"url\":\"https:\\\/\\\/buod.de\\\/\",\"name\":\"BUOD\",\"description\":\"Bund Ungarischer Organisationen in Deutschland\",\"publisher\":{\"@id\":\"https:\\\/\\\/buod.de\\\/#organization\"},\"potentialAction\":[{\"@type\":\"SearchAction\",\"target\":{\"@type\":\"EntryPoint\",\"urlTemplate\":\"https:\\\/\\\/buod.de\\\/?s={search_term_string}\"},\"query-input\":{\"@type\":\"PropertyValueSpecification\",\"valueRequired\":true,\"valueName\":\"search_term_string\"}}],\"inLanguage\":\"de-DE\"},{\"@type\":\"Organization\",\"@id\":\"https:\\\/\\\/buod.de\\\/#organization\",\"name\":\"BUOD\",\"url\":\"https:\\\/\\\/buod.de\\\/\",\"logo\":{\"@type\":\"ImageObject\",\"inLanguage\":\"de-DE\",\"@id\":\"https:\\\/\\\/buod.de\\\/#\\\/schema\\\/logo\\\/image\\\/\",\"url\":\"https:\\\/\\\/buod.de\\\/wp-content\\\/uploads\\\/2024\\\/03\\\/BUOD-logo.png\",\"contentUrl\":\"https:\\\/\\\/buod.de\\\/wp-content\\\/uploads\\\/2024\\\/03\\\/BUOD-logo.png\",\"width\":586,\"height\":490,\"caption\":\"BUOD\"},\"image\":{\"@id\":\"https:\\\/\\\/buod.de\\\/#\\\/schema\\\/logo\\\/image\\\/\"},\"sameAs\":[\"https:\\\/\\\/www.facebook.com\\\/profile.php?id=100082185652397\"]},{\"@type\":\"Person\",\"@id\":\"https:\\\/\\\/buod.de\\\/#\\\/schema\\\/person\\\/8332a3e63b017fea8fcd17e9c0f96bf1\",\"name\":\"Gery V\u00e1rkonyi\",\"image\":{\"@type\":\"ImageObject\",\"inLanguage\":\"de-DE\",\"@id\":\"https:\\\/\\\/secure.gravatar.com\\\/avatar\\\/c1babe7dc68f065be4ec606c522172804715398688c78c6fffca3888b364e934?s=96&d=mm&r=g\",\"url\":\"https:\\\/\\\/secure.gravatar.com\\\/avatar\\\/c1babe7dc68f065be4ec606c522172804715398688c78c6fffca3888b364e934?s=96&d=mm&r=g\",\"contentUrl\":\"https:\\\/\\\/secure.gravatar.com\\\/avatar\\\/c1babe7dc68f065be4ec606c522172804715398688c78c6fffca3888b364e934?s=96&d=mm&r=g\",\"caption\":\"Gery V\u00e1rkonyi\"},\"url\":\"https:\\\/\\\/buod.de\\\/de\\\/author\\\/geryvarkonyi\\\/\"}]}<\/script>\n<!-- \/ Yoast SEO plugin. -->","yoast_head_json":{"title":"Megh\u00edv\u00f3! Sz\u00e9chenyi K\u00f6r, 2025. j\u00fanius - BUOD","robots":{"index":"index","follow":"follow","max-snippet":"max-snippet:-1","max-image-preview":"max-image-preview:large","max-video-preview":"max-video-preview:-1"},"canonical":"https:\/\/buod.de\/de\/meghivo-szechenyi-kor-2025-junius\/","og_locale":"de_DE","og_type":"article","og_title":"Megh\u00edv\u00f3! Sz\u00e9chenyi K\u00f6r, 2025. j\u00fanius - BUOD","og_description":"Szeretettel megh\u00edvjuk \u00d6nt, kedves csal\u00e1dj\u00e1t \u00e9s bar\u00e1tait az al\u00e1bbi rendezv\u00e9nyre: Dr. Bag\u00f3 T\u00fcnde \u00edr\u00f3, utaz\u00f3blogger &nbsp; H\u00e1rom \u00e9s f\u00e9l orsz\u00e1g \u00e9s egy t\u00f3 &#8211; L\u00e1tnival\u00f3k \u00e9s t\u00f6rt\u00e9netek a bodensee r\u00e9gi\u00f3b\u00f3l vet\u00edtett k\u00e9pes el\u0151ad\u00e1s. Kedves el\u0151ad\u00f3nk 1974-ben sz\u00fcletett B\u00e9k\u00e9s megy\u00e9ben. Tanulm\u00e1nyait az \u00e9retts\u00e9git k\u00f6vet\u0151en a ny\u00edregyh\u00e1zi Tan\u00e1rk\u00e9pz\u0151 F\u0151iskol\u00e1n folytatta, ahol 1997-ben t\u00f6rt\u00e9nelem tan\u00e1ri \u00e9s m\u0171vel\u0151d\u00e9sszervez\u0151 diplom\u00e1t [&hellip;]","og_url":"https:\/\/buod.de\/de\/meghivo-szechenyi-kor-2025-junius\/","og_site_name":"BUOD","article_publisher":"https:\/\/www.facebook.com\/profile.php?id=100082185652397","article_published_time":"2025-06-16T12:47:00+00:00","article_modified_time":"2025-07-10T13:30:02+00:00","author":"Gery V\u00e1rkonyi","twitter_card":"summary_large_image","twitter_misc":{"Written by":"Gery V\u00e1rkonyi","Est. reading time":"2 minutes"},"schema":{"@context":"https:\/\/schema.org","@graph":[{"@type":"Article","@id":"https:\/\/buod.de\/meghivo-szechenyi-kor-2025-junius\/#article","isPartOf":{"@id":"https:\/\/buod.de\/meghivo-szechenyi-kor-2025-junius\/"},"author":{"name":"Gery V\u00e1rkonyi","@id":"https:\/\/buod.de\/#\/schema\/person\/8332a3e63b017fea8fcd17e9c0f96bf1"},"headline":"Megh\u00edv\u00f3! Sz\u00e9chenyi K\u00f6r, 2025. j\u00fanius","datePublished":"2025-06-16T12:47:00+00:00","dateModified":"2025-07-10T13:30:02+00:00","mainEntityOfPage":{"@id":"https:\/\/buod.de\/meghivo-szechenyi-kor-2025-junius\/"},"wordCount":486,"commentCount":0,"publisher":{"@id":"https:\/\/buod.de\/#organization"},"keywords":["2025"],"articleSection":["H\u00edrek"],"inLanguage":"de-DE","potentialAction":[{"@type":"CommentAction","name":"Comment","target":["https:\/\/buod.de\/meghivo-szechenyi-kor-2025-junius\/#respond"]}]},{"@type":"WebPage","@id":"https:\/\/buod.de\/meghivo-szechenyi-kor-2025-junius\/","url":"https:\/\/buod.de\/meghivo-szechenyi-kor-2025-junius\/","name":"Megh\u00edv\u00f3! Sz\u00e9chenyi K\u00f6r, 2025. j\u00fanius - BUOD","isPartOf":{"@id":"https:\/\/buod.de\/#website"},"datePublished":"2025-06-16T12:47:00+00:00","dateModified":"2025-07-10T13:30:02+00:00","breadcrumb":{"@id":"https:\/\/buod.de\/meghivo-szechenyi-kor-2025-junius\/#breadcrumb"},"inLanguage":"de-DE","potentialAction":[{"@type":"ReadAction","target":["https:\/\/buod.de\/meghivo-szechenyi-kor-2025-junius\/"]}]},{"@type":"BreadcrumbList","@id":"https:\/\/buod.de\/meghivo-szechenyi-kor-2025-junius\/#breadcrumb","itemListElement":[{"@type":"ListItem","position":1,"name":"Kezd\u0151lap","item":"https:\/\/buod.de\/"},{"@type":"ListItem","position":2,"name":"Megh\u00edv\u00f3! Sz\u00e9chenyi K\u00f6r, 2025. j\u00fanius"}]},{"@type":"WebSite","@id":"https:\/\/buod.de\/#website","url":"https:\/\/buod.de\/","name":"BUOD","description":"Bund Ungarischer Organisationen in Deutschland","publisher":{"@id":"https:\/\/buod.de\/#organization"},"potentialAction":[{"@type":"SearchAction","target":{"@type":"EntryPoint","urlTemplate":"https:\/\/buod.de\/?s={search_term_string}"},"query-input":{"@type":"PropertyValueSpecification","valueRequired":true,"valueName":"search_term_string"}}],"inLanguage":"de-DE"},{"@type":"Organization","@id":"https:\/\/buod.de\/#organization","name":"BUOD","url":"https:\/\/buod.de\/","logo":{"@type":"ImageObject","inLanguage":"de-DE","@id":"https:\/\/buod.de\/#\/schema\/logo\/image\/","url":"https:\/\/buod.de\/wp-content\/uploads\/2024\/03\/BUOD-logo.png","contentUrl":"https:\/\/buod.de\/wp-content\/uploads\/2024\/03\/BUOD-logo.png","width":586,"height":490,"caption":"BUOD"},"image":{"@id":"https:\/\/buod.de\/#\/schema\/logo\/image\/"},"sameAs":["https:\/\/www.facebook.com\/profile.php?id=100082185652397"]},{"@type":"Person","@id":"https:\/\/buod.de\/#\/schema\/person\/8332a3e63b017fea8fcd17e9c0f96bf1","name":"Gery V\u00e1rkonyi","image":{"@type":"ImageObject","inLanguage":"de-DE","@id":"https:\/\/secure.gravatar.com\/avatar\/c1babe7dc68f065be4ec606c522172804715398688c78c6fffca3888b364e934?s=96&d=mm&r=g","url":"https:\/\/secure.gravatar.com\/avatar\/c1babe7dc68f065be4ec606c522172804715398688c78c6fffca3888b364e934?s=96&d=mm&r=g","contentUrl":"https:\/\/secure.gravatar.com\/avatar\/c1babe7dc68f065be4ec606c522172804715398688c78c6fffca3888b364e934?s=96&d=mm&r=g","caption":"Gery V\u00e1rkonyi"},"url":"https:\/\/buod.de\/de\/author\/geryvarkonyi\/"}]}},"_links":{"self":[{"href":"https:\/\/buod.de\/de\/wp-json\/wp\/v2\/posts\/10398","targetHints":{"allow":["GET"]}}],"collection":[{"href":"https:\/\/buod.de\/de\/wp-json\/wp\/v2\/posts"}],"about":[{"href":"https:\/\/buod.de\/de\/wp-json\/wp\/v2\/types\/post"}],"author":[{"embeddable":true,"href":"https:\/\/buod.de\/de\/wp-json\/wp\/v2\/users\/4"}],"replies":[{"embeddable":true,"href":"https:\/\/buod.de\/de\/wp-json\/wp\/v2\/comments?post=10398"}],"version-history":[{"count":6,"href":"https:\/\/buod.de\/de\/wp-json\/wp\/v2\/posts\/10398\/revisions"}],"predecessor-version":[{"id":10454,"href":"https:\/\/buod.de\/de\/wp-json\/wp\/v2\/posts\/10398\/revisions\/10454"}],"wp:attachment":[{"href":"https:\/\/buod.de\/de\/wp-json\/wp\/v2\/media?parent=10398"}],"wp:term":[{"taxonomy":"category","embeddable":true,"href":"https:\/\/buod.de\/de\/wp-json\/wp\/v2\/categories?post=10398"},{"taxonomy":"post_tag","embeddable":true,"href":"https:\/\/buod.de\/de\/wp-json\/wp\/v2\/tags?post=10398"}],"curies":[{"name":"wp","href":"https:\/\/api.w.org\/{rel}","templated":true}]}}