{"id":10469,"date":"2025-07-21T10:55:05","date_gmt":"2025-07-21T08:55:05","guid":{"rendered":"https:\/\/buod.de\/?p=10469"},"modified":"2025-08-11T10:56:29","modified_gmt":"2025-08-11T08:56:29","slug":"koszonetnyilvanitas-parajd-szekelyfoldi-arviz","status":"publish","type":"post","link":"https:\/\/buod.de\/de\/koszonetnyilvanitas-parajd-szekelyfoldi-arviz\/","title":{"rendered":"K\u00f6sz\u00f6netnyilv\u00e1n\u00edt\u00e1s! \/\/ Parajd &#8211; Sz\u00e9kelyf\u00f6ldi \u00e1rv\u00edz"},"content":{"rendered":"<p>Kedves Mindny\u00e1jan!<\/p>\n\n\n\n<p>Be szeretn\u00e9nk sz\u00e1molni a sikeres adom\u00e1nygy\u0171jt\u0151 akci\u00f3nk eredm\u00e9ny\u00e9r\u0151l, melyet a sz\u00e9kelyf\u00f6ldi\/parajdi \u00e1rv\u00edzkatasztr\u00f3fa ut\u00e1n ind\u00edtottunk el.<\/p>\n\n\n\n<p>Amint l\u00e1tj\u00e1tok, t\u00f6bb egyes\u00fclet\/tagszervezet\u00fcnk rendezett gy\u0171jt\u00e9st saj\u00e1t k\u00f6r\u00e9ben, \u00e9s k\u00fcldte meg nek\u00fcnk az \u00f6sszeget, hogy mi azokat majd egy \u00f6sszegben tov\u00e1bb\u00edtsuk a Nemzetpolitikai \u00c1llamtitk\u00e1rs\u00e1g \u00e1ltal javasolt Erd\u00e9lyi Reform\u00e1tus P\u00fcsp\u00f6ki Hivatalnak, kik ezt megfelel\u0151en haszn\u00e1lj\u00e1k fel a k\u00e1rosultak megseg\u00edt\u00e9s\u00e9re.<\/p>\n\n\n\n<p>Nagy k\u00f6sz\u00f6netet szeretn\u00e9nk mondani minden adom\u00e1nyoz\u00f3nak!!<\/p>\n\n\n\n<p>K\u00f6sz\u00f6nj\u00fck, hogy v\u00e1llalt\u00e1tok az ezzel j\u00e1r\u00f3 f\u00e1rads\u00e1got \u00e9s munk\u00e1t!!<\/p>\n\n\n\n<p>A k\u00f6vetkez\u0151 szervezetekt\u0151l \u00e9s egy\u00e9nekt\u0151l \u00e9rkezett adom\u00e1ny:<\/p>\n\n\n\n<ol start=\"1\" class=\"wp-block-list\">\n<li>EMKE, Frankfurt (Magyar Kult\u00fara \u00e9s Eur\u00f3pai N\u00e9pek Meg\u00e9rt\u00e9s\u00e9nek T\u00e1mogat\u00e1sa) \u2013 1.000 Eur\u00f3<\/li>\n\n\n\n<li>Magyar Reform\u00e1tus Gy\u00fclekezet, Mainz \u2013 397 Eur\u00f3<\/li>\n\n\n\n<li>Vadr\u00f3zsa N\u00e9pt\u00e1nccsoport, Hagen, 200 Eur\u00f3<\/li>\n\n\n\n<li>Sz\u00e9chenyi K\u00f6r, M\u00fcnchen \u2013 200 Eur\u00f3<\/li>\n\n\n\n<li>Magyar Egyes\u00fclet, Hannover \u2013 100 Eur\u00f3<\/li>\n\n\n\n<li>Eva Czupy (egy\u00e9ni adom\u00e1nyoz\u00f3) \u2013 100 Eur\u00f3<\/li>\n\n\n\n<li>Marietta Peter (egy\u00e9ni adom\u00e1nyoz\u00f3) \u2013 50 Eur\u00f3<\/li>\n\n\n\n<li>Laczk\u00f3 Katalin (egy\u00e9ni adom\u00e1nyoz\u00f3? \u2013 20 Eur\u00f3<\/li>\n\n\n\n<li>BUOD, N\u00e9metorsz\u00e1gi Magyar Szervezetek Sz\u00f6vets\u00e9ge \u2013 533 Eur\u00f3<\/li>\n<\/ol>\n\n\n\n<p>Az \u00edgy tov\u00e1bb\u00edtott 2.600 Eur\u00f3val mi is hozz\u00e1j\u00e1rulunk a k\u00e1rosultak megseg\u00edt\u00e9s\u00e9re \u00e9s a k\u00e1rok enyh\u00edt\u00e9s\u00e9re.<\/p>\n\n\n\n<p>Olvass\u00e1tok el az Erd\u00e9lyi Reform\u00e1tus P\u00fcsp\u00f6ki Hivatal mell\u00e9kelt k\u00f6sz\u00f6n\u0151 level\u00e9t.<\/p>\n\n\n\n<p>Ui.: Azt is szeretn\u00e9nk jelezni, hogy tudjuk, m\u00e1s gy\u0171jt\u00e9si felh\u00edv\u00e1shoz is j\u00e1rultak hozz\u00e1 n\u00e9metorsz\u00e1gi egyes\u00fcletek \u00e9s egy\u00e9nek.<\/p>\n\n\n\n<p>\u00dcdv\u00f6zlettel \u2013 Klement Korn\u00e9l (Kori)<\/p>\n\n\n\n<div data-wp-interactive=\"core\/file\" class=\"wp-block-file\"><object data-wp-bind--hidden=\"!state.hasPdfPreview\" hidden class=\"wp-block-file__embed\" data=\"https:\/\/buod.de\/wp-content\/uploads\/2025\/08\/Koszonolevel-EREK-Parajd-20250716.pdf\" type=\"application\/pdf\" style=\"width:100%;height:600px\" aria-label=\"Embed of K\u00f6sz\u00f6n\u0151lev\u00e9l EREK Parajd 20250716.\"><\/object><a id=\"wp-block-file--media-a7572fc0-0a98-4a25-8307-8f43e3f5098e\" href=\"https:\/\/buod.de\/wp-content\/uploads\/2025\/08\/Koszonolevel-EREK-Parajd-20250716.pdf\">K\u00f6sz\u00f6n\u0151lev\u00e9l EREK Parajd 20250716<\/a><a href=\"https:\/\/buod.de\/wp-content\/uploads\/2025\/08\/Koszonolevel-EREK-Parajd-20250716.pdf\" class=\"wp-block-file__button wp-element-button\" download aria-describedby=\"wp-block-file--media-a7572fc0-0a98-4a25-8307-8f43e3f5098e\">Herunterladen<\/a><\/div>","protected":false},"excerpt":{"rendered":"<p>Kedves Mindny\u00e1jan! Be szeretn\u00e9nk sz\u00e1molni a sikeres adom\u00e1nygy\u0171jt\u0151 akci\u00f3nk eredm\u00e9ny\u00e9r\u0151l, melyet a sz\u00e9kelyf\u00f6ldi\/parajdi \u00e1rv\u00edzkatasztr\u00f3fa ut\u00e1n ind\u00edtottunk el. Amint l\u00e1tj\u00e1tok, t\u00f6bb egyes\u00fclet\/tagszervezet\u00fcnk rendezett gy\u0171jt\u00e9st saj\u00e1t k\u00f6r\u00e9ben, \u00e9s k\u00fcldte meg nek\u00fcnk az \u00f6sszeget, hogy mi azokat majd egy \u00f6sszegben tov\u00e1bb\u00edtsuk a Nemzetpolitikai \u00c1llamtitk\u00e1rs\u00e1g \u00e1ltal javasolt Erd\u00e9lyi Reform\u00e1tus P\u00fcsp\u00f6ki Hivatalnak, kik ezt megfelel\u0151en haszn\u00e1lj\u00e1k fel a k\u00e1rosultak megseg\u00edt\u00e9s\u00e9re. [&hellip;]<\/p>\n","protected":false},"author":4,"featured_media":0,"comment_status":"open","ping_status":"open","sticky":false,"template":"","format":"standard","meta":{"footnotes":""},"categories":[17],"tags":[23],"class_list":["post-10469","post","type-post","status-publish","format-standard","hentry","category-hirek","tag-23"],"yoast_head":"<!-- This site is optimized with the Yoast SEO plugin v27.5 - https:\/\/yoast.com\/product\/yoast-seo-wordpress\/ -->\n<title>K\u00f6sz\u00f6netnyilv\u00e1n\u00edt\u00e1s! \/\/ Parajd - Sz\u00e9kelyf\u00f6ldi \u00e1rv\u00edz - BUOD<\/title>\n<meta name=\"robots\" content=\"index, follow, max-snippet:-1, max-image-preview:large, max-video-preview:-1\" \/>\n<link rel=\"canonical\" href=\"https:\/\/buod.de\/de\/koszonetnyilvanitas-parajd-szekelyfoldi-arviz\/\" \/>\n<meta property=\"og:locale\" content=\"de_DE\" \/>\n<meta property=\"og:type\" content=\"article\" \/>\n<meta property=\"og:title\" content=\"K\u00f6sz\u00f6netnyilv\u00e1n\u00edt\u00e1s! \/\/ Parajd - Sz\u00e9kelyf\u00f6ldi \u00e1rv\u00edz - BUOD\" \/>\n<meta property=\"og:description\" content=\"Kedves Mindny\u00e1jan! Be szeretn\u00e9nk sz\u00e1molni a sikeres adom\u00e1nygy\u0171jt\u0151 akci\u00f3nk eredm\u00e9ny\u00e9r\u0151l, melyet a sz\u00e9kelyf\u00f6ldi\/parajdi \u00e1rv\u00edzkatasztr\u00f3fa ut\u00e1n ind\u00edtottunk el. Amint l\u00e1tj\u00e1tok, t\u00f6bb egyes\u00fclet\/tagszervezet\u00fcnk rendezett gy\u0171jt\u00e9st saj\u00e1t k\u00f6r\u00e9ben, \u00e9s k\u00fcldte meg nek\u00fcnk az \u00f6sszeget, hogy mi azokat majd egy \u00f6sszegben tov\u00e1bb\u00edtsuk a Nemzetpolitikai \u00c1llamtitk\u00e1rs\u00e1g \u00e1ltal javasolt Erd\u00e9lyi Reform\u00e1tus P\u00fcsp\u00f6ki Hivatalnak, kik ezt megfelel\u0151en haszn\u00e1lj\u00e1k fel a k\u00e1rosultak megseg\u00edt\u00e9s\u00e9re. [&hellip;]\" \/>\n<meta property=\"og:url\" content=\"https:\/\/buod.de\/de\/koszonetnyilvanitas-parajd-szekelyfoldi-arviz\/\" \/>\n<meta property=\"og:site_name\" content=\"BUOD\" \/>\n<meta property=\"article:publisher\" content=\"https:\/\/www.facebook.com\/profile.php?id=100082185652397\" \/>\n<meta property=\"article:published_time\" content=\"2025-07-21T08:55:05+00:00\" \/>\n<meta property=\"article:modified_time\" content=\"2025-08-11T08:56:29+00:00\" \/>\n<meta name=\"author\" content=\"Gery V\u00e1rkonyi\" \/>\n<meta name=\"twitter:card\" content=\"summary_large_image\" \/>\n<meta name=\"twitter:label1\" content=\"Written by\" \/>\n\t<meta name=\"twitter:data1\" content=\"Gery V\u00e1rkonyi\" \/>\n\t<meta name=\"twitter:label2\" content=\"Est. reading time\" \/>\n\t<meta name=\"twitter:data2\" content=\"2 minutes\" \/>\n<script type=\"application\/ld+json\" class=\"yoast-schema-graph\">{\"@context\":\"https:\\\/\\\/schema.org\",\"@graph\":[{\"@type\":\"Article\",\"@id\":\"https:\\\/\\\/buod.de\\\/koszonetnyilvanitas-parajd-szekelyfoldi-arviz\\\/#article\",\"isPartOf\":{\"@id\":\"https:\\\/\\\/buod.de\\\/koszonetnyilvanitas-parajd-szekelyfoldi-arviz\\\/\"},\"author\":{\"name\":\"Gery V\u00e1rkonyi\",\"@id\":\"https:\\\/\\\/buod.de\\\/#\\\/schema\\\/person\\\/8332a3e63b017fea8fcd17e9c0f96bf1\"},\"headline\":\"K\u00f6sz\u00f6netnyilv\u00e1n\u00edt\u00e1s! \\\/\\\/ Parajd &#8211; Sz\u00e9kelyf\u00f6ldi \u00e1rv\u00edz\",\"datePublished\":\"2025-07-21T08:55:05+00:00\",\"dateModified\":\"2025-08-11T08:56:29+00:00\",\"mainEntityOfPage\":{\"@id\":\"https:\\\/\\\/buod.de\\\/koszonetnyilvanitas-parajd-szekelyfoldi-arviz\\\/\"},\"wordCount\":318,\"commentCount\":0,\"publisher\":{\"@id\":\"https:\\\/\\\/buod.de\\\/#organization\"},\"keywords\":[\"2025\"],\"articleSection\":[\"H\u00edrek\"],\"inLanguage\":\"de-DE\",\"potentialAction\":[{\"@type\":\"CommentAction\",\"name\":\"Comment\",\"target\":[\"https:\\\/\\\/buod.de\\\/koszonetnyilvanitas-parajd-szekelyfoldi-arviz\\\/#respond\"]}]},{\"@type\":\"WebPage\",\"@id\":\"https:\\\/\\\/buod.de\\\/koszonetnyilvanitas-parajd-szekelyfoldi-arviz\\\/\",\"url\":\"https:\\\/\\\/buod.de\\\/koszonetnyilvanitas-parajd-szekelyfoldi-arviz\\\/\",\"name\":\"K\u00f6sz\u00f6netnyilv\u00e1n\u00edt\u00e1s! \\\/\\\/ Parajd - Sz\u00e9kelyf\u00f6ldi \u00e1rv\u00edz - BUOD\",\"isPartOf\":{\"@id\":\"https:\\\/\\\/buod.de\\\/#website\"},\"datePublished\":\"2025-07-21T08:55:05+00:00\",\"dateModified\":\"2025-08-11T08:56:29+00:00\",\"breadcrumb\":{\"@id\":\"https:\\\/\\\/buod.de\\\/koszonetnyilvanitas-parajd-szekelyfoldi-arviz\\\/#breadcrumb\"},\"inLanguage\":\"de-DE\",\"potentialAction\":[{\"@type\":\"ReadAction\",\"target\":[\"https:\\\/\\\/buod.de\\\/koszonetnyilvanitas-parajd-szekelyfoldi-arviz\\\/\"]}]},{\"@type\":\"BreadcrumbList\",\"@id\":\"https:\\\/\\\/buod.de\\\/koszonetnyilvanitas-parajd-szekelyfoldi-arviz\\\/#breadcrumb\",\"itemListElement\":[{\"@type\":\"ListItem\",\"position\":1,\"name\":\"Kezd\u0151lap\",\"item\":\"https:\\\/\\\/buod.de\\\/\"},{\"@type\":\"ListItem\",\"position\":2,\"name\":\"K\u00f6sz\u00f6netnyilv\u00e1n\u00edt\u00e1s! \\\/\\\/ Parajd &#8211; Sz\u00e9kelyf\u00f6ldi \u00e1rv\u00edz\"}]},{\"@type\":\"WebSite\",\"@id\":\"https:\\\/\\\/buod.de\\\/#website\",\"url\":\"https:\\\/\\\/buod.de\\\/\",\"name\":\"BUOD\",\"description\":\"Bund Ungarischer Organisationen in Deutschland\",\"publisher\":{\"@id\":\"https:\\\/\\\/buod.de\\\/#organization\"},\"potentialAction\":[{\"@type\":\"SearchAction\",\"target\":{\"@type\":\"EntryPoint\",\"urlTemplate\":\"https:\\\/\\\/buod.de\\\/?s={search_term_string}\"},\"query-input\":{\"@type\":\"PropertyValueSpecification\",\"valueRequired\":true,\"valueName\":\"search_term_string\"}}],\"inLanguage\":\"de-DE\"},{\"@type\":\"Organization\",\"@id\":\"https:\\\/\\\/buod.de\\\/#organization\",\"name\":\"BUOD\",\"url\":\"https:\\\/\\\/buod.de\\\/\",\"logo\":{\"@type\":\"ImageObject\",\"inLanguage\":\"de-DE\",\"@id\":\"https:\\\/\\\/buod.de\\\/#\\\/schema\\\/logo\\\/image\\\/\",\"url\":\"https:\\\/\\\/buod.de\\\/wp-content\\\/uploads\\\/2024\\\/03\\\/BUOD-logo.png\",\"contentUrl\":\"https:\\\/\\\/buod.de\\\/wp-content\\\/uploads\\\/2024\\\/03\\\/BUOD-logo.png\",\"width\":586,\"height\":490,\"caption\":\"BUOD\"},\"image\":{\"@id\":\"https:\\\/\\\/buod.de\\\/#\\\/schema\\\/logo\\\/image\\\/\"},\"sameAs\":[\"https:\\\/\\\/www.facebook.com\\\/profile.php?id=100082185652397\"]},{\"@type\":\"Person\",\"@id\":\"https:\\\/\\\/buod.de\\\/#\\\/schema\\\/person\\\/8332a3e63b017fea8fcd17e9c0f96bf1\",\"name\":\"Gery V\u00e1rkonyi\",\"image\":{\"@type\":\"ImageObject\",\"inLanguage\":\"de-DE\",\"@id\":\"https:\\\/\\\/secure.gravatar.com\\\/avatar\\\/c1babe7dc68f065be4ec606c522172804715398688c78c6fffca3888b364e934?s=96&d=mm&r=g\",\"url\":\"https:\\\/\\\/secure.gravatar.com\\\/avatar\\\/c1babe7dc68f065be4ec606c522172804715398688c78c6fffca3888b364e934?s=96&d=mm&r=g\",\"contentUrl\":\"https:\\\/\\\/secure.gravatar.com\\\/avatar\\\/c1babe7dc68f065be4ec606c522172804715398688c78c6fffca3888b364e934?s=96&d=mm&r=g\",\"caption\":\"Gery V\u00e1rkonyi\"},\"url\":\"https:\\\/\\\/buod.de\\\/de\\\/author\\\/geryvarkonyi\\\/\"}]}<\/script>\n<!-- \/ Yoast SEO plugin. -->","yoast_head_json":{"title":"K\u00f6sz\u00f6netnyilv\u00e1n\u00edt\u00e1s! \/\/ Parajd - Sz\u00e9kelyf\u00f6ldi \u00e1rv\u00edz - BUOD","robots":{"index":"index","follow":"follow","max-snippet":"max-snippet:-1","max-image-preview":"max-image-preview:large","max-video-preview":"max-video-preview:-1"},"canonical":"https:\/\/buod.de\/de\/koszonetnyilvanitas-parajd-szekelyfoldi-arviz\/","og_locale":"de_DE","og_type":"article","og_title":"K\u00f6sz\u00f6netnyilv\u00e1n\u00edt\u00e1s! \/\/ Parajd - Sz\u00e9kelyf\u00f6ldi \u00e1rv\u00edz - BUOD","og_description":"Kedves Mindny\u00e1jan! Be szeretn\u00e9nk sz\u00e1molni a sikeres adom\u00e1nygy\u0171jt\u0151 akci\u00f3nk eredm\u00e9ny\u00e9r\u0151l, melyet a sz\u00e9kelyf\u00f6ldi\/parajdi \u00e1rv\u00edzkatasztr\u00f3fa ut\u00e1n ind\u00edtottunk el. Amint l\u00e1tj\u00e1tok, t\u00f6bb egyes\u00fclet\/tagszervezet\u00fcnk rendezett gy\u0171jt\u00e9st saj\u00e1t k\u00f6r\u00e9ben, \u00e9s k\u00fcldte meg nek\u00fcnk az \u00f6sszeget, hogy mi azokat majd egy \u00f6sszegben tov\u00e1bb\u00edtsuk a Nemzetpolitikai \u00c1llamtitk\u00e1rs\u00e1g \u00e1ltal javasolt Erd\u00e9lyi Reform\u00e1tus P\u00fcsp\u00f6ki Hivatalnak, kik ezt megfelel\u0151en haszn\u00e1lj\u00e1k fel a k\u00e1rosultak megseg\u00edt\u00e9s\u00e9re. [&hellip;]","og_url":"https:\/\/buod.de\/de\/koszonetnyilvanitas-parajd-szekelyfoldi-arviz\/","og_site_name":"BUOD","article_publisher":"https:\/\/www.facebook.com\/profile.php?id=100082185652397","article_published_time":"2025-07-21T08:55:05+00:00","article_modified_time":"2025-08-11T08:56:29+00:00","author":"Gery V\u00e1rkonyi","twitter_card":"summary_large_image","twitter_misc":{"Written by":"Gery V\u00e1rkonyi","Est. reading time":"2 minutes"},"schema":{"@context":"https:\/\/schema.org","@graph":[{"@type":"Article","@id":"https:\/\/buod.de\/koszonetnyilvanitas-parajd-szekelyfoldi-arviz\/#article","isPartOf":{"@id":"https:\/\/buod.de\/koszonetnyilvanitas-parajd-szekelyfoldi-arviz\/"},"author":{"name":"Gery V\u00e1rkonyi","@id":"https:\/\/buod.de\/#\/schema\/person\/8332a3e63b017fea8fcd17e9c0f96bf1"},"headline":"K\u00f6sz\u00f6netnyilv\u00e1n\u00edt\u00e1s! \/\/ Parajd &#8211; Sz\u00e9kelyf\u00f6ldi \u00e1rv\u00edz","datePublished":"2025-07-21T08:55:05+00:00","dateModified":"2025-08-11T08:56:29+00:00","mainEntityOfPage":{"@id":"https:\/\/buod.de\/koszonetnyilvanitas-parajd-szekelyfoldi-arviz\/"},"wordCount":318,"commentCount":0,"publisher":{"@id":"https:\/\/buod.de\/#organization"},"keywords":["2025"],"articleSection":["H\u00edrek"],"inLanguage":"de-DE","potentialAction":[{"@type":"CommentAction","name":"Comment","target":["https:\/\/buod.de\/koszonetnyilvanitas-parajd-szekelyfoldi-arviz\/#respond"]}]},{"@type":"WebPage","@id":"https:\/\/buod.de\/koszonetnyilvanitas-parajd-szekelyfoldi-arviz\/","url":"https:\/\/buod.de\/koszonetnyilvanitas-parajd-szekelyfoldi-arviz\/","name":"K\u00f6sz\u00f6netnyilv\u00e1n\u00edt\u00e1s! \/\/ Parajd - Sz\u00e9kelyf\u00f6ldi \u00e1rv\u00edz - BUOD","isPartOf":{"@id":"https:\/\/buod.de\/#website"},"datePublished":"2025-07-21T08:55:05+00:00","dateModified":"2025-08-11T08:56:29+00:00","breadcrumb":{"@id":"https:\/\/buod.de\/koszonetnyilvanitas-parajd-szekelyfoldi-arviz\/#breadcrumb"},"inLanguage":"de-DE","potentialAction":[{"@type":"ReadAction","target":["https:\/\/buod.de\/koszonetnyilvanitas-parajd-szekelyfoldi-arviz\/"]}]},{"@type":"BreadcrumbList","@id":"https:\/\/buod.de\/koszonetnyilvanitas-parajd-szekelyfoldi-arviz\/#breadcrumb","itemListElement":[{"@type":"ListItem","position":1,"name":"Kezd\u0151lap","item":"https:\/\/buod.de\/"},{"@type":"ListItem","position":2,"name":"K\u00f6sz\u00f6netnyilv\u00e1n\u00edt\u00e1s! \/\/ Parajd &#8211; Sz\u00e9kelyf\u00f6ldi \u00e1rv\u00edz"}]},{"@type":"WebSite","@id":"https:\/\/buod.de\/#website","url":"https:\/\/buod.de\/","name":"BUOD","description":"Bund Ungarischer Organisationen in Deutschland","publisher":{"@id":"https:\/\/buod.de\/#organization"},"potentialAction":[{"@type":"SearchAction","target":{"@type":"EntryPoint","urlTemplate":"https:\/\/buod.de\/?s={search_term_string}"},"query-input":{"@type":"PropertyValueSpecification","valueRequired":true,"valueName":"search_term_string"}}],"inLanguage":"de-DE"},{"@type":"Organization","@id":"https:\/\/buod.de\/#organization","name":"BUOD","url":"https:\/\/buod.de\/","logo":{"@type":"ImageObject","inLanguage":"de-DE","@id":"https:\/\/buod.de\/#\/schema\/logo\/image\/","url":"https:\/\/buod.de\/wp-content\/uploads\/2024\/03\/BUOD-logo.png","contentUrl":"https:\/\/buod.de\/wp-content\/uploads\/2024\/03\/BUOD-logo.png","width":586,"height":490,"caption":"BUOD"},"image":{"@id":"https:\/\/buod.de\/#\/schema\/logo\/image\/"},"sameAs":["https:\/\/www.facebook.com\/profile.php?id=100082185652397"]},{"@type":"Person","@id":"https:\/\/buod.de\/#\/schema\/person\/8332a3e63b017fea8fcd17e9c0f96bf1","name":"Gery V\u00e1rkonyi","image":{"@type":"ImageObject","inLanguage":"de-DE","@id":"https:\/\/secure.gravatar.com\/avatar\/c1babe7dc68f065be4ec606c522172804715398688c78c6fffca3888b364e934?s=96&d=mm&r=g","url":"https:\/\/secure.gravatar.com\/avatar\/c1babe7dc68f065be4ec606c522172804715398688c78c6fffca3888b364e934?s=96&d=mm&r=g","contentUrl":"https:\/\/secure.gravatar.com\/avatar\/c1babe7dc68f065be4ec606c522172804715398688c78c6fffca3888b364e934?s=96&d=mm&r=g","caption":"Gery V\u00e1rkonyi"},"url":"https:\/\/buod.de\/de\/author\/geryvarkonyi\/"}]}},"_links":{"self":[{"href":"https:\/\/buod.de\/de\/wp-json\/wp\/v2\/posts\/10469","targetHints":{"allow":["GET"]}}],"collection":[{"href":"https:\/\/buod.de\/de\/wp-json\/wp\/v2\/posts"}],"about":[{"href":"https:\/\/buod.de\/de\/wp-json\/wp\/v2\/types\/post"}],"author":[{"embeddable":true,"href":"https:\/\/buod.de\/de\/wp-json\/wp\/v2\/users\/4"}],"replies":[{"embeddable":true,"href":"https:\/\/buod.de\/de\/wp-json\/wp\/v2\/comments?post=10469"}],"version-history":[{"count":1,"href":"https:\/\/buod.de\/de\/wp-json\/wp\/v2\/posts\/10469\/revisions"}],"predecessor-version":[{"id":10471,"href":"https:\/\/buod.de\/de\/wp-json\/wp\/v2\/posts\/10469\/revisions\/10471"}],"wp:attachment":[{"href":"https:\/\/buod.de\/de\/wp-json\/wp\/v2\/media?parent=10469"}],"wp:term":[{"taxonomy":"category","embeddable":true,"href":"https:\/\/buod.de\/de\/wp-json\/wp\/v2\/categories?post=10469"},{"taxonomy":"post_tag","embeddable":true,"href":"https:\/\/buod.de\/de\/wp-json\/wp\/v2\/tags?post=10469"}],"curies":[{"name":"wp","href":"https:\/\/api.w.org\/{rel}","templated":true}]}}