{"id":10490,"date":"2025-08-15T07:54:14","date_gmt":"2025-08-15T05:54:14","guid":{"rendered":"https:\/\/buod.de\/?p=10490"},"modified":"2025-08-25T07:54:32","modified_gmt":"2025-08-25T05:54:32","slug":"einladung-zur-buchprasentation-am18-09-2025-im-generalkonuslat-von-ungarn","status":"publish","type":"post","link":"https:\/\/buod.de\/de\/einladung-zur-buchprasentation-am18-09-2025-im-generalkonuslat-von-ungarn\/","title":{"rendered":"Einladung zur Buchpr\u00e4sentation am18.09.2025 im Generalkonuslat von Ungarn"},"content":{"rendered":"<p>Kedves Mindny\u00e1jan!<\/p>\n\n\n\n<p>Tov\u00e1bb\u00edtom a M\u00fcncheni Konzul\u00e1tus megh\u00edv\u00f3j\u00e1t Rab Ir\u00e9n szeptember 18. k\u00f6nyvbemutat\u00f3j\u00e1ra.<\/p>\n\n\n\n<p>Jelzem, hogy Rab Ir\u00e9n ut\u00e1na r\u00e9szt vesz a BUOD szeptember 20-21. tal\u00e1lkoz\u00f3j\u00e1n Kastlban.<\/p>\n\n\n\n<p>\u00dcdv\u00f6zlettel \u2013 Klement Korn\u00e9l (Kori)<\/p>\n\n\n\n<p><\/p>\n\n\n\n<p><\/p>\n\n\n\n<p><strong>Sehr geehrte Kulturliebhaber,<\/strong><\/p>\n\n\n\n<p>das Generalkonsulat von Ungarn in Bayern l\u00e4dt Sie herzlich zur Buchpr\u00e4sentation zweier Werke der Kulturhistorikerin und Hungarologin Ir\u00e9n Rab am 18. September 2025 um 18:00 Uhr im Generalkonsulat ein.<\/p>\n\n\n\n<p>Bitte beachten Sie, dass die Teilnahme in der Reihenfolge der Anmeldung best\u00e4tigt wird.<\/p>\n\n\n\n<p>Wir m\u00f6chten Sie herzlich bitten, Ihre Teilnahme sowie die Ihrer Begleitung sp\u00e4testens bis zum 12. September 2025 per E-Mail an&nbsp;<a href=\"mailto:einladung-muenchen@mfa.gov.hu\">einladung-muenchen@mfa.gov.hu<\/a>&nbsp;oder telefonisch unter 089 96 22 80 230 anzumelden.<\/p>\n\n\n\n<p>Mit freundlichen Gr\u00fc\u00dfen<\/p>\n\n\n\n<figure class=\"wp-block-table\"><table class=\"has-fixed-layout\"><tbody><tr><td><img loading=\"lazy\" decoding=\"async\" width=\"35\" height=\"65\" src=\"\"><\/td><td>Generalkonsulat von Ungarn M\u00fcnchen81679 M\u00fcnchen, Mauerkircherstr 1a.Tel.: + 49 (0) 89 962280 230E-Mail:&nbsp;<a href=\"mailto:dora.horvath@mfa.gov.hu\">dora.horvath@mfa.gov.hu<\/a><\/td><\/tr><\/tbody><\/table><\/figure>\n\n\n\n<figure class=\"wp-block-image size-large\"><img loading=\"lazy\" decoding=\"async\" width=\"1024\" height=\"512\" src=\"https:\/\/buod.de\/wp-content\/uploads\/2025\/08\/image002-1024x512.jpg\" alt=\"\" class=\"wp-image-10491\" srcset=\"https:\/\/buod.de\/wp-content\/uploads\/2025\/08\/image002-1024x512.jpg 1024w, https:\/\/buod.de\/wp-content\/uploads\/2025\/08\/image002-300x150.jpg 300w, https:\/\/buod.de\/wp-content\/uploads\/2025\/08\/image002-768x384.jpg 768w, https:\/\/buod.de\/wp-content\/uploads\/2025\/08\/image002-1536x768.jpg 1536w, https:\/\/buod.de\/wp-content\/uploads\/2025\/08\/image002-2048x1024.jpg 2048w, https:\/\/buod.de\/wp-content\/uploads\/2025\/08\/image002-18x9.jpg 18w\" sizes=\"auto, (max-width: 1024px) 100vw, 1024px\" \/><\/figure>","protected":false},"excerpt":{"rendered":"<p>Kedves Mindny\u00e1jan! Tov\u00e1bb\u00edtom a M\u00fcncheni Konzul\u00e1tus megh\u00edv\u00f3j\u00e1t Rab Ir\u00e9n szeptember 18. k\u00f6nyvbemutat\u00f3j\u00e1ra. Jelzem, hogy Rab Ir\u00e9n ut\u00e1na r\u00e9szt vesz a BUOD szeptember 20-21. tal\u00e1lkoz\u00f3j\u00e1n Kastlban. \u00dcdv\u00f6zlettel \u2013 Klement Korn\u00e9l (Kori) Sehr geehrte Kulturliebhaber, das Generalkonsulat von Ungarn in Bayern l\u00e4dt Sie herzlich zur Buchpr\u00e4sentation zweier Werke der Kulturhistorikerin und Hungarologin Ir\u00e9n Rab am 18. September [&hellip;]<\/p>\n","protected":false},"author":4,"featured_media":10491,"comment_status":"open","ping_status":"open","sticky":false,"template":"","format":"standard","meta":{"footnotes":""},"categories":[17],"tags":[23],"class_list":["post-10490","post","type-post","status-publish","format-standard","has-post-thumbnail","hentry","category-hirek","tag-23"],"yoast_head":"<!-- This site is optimized with the Yoast SEO plugin v27.5 - https:\/\/yoast.com\/product\/yoast-seo-wordpress\/ -->\n<title>Einladung zur Buchpr\u00e4sentation am18.09.2025 im Generalkonuslat von Ungarn - BUOD<\/title>\n<meta name=\"robots\" content=\"index, follow, max-snippet:-1, max-image-preview:large, max-video-preview:-1\" \/>\n<link rel=\"canonical\" href=\"https:\/\/buod.de\/de\/einladung-zur-buchprasentation-am18-09-2025-im-generalkonuslat-von-ungarn\/\" \/>\n<meta property=\"og:locale\" content=\"de_DE\" \/>\n<meta property=\"og:type\" content=\"article\" \/>\n<meta property=\"og:title\" content=\"Einladung zur Buchpr\u00e4sentation am18.09.2025 im Generalkonuslat von Ungarn - BUOD\" \/>\n<meta property=\"og:description\" content=\"Kedves Mindny\u00e1jan! Tov\u00e1bb\u00edtom a M\u00fcncheni Konzul\u00e1tus megh\u00edv\u00f3j\u00e1t Rab Ir\u00e9n szeptember 18. k\u00f6nyvbemutat\u00f3j\u00e1ra. Jelzem, hogy Rab Ir\u00e9n ut\u00e1na r\u00e9szt vesz a BUOD szeptember 20-21. tal\u00e1lkoz\u00f3j\u00e1n Kastlban. \u00dcdv\u00f6zlettel \u2013 Klement Korn\u00e9l (Kori) Sehr geehrte Kulturliebhaber, das Generalkonsulat von Ungarn in Bayern l\u00e4dt Sie herzlich zur Buchpr\u00e4sentation zweier Werke der Kulturhistorikerin und Hungarologin Ir\u00e9n Rab am 18. September [&hellip;]\" \/>\n<meta property=\"og:url\" content=\"https:\/\/buod.de\/de\/einladung-zur-buchprasentation-am18-09-2025-im-generalkonuslat-von-ungarn\/\" \/>\n<meta property=\"og:site_name\" content=\"BUOD\" \/>\n<meta property=\"article:publisher\" content=\"https:\/\/www.facebook.com\/profile.php?id=100082185652397\" \/>\n<meta property=\"article:published_time\" content=\"2025-08-15T05:54:14+00:00\" \/>\n<meta property=\"article:modified_time\" content=\"2025-08-25T05:54:32+00:00\" \/>\n<meta property=\"og:image\" content=\"https:\/\/buod.de\/wp-content\/uploads\/2025\/08\/image002-scaled.jpg\" \/>\n\t<meta property=\"og:image:width\" content=\"2560\" \/>\n\t<meta property=\"og:image:height\" content=\"1280\" \/>\n\t<meta property=\"og:image:type\" content=\"image\/jpeg\" \/>\n<meta name=\"author\" content=\"Gery V\u00e1rkonyi\" \/>\n<meta name=\"twitter:card\" content=\"summary_large_image\" \/>\n<meta name=\"twitter:label1\" content=\"Written by\" \/>\n\t<meta name=\"twitter:data1\" content=\"Gery V\u00e1rkonyi\" \/>\n\t<meta name=\"twitter:label2\" content=\"Est. reading time\" \/>\n\t<meta name=\"twitter:data2\" content=\"1 minute\" \/>\n<script type=\"application\/ld+json\" class=\"yoast-schema-graph\">{\"@context\":\"https:\\\/\\\/schema.org\",\"@graph\":[{\"@type\":\"Article\",\"@id\":\"https:\\\/\\\/buod.de\\\/einladung-zur-buchprasentation-am18-09-2025-im-generalkonuslat-von-ungarn\\\/#article\",\"isPartOf\":{\"@id\":\"https:\\\/\\\/buod.de\\\/einladung-zur-buchprasentation-am18-09-2025-im-generalkonuslat-von-ungarn\\\/\"},\"author\":{\"name\":\"Gery V\u00e1rkonyi\",\"@id\":\"https:\\\/\\\/buod.de\\\/#\\\/schema\\\/person\\\/8332a3e63b017fea8fcd17e9c0f96bf1\"},\"headline\":\"Einladung zur Buchpr\u00e4sentation am18.09.2025 im Generalkonuslat von Ungarn\",\"datePublished\":\"2025-08-15T05:54:14+00:00\",\"dateModified\":\"2025-08-25T05:54:32+00:00\",\"mainEntityOfPage\":{\"@id\":\"https:\\\/\\\/buod.de\\\/einladung-zur-buchprasentation-am18-09-2025-im-generalkonuslat-von-ungarn\\\/\"},\"wordCount\":154,\"commentCount\":0,\"publisher\":{\"@id\":\"https:\\\/\\\/buod.de\\\/#organization\"},\"image\":{\"@id\":\"https:\\\/\\\/buod.de\\\/einladung-zur-buchprasentation-am18-09-2025-im-generalkonuslat-von-ungarn\\\/#primaryimage\"},\"thumbnailUrl\":\"https:\\\/\\\/buod.de\\\/wp-content\\\/uploads\\\/2025\\\/08\\\/image002-scaled.jpg\",\"keywords\":[\"2025\"],\"articleSection\":[\"H\u00edrek\"],\"inLanguage\":\"de-DE\",\"potentialAction\":[{\"@type\":\"CommentAction\",\"name\":\"Comment\",\"target\":[\"https:\\\/\\\/buod.de\\\/einladung-zur-buchprasentation-am18-09-2025-im-generalkonuslat-von-ungarn\\\/#respond\"]}]},{\"@type\":\"WebPage\",\"@id\":\"https:\\\/\\\/buod.de\\\/einladung-zur-buchprasentation-am18-09-2025-im-generalkonuslat-von-ungarn\\\/\",\"url\":\"https:\\\/\\\/buod.de\\\/einladung-zur-buchprasentation-am18-09-2025-im-generalkonuslat-von-ungarn\\\/\",\"name\":\"Einladung zur Buchpr\u00e4sentation am18.09.2025 im Generalkonuslat von Ungarn - BUOD\",\"isPartOf\":{\"@id\":\"https:\\\/\\\/buod.de\\\/#website\"},\"primaryImageOfPage\":{\"@id\":\"https:\\\/\\\/buod.de\\\/einladung-zur-buchprasentation-am18-09-2025-im-generalkonuslat-von-ungarn\\\/#primaryimage\"},\"image\":{\"@id\":\"https:\\\/\\\/buod.de\\\/einladung-zur-buchprasentation-am18-09-2025-im-generalkonuslat-von-ungarn\\\/#primaryimage\"},\"thumbnailUrl\":\"https:\\\/\\\/buod.de\\\/wp-content\\\/uploads\\\/2025\\\/08\\\/image002-scaled.jpg\",\"datePublished\":\"2025-08-15T05:54:14+00:00\",\"dateModified\":\"2025-08-25T05:54:32+00:00\",\"breadcrumb\":{\"@id\":\"https:\\\/\\\/buod.de\\\/einladung-zur-buchprasentation-am18-09-2025-im-generalkonuslat-von-ungarn\\\/#breadcrumb\"},\"inLanguage\":\"de-DE\",\"potentialAction\":[{\"@type\":\"ReadAction\",\"target\":[\"https:\\\/\\\/buod.de\\\/einladung-zur-buchprasentation-am18-09-2025-im-generalkonuslat-von-ungarn\\\/\"]}]},{\"@type\":\"ImageObject\",\"inLanguage\":\"de-DE\",\"@id\":\"https:\\\/\\\/buod.de\\\/einladung-zur-buchprasentation-am18-09-2025-im-generalkonuslat-von-ungarn\\\/#primaryimage\",\"url\":\"https:\\\/\\\/buod.de\\\/wp-content\\\/uploads\\\/2025\\\/08\\\/image002-scaled.jpg\",\"contentUrl\":\"https:\\\/\\\/buod.de\\\/wp-content\\\/uploads\\\/2025\\\/08\\\/image002-scaled.jpg\",\"width\":2560,\"height\":1280},{\"@type\":\"BreadcrumbList\",\"@id\":\"https:\\\/\\\/buod.de\\\/einladung-zur-buchprasentation-am18-09-2025-im-generalkonuslat-von-ungarn\\\/#breadcrumb\",\"itemListElement\":[{\"@type\":\"ListItem\",\"position\":1,\"name\":\"Kezd\u0151lap\",\"item\":\"https:\\\/\\\/buod.de\\\/\"},{\"@type\":\"ListItem\",\"position\":2,\"name\":\"Einladung zur Buchpr\u00e4sentation am18.09.2025 im Generalkonuslat von Ungarn\"}]},{\"@type\":\"WebSite\",\"@id\":\"https:\\\/\\\/buod.de\\\/#website\",\"url\":\"https:\\\/\\\/buod.de\\\/\",\"name\":\"BUOD\",\"description\":\"Bund Ungarischer Organisationen in Deutschland\",\"publisher\":{\"@id\":\"https:\\\/\\\/buod.de\\\/#organization\"},\"potentialAction\":[{\"@type\":\"SearchAction\",\"target\":{\"@type\":\"EntryPoint\",\"urlTemplate\":\"https:\\\/\\\/buod.de\\\/?s={search_term_string}\"},\"query-input\":{\"@type\":\"PropertyValueSpecification\",\"valueRequired\":true,\"valueName\":\"search_term_string\"}}],\"inLanguage\":\"de-DE\"},{\"@type\":\"Organization\",\"@id\":\"https:\\\/\\\/buod.de\\\/#organization\",\"name\":\"BUOD\",\"url\":\"https:\\\/\\\/buod.de\\\/\",\"logo\":{\"@type\":\"ImageObject\",\"inLanguage\":\"de-DE\",\"@id\":\"https:\\\/\\\/buod.de\\\/#\\\/schema\\\/logo\\\/image\\\/\",\"url\":\"https:\\\/\\\/buod.de\\\/wp-content\\\/uploads\\\/2024\\\/03\\\/BUOD-logo.png\",\"contentUrl\":\"https:\\\/\\\/buod.de\\\/wp-content\\\/uploads\\\/2024\\\/03\\\/BUOD-logo.png\",\"width\":586,\"height\":490,\"caption\":\"BUOD\"},\"image\":{\"@id\":\"https:\\\/\\\/buod.de\\\/#\\\/schema\\\/logo\\\/image\\\/\"},\"sameAs\":[\"https:\\\/\\\/www.facebook.com\\\/profile.php?id=100082185652397\"]},{\"@type\":\"Person\",\"@id\":\"https:\\\/\\\/buod.de\\\/#\\\/schema\\\/person\\\/8332a3e63b017fea8fcd17e9c0f96bf1\",\"name\":\"Gery V\u00e1rkonyi\",\"image\":{\"@type\":\"ImageObject\",\"inLanguage\":\"de-DE\",\"@id\":\"https:\\\/\\\/secure.gravatar.com\\\/avatar\\\/c1babe7dc68f065be4ec606c522172804715398688c78c6fffca3888b364e934?s=96&d=mm&r=g\",\"url\":\"https:\\\/\\\/secure.gravatar.com\\\/avatar\\\/c1babe7dc68f065be4ec606c522172804715398688c78c6fffca3888b364e934?s=96&d=mm&r=g\",\"contentUrl\":\"https:\\\/\\\/secure.gravatar.com\\\/avatar\\\/c1babe7dc68f065be4ec606c522172804715398688c78c6fffca3888b364e934?s=96&d=mm&r=g\",\"caption\":\"Gery V\u00e1rkonyi\"},\"url\":\"https:\\\/\\\/buod.de\\\/de\\\/author\\\/geryvarkonyi\\\/\"}]}<\/script>\n<!-- \/ Yoast SEO plugin. -->","yoast_head_json":{"title":"Einladung zur Buchpr\u00e4sentation am18.09.2025 im Generalkonuslat von Ungarn - BUOD","robots":{"index":"index","follow":"follow","max-snippet":"max-snippet:-1","max-image-preview":"max-image-preview:large","max-video-preview":"max-video-preview:-1"},"canonical":"https:\/\/buod.de\/de\/einladung-zur-buchprasentation-am18-09-2025-im-generalkonuslat-von-ungarn\/","og_locale":"de_DE","og_type":"article","og_title":"Einladung zur Buchpr\u00e4sentation am18.09.2025 im Generalkonuslat von Ungarn - BUOD","og_description":"Kedves Mindny\u00e1jan! Tov\u00e1bb\u00edtom a M\u00fcncheni Konzul\u00e1tus megh\u00edv\u00f3j\u00e1t Rab Ir\u00e9n szeptember 18. k\u00f6nyvbemutat\u00f3j\u00e1ra. Jelzem, hogy Rab Ir\u00e9n ut\u00e1na r\u00e9szt vesz a BUOD szeptember 20-21. tal\u00e1lkoz\u00f3j\u00e1n Kastlban. \u00dcdv\u00f6zlettel \u2013 Klement Korn\u00e9l (Kori) Sehr geehrte Kulturliebhaber, das Generalkonsulat von Ungarn in Bayern l\u00e4dt Sie herzlich zur Buchpr\u00e4sentation zweier Werke der Kulturhistorikerin und Hungarologin Ir\u00e9n Rab am 18. September [&hellip;]","og_url":"https:\/\/buod.de\/de\/einladung-zur-buchprasentation-am18-09-2025-im-generalkonuslat-von-ungarn\/","og_site_name":"BUOD","article_publisher":"https:\/\/www.facebook.com\/profile.php?id=100082185652397","article_published_time":"2025-08-15T05:54:14+00:00","article_modified_time":"2025-08-25T05:54:32+00:00","og_image":[{"width":2560,"height":1280,"url":"https:\/\/buod.de\/wp-content\/uploads\/2025\/08\/image002-scaled.jpg","type":"image\/jpeg"}],"author":"Gery V\u00e1rkonyi","twitter_card":"summary_large_image","twitter_misc":{"Written by":"Gery V\u00e1rkonyi","Est. reading time":"1 minute"},"schema":{"@context":"https:\/\/schema.org","@graph":[{"@type":"Article","@id":"https:\/\/buod.de\/einladung-zur-buchprasentation-am18-09-2025-im-generalkonuslat-von-ungarn\/#article","isPartOf":{"@id":"https:\/\/buod.de\/einladung-zur-buchprasentation-am18-09-2025-im-generalkonuslat-von-ungarn\/"},"author":{"name":"Gery V\u00e1rkonyi","@id":"https:\/\/buod.de\/#\/schema\/person\/8332a3e63b017fea8fcd17e9c0f96bf1"},"headline":"Einladung zur Buchpr\u00e4sentation am18.09.2025 im Generalkonuslat von Ungarn","datePublished":"2025-08-15T05:54:14+00:00","dateModified":"2025-08-25T05:54:32+00:00","mainEntityOfPage":{"@id":"https:\/\/buod.de\/einladung-zur-buchprasentation-am18-09-2025-im-generalkonuslat-von-ungarn\/"},"wordCount":154,"commentCount":0,"publisher":{"@id":"https:\/\/buod.de\/#organization"},"image":{"@id":"https:\/\/buod.de\/einladung-zur-buchprasentation-am18-09-2025-im-generalkonuslat-von-ungarn\/#primaryimage"},"thumbnailUrl":"https:\/\/buod.de\/wp-content\/uploads\/2025\/08\/image002-scaled.jpg","keywords":["2025"],"articleSection":["H\u00edrek"],"inLanguage":"de-DE","potentialAction":[{"@type":"CommentAction","name":"Comment","target":["https:\/\/buod.de\/einladung-zur-buchprasentation-am18-09-2025-im-generalkonuslat-von-ungarn\/#respond"]}]},{"@type":"WebPage","@id":"https:\/\/buod.de\/einladung-zur-buchprasentation-am18-09-2025-im-generalkonuslat-von-ungarn\/","url":"https:\/\/buod.de\/einladung-zur-buchprasentation-am18-09-2025-im-generalkonuslat-von-ungarn\/","name":"Einladung zur Buchpr\u00e4sentation am18.09.2025 im Generalkonuslat von Ungarn - BUOD","isPartOf":{"@id":"https:\/\/buod.de\/#website"},"primaryImageOfPage":{"@id":"https:\/\/buod.de\/einladung-zur-buchprasentation-am18-09-2025-im-generalkonuslat-von-ungarn\/#primaryimage"},"image":{"@id":"https:\/\/buod.de\/einladung-zur-buchprasentation-am18-09-2025-im-generalkonuslat-von-ungarn\/#primaryimage"},"thumbnailUrl":"https:\/\/buod.de\/wp-content\/uploads\/2025\/08\/image002-scaled.jpg","datePublished":"2025-08-15T05:54:14+00:00","dateModified":"2025-08-25T05:54:32+00:00","breadcrumb":{"@id":"https:\/\/buod.de\/einladung-zur-buchprasentation-am18-09-2025-im-generalkonuslat-von-ungarn\/#breadcrumb"},"inLanguage":"de-DE","potentialAction":[{"@type":"ReadAction","target":["https:\/\/buod.de\/einladung-zur-buchprasentation-am18-09-2025-im-generalkonuslat-von-ungarn\/"]}]},{"@type":"ImageObject","inLanguage":"de-DE","@id":"https:\/\/buod.de\/einladung-zur-buchprasentation-am18-09-2025-im-generalkonuslat-von-ungarn\/#primaryimage","url":"https:\/\/buod.de\/wp-content\/uploads\/2025\/08\/image002-scaled.jpg","contentUrl":"https:\/\/buod.de\/wp-content\/uploads\/2025\/08\/image002-scaled.jpg","width":2560,"height":1280},{"@type":"BreadcrumbList","@id":"https:\/\/buod.de\/einladung-zur-buchprasentation-am18-09-2025-im-generalkonuslat-von-ungarn\/#breadcrumb","itemListElement":[{"@type":"ListItem","position":1,"name":"Kezd\u0151lap","item":"https:\/\/buod.de\/"},{"@type":"ListItem","position":2,"name":"Einladung zur Buchpr\u00e4sentation am18.09.2025 im Generalkonuslat von Ungarn"}]},{"@type":"WebSite","@id":"https:\/\/buod.de\/#website","url":"https:\/\/buod.de\/","name":"BUOD","description":"Bund Ungarischer Organisationen in Deutschland","publisher":{"@id":"https:\/\/buod.de\/#organization"},"potentialAction":[{"@type":"SearchAction","target":{"@type":"EntryPoint","urlTemplate":"https:\/\/buod.de\/?s={search_term_string}"},"query-input":{"@type":"PropertyValueSpecification","valueRequired":true,"valueName":"search_term_string"}}],"inLanguage":"de-DE"},{"@type":"Organization","@id":"https:\/\/buod.de\/#organization","name":"BUOD","url":"https:\/\/buod.de\/","logo":{"@type":"ImageObject","inLanguage":"de-DE","@id":"https:\/\/buod.de\/#\/schema\/logo\/image\/","url":"https:\/\/buod.de\/wp-content\/uploads\/2024\/03\/BUOD-logo.png","contentUrl":"https:\/\/buod.de\/wp-content\/uploads\/2024\/03\/BUOD-logo.png","width":586,"height":490,"caption":"BUOD"},"image":{"@id":"https:\/\/buod.de\/#\/schema\/logo\/image\/"},"sameAs":["https:\/\/www.facebook.com\/profile.php?id=100082185652397"]},{"@type":"Person","@id":"https:\/\/buod.de\/#\/schema\/person\/8332a3e63b017fea8fcd17e9c0f96bf1","name":"Gery V\u00e1rkonyi","image":{"@type":"ImageObject","inLanguage":"de-DE","@id":"https:\/\/secure.gravatar.com\/avatar\/c1babe7dc68f065be4ec606c522172804715398688c78c6fffca3888b364e934?s=96&d=mm&r=g","url":"https:\/\/secure.gravatar.com\/avatar\/c1babe7dc68f065be4ec606c522172804715398688c78c6fffca3888b364e934?s=96&d=mm&r=g","contentUrl":"https:\/\/secure.gravatar.com\/avatar\/c1babe7dc68f065be4ec606c522172804715398688c78c6fffca3888b364e934?s=96&d=mm&r=g","caption":"Gery V\u00e1rkonyi"},"url":"https:\/\/buod.de\/de\/author\/geryvarkonyi\/"}]}},"_links":{"self":[{"href":"https:\/\/buod.de\/de\/wp-json\/wp\/v2\/posts\/10490","targetHints":{"allow":["GET"]}}],"collection":[{"href":"https:\/\/buod.de\/de\/wp-json\/wp\/v2\/posts"}],"about":[{"href":"https:\/\/buod.de\/de\/wp-json\/wp\/v2\/types\/post"}],"author":[{"embeddable":true,"href":"https:\/\/buod.de\/de\/wp-json\/wp\/v2\/users\/4"}],"replies":[{"embeddable":true,"href":"https:\/\/buod.de\/de\/wp-json\/wp\/v2\/comments?post=10490"}],"version-history":[{"count":1,"href":"https:\/\/buod.de\/de\/wp-json\/wp\/v2\/posts\/10490\/revisions"}],"predecessor-version":[{"id":10492,"href":"https:\/\/buod.de\/de\/wp-json\/wp\/v2\/posts\/10490\/revisions\/10492"}],"wp:featuredmedia":[{"embeddable":true,"href":"https:\/\/buod.de\/de\/wp-json\/wp\/v2\/media\/10491"}],"wp:attachment":[{"href":"https:\/\/buod.de\/de\/wp-json\/wp\/v2\/media?parent=10490"}],"wp:term":[{"taxonomy":"category","embeddable":true,"href":"https:\/\/buod.de\/de\/wp-json\/wp\/v2\/categories?post=10490"},{"taxonomy":"post_tag","embeddable":true,"href":"https:\/\/buod.de\/de\/wp-json\/wp\/v2\/tags?post=10490"}],"curies":[{"name":"wp","href":"https:\/\/api.w.org\/{rel}","templated":true}]}}