{"id":11211,"date":"2025-09-13T17:12:00","date_gmt":"2025-09-13T15:12:00","guid":{"rendered":"https:\/\/buod.de\/?p=11211"},"modified":"2025-09-23T17:12:13","modified_gmt":"2025-09-23T15:12:13","slug":"online-veranstaltung-erinnerung-an-einladung-nach-bonn","status":"publish","type":"post","link":"https:\/\/buod.de\/de\/online-veranstaltung-erinnerung-an-einladung-nach-bonn\/","title":{"rendered":"Online-Veranstaltung + Erinnerung an Einladung nach Bonn!"},"content":{"rendered":"<p>An die Mitglieder und Freunde der<\/p>\n\n\n\n<p>Deutsch-Ungarischen Gesellschaft in der Bundesrepublik Deutschland e.V.<\/p>\n\n\n\n<p>Sehr geehrte Damen und Herren,<\/p>\n\n\n\n<p>die deutschen Berichte \u00fcber die Lage der Medien in Ungarn sind leider h\u00e4ufig von einer Mischung aus Unkenntnis und manipulativer Falschdarstellung gepr\u00e4gt. Um diesem Trend Sachinformationen entgegenzusetzen, laden wir, gemeinsam mit dem Deutsch-Ungarischen Institut beim Mathias Corvinus Collegium, sehr herzlich zu einer&nbsp;<strong>Online-Veranstaltung: &#8222;Die ungarische Medienlandschaft&#8221;, am Donnerstag, 2. Oktober, 16.30 Uhr,&nbsp;<\/strong>ein.Vortragen wird&nbsp;<strong>M\u00e1ty\u00e1s Koh\u00e1n, Journalist der ungarischen Wochenzeitschrift Mandiner<\/strong>.&nbsp;Das Programm der Veranstaltung finden Sie als Anlage.&nbsp;<strong>Bitte melden Sie sich \u00fcber den dort befindlichen Link direkt beim MCC an!<\/strong><\/p>\n\n\n\n<p>Erinnern darf ich Sie noch einmal an unsere ebenfalls hochkar\u00e4tige Diskussionsveranstaltung<strong>&nbsp;am Freitag, 26. September, 18.00 Uhr, mit&nbsp; Prof. Dr. Heinz Theisen in Bonn! Er spricht \u00fcber das aktuelle Thema: &#8222;Deutschland, Ungarn, Israel und der \u00dcberlebenskampf westlicher Werte&#8221;. Ort: Haus am Rhein, Elsa-Br\u00e4ndstr\u00f6m-Stra\u00dfe 74, 53227 Bonn<\/strong><\/p>\n\n\n\n<p>Bitte melden Sie, falls noch nicht geschehen, Ihre Teilnahme an der Veranstaltung in Bonn an unter:&nbsp;<a href=\"mailto:kontakt@dug-dach.de\">kontakt@dug-dach.de<\/a><\/p>\n\n\n\n<p>Ich w\u00fcrde mich sehr freuen, Sie in Bonn oder bei unserem Online-Gespr\u00e4ch zu treffen!<\/p>\n\n\n\n<p>Ihnen allen ein sch\u00f6nes Wochenende.<\/p>\n\n\n\n<p>Herzliche Gr\u00fc\u00dfe<\/p>\n\n\n\n<p>Ihr<\/p>\n\n\n\n<p>Gerhard Papke<\/p>\n\n\n\n<p><strong>Dr. Gerhard Papke<\/strong><\/p>\n\n\n\n<p>Landtagsvizepr\u00e4sident NRW a.D.<\/p>\n\n\n\n<p>Pr\u00e4sident der Deutsch-Ungarischen Gesellschaft<\/p>\n\n\n\n<p>in der Bundesrepublik Deutschland e.V.<\/p>\n\n\n\n<div data-wp-interactive=\"core\/file\" class=\"wp-block-file\"><object data-wp-bind--hidden=\"!state.hasPdfPreview\" hidden class=\"wp-block-file__embed\" data=\"https:\/\/buod.de\/wp-content\/uploads\/2025\/09\/25-10-02_Einladung-und-Programm_DUG_DUI_Kohan_Zoom.pdf\" type=\"application\/pdf\" style=\"width:100%;height:600px\" aria-label=\"Embed of 25-10-02_Einladung und Programm_DUG_DUI_Koh\u00e1n_Zoom.\"><\/object><a id=\"wp-block-file--media-8f79372e-0928-4166-bd63-142172ce91e8\" href=\"https:\/\/buod.de\/wp-content\/uploads\/2025\/09\/25-10-02_Einladung-und-Programm_DUG_DUI_Kohan_Zoom.pdf\">25-10-02_Einladung und Programm_DUG_DUI_Koh\u00e1n_Zoom<\/a><a href=\"https:\/\/buod.de\/wp-content\/uploads\/2025\/09\/25-10-02_Einladung-und-Programm_DUG_DUI_Kohan_Zoom.pdf\" class=\"wp-block-file__button wp-element-button\" download aria-describedby=\"wp-block-file--media-8f79372e-0928-4166-bd63-142172ce91e8\">Herunterladen<\/a><\/div>","protected":false},"excerpt":{"rendered":"<p>An die Mitglieder und Freunde der Deutsch-Ungarischen Gesellschaft in der Bundesrepublik Deutschland e.V. Sehr geehrte Damen und Herren, die deutschen Berichte \u00fcber die Lage der Medien in Ungarn sind leider h\u00e4ufig von einer Mischung aus Unkenntnis und manipulativer Falschdarstellung gepr\u00e4gt. Um diesem Trend Sachinformationen entgegenzusetzen, laden wir, gemeinsam mit dem Deutsch-Ungarischen Institut beim Mathias Corvinus [&hellip;]<\/p>\n","protected":false},"author":4,"featured_media":0,"comment_status":"open","ping_status":"open","sticky":false,"template":"","format":"standard","meta":{"footnotes":""},"categories":[17],"tags":[23],"class_list":["post-11211","post","type-post","status-publish","format-standard","hentry","category-hirek","tag-23"],"yoast_head":"<!-- This site is optimized with the Yoast SEO plugin v27.5 - https:\/\/yoast.com\/product\/yoast-seo-wordpress\/ -->\n<title>Online-Veranstaltung + Erinnerung an Einladung nach Bonn! - BUOD<\/title>\n<meta name=\"robots\" content=\"index, follow, max-snippet:-1, max-image-preview:large, max-video-preview:-1\" \/>\n<link rel=\"canonical\" href=\"https:\/\/buod.de\/de\/online-veranstaltung-erinnerung-an-einladung-nach-bonn\/\" \/>\n<meta property=\"og:locale\" content=\"de_DE\" \/>\n<meta property=\"og:type\" content=\"article\" \/>\n<meta property=\"og:title\" content=\"Online-Veranstaltung + Erinnerung an Einladung nach Bonn! - BUOD\" \/>\n<meta property=\"og:description\" content=\"An die Mitglieder und Freunde der Deutsch-Ungarischen Gesellschaft in der Bundesrepublik Deutschland e.V. Sehr geehrte Damen und Herren, die deutschen Berichte \u00fcber die Lage der Medien in Ungarn sind leider h\u00e4ufig von einer Mischung aus Unkenntnis und manipulativer Falschdarstellung gepr\u00e4gt. Um diesem Trend Sachinformationen entgegenzusetzen, laden wir, gemeinsam mit dem Deutsch-Ungarischen Institut beim Mathias Corvinus [&hellip;]\" \/>\n<meta property=\"og:url\" content=\"https:\/\/buod.de\/de\/online-veranstaltung-erinnerung-an-einladung-nach-bonn\/\" \/>\n<meta property=\"og:site_name\" content=\"BUOD\" \/>\n<meta property=\"article:publisher\" content=\"https:\/\/www.facebook.com\/profile.php?id=100082185652397\" \/>\n<meta property=\"article:published_time\" content=\"2025-09-13T15:12:00+00:00\" \/>\n<meta property=\"article:modified_time\" content=\"2025-09-23T15:12:13+00:00\" \/>\n<meta name=\"author\" content=\"Gery V\u00e1rkonyi\" \/>\n<meta name=\"twitter:card\" content=\"summary_large_image\" \/>\n<meta name=\"twitter:label1\" content=\"Written by\" \/>\n\t<meta name=\"twitter:data1\" content=\"Gery V\u00e1rkonyi\" \/>\n\t<meta name=\"twitter:label2\" content=\"Est. reading time\" \/>\n\t<meta name=\"twitter:data2\" content=\"1 minute\" \/>\n<script type=\"application\/ld+json\" class=\"yoast-schema-graph\">{\"@context\":\"https:\\\/\\\/schema.org\",\"@graph\":[{\"@type\":\"Article\",\"@id\":\"https:\\\/\\\/buod.de\\\/online-veranstaltung-erinnerung-an-einladung-nach-bonn\\\/#article\",\"isPartOf\":{\"@id\":\"https:\\\/\\\/buod.de\\\/online-veranstaltung-erinnerung-an-einladung-nach-bonn\\\/\"},\"author\":{\"name\":\"Gery V\u00e1rkonyi\",\"@id\":\"https:\\\/\\\/buod.de\\\/#\\\/schema\\\/person\\\/8332a3e63b017fea8fcd17e9c0f96bf1\"},\"headline\":\"Online-Veranstaltung + Erinnerung an Einladung nach Bonn!\",\"datePublished\":\"2025-09-13T15:12:00+00:00\",\"dateModified\":\"2025-09-23T15:12:13+00:00\",\"mainEntityOfPage\":{\"@id\":\"https:\\\/\\\/buod.de\\\/online-veranstaltung-erinnerung-an-einladung-nach-bonn\\\/\"},\"wordCount\":244,\"commentCount\":0,\"publisher\":{\"@id\":\"https:\\\/\\\/buod.de\\\/#organization\"},\"keywords\":[\"2025\"],\"articleSection\":[\"H\u00edrek\"],\"inLanguage\":\"de-DE\",\"potentialAction\":[{\"@type\":\"CommentAction\",\"name\":\"Comment\",\"target\":[\"https:\\\/\\\/buod.de\\\/online-veranstaltung-erinnerung-an-einladung-nach-bonn\\\/#respond\"]}]},{\"@type\":\"WebPage\",\"@id\":\"https:\\\/\\\/buod.de\\\/online-veranstaltung-erinnerung-an-einladung-nach-bonn\\\/\",\"url\":\"https:\\\/\\\/buod.de\\\/online-veranstaltung-erinnerung-an-einladung-nach-bonn\\\/\",\"name\":\"Online-Veranstaltung + Erinnerung an Einladung nach Bonn! - BUOD\",\"isPartOf\":{\"@id\":\"https:\\\/\\\/buod.de\\\/#website\"},\"datePublished\":\"2025-09-13T15:12:00+00:00\",\"dateModified\":\"2025-09-23T15:12:13+00:00\",\"breadcrumb\":{\"@id\":\"https:\\\/\\\/buod.de\\\/online-veranstaltung-erinnerung-an-einladung-nach-bonn\\\/#breadcrumb\"},\"inLanguage\":\"de-DE\",\"potentialAction\":[{\"@type\":\"ReadAction\",\"target\":[\"https:\\\/\\\/buod.de\\\/online-veranstaltung-erinnerung-an-einladung-nach-bonn\\\/\"]}]},{\"@type\":\"BreadcrumbList\",\"@id\":\"https:\\\/\\\/buod.de\\\/online-veranstaltung-erinnerung-an-einladung-nach-bonn\\\/#breadcrumb\",\"itemListElement\":[{\"@type\":\"ListItem\",\"position\":1,\"name\":\"Kezd\u0151lap\",\"item\":\"https:\\\/\\\/buod.de\\\/\"},{\"@type\":\"ListItem\",\"position\":2,\"name\":\"Online-Veranstaltung + Erinnerung an Einladung nach Bonn!\"}]},{\"@type\":\"WebSite\",\"@id\":\"https:\\\/\\\/buod.de\\\/#website\",\"url\":\"https:\\\/\\\/buod.de\\\/\",\"name\":\"BUOD\",\"description\":\"Bund Ungarischer Organisationen in Deutschland\",\"publisher\":{\"@id\":\"https:\\\/\\\/buod.de\\\/#organization\"},\"potentialAction\":[{\"@type\":\"SearchAction\",\"target\":{\"@type\":\"EntryPoint\",\"urlTemplate\":\"https:\\\/\\\/buod.de\\\/?s={search_term_string}\"},\"query-input\":{\"@type\":\"PropertyValueSpecification\",\"valueRequired\":true,\"valueName\":\"search_term_string\"}}],\"inLanguage\":\"de-DE\"},{\"@type\":\"Organization\",\"@id\":\"https:\\\/\\\/buod.de\\\/#organization\",\"name\":\"BUOD\",\"url\":\"https:\\\/\\\/buod.de\\\/\",\"logo\":{\"@type\":\"ImageObject\",\"inLanguage\":\"de-DE\",\"@id\":\"https:\\\/\\\/buod.de\\\/#\\\/schema\\\/logo\\\/image\\\/\",\"url\":\"https:\\\/\\\/buod.de\\\/wp-content\\\/uploads\\\/2024\\\/03\\\/BUOD-logo.png\",\"contentUrl\":\"https:\\\/\\\/buod.de\\\/wp-content\\\/uploads\\\/2024\\\/03\\\/BUOD-logo.png\",\"width\":586,\"height\":490,\"caption\":\"BUOD\"},\"image\":{\"@id\":\"https:\\\/\\\/buod.de\\\/#\\\/schema\\\/logo\\\/image\\\/\"},\"sameAs\":[\"https:\\\/\\\/www.facebook.com\\\/profile.php?id=100082185652397\"]},{\"@type\":\"Person\",\"@id\":\"https:\\\/\\\/buod.de\\\/#\\\/schema\\\/person\\\/8332a3e63b017fea8fcd17e9c0f96bf1\",\"name\":\"Gery V\u00e1rkonyi\",\"image\":{\"@type\":\"ImageObject\",\"inLanguage\":\"de-DE\",\"@id\":\"https:\\\/\\\/secure.gravatar.com\\\/avatar\\\/c1babe7dc68f065be4ec606c522172804715398688c78c6fffca3888b364e934?s=96&d=mm&r=g\",\"url\":\"https:\\\/\\\/secure.gravatar.com\\\/avatar\\\/c1babe7dc68f065be4ec606c522172804715398688c78c6fffca3888b364e934?s=96&d=mm&r=g\",\"contentUrl\":\"https:\\\/\\\/secure.gravatar.com\\\/avatar\\\/c1babe7dc68f065be4ec606c522172804715398688c78c6fffca3888b364e934?s=96&d=mm&r=g\",\"caption\":\"Gery V\u00e1rkonyi\"},\"url\":\"https:\\\/\\\/buod.de\\\/de\\\/author\\\/geryvarkonyi\\\/\"}]}<\/script>\n<!-- \/ Yoast SEO plugin. -->","yoast_head_json":{"title":"Online-Veranstaltung + Erinnerung an Einladung nach Bonn! - BUOD","robots":{"index":"index","follow":"follow","max-snippet":"max-snippet:-1","max-image-preview":"max-image-preview:large","max-video-preview":"max-video-preview:-1"},"canonical":"https:\/\/buod.de\/de\/online-veranstaltung-erinnerung-an-einladung-nach-bonn\/","og_locale":"de_DE","og_type":"article","og_title":"Online-Veranstaltung + Erinnerung an Einladung nach Bonn! - BUOD","og_description":"An die Mitglieder und Freunde der Deutsch-Ungarischen Gesellschaft in der Bundesrepublik Deutschland e.V. Sehr geehrte Damen und Herren, die deutschen Berichte \u00fcber die Lage der Medien in Ungarn sind leider h\u00e4ufig von einer Mischung aus Unkenntnis und manipulativer Falschdarstellung gepr\u00e4gt. Um diesem Trend Sachinformationen entgegenzusetzen, laden wir, gemeinsam mit dem Deutsch-Ungarischen Institut beim Mathias Corvinus [&hellip;]","og_url":"https:\/\/buod.de\/de\/online-veranstaltung-erinnerung-an-einladung-nach-bonn\/","og_site_name":"BUOD","article_publisher":"https:\/\/www.facebook.com\/profile.php?id=100082185652397","article_published_time":"2025-09-13T15:12:00+00:00","article_modified_time":"2025-09-23T15:12:13+00:00","author":"Gery V\u00e1rkonyi","twitter_card":"summary_large_image","twitter_misc":{"Written by":"Gery V\u00e1rkonyi","Est. reading time":"1 minute"},"schema":{"@context":"https:\/\/schema.org","@graph":[{"@type":"Article","@id":"https:\/\/buod.de\/online-veranstaltung-erinnerung-an-einladung-nach-bonn\/#article","isPartOf":{"@id":"https:\/\/buod.de\/online-veranstaltung-erinnerung-an-einladung-nach-bonn\/"},"author":{"name":"Gery V\u00e1rkonyi","@id":"https:\/\/buod.de\/#\/schema\/person\/8332a3e63b017fea8fcd17e9c0f96bf1"},"headline":"Online-Veranstaltung + Erinnerung an Einladung nach Bonn!","datePublished":"2025-09-13T15:12:00+00:00","dateModified":"2025-09-23T15:12:13+00:00","mainEntityOfPage":{"@id":"https:\/\/buod.de\/online-veranstaltung-erinnerung-an-einladung-nach-bonn\/"},"wordCount":244,"commentCount":0,"publisher":{"@id":"https:\/\/buod.de\/#organization"},"keywords":["2025"],"articleSection":["H\u00edrek"],"inLanguage":"de-DE","potentialAction":[{"@type":"CommentAction","name":"Comment","target":["https:\/\/buod.de\/online-veranstaltung-erinnerung-an-einladung-nach-bonn\/#respond"]}]},{"@type":"WebPage","@id":"https:\/\/buod.de\/online-veranstaltung-erinnerung-an-einladung-nach-bonn\/","url":"https:\/\/buod.de\/online-veranstaltung-erinnerung-an-einladung-nach-bonn\/","name":"Online-Veranstaltung + Erinnerung an Einladung nach Bonn! - BUOD","isPartOf":{"@id":"https:\/\/buod.de\/#website"},"datePublished":"2025-09-13T15:12:00+00:00","dateModified":"2025-09-23T15:12:13+00:00","breadcrumb":{"@id":"https:\/\/buod.de\/online-veranstaltung-erinnerung-an-einladung-nach-bonn\/#breadcrumb"},"inLanguage":"de-DE","potentialAction":[{"@type":"ReadAction","target":["https:\/\/buod.de\/online-veranstaltung-erinnerung-an-einladung-nach-bonn\/"]}]},{"@type":"BreadcrumbList","@id":"https:\/\/buod.de\/online-veranstaltung-erinnerung-an-einladung-nach-bonn\/#breadcrumb","itemListElement":[{"@type":"ListItem","position":1,"name":"Kezd\u0151lap","item":"https:\/\/buod.de\/"},{"@type":"ListItem","position":2,"name":"Online-Veranstaltung + Erinnerung an Einladung nach Bonn!"}]},{"@type":"WebSite","@id":"https:\/\/buod.de\/#website","url":"https:\/\/buod.de\/","name":"BUOD","description":"Bund Ungarischer Organisationen in Deutschland","publisher":{"@id":"https:\/\/buod.de\/#organization"},"potentialAction":[{"@type":"SearchAction","target":{"@type":"EntryPoint","urlTemplate":"https:\/\/buod.de\/?s={search_term_string}"},"query-input":{"@type":"PropertyValueSpecification","valueRequired":true,"valueName":"search_term_string"}}],"inLanguage":"de-DE"},{"@type":"Organization","@id":"https:\/\/buod.de\/#organization","name":"BUOD","url":"https:\/\/buod.de\/","logo":{"@type":"ImageObject","inLanguage":"de-DE","@id":"https:\/\/buod.de\/#\/schema\/logo\/image\/","url":"https:\/\/buod.de\/wp-content\/uploads\/2024\/03\/BUOD-logo.png","contentUrl":"https:\/\/buod.de\/wp-content\/uploads\/2024\/03\/BUOD-logo.png","width":586,"height":490,"caption":"BUOD"},"image":{"@id":"https:\/\/buod.de\/#\/schema\/logo\/image\/"},"sameAs":["https:\/\/www.facebook.com\/profile.php?id=100082185652397"]},{"@type":"Person","@id":"https:\/\/buod.de\/#\/schema\/person\/8332a3e63b017fea8fcd17e9c0f96bf1","name":"Gery V\u00e1rkonyi","image":{"@type":"ImageObject","inLanguage":"de-DE","@id":"https:\/\/secure.gravatar.com\/avatar\/c1babe7dc68f065be4ec606c522172804715398688c78c6fffca3888b364e934?s=96&d=mm&r=g","url":"https:\/\/secure.gravatar.com\/avatar\/c1babe7dc68f065be4ec606c522172804715398688c78c6fffca3888b364e934?s=96&d=mm&r=g","contentUrl":"https:\/\/secure.gravatar.com\/avatar\/c1babe7dc68f065be4ec606c522172804715398688c78c6fffca3888b364e934?s=96&d=mm&r=g","caption":"Gery V\u00e1rkonyi"},"url":"https:\/\/buod.de\/de\/author\/geryvarkonyi\/"}]}},"_links":{"self":[{"href":"https:\/\/buod.de\/de\/wp-json\/wp\/v2\/posts\/11211","targetHints":{"allow":["GET"]}}],"collection":[{"href":"https:\/\/buod.de\/de\/wp-json\/wp\/v2\/posts"}],"about":[{"href":"https:\/\/buod.de\/de\/wp-json\/wp\/v2\/types\/post"}],"author":[{"embeddable":true,"href":"https:\/\/buod.de\/de\/wp-json\/wp\/v2\/users\/4"}],"replies":[{"embeddable":true,"href":"https:\/\/buod.de\/de\/wp-json\/wp\/v2\/comments?post=11211"}],"version-history":[{"count":1,"href":"https:\/\/buod.de\/de\/wp-json\/wp\/v2\/posts\/11211\/revisions"}],"predecessor-version":[{"id":11213,"href":"https:\/\/buod.de\/de\/wp-json\/wp\/v2\/posts\/11211\/revisions\/11213"}],"wp:attachment":[{"href":"https:\/\/buod.de\/de\/wp-json\/wp\/v2\/media?parent=11211"}],"wp:term":[{"taxonomy":"category","embeddable":true,"href":"https:\/\/buod.de\/de\/wp-json\/wp\/v2\/categories?post=11211"},{"taxonomy":"post_tag","embeddable":true,"href":"https:\/\/buod.de\/de\/wp-json\/wp\/v2\/tags?post=11211"}],"curies":[{"name":"wp","href":"https:\/\/api.w.org\/{rel}","templated":true}]}}