{"id":11598,"date":"2025-10-04T13:13:32","date_gmt":"2025-10-04T11:13:32","guid":{"rendered":"https:\/\/buod.de\/?p=11598"},"modified":"2025-10-06T13:14:25","modified_gmt":"2025-10-06T11:14:25","slug":"felhivas-a-djuw-kiirasara-deutsch-ungarisches-jugendparlament-2025","status":"publish","type":"post","link":"https:\/\/buod.de\/de\/felhivas-a-djuw-kiirasara-deutsch-ungarisches-jugendparlament-2025\/","title":{"rendered":"Felh\u00edv\u00e1s a DJUW ki\u00edr\u00e1s\u00e1ra: Deutsch-Ungarisches Jugendparlament 2025"},"content":{"rendered":"<p><strong>Tisztelt Egyes\u00fcleti Vezet\u0151k!<\/strong><\/p>\n\n\n\n<p>K\u00e9pviselet\u00fcnk ez\u00faton szeretn\u00e9 felh\u00edvni figyelm\u00fcket a&nbsp;<strong>Deutsch-Ungarisches Jugendparlament 2025 nev\u0171<\/strong>&nbsp;programra, amely 2025. november 16-22. k\u00f6z\u00f6tt ker\u00fcl megrendez\u00e9sre Budapesten.<\/p>\n\n\n\n<p>A kezdem\u00e9nyez\u00e9s c\u00e9lja, hogy&nbsp;<strong>18-30 \u00e9v k\u00f6z\u00f6tti fiatal feln\u0151ttek<\/strong>&nbsp;\u2013 magyar \u00e9s n\u00e9met \u00e1llampolg\u00e1rok \u2013 k\u00f6z\u00f6sen vitassanak meg aktu\u00e1lis k\u00e9rd\u00e9seket, dolgozzanak ki javaslatokat, \u00e9s azokat \u00fcnnep\u00e9lyes keretek k\u00f6z\u00f6tt az Orsz\u00e1ggy\u0171l\u00e9sben is bemutathass\u00e1k. A r\u00e9sztvev\u0151k retorikai tr\u00e9ningeken, szakmai workshopokon \u00e9s plen\u00e1ris \u00fcl\u00e9sen kereszt\u00fcl szerezhetnek \u00e9rt\u00e9kes tapasztalatot a n\u00e9met-magyar kapcsolatok alak\u00edt\u00e1s\u00e1ban.<\/p>\n\n\n\n<p>Arra k\u00e9rj\u00fck \u00d6n\u00f6ket, hogy k\u00f6z\u00f6ss\u00e9geikben h\u00edvj\u00e1k fel az \u00e9rintett korcsoport figyelm\u00e9t erre a lehet\u0151s\u00e9gre, \u00e9s b\u00e1tor\u00edts\u00e1k \u0151ket a jelentkez\u00e9sre. A p\u00e1ly\u00e1zati hat\u00e1rid\u0151&nbsp;<strong>2025. okt\u00f3ber 14.<\/strong><\/p>\n\n\n\n<p>A felh\u00edv\u00e1s tov\u00e1bbi r\u00e9szletei el\u00e9rhet\u0151k az al\u00e1bbi linkeken:<\/p>\n\n\n\n<ul class=\"wp-block-list\">\n<li>Honlap:\u00a0<a href=\"https:\/\/www.dujw.org\/deutsch-ungarisches-jugendparlament-2025\">https:\/\/www.dujw.org\/deutsch-ungarisches-jugendparlament-2025<\/a><\/li>\n\n\n\n<li>Instagram:\u00a0<a href=\"https:\/\/www.instagram.com\/p\/DPOymTrjdUr\/\">https:\/\/www.instagram.com\/p\/DPOymTrjdUr\/<\/a><\/li>\n\n\n\n<li>Facebook:\u00a0<a href=\"https:\/\/www.facebook.com\/du.jugendwerk\">https:\/\/www.facebook.com\/du.jugendwerk<\/a><\/li>\n<\/ul>\n\n\n\n<p>Juh\u00e1sz Gergely konzul \u00far megb\u00edz\u00e1s\u00e1b\u00f3l, \u00fcdv\u00f6zlettel:<br><\/p>\n\n\n\n<figure class=\"wp-block-table\"><table class=\"has-fixed-layout\"><tbody><tr><td><img loading=\"lazy\" decoding=\"async\" width=\"35\" height=\"65\" src=\"\"><\/td><td><strong>Dora HORVATH<\/strong> Assistentin f\u00fcr Presse, Programmorganisierung und ProtokollGeneralkonsulat von Ungarn M\u00fcnchen81679 M\u00fcnchen, Mauerkircherstr 1a.Tel.: + 49 (0) 89 962280 230E-Mail:\u00a0<a href=\"mailto:dora.horvath@mfa.gov.hu\">dora.horvath@mfa.gov.hu<\/a><\/td><\/tr><\/tbody><\/table><\/figure>\n\n\n\n<p><\/p>","protected":false},"excerpt":{"rendered":"<p>Tisztelt Egyes\u00fcleti Vezet\u0151k! K\u00e9pviselet\u00fcnk ez\u00faton szeretn\u00e9 felh\u00edvni figyelm\u00fcket a&nbsp;Deutsch-Ungarisches Jugendparlament 2025 nev\u0171&nbsp;programra, amely 2025. november 16-22. k\u00f6z\u00f6tt ker\u00fcl megrendez\u00e9sre Budapesten. A kezdem\u00e9nyez\u00e9s c\u00e9lja, hogy&nbsp;18-30 \u00e9v k\u00f6z\u00f6tti fiatal feln\u0151ttek&nbsp;\u2013 magyar \u00e9s n\u00e9met \u00e1llampolg\u00e1rok \u2013 k\u00f6z\u00f6sen vitassanak meg aktu\u00e1lis k\u00e9rd\u00e9seket, dolgozzanak ki javaslatokat, \u00e9s azokat \u00fcnnep\u00e9lyes keretek k\u00f6z\u00f6tt az Orsz\u00e1ggy\u0171l\u00e9sben is bemutathass\u00e1k. A r\u00e9sztvev\u0151k retorikai tr\u00e9ningeken, szakmai [&hellip;]<\/p>\n","protected":false},"author":4,"featured_media":0,"comment_status":"open","ping_status":"open","sticky":false,"template":"","format":"standard","meta":{"footnotes":""},"categories":[17],"tags":[23],"class_list":["post-11598","post","type-post","status-publish","format-standard","hentry","category-hirek","tag-23"],"yoast_head":"<!-- This site is optimized with the Yoast SEO plugin v27.5 - https:\/\/yoast.com\/product\/yoast-seo-wordpress\/ -->\n<title>Felh\u00edv\u00e1s a DJUW ki\u00edr\u00e1s\u00e1ra: Deutsch-Ungarisches Jugendparlament 2025 - BUOD<\/title>\n<meta name=\"robots\" content=\"index, follow, max-snippet:-1, max-image-preview:large, max-video-preview:-1\" \/>\n<link rel=\"canonical\" href=\"https:\/\/buod.de\/de\/felhivas-a-djuw-kiirasara-deutsch-ungarisches-jugendparlament-2025\/\" \/>\n<meta property=\"og:locale\" content=\"de_DE\" \/>\n<meta property=\"og:type\" content=\"article\" \/>\n<meta property=\"og:title\" content=\"Felh\u00edv\u00e1s a DJUW ki\u00edr\u00e1s\u00e1ra: Deutsch-Ungarisches Jugendparlament 2025 - BUOD\" \/>\n<meta property=\"og:description\" content=\"Tisztelt Egyes\u00fcleti Vezet\u0151k! K\u00e9pviselet\u00fcnk ez\u00faton szeretn\u00e9 felh\u00edvni figyelm\u00fcket a&nbsp;Deutsch-Ungarisches Jugendparlament 2025 nev\u0171&nbsp;programra, amely 2025. november 16-22. k\u00f6z\u00f6tt ker\u00fcl megrendez\u00e9sre Budapesten. A kezdem\u00e9nyez\u00e9s c\u00e9lja, hogy&nbsp;18-30 \u00e9v k\u00f6z\u00f6tti fiatal feln\u0151ttek&nbsp;\u2013 magyar \u00e9s n\u00e9met \u00e1llampolg\u00e1rok \u2013 k\u00f6z\u00f6sen vitassanak meg aktu\u00e1lis k\u00e9rd\u00e9seket, dolgozzanak ki javaslatokat, \u00e9s azokat \u00fcnnep\u00e9lyes keretek k\u00f6z\u00f6tt az Orsz\u00e1ggy\u0171l\u00e9sben is bemutathass\u00e1k. A r\u00e9sztvev\u0151k retorikai tr\u00e9ningeken, szakmai [&hellip;]\" \/>\n<meta property=\"og:url\" content=\"https:\/\/buod.de\/de\/felhivas-a-djuw-kiirasara-deutsch-ungarisches-jugendparlament-2025\/\" \/>\n<meta property=\"og:site_name\" content=\"BUOD\" \/>\n<meta property=\"article:publisher\" content=\"https:\/\/www.facebook.com\/profile.php?id=100082185652397\" \/>\n<meta property=\"article:published_time\" content=\"2025-10-04T11:13:32+00:00\" \/>\n<meta property=\"article:modified_time\" content=\"2025-10-06T11:14:25+00:00\" \/>\n<meta name=\"author\" content=\"Gery V\u00e1rkonyi\" \/>\n<meta name=\"twitter:card\" content=\"summary_large_image\" \/>\n<meta name=\"twitter:label1\" content=\"Written by\" \/>\n\t<meta name=\"twitter:data1\" content=\"Gery V\u00e1rkonyi\" \/>\n\t<meta name=\"twitter:label2\" content=\"Est. reading time\" \/>\n\t<meta name=\"twitter:data2\" content=\"1 minute\" \/>\n<script type=\"application\/ld+json\" class=\"yoast-schema-graph\">{\"@context\":\"https:\\\/\\\/schema.org\",\"@graph\":[{\"@type\":\"Article\",\"@id\":\"https:\\\/\\\/buod.de\\\/felhivas-a-djuw-kiirasara-deutsch-ungarisches-jugendparlament-2025\\\/#article\",\"isPartOf\":{\"@id\":\"https:\\\/\\\/buod.de\\\/felhivas-a-djuw-kiirasara-deutsch-ungarisches-jugendparlament-2025\\\/\"},\"author\":{\"name\":\"Gery V\u00e1rkonyi\",\"@id\":\"https:\\\/\\\/buod.de\\\/#\\\/schema\\\/person\\\/8332a3e63b017fea8fcd17e9c0f96bf1\"},\"headline\":\"Felh\u00edv\u00e1s a DJUW ki\u00edr\u00e1s\u00e1ra: Deutsch-Ungarisches Jugendparlament 2025\",\"datePublished\":\"2025-10-04T11:13:32+00:00\",\"dateModified\":\"2025-10-06T11:14:25+00:00\",\"mainEntityOfPage\":{\"@id\":\"https:\\\/\\\/buod.de\\\/felhivas-a-djuw-kiirasara-deutsch-ungarisches-jugendparlament-2025\\\/\"},\"wordCount\":238,\"commentCount\":0,\"publisher\":{\"@id\":\"https:\\\/\\\/buod.de\\\/#organization\"},\"keywords\":[\"2025\"],\"articleSection\":[\"H\u00edrek\"],\"inLanguage\":\"de-DE\",\"potentialAction\":[{\"@type\":\"CommentAction\",\"name\":\"Comment\",\"target\":[\"https:\\\/\\\/buod.de\\\/felhivas-a-djuw-kiirasara-deutsch-ungarisches-jugendparlament-2025\\\/#respond\"]}]},{\"@type\":\"WebPage\",\"@id\":\"https:\\\/\\\/buod.de\\\/felhivas-a-djuw-kiirasara-deutsch-ungarisches-jugendparlament-2025\\\/\",\"url\":\"https:\\\/\\\/buod.de\\\/felhivas-a-djuw-kiirasara-deutsch-ungarisches-jugendparlament-2025\\\/\",\"name\":\"Felh\u00edv\u00e1s a DJUW ki\u00edr\u00e1s\u00e1ra: Deutsch-Ungarisches Jugendparlament 2025 - BUOD\",\"isPartOf\":{\"@id\":\"https:\\\/\\\/buod.de\\\/#website\"},\"datePublished\":\"2025-10-04T11:13:32+00:00\",\"dateModified\":\"2025-10-06T11:14:25+00:00\",\"breadcrumb\":{\"@id\":\"https:\\\/\\\/buod.de\\\/felhivas-a-djuw-kiirasara-deutsch-ungarisches-jugendparlament-2025\\\/#breadcrumb\"},\"inLanguage\":\"de-DE\",\"potentialAction\":[{\"@type\":\"ReadAction\",\"target\":[\"https:\\\/\\\/buod.de\\\/felhivas-a-djuw-kiirasara-deutsch-ungarisches-jugendparlament-2025\\\/\"]}]},{\"@type\":\"BreadcrumbList\",\"@id\":\"https:\\\/\\\/buod.de\\\/felhivas-a-djuw-kiirasara-deutsch-ungarisches-jugendparlament-2025\\\/#breadcrumb\",\"itemListElement\":[{\"@type\":\"ListItem\",\"position\":1,\"name\":\"Kezd\u0151lap\",\"item\":\"https:\\\/\\\/buod.de\\\/\"},{\"@type\":\"ListItem\",\"position\":2,\"name\":\"Felh\u00edv\u00e1s a DJUW ki\u00edr\u00e1s\u00e1ra: Deutsch-Ungarisches Jugendparlament 2025\"}]},{\"@type\":\"WebSite\",\"@id\":\"https:\\\/\\\/buod.de\\\/#website\",\"url\":\"https:\\\/\\\/buod.de\\\/\",\"name\":\"BUOD\",\"description\":\"Bund Ungarischer Organisationen in Deutschland\",\"publisher\":{\"@id\":\"https:\\\/\\\/buod.de\\\/#organization\"},\"potentialAction\":[{\"@type\":\"SearchAction\",\"target\":{\"@type\":\"EntryPoint\",\"urlTemplate\":\"https:\\\/\\\/buod.de\\\/?s={search_term_string}\"},\"query-input\":{\"@type\":\"PropertyValueSpecification\",\"valueRequired\":true,\"valueName\":\"search_term_string\"}}],\"inLanguage\":\"de-DE\"},{\"@type\":\"Organization\",\"@id\":\"https:\\\/\\\/buod.de\\\/#organization\",\"name\":\"BUOD\",\"url\":\"https:\\\/\\\/buod.de\\\/\",\"logo\":{\"@type\":\"ImageObject\",\"inLanguage\":\"de-DE\",\"@id\":\"https:\\\/\\\/buod.de\\\/#\\\/schema\\\/logo\\\/image\\\/\",\"url\":\"https:\\\/\\\/buod.de\\\/wp-content\\\/uploads\\\/2024\\\/03\\\/BUOD-logo.png\",\"contentUrl\":\"https:\\\/\\\/buod.de\\\/wp-content\\\/uploads\\\/2024\\\/03\\\/BUOD-logo.png\",\"width\":586,\"height\":490,\"caption\":\"BUOD\"},\"image\":{\"@id\":\"https:\\\/\\\/buod.de\\\/#\\\/schema\\\/logo\\\/image\\\/\"},\"sameAs\":[\"https:\\\/\\\/www.facebook.com\\\/profile.php?id=100082185652397\"]},{\"@type\":\"Person\",\"@id\":\"https:\\\/\\\/buod.de\\\/#\\\/schema\\\/person\\\/8332a3e63b017fea8fcd17e9c0f96bf1\",\"name\":\"Gery V\u00e1rkonyi\",\"image\":{\"@type\":\"ImageObject\",\"inLanguage\":\"de-DE\",\"@id\":\"https:\\\/\\\/secure.gravatar.com\\\/avatar\\\/c1babe7dc68f065be4ec606c522172804715398688c78c6fffca3888b364e934?s=96&d=mm&r=g\",\"url\":\"https:\\\/\\\/secure.gravatar.com\\\/avatar\\\/c1babe7dc68f065be4ec606c522172804715398688c78c6fffca3888b364e934?s=96&d=mm&r=g\",\"contentUrl\":\"https:\\\/\\\/secure.gravatar.com\\\/avatar\\\/c1babe7dc68f065be4ec606c522172804715398688c78c6fffca3888b364e934?s=96&d=mm&r=g\",\"caption\":\"Gery V\u00e1rkonyi\"},\"url\":\"https:\\\/\\\/buod.de\\\/de\\\/author\\\/geryvarkonyi\\\/\"}]}<\/script>\n<!-- \/ Yoast SEO plugin. -->","yoast_head_json":{"title":"Felh\u00edv\u00e1s a DJUW ki\u00edr\u00e1s\u00e1ra: Deutsch-Ungarisches Jugendparlament 2025 - BUOD","robots":{"index":"index","follow":"follow","max-snippet":"max-snippet:-1","max-image-preview":"max-image-preview:large","max-video-preview":"max-video-preview:-1"},"canonical":"https:\/\/buod.de\/de\/felhivas-a-djuw-kiirasara-deutsch-ungarisches-jugendparlament-2025\/","og_locale":"de_DE","og_type":"article","og_title":"Felh\u00edv\u00e1s a DJUW ki\u00edr\u00e1s\u00e1ra: Deutsch-Ungarisches Jugendparlament 2025 - BUOD","og_description":"Tisztelt Egyes\u00fcleti Vezet\u0151k! K\u00e9pviselet\u00fcnk ez\u00faton szeretn\u00e9 felh\u00edvni figyelm\u00fcket a&nbsp;Deutsch-Ungarisches Jugendparlament 2025 nev\u0171&nbsp;programra, amely 2025. november 16-22. k\u00f6z\u00f6tt ker\u00fcl megrendez\u00e9sre Budapesten. A kezdem\u00e9nyez\u00e9s c\u00e9lja, hogy&nbsp;18-30 \u00e9v k\u00f6z\u00f6tti fiatal feln\u0151ttek&nbsp;\u2013 magyar \u00e9s n\u00e9met \u00e1llampolg\u00e1rok \u2013 k\u00f6z\u00f6sen vitassanak meg aktu\u00e1lis k\u00e9rd\u00e9seket, dolgozzanak ki javaslatokat, \u00e9s azokat \u00fcnnep\u00e9lyes keretek k\u00f6z\u00f6tt az Orsz\u00e1ggy\u0171l\u00e9sben is bemutathass\u00e1k. A r\u00e9sztvev\u0151k retorikai tr\u00e9ningeken, szakmai [&hellip;]","og_url":"https:\/\/buod.de\/de\/felhivas-a-djuw-kiirasara-deutsch-ungarisches-jugendparlament-2025\/","og_site_name":"BUOD","article_publisher":"https:\/\/www.facebook.com\/profile.php?id=100082185652397","article_published_time":"2025-10-04T11:13:32+00:00","article_modified_time":"2025-10-06T11:14:25+00:00","author":"Gery V\u00e1rkonyi","twitter_card":"summary_large_image","twitter_misc":{"Written by":"Gery V\u00e1rkonyi","Est. reading time":"1 minute"},"schema":{"@context":"https:\/\/schema.org","@graph":[{"@type":"Article","@id":"https:\/\/buod.de\/felhivas-a-djuw-kiirasara-deutsch-ungarisches-jugendparlament-2025\/#article","isPartOf":{"@id":"https:\/\/buod.de\/felhivas-a-djuw-kiirasara-deutsch-ungarisches-jugendparlament-2025\/"},"author":{"name":"Gery V\u00e1rkonyi","@id":"https:\/\/buod.de\/#\/schema\/person\/8332a3e63b017fea8fcd17e9c0f96bf1"},"headline":"Felh\u00edv\u00e1s a DJUW ki\u00edr\u00e1s\u00e1ra: Deutsch-Ungarisches Jugendparlament 2025","datePublished":"2025-10-04T11:13:32+00:00","dateModified":"2025-10-06T11:14:25+00:00","mainEntityOfPage":{"@id":"https:\/\/buod.de\/felhivas-a-djuw-kiirasara-deutsch-ungarisches-jugendparlament-2025\/"},"wordCount":238,"commentCount":0,"publisher":{"@id":"https:\/\/buod.de\/#organization"},"keywords":["2025"],"articleSection":["H\u00edrek"],"inLanguage":"de-DE","potentialAction":[{"@type":"CommentAction","name":"Comment","target":["https:\/\/buod.de\/felhivas-a-djuw-kiirasara-deutsch-ungarisches-jugendparlament-2025\/#respond"]}]},{"@type":"WebPage","@id":"https:\/\/buod.de\/felhivas-a-djuw-kiirasara-deutsch-ungarisches-jugendparlament-2025\/","url":"https:\/\/buod.de\/felhivas-a-djuw-kiirasara-deutsch-ungarisches-jugendparlament-2025\/","name":"Felh\u00edv\u00e1s a DJUW ki\u00edr\u00e1s\u00e1ra: Deutsch-Ungarisches Jugendparlament 2025 - BUOD","isPartOf":{"@id":"https:\/\/buod.de\/#website"},"datePublished":"2025-10-04T11:13:32+00:00","dateModified":"2025-10-06T11:14:25+00:00","breadcrumb":{"@id":"https:\/\/buod.de\/felhivas-a-djuw-kiirasara-deutsch-ungarisches-jugendparlament-2025\/#breadcrumb"},"inLanguage":"de-DE","potentialAction":[{"@type":"ReadAction","target":["https:\/\/buod.de\/felhivas-a-djuw-kiirasara-deutsch-ungarisches-jugendparlament-2025\/"]}]},{"@type":"BreadcrumbList","@id":"https:\/\/buod.de\/felhivas-a-djuw-kiirasara-deutsch-ungarisches-jugendparlament-2025\/#breadcrumb","itemListElement":[{"@type":"ListItem","position":1,"name":"Kezd\u0151lap","item":"https:\/\/buod.de\/"},{"@type":"ListItem","position":2,"name":"Felh\u00edv\u00e1s a DJUW ki\u00edr\u00e1s\u00e1ra: Deutsch-Ungarisches Jugendparlament 2025"}]},{"@type":"WebSite","@id":"https:\/\/buod.de\/#website","url":"https:\/\/buod.de\/","name":"BUOD","description":"Bund Ungarischer Organisationen in Deutschland","publisher":{"@id":"https:\/\/buod.de\/#organization"},"potentialAction":[{"@type":"SearchAction","target":{"@type":"EntryPoint","urlTemplate":"https:\/\/buod.de\/?s={search_term_string}"},"query-input":{"@type":"PropertyValueSpecification","valueRequired":true,"valueName":"search_term_string"}}],"inLanguage":"de-DE"},{"@type":"Organization","@id":"https:\/\/buod.de\/#organization","name":"BUOD","url":"https:\/\/buod.de\/","logo":{"@type":"ImageObject","inLanguage":"de-DE","@id":"https:\/\/buod.de\/#\/schema\/logo\/image\/","url":"https:\/\/buod.de\/wp-content\/uploads\/2024\/03\/BUOD-logo.png","contentUrl":"https:\/\/buod.de\/wp-content\/uploads\/2024\/03\/BUOD-logo.png","width":586,"height":490,"caption":"BUOD"},"image":{"@id":"https:\/\/buod.de\/#\/schema\/logo\/image\/"},"sameAs":["https:\/\/www.facebook.com\/profile.php?id=100082185652397"]},{"@type":"Person","@id":"https:\/\/buod.de\/#\/schema\/person\/8332a3e63b017fea8fcd17e9c0f96bf1","name":"Gery V\u00e1rkonyi","image":{"@type":"ImageObject","inLanguage":"de-DE","@id":"https:\/\/secure.gravatar.com\/avatar\/c1babe7dc68f065be4ec606c522172804715398688c78c6fffca3888b364e934?s=96&d=mm&r=g","url":"https:\/\/secure.gravatar.com\/avatar\/c1babe7dc68f065be4ec606c522172804715398688c78c6fffca3888b364e934?s=96&d=mm&r=g","contentUrl":"https:\/\/secure.gravatar.com\/avatar\/c1babe7dc68f065be4ec606c522172804715398688c78c6fffca3888b364e934?s=96&d=mm&r=g","caption":"Gery V\u00e1rkonyi"},"url":"https:\/\/buod.de\/de\/author\/geryvarkonyi\/"}]}},"_links":{"self":[{"href":"https:\/\/buod.de\/de\/wp-json\/wp\/v2\/posts\/11598","targetHints":{"allow":["GET"]}}],"collection":[{"href":"https:\/\/buod.de\/de\/wp-json\/wp\/v2\/posts"}],"about":[{"href":"https:\/\/buod.de\/de\/wp-json\/wp\/v2\/types\/post"}],"author":[{"embeddable":true,"href":"https:\/\/buod.de\/de\/wp-json\/wp\/v2\/users\/4"}],"replies":[{"embeddable":true,"href":"https:\/\/buod.de\/de\/wp-json\/wp\/v2\/comments?post=11598"}],"version-history":[{"count":1,"href":"https:\/\/buod.de\/de\/wp-json\/wp\/v2\/posts\/11598\/revisions"}],"predecessor-version":[{"id":11599,"href":"https:\/\/buod.de\/de\/wp-json\/wp\/v2\/posts\/11598\/revisions\/11599"}],"wp:attachment":[{"href":"https:\/\/buod.de\/de\/wp-json\/wp\/v2\/media?parent=11598"}],"wp:term":[{"taxonomy":"category","embeddable":true,"href":"https:\/\/buod.de\/de\/wp-json\/wp\/v2\/categories?post=11598"},{"taxonomy":"post_tag","embeddable":true,"href":"https:\/\/buod.de\/de\/wp-json\/wp\/v2\/tags?post=11598"}],"curies":[{"name":"wp","href":"https:\/\/api.w.org\/{rel}","templated":true}]}}