{"id":11600,"date":"2025-09-25T13:15:29","date_gmt":"2025-09-25T11:15:29","guid":{"rendered":"https:\/\/buod.de\/?p=11600"},"modified":"2025-10-06T13:24:36","modified_gmt":"2025-10-06T11:24:36","slug":"19-buod-kozgyules-es-oktatasugyi-konferencia-beszamolo","status":"publish","type":"post","link":"https:\/\/buod.de\/de\/19-buod-kozgyules-es-oktatasugyi-konferencia-beszamolo\/","title":{"rendered":"19. BUOD K\u00f6zgy\u0171l\u00e9s \u00e9s Oktat\u00e1s\u00fcgyi Konferencia &#8211; Besz\u00e1mol\u00f3"},"content":{"rendered":"<p><strong>(2025. szept. 20-21. Kastl-Mennersberg, H\u00e1rshegy Cserk\u00e9szpark)<\/strong><\/p>\n\n\n\n<p>A 2025-\u00f6s tal\u00e1lkoz\u00f3 a j\u00f3l ismert Kastl melletti H\u00e1rshegy Cserk\u00e9szparkban tal\u00e1lhat\u00f3 Turul H\u00e1zban ker\u00fclt megrendez\u00e9sre. Eg\u00e9sz N\u00e9metorsz\u00e1g ter\u00fclet\u00e9r\u0151l \u00e9rkeztek az egyes\u00fcletek vezet\u0151i, k\u00e9pvisel\u0151i. A k\u00e9t nap rendk\u00edv\u00fcl v\u00e1ltozatos, sz\u00ednes programokkal volt megt\u00f6ltve. A tal\u00e1lkoz\u00f3t Dr. Klement Korn\u00e9l a BUOD eln\u00f6ke nyitotta meg, aki t\u00f6bbsz\u00f6r is hangs\u00falyozta, hogy milyen fontos szerepet j\u00e1tszanak a szervezet tagjai abban, hogy a N\u00e9metorsz\u00e1gban \u00e9l\u0151 magyarok meg\u0151rizhess\u00e9k magyars\u00e1gukat, \u00e1polj\u00e1k nyelv\u00fcket \u00e9s hagyom\u00e1nyaikat. A BUOD jelenleg 46 tagszervezettel b\u00fcszk\u00e9lkedhet Drezd\u00e1t\u00f3l \u2013 Stuttgartig \u00e9s Hamburgt\u00f3l \u2013 M\u00fcnchenig.<\/p>\n\n\n\n<figure class=\"wp-block-image size-full\"><img loading=\"lazy\" decoding=\"async\" width=\"451\" height=\"408\" src=\"https:\/\/buod.de\/wp-content\/uploads\/2025\/10\/image.jpeg\" alt=\"\" class=\"wp-image-11601\" srcset=\"https:\/\/buod.de\/wp-content\/uploads\/2025\/10\/image.jpeg 451w, https:\/\/buod.de\/wp-content\/uploads\/2025\/10\/image-300x271.jpeg 300w, https:\/\/buod.de\/wp-content\/uploads\/2025\/10\/image-13x12.jpeg 13w\" sizes=\"auto, (max-width: 451px) 100vw, 451px\" \/><\/figure>\n\n\n\n<p>Gy\u00f6rk\u00f6s P\u00e9ter berlini nagyk\u00f6vet \u00far is kiemelte a szervezetek munk\u00e1ss\u00e1g\u00e1nak fontoss\u00e1g\u00e1t ebben a neh\u00e9z politikai \u00e9s kultur\u00e1lis helyzetben. Egy m\u00e9lyensz\u00e1nt\u00f3 elemz\u00e9st ny\u00fajtott a n\u00e9met-magyar kapcsolatok alakul\u00e1sokr\u00f3l a rendszerv\u00e1ltoz\u00e1s idej\u00e9t\u0151l napjainkig. Domonkos K\u00e1roly d\u00fcsseldorfi vezet\u0151 konzul, Dr. Orb\u00e1n Zsolt stuttgarti vezet\u0151 konzul \u00e9s Juh\u00e1sz Gergely m\u00fcncheni konzul is egyet\u00e9rtett abban, hogy ez az esem\u00e9ny lehet\u0151s\u00e9get ad a k\u00fclhoni magyar szervezetek sz\u00e1m\u00e1ra a kapcsolat\u00e9p\u00edt\u00e9sre, tapasztalatcser\u00e9re, hiszen egy k\u00f6z\u00f6s \u00fcgy kapcsolja \u00f6ssze a jelenlev\u0151ket: magyarnak maradni N\u00e9metorsz\u00e1gban. Besz\u00e1mol\u00f3ikban elmondt\u00e1k, hogy sz\u00e1mos kiv\u00e1l\u00f3 programot, kezdem\u00e9nyez\u00e9st t\u00e1mogatnak, \u00e9s ezek jelent\u0151s\u00e9g\u00e9re h\u00edvt\u00e1k fel a figyelmet.<\/p>\n\n\n\n<figure class=\"wp-block-image size-full\"><img loading=\"lazy\" decoding=\"async\" width=\"579\" height=\"308\" src=\"https:\/\/buod.de\/wp-content\/uploads\/2025\/10\/image-3.jpeg\" alt=\"\" class=\"wp-image-11604\" srcset=\"https:\/\/buod.de\/wp-content\/uploads\/2025\/10\/image-3.jpeg 579w, https:\/\/buod.de\/wp-content\/uploads\/2025\/10\/image-3-300x160.jpeg 300w, https:\/\/buod.de\/wp-content\/uploads\/2025\/10\/image-3-18x10.jpeg 18w\" sizes=\"auto, (max-width: 579px) 100vw, 579px\" \/><\/figure>\n\n\n\n<p>Dr. Szil\u00e1gyi P\u00e9ter nemzetpolitik\u00e1\u00e9rt felel\u0151s helyettes \u00e1llamtitk\u00e1r bemutatta a magyar korm\u00e1ny diaszp\u00f3ra t\u00e1mogat\u00e1s\u00e1ra l\u00e9trehozott sz\u00e9les programv\u00e1laszt\u00e9k\u00e1t. Felh\u00edvta a figyelmet a p\u00e1ly\u00e1zatokra, \u00f6szt\u00f6nd\u00edjakra, \u00f6szt\u00f6n\u00f6zte a r\u00e9sztvev\u0151ket, hogy \u00e9ljenek ezekkel a lehet\u0151s\u00e9gekkel, hiszen ez a rendezv\u00e9ny is kiv\u00e1l\u00f3 alkalom arra, hogy a programokban r\u00e9sztvev\u0151 szervezetek megoszthass\u00e1k tapasztalataikat m\u00e1sokkal.<\/p>\n\n\n\n<figure class=\"wp-block-image size-full\"><img loading=\"lazy\" decoding=\"async\" width=\"452\" height=\"507\" src=\"https:\/\/buod.de\/wp-content\/uploads\/2025\/10\/image-1.jpeg\" alt=\"\" class=\"wp-image-11602\" srcset=\"https:\/\/buod.de\/wp-content\/uploads\/2025\/10\/image-1.jpeg 452w, https:\/\/buod.de\/wp-content\/uploads\/2025\/10\/image-1-267x300.jpeg 267w, https:\/\/buod.de\/wp-content\/uploads\/2025\/10\/image-1-11x12.jpeg 11w\" sizes=\"auto, (max-width: 452px) 100vw, 452px\" \/><\/figure>\n\n\n\n<p>Ezt k\u00f6vet\u0151en Cs\u00e1ky Csongor eln\u00f6k \u00far vide\u00f3\u00fczenetben besz\u00e9lt a R\u00e1k\u00f3czi Sz\u00f6vets\u00e9g munk\u00e1ss\u00e1g\u00e1r\u00f3l, k\u00fcldet\u00e9s\u00e9r\u0151l, valamint a gyerekeknek k\u00edn\u00e1lt t\u00e1boroz\u00e1si lehet\u0151s\u00e9gr\u0151l.<\/p>\n\n\n\n<p>Az Oktat\u00e1s\u00fcgyi Konferencia keret\u00e9ben Sz\u00e1deczky-Kardoss Csilla tartott egy rendk\u00edv\u00fcl mag\u00e1val ragad\u00f3 el\u0151ad\u00e1st a stresszr\u0151l, annak kezel\u00e9si m\u00f3dszereir\u0151l, valamint a lelki b\u00e1ntalmaz\u00e1s elleni v\u00e9dekez\u00e9si m\u00f3dokr\u00f3l. A t\u00e9ma nagyon inspir\u00e1l\u00f3 besz\u00e9lget\u00e9st ind\u00edtott el, hiszen nemcsak gyermekekkel alkalmazhat\u00f3, hanem a saj\u00e1t mindennapi \u00e9let\u00fcnkben is.<\/p>\n\n\n\n<p>Ezt k\u00f6vette a k\u00f6zgy\u0171l\u00e9s, ahol \u00faj eln\u00f6ks\u00e9g ker\u00fclt megv\u00e1laszt\u00e1sra, melynek tov\u00e1bbra is Klement Korn\u00e9l (Frankfurt) az eln\u00f6ke, \u00e9s Szil\u00e1gyi Szabolcsot (Hannover) sok\u00e9ves kiv\u00e1l\u00f3 munk\u00e1j\u00e1\u00e9rt megv\u00e1lasztott\u00e1k tiszteletbeli eln\u00f6knek. A k\u00f6zgy\u0171l\u00e9sen a r\u00e9sztvev\u0151 tagok szavaz\u00e1sa alapj\u00e1n a k\u00e9t lek\u00f6sz\u00f6n\u0151 eln\u00f6ks\u00e9gi tag &#8211; Szil\u00e1gyi Szabolcs \u00e9s dr. Konthur Zolt\u00e1n &#8211; hely\u00e9re k\u00e9t \u00faj eln\u00f6ks\u00e9gi tag ker\u00fclt megv\u00e1laszt\u00e1sra &#8211; V\u00e1rkonyi Gerg\u0151 (M\u00e1nyoki \u00c1d\u00e1m N\u00e9met-Magyar Kult\u00faregyes\u00fclet, Drezda) \u00e9s Nagy Dominik (Kult\u00fara, a Magyar Nyelv \u00e9s Kult\u00fara Bar\u00e1ti K\u00f6re, Mainz). Tapssal k\u00f6sz\u00f6nt\u00fck meg a Szabolcs \u00e9s Zolt\u00e1n eddigi \u00e1ldozatos munk\u00e1j\u00e1t, valamint az \u00f6sszesen nyolc f\u0151s megv\u00e1lasztott eln\u00f6ks\u00e9g feladatv\u00e1llal\u00e1s\u00e1t.<\/p>\n\n\n\n<p>A k\u00f6zgy\u0171l\u00e9s mellett lehet\u0151s\u00e9g volt ell\u00e1togatni a Burg Kastl, vagyis az Eur\u00f3pai Magyar Gimn\u00e1zium egykori csod\u00e1latos \u00e9p\u00fclet\u00e9hez, ahol egy volt di\u00e1k, Nemes J\u00f3zsef, \u00e9lm\u00e9nyd\u00fas t\u00f6rt\u00e9netein kereszt\u00fcl kaptunk bepillant\u00e1st a di\u00e1k\u00e9letbe.<\/p>\n\n\n\n<figure class=\"wp-block-image size-full\"><img loading=\"lazy\" decoding=\"async\" width=\"542\" height=\"406\" src=\"https:\/\/buod.de\/wp-content\/uploads\/2025\/10\/image-2.jpeg\" alt=\"\" class=\"wp-image-11603\" srcset=\"https:\/\/buod.de\/wp-content\/uploads\/2025\/10\/image-2.jpeg 542w, https:\/\/buod.de\/wp-content\/uploads\/2025\/10\/image-2-300x225.jpeg 300w, https:\/\/buod.de\/wp-content\/uploads\/2025\/10\/image-2-16x12.jpeg 16w\" sizes=\"auto, (max-width: 542px) 100vw, 542px\" \/><\/figure>\n\n\n\n<p>A napot a j\u00f3l megszokott finom vacsor\u00e1val \u00e9s az elengedhetetlen vid\u00e1m t\u00e1nch\u00e1zzal, no meg a t\u00e1bort\u0171z k\u00f6r\u00fcl kialakult ismert magyar n\u00e9pdalok \u00e9nekl\u00e9s\u00e9vel z\u00e1rtuk.<\/p>\n\n\n\n<figure class=\"wp-block-image size-full\"><img loading=\"lazy\" decoding=\"async\" width=\"560\" height=\"315\" src=\"https:\/\/buod.de\/wp-content\/uploads\/2025\/10\/image-4.jpeg\" alt=\"\" class=\"wp-image-11605\" srcset=\"https:\/\/buod.de\/wp-content\/uploads\/2025\/10\/image-4.jpeg 560w, https:\/\/buod.de\/wp-content\/uploads\/2025\/10\/image-4-300x169.jpeg 300w, https:\/\/buod.de\/wp-content\/uploads\/2025\/10\/image-4-18x10.jpeg 18w\" sizes=\"auto, (max-width: 560px) 100vw, 560px\" \/><\/figure>\n\n\n\n<p>A m\u00e1sodik napot Rab Ir\u00e9n, a g\u00f6ttingeni egyetem volt tan\u00e1ra ind\u00edtotta k\u00f6nyvbemutat\u00f3j\u00e1val. A t\u00f6rt\u00e9n\u00e9sz elmondta, hogy c\u00e9lja \u00e9s k\u00fcldet\u00e9se, hogy a n\u00e9meteknek megmutassa a val\u00f3di magyar t\u00f6rt\u00e9nelmet. Kiemelte, hogy \u201eAmeddig a nyelv\u00fcnk l\u00e9tezik, addig mi is l\u00e9tez\u00fcnk.\u201d Ez\u00e9rt is k\u00fcl\u00f6n\u00f6sen fontos ezeknek a szervezeteknek a feladata, hogy \u0151rizz\u00fck \u00e9s \u00e1poljuk nyelv\u00fcnket, kult\u00far\u00e1nkat.<\/p>\n\n\n\n<p>Ezut\u00e1n a konferencia r\u00e9sztvev\u0151i egy m\u0171helymunk\u00e1n (workshopon) vehettek r\u00e9szt, ahol T\u00f3thn\u00e9 P\u00e1kozdi Szilvia a gy\u0151ri Sz\u00e9chenyi Istv\u00e1n Egyetem k\u00e9pz\u00e9si szakreferense m\u00f3dszertani foglalkoz\u00e1st tartott. Az izgalmas, j\u00e1t\u00e9kos m\u0171helymunka v\u00e9g\u00e9n kiemelte, hogy \u00f3ri\u00e1si dolog, amit a h\u00e9tv\u00e9gi magyar iskol\u00e1k pedag\u00f3gusai, \u00f6nk\u00e9ntesei tesznek, hiszen n\u00e9lk\u00fcl\u00fck elveszne a magyar nyelv k\u00fclhonban.<\/p>\n\n\n\n<figure class=\"wp-block-image size-full\"><img loading=\"lazy\" decoding=\"async\" width=\"488\" height=\"366\" src=\"https:\/\/buod.de\/wp-content\/uploads\/2025\/10\/image-5.jpeg\" alt=\"\" class=\"wp-image-11606\" srcset=\"https:\/\/buod.de\/wp-content\/uploads\/2025\/10\/image-5.jpeg 488w, https:\/\/buod.de\/wp-content\/uploads\/2025\/10\/image-5-300x225.jpeg 300w, https:\/\/buod.de\/wp-content\/uploads\/2025\/10\/image-5-16x12.jpeg 16w\" sizes=\"auto, (max-width: 488px) 100vw, 488px\" \/><\/figure>\n\n\n\n<p>A bemutatott k\u00f6zmond\u00e1sos jelenetet egy kis \u00fcnnepl\u00e9s k\u00f6vette, mely keret\u00e9ben a h\u00e9t kerek \u00e9vfordul\u00f3t \u00fcnnepl\u0151 BUOD tagszervezetek mutatta be tev\u00e9kenys\u00e9g\u00e9t, eredm\u00e9nyeit, melyekre joggal lehet\u00fcnk mindny\u00e1jan b\u00fcszk\u00e9k: K\u00fclf\u00f6ldi Magyar Cserk\u00e9szsz\u00f6vets\u00e9g, N\u00e9metorsz\u00e1gi K\u00f6rzet; Reg\u00f6s Magyar N\u00e9pt\u00e1ncegy\u00fcttes, M\u00fcnchen; Nyugat-Eur\u00f3pai Magyar Cserk\u00e9sz Fenntart\u00f3 (WEUP); Cs\u00f6b\u00f6rcs\u00f6k Magyar N\u00e9pt\u00e1ncegy\u00fcttes, Stuttgart; Brunszvik Ter\u00e9z \u00d3voda \u00e9s Iskola, Berlin; Cifra Magyar N\u00e9pt\u00e1ncegy\u00fcttes, Frankfurt; D\u00e9vai Szt. Ferenc Alap\u00edtv\u00e1nyt T\u00e1mogat\u00f3 Egyes\u00fclet.<\/p>\n\n\n\n<p>\u0150k mindannyian egy-egy p\u00e9ld\u00e1i annak, hogy az alulr\u00f3l indul\u00f3 egy\u00e9ni kezdem\u00e9nyez\u00e9sek miv\u00e9 n\u00f6vik ki magukat, \u00e9s milyen leny\u0171g\u00f6z\u0151 k\u00f6z\u00f6ss\u00e9g\u00e9p\u00edt\u0151, form\u00e1l\u00f3, \u00e9s megtart\u00f3 ereje van. A tapsot egy \u00fajonnan bemutatkoz\u00f3 szervezet is kiv\u00edvta, hiszen a Lingua Hungarica Lehrerverein frankfurti h\u00e9tv\u00e9gi iskola az eltelt 18 \u00e9v alatt egy hatalmas egy\u00e9ni iskol\u00e1v\u00e1 n\u0151tte ki mag\u00e1t. Tev\u00e9kenys\u00e9g\u00fckr\u0151l, k\u00fcldet\u00e9s\u00fckr\u0151l mes\u00e9lt eln\u00f6k\u00fck, Hollstein Barbara.<\/p>\n\n\n\n<p>Ez a h\u00e9tv\u00e9ge ism\u00e9t bebizony\u00edtotta, hogy a hit \u00e9s elk\u00f6telez\u0151d\u00e9s a magyars\u00e1gunk meg\u0151rz\u00e9se \u00e9s \u00e1pol\u00e1sa mellett milyen csod\u00e1latos eredm\u00e9nyekre k\u00e9pes, \u00e9s milyen hatalmas er\u0151 van ebben a N\u00e9metorsz\u00e1gban \u00e9l\u0151 magyar k\u00f6z\u00f6ss\u00e9gben.<\/p>\n\n\n\n<p>Papp \u00c9va KCSP \u00f6szt\u00f6nd\u00edjas<\/p>\n\n\n\n<figure class=\"wp-block-image size-large\"><img loading=\"lazy\" decoding=\"async\" width=\"1024\" height=\"768\" src=\"https:\/\/buod.de\/wp-content\/uploads\/2025\/10\/image-6-1024x768.jpeg\" alt=\"\" class=\"wp-image-11607\" srcset=\"https:\/\/buod.de\/wp-content\/uploads\/2025\/10\/image-6-1024x768.jpeg 1024w, https:\/\/buod.de\/wp-content\/uploads\/2025\/10\/image-6-300x225.jpeg 300w, https:\/\/buod.de\/wp-content\/uploads\/2025\/10\/image-6-768x576.jpeg 768w, https:\/\/buod.de\/wp-content\/uploads\/2025\/10\/image-6-16x12.jpeg 16w, https:\/\/buod.de\/wp-content\/uploads\/2025\/10\/image-6.jpeg 1344w\" sizes=\"auto, (max-width: 1024px) 100vw, 1024px\" \/><\/figure>","protected":false},"excerpt":{"rendered":"<p>(2025. szept. 20-21. Kastl-Mennersberg, H\u00e1rshegy Cserk\u00e9szpark) A 2025-\u00f6s tal\u00e1lkoz\u00f3 a j\u00f3l ismert Kastl melletti H\u00e1rshegy Cserk\u00e9szparkban tal\u00e1lhat\u00f3 Turul H\u00e1zban ker\u00fclt megrendez\u00e9sre. Eg\u00e9sz N\u00e9metorsz\u00e1g ter\u00fclet\u00e9r\u0151l \u00e9rkeztek az egyes\u00fcletek vezet\u0151i, k\u00e9pvisel\u0151i. A k\u00e9t nap rendk\u00edv\u00fcl v\u00e1ltozatos, sz\u00ednes programokkal volt megt\u00f6ltve. A tal\u00e1lkoz\u00f3t Dr. Klement Korn\u00e9l a BUOD eln\u00f6ke nyitotta meg, aki t\u00f6bbsz\u00f6r is hangs\u00falyozta, hogy milyen fontos [&hellip;]<\/p>\n","protected":false},"author":4,"featured_media":11607,"comment_status":"open","ping_status":"open","sticky":false,"template":"","format":"standard","meta":{"footnotes":""},"categories":[17],"tags":[23],"class_list":["post-11600","post","type-post","status-publish","format-standard","has-post-thumbnail","hentry","category-hirek","tag-23"],"yoast_head":"<!-- This site is optimized with the Yoast SEO plugin v27.5 - https:\/\/yoast.com\/product\/yoast-seo-wordpress\/ -->\n<title>19. BUOD K\u00f6zgy\u0171l\u00e9s \u00e9s Oktat\u00e1s\u00fcgyi Konferencia - Besz\u00e1mol\u00f3 - BUOD<\/title>\n<meta name=\"robots\" content=\"index, follow, max-snippet:-1, max-image-preview:large, max-video-preview:-1\" \/>\n<link rel=\"canonical\" href=\"https:\/\/buod.de\/de\/19-buod-kozgyules-es-oktatasugyi-konferencia-beszamolo\/\" \/>\n<meta property=\"og:locale\" content=\"de_DE\" \/>\n<meta property=\"og:type\" content=\"article\" \/>\n<meta property=\"og:title\" content=\"19. BUOD K\u00f6zgy\u0171l\u00e9s \u00e9s Oktat\u00e1s\u00fcgyi Konferencia - Besz\u00e1mol\u00f3 - BUOD\" \/>\n<meta property=\"og:description\" content=\"(2025. szept. 20-21. Kastl-Mennersberg, H\u00e1rshegy Cserk\u00e9szpark) A 2025-\u00f6s tal\u00e1lkoz\u00f3 a j\u00f3l ismert Kastl melletti H\u00e1rshegy Cserk\u00e9szparkban tal\u00e1lhat\u00f3 Turul H\u00e1zban ker\u00fclt megrendez\u00e9sre. Eg\u00e9sz N\u00e9metorsz\u00e1g ter\u00fclet\u00e9r\u0151l \u00e9rkeztek az egyes\u00fcletek vezet\u0151i, k\u00e9pvisel\u0151i. A k\u00e9t nap rendk\u00edv\u00fcl v\u00e1ltozatos, sz\u00ednes programokkal volt megt\u00f6ltve. A tal\u00e1lkoz\u00f3t Dr. Klement Korn\u00e9l a BUOD eln\u00f6ke nyitotta meg, aki t\u00f6bbsz\u00f6r is hangs\u00falyozta, hogy milyen fontos [&hellip;]\" \/>\n<meta property=\"og:url\" content=\"https:\/\/buod.de\/de\/19-buod-kozgyules-es-oktatasugyi-konferencia-beszamolo\/\" \/>\n<meta property=\"og:site_name\" content=\"BUOD\" \/>\n<meta property=\"article:publisher\" content=\"https:\/\/www.facebook.com\/profile.php?id=100082185652397\" \/>\n<meta property=\"article:published_time\" content=\"2025-09-25T11:15:29+00:00\" \/>\n<meta property=\"article:modified_time\" content=\"2025-10-06T11:24:36+00:00\" \/>\n<meta property=\"og:image\" content=\"https:\/\/buod.de\/wp-content\/uploads\/2025\/10\/image-6.jpeg\" \/>\n\t<meta property=\"og:image:width\" content=\"1344\" \/>\n\t<meta property=\"og:image:height\" content=\"1008\" \/>\n\t<meta property=\"og:image:type\" content=\"image\/jpeg\" \/>\n<meta name=\"author\" content=\"Gery V\u00e1rkonyi\" \/>\n<meta name=\"twitter:card\" content=\"summary_large_image\" \/>\n<meta name=\"twitter:label1\" content=\"Written by\" \/>\n\t<meta name=\"twitter:data1\" content=\"Gery V\u00e1rkonyi\" \/>\n\t<meta name=\"twitter:label2\" content=\"Est. reading time\" \/>\n\t<meta name=\"twitter:data2\" content=\"6 minutes\" \/>\n<script type=\"application\/ld+json\" class=\"yoast-schema-graph\">{\"@context\":\"https:\\\/\\\/schema.org\",\"@graph\":[{\"@type\":\"Article\",\"@id\":\"https:\\\/\\\/buod.de\\\/19-buod-kozgyules-es-oktatasugyi-konferencia-beszamolo\\\/#article\",\"isPartOf\":{\"@id\":\"https:\\\/\\\/buod.de\\\/19-buod-kozgyules-es-oktatasugyi-konferencia-beszamolo\\\/\"},\"author\":{\"name\":\"Gery V\u00e1rkonyi\",\"@id\":\"https:\\\/\\\/buod.de\\\/#\\\/schema\\\/person\\\/8332a3e63b017fea8fcd17e9c0f96bf1\"},\"headline\":\"19. BUOD K\u00f6zgy\u0171l\u00e9s \u00e9s Oktat\u00e1s\u00fcgyi Konferencia &#8211; Besz\u00e1mol\u00f3\",\"datePublished\":\"2025-09-25T11:15:29+00:00\",\"dateModified\":\"2025-10-06T11:24:36+00:00\",\"mainEntityOfPage\":{\"@id\":\"https:\\\/\\\/buod.de\\\/19-buod-kozgyules-es-oktatasugyi-konferencia-beszamolo\\\/\"},\"wordCount\":1128,\"commentCount\":0,\"publisher\":{\"@id\":\"https:\\\/\\\/buod.de\\\/#organization\"},\"image\":{\"@id\":\"https:\\\/\\\/buod.de\\\/19-buod-kozgyules-es-oktatasugyi-konferencia-beszamolo\\\/#primaryimage\"},\"thumbnailUrl\":\"https:\\\/\\\/buod.de\\\/wp-content\\\/uploads\\\/2025\\\/10\\\/image-6.jpeg\",\"keywords\":[\"2025\"],\"articleSection\":[\"H\u00edrek\"],\"inLanguage\":\"de-DE\",\"potentialAction\":[{\"@type\":\"CommentAction\",\"name\":\"Comment\",\"target\":[\"https:\\\/\\\/buod.de\\\/19-buod-kozgyules-es-oktatasugyi-konferencia-beszamolo\\\/#respond\"]}]},{\"@type\":\"WebPage\",\"@id\":\"https:\\\/\\\/buod.de\\\/19-buod-kozgyules-es-oktatasugyi-konferencia-beszamolo\\\/\",\"url\":\"https:\\\/\\\/buod.de\\\/19-buod-kozgyules-es-oktatasugyi-konferencia-beszamolo\\\/\",\"name\":\"19. BUOD K\u00f6zgy\u0171l\u00e9s \u00e9s Oktat\u00e1s\u00fcgyi Konferencia - Besz\u00e1mol\u00f3 - BUOD\",\"isPartOf\":{\"@id\":\"https:\\\/\\\/buod.de\\\/#website\"},\"primaryImageOfPage\":{\"@id\":\"https:\\\/\\\/buod.de\\\/19-buod-kozgyules-es-oktatasugyi-konferencia-beszamolo\\\/#primaryimage\"},\"image\":{\"@id\":\"https:\\\/\\\/buod.de\\\/19-buod-kozgyules-es-oktatasugyi-konferencia-beszamolo\\\/#primaryimage\"},\"thumbnailUrl\":\"https:\\\/\\\/buod.de\\\/wp-content\\\/uploads\\\/2025\\\/10\\\/image-6.jpeg\",\"datePublished\":\"2025-09-25T11:15:29+00:00\",\"dateModified\":\"2025-10-06T11:24:36+00:00\",\"breadcrumb\":{\"@id\":\"https:\\\/\\\/buod.de\\\/19-buod-kozgyules-es-oktatasugyi-konferencia-beszamolo\\\/#breadcrumb\"},\"inLanguage\":\"de-DE\",\"potentialAction\":[{\"@type\":\"ReadAction\",\"target\":[\"https:\\\/\\\/buod.de\\\/19-buod-kozgyules-es-oktatasugyi-konferencia-beszamolo\\\/\"]}]},{\"@type\":\"ImageObject\",\"inLanguage\":\"de-DE\",\"@id\":\"https:\\\/\\\/buod.de\\\/19-buod-kozgyules-es-oktatasugyi-konferencia-beszamolo\\\/#primaryimage\",\"url\":\"https:\\\/\\\/buod.de\\\/wp-content\\\/uploads\\\/2025\\\/10\\\/image-6.jpeg\",\"contentUrl\":\"https:\\\/\\\/buod.de\\\/wp-content\\\/uploads\\\/2025\\\/10\\\/image-6.jpeg\",\"width\":1344,\"height\":1008},{\"@type\":\"BreadcrumbList\",\"@id\":\"https:\\\/\\\/buod.de\\\/19-buod-kozgyules-es-oktatasugyi-konferencia-beszamolo\\\/#breadcrumb\",\"itemListElement\":[{\"@type\":\"ListItem\",\"position\":1,\"name\":\"Kezd\u0151lap\",\"item\":\"https:\\\/\\\/buod.de\\\/\"},{\"@type\":\"ListItem\",\"position\":2,\"name\":\"19. BUOD K\u00f6zgy\u0171l\u00e9s \u00e9s Oktat\u00e1s\u00fcgyi Konferencia &#8211; Besz\u00e1mol\u00f3\"}]},{\"@type\":\"WebSite\",\"@id\":\"https:\\\/\\\/buod.de\\\/#website\",\"url\":\"https:\\\/\\\/buod.de\\\/\",\"name\":\"BUOD\",\"description\":\"Bund Ungarischer Organisationen in Deutschland\",\"publisher\":{\"@id\":\"https:\\\/\\\/buod.de\\\/#organization\"},\"potentialAction\":[{\"@type\":\"SearchAction\",\"target\":{\"@type\":\"EntryPoint\",\"urlTemplate\":\"https:\\\/\\\/buod.de\\\/?s={search_term_string}\"},\"query-input\":{\"@type\":\"PropertyValueSpecification\",\"valueRequired\":true,\"valueName\":\"search_term_string\"}}],\"inLanguage\":\"de-DE\"},{\"@type\":\"Organization\",\"@id\":\"https:\\\/\\\/buod.de\\\/#organization\",\"name\":\"BUOD\",\"url\":\"https:\\\/\\\/buod.de\\\/\",\"logo\":{\"@type\":\"ImageObject\",\"inLanguage\":\"de-DE\",\"@id\":\"https:\\\/\\\/buod.de\\\/#\\\/schema\\\/logo\\\/image\\\/\",\"url\":\"https:\\\/\\\/buod.de\\\/wp-content\\\/uploads\\\/2024\\\/03\\\/BUOD-logo.png\",\"contentUrl\":\"https:\\\/\\\/buod.de\\\/wp-content\\\/uploads\\\/2024\\\/03\\\/BUOD-logo.png\",\"width\":586,\"height\":490,\"caption\":\"BUOD\"},\"image\":{\"@id\":\"https:\\\/\\\/buod.de\\\/#\\\/schema\\\/logo\\\/image\\\/\"},\"sameAs\":[\"https:\\\/\\\/www.facebook.com\\\/profile.php?id=100082185652397\"]},{\"@type\":\"Person\",\"@id\":\"https:\\\/\\\/buod.de\\\/#\\\/schema\\\/person\\\/8332a3e63b017fea8fcd17e9c0f96bf1\",\"name\":\"Gery V\u00e1rkonyi\",\"image\":{\"@type\":\"ImageObject\",\"inLanguage\":\"de-DE\",\"@id\":\"https:\\\/\\\/secure.gravatar.com\\\/avatar\\\/c1babe7dc68f065be4ec606c522172804715398688c78c6fffca3888b364e934?s=96&d=mm&r=g\",\"url\":\"https:\\\/\\\/secure.gravatar.com\\\/avatar\\\/c1babe7dc68f065be4ec606c522172804715398688c78c6fffca3888b364e934?s=96&d=mm&r=g\",\"contentUrl\":\"https:\\\/\\\/secure.gravatar.com\\\/avatar\\\/c1babe7dc68f065be4ec606c522172804715398688c78c6fffca3888b364e934?s=96&d=mm&r=g\",\"caption\":\"Gery V\u00e1rkonyi\"},\"url\":\"https:\\\/\\\/buod.de\\\/de\\\/author\\\/geryvarkonyi\\\/\"}]}<\/script>\n<!-- \/ Yoast SEO plugin. -->","yoast_head_json":{"title":"19. BUOD K\u00f6zgy\u0171l\u00e9s \u00e9s Oktat\u00e1s\u00fcgyi Konferencia - Besz\u00e1mol\u00f3 - BUOD","robots":{"index":"index","follow":"follow","max-snippet":"max-snippet:-1","max-image-preview":"max-image-preview:large","max-video-preview":"max-video-preview:-1"},"canonical":"https:\/\/buod.de\/de\/19-buod-kozgyules-es-oktatasugyi-konferencia-beszamolo\/","og_locale":"de_DE","og_type":"article","og_title":"19. BUOD K\u00f6zgy\u0171l\u00e9s \u00e9s Oktat\u00e1s\u00fcgyi Konferencia - Besz\u00e1mol\u00f3 - BUOD","og_description":"(2025. szept. 20-21. Kastl-Mennersberg, H\u00e1rshegy Cserk\u00e9szpark) A 2025-\u00f6s tal\u00e1lkoz\u00f3 a j\u00f3l ismert Kastl melletti H\u00e1rshegy Cserk\u00e9szparkban tal\u00e1lhat\u00f3 Turul H\u00e1zban ker\u00fclt megrendez\u00e9sre. Eg\u00e9sz N\u00e9metorsz\u00e1g ter\u00fclet\u00e9r\u0151l \u00e9rkeztek az egyes\u00fcletek vezet\u0151i, k\u00e9pvisel\u0151i. A k\u00e9t nap rendk\u00edv\u00fcl v\u00e1ltozatos, sz\u00ednes programokkal volt megt\u00f6ltve. A tal\u00e1lkoz\u00f3t Dr. Klement Korn\u00e9l a BUOD eln\u00f6ke nyitotta meg, aki t\u00f6bbsz\u00f6r is hangs\u00falyozta, hogy milyen fontos [&hellip;]","og_url":"https:\/\/buod.de\/de\/19-buod-kozgyules-es-oktatasugyi-konferencia-beszamolo\/","og_site_name":"BUOD","article_publisher":"https:\/\/www.facebook.com\/profile.php?id=100082185652397","article_published_time":"2025-09-25T11:15:29+00:00","article_modified_time":"2025-10-06T11:24:36+00:00","og_image":[{"width":1344,"height":1008,"url":"https:\/\/buod.de\/wp-content\/uploads\/2025\/10\/image-6.jpeg","type":"image\/jpeg"}],"author":"Gery V\u00e1rkonyi","twitter_card":"summary_large_image","twitter_misc":{"Written by":"Gery V\u00e1rkonyi","Est. reading time":"6 minutes"},"schema":{"@context":"https:\/\/schema.org","@graph":[{"@type":"Article","@id":"https:\/\/buod.de\/19-buod-kozgyules-es-oktatasugyi-konferencia-beszamolo\/#article","isPartOf":{"@id":"https:\/\/buod.de\/19-buod-kozgyules-es-oktatasugyi-konferencia-beszamolo\/"},"author":{"name":"Gery V\u00e1rkonyi","@id":"https:\/\/buod.de\/#\/schema\/person\/8332a3e63b017fea8fcd17e9c0f96bf1"},"headline":"19. BUOD K\u00f6zgy\u0171l\u00e9s \u00e9s Oktat\u00e1s\u00fcgyi Konferencia &#8211; Besz\u00e1mol\u00f3","datePublished":"2025-09-25T11:15:29+00:00","dateModified":"2025-10-06T11:24:36+00:00","mainEntityOfPage":{"@id":"https:\/\/buod.de\/19-buod-kozgyules-es-oktatasugyi-konferencia-beszamolo\/"},"wordCount":1128,"commentCount":0,"publisher":{"@id":"https:\/\/buod.de\/#organization"},"image":{"@id":"https:\/\/buod.de\/19-buod-kozgyules-es-oktatasugyi-konferencia-beszamolo\/#primaryimage"},"thumbnailUrl":"https:\/\/buod.de\/wp-content\/uploads\/2025\/10\/image-6.jpeg","keywords":["2025"],"articleSection":["H\u00edrek"],"inLanguage":"de-DE","potentialAction":[{"@type":"CommentAction","name":"Comment","target":["https:\/\/buod.de\/19-buod-kozgyules-es-oktatasugyi-konferencia-beszamolo\/#respond"]}]},{"@type":"WebPage","@id":"https:\/\/buod.de\/19-buod-kozgyules-es-oktatasugyi-konferencia-beszamolo\/","url":"https:\/\/buod.de\/19-buod-kozgyules-es-oktatasugyi-konferencia-beszamolo\/","name":"19. BUOD K\u00f6zgy\u0171l\u00e9s \u00e9s Oktat\u00e1s\u00fcgyi Konferencia - Besz\u00e1mol\u00f3 - BUOD","isPartOf":{"@id":"https:\/\/buod.de\/#website"},"primaryImageOfPage":{"@id":"https:\/\/buod.de\/19-buod-kozgyules-es-oktatasugyi-konferencia-beszamolo\/#primaryimage"},"image":{"@id":"https:\/\/buod.de\/19-buod-kozgyules-es-oktatasugyi-konferencia-beszamolo\/#primaryimage"},"thumbnailUrl":"https:\/\/buod.de\/wp-content\/uploads\/2025\/10\/image-6.jpeg","datePublished":"2025-09-25T11:15:29+00:00","dateModified":"2025-10-06T11:24:36+00:00","breadcrumb":{"@id":"https:\/\/buod.de\/19-buod-kozgyules-es-oktatasugyi-konferencia-beszamolo\/#breadcrumb"},"inLanguage":"de-DE","potentialAction":[{"@type":"ReadAction","target":["https:\/\/buod.de\/19-buod-kozgyules-es-oktatasugyi-konferencia-beszamolo\/"]}]},{"@type":"ImageObject","inLanguage":"de-DE","@id":"https:\/\/buod.de\/19-buod-kozgyules-es-oktatasugyi-konferencia-beszamolo\/#primaryimage","url":"https:\/\/buod.de\/wp-content\/uploads\/2025\/10\/image-6.jpeg","contentUrl":"https:\/\/buod.de\/wp-content\/uploads\/2025\/10\/image-6.jpeg","width":1344,"height":1008},{"@type":"BreadcrumbList","@id":"https:\/\/buod.de\/19-buod-kozgyules-es-oktatasugyi-konferencia-beszamolo\/#breadcrumb","itemListElement":[{"@type":"ListItem","position":1,"name":"Kezd\u0151lap","item":"https:\/\/buod.de\/"},{"@type":"ListItem","position":2,"name":"19. BUOD K\u00f6zgy\u0171l\u00e9s \u00e9s Oktat\u00e1s\u00fcgyi Konferencia &#8211; Besz\u00e1mol\u00f3"}]},{"@type":"WebSite","@id":"https:\/\/buod.de\/#website","url":"https:\/\/buod.de\/","name":"BUOD","description":"Bund Ungarischer Organisationen in Deutschland","publisher":{"@id":"https:\/\/buod.de\/#organization"},"potentialAction":[{"@type":"SearchAction","target":{"@type":"EntryPoint","urlTemplate":"https:\/\/buod.de\/?s={search_term_string}"},"query-input":{"@type":"PropertyValueSpecification","valueRequired":true,"valueName":"search_term_string"}}],"inLanguage":"de-DE"},{"@type":"Organization","@id":"https:\/\/buod.de\/#organization","name":"BUOD","url":"https:\/\/buod.de\/","logo":{"@type":"ImageObject","inLanguage":"de-DE","@id":"https:\/\/buod.de\/#\/schema\/logo\/image\/","url":"https:\/\/buod.de\/wp-content\/uploads\/2024\/03\/BUOD-logo.png","contentUrl":"https:\/\/buod.de\/wp-content\/uploads\/2024\/03\/BUOD-logo.png","width":586,"height":490,"caption":"BUOD"},"image":{"@id":"https:\/\/buod.de\/#\/schema\/logo\/image\/"},"sameAs":["https:\/\/www.facebook.com\/profile.php?id=100082185652397"]},{"@type":"Person","@id":"https:\/\/buod.de\/#\/schema\/person\/8332a3e63b017fea8fcd17e9c0f96bf1","name":"Gery V\u00e1rkonyi","image":{"@type":"ImageObject","inLanguage":"de-DE","@id":"https:\/\/secure.gravatar.com\/avatar\/c1babe7dc68f065be4ec606c522172804715398688c78c6fffca3888b364e934?s=96&d=mm&r=g","url":"https:\/\/secure.gravatar.com\/avatar\/c1babe7dc68f065be4ec606c522172804715398688c78c6fffca3888b364e934?s=96&d=mm&r=g","contentUrl":"https:\/\/secure.gravatar.com\/avatar\/c1babe7dc68f065be4ec606c522172804715398688c78c6fffca3888b364e934?s=96&d=mm&r=g","caption":"Gery V\u00e1rkonyi"},"url":"https:\/\/buod.de\/de\/author\/geryvarkonyi\/"}]}},"_links":{"self":[{"href":"https:\/\/buod.de\/de\/wp-json\/wp\/v2\/posts\/11600","targetHints":{"allow":["GET"]}}],"collection":[{"href":"https:\/\/buod.de\/de\/wp-json\/wp\/v2\/posts"}],"about":[{"href":"https:\/\/buod.de\/de\/wp-json\/wp\/v2\/types\/post"}],"author":[{"embeddable":true,"href":"https:\/\/buod.de\/de\/wp-json\/wp\/v2\/users\/4"}],"replies":[{"embeddable":true,"href":"https:\/\/buod.de\/de\/wp-json\/wp\/v2\/comments?post=11600"}],"version-history":[{"count":1,"href":"https:\/\/buod.de\/de\/wp-json\/wp\/v2\/posts\/11600\/revisions"}],"predecessor-version":[{"id":11608,"href":"https:\/\/buod.de\/de\/wp-json\/wp\/v2\/posts\/11600\/revisions\/11608"}],"wp:featuredmedia":[{"embeddable":true,"href":"https:\/\/buod.de\/de\/wp-json\/wp\/v2\/media\/11607"}],"wp:attachment":[{"href":"https:\/\/buod.de\/de\/wp-json\/wp\/v2\/media?parent=11600"}],"wp:term":[{"taxonomy":"category","embeddable":true,"href":"https:\/\/buod.de\/de\/wp-json\/wp\/v2\/categories?post=11600"},{"taxonomy":"post_tag","embeddable":true,"href":"https:\/\/buod.de\/de\/wp-json\/wp\/v2\/tags?post=11600"}],"curies":[{"name":"wp","href":"https:\/\/api.w.org\/{rel}","templated":true}]}}