{"id":11672,"date":"2025-10-10T12:24:37","date_gmt":"2025-10-10T10:24:37","guid":{"rendered":"https:\/\/buod.de\/?p=11672"},"modified":"2025-10-10T12:25:23","modified_gmt":"2025-10-10T10:25:23","slug":"elso-hetem-nurnbergben","status":"publish","type":"post","link":"https:\/\/buod.de\/de\/elso-hetem-nurnbergben\/","title":{"rendered":"Els\u0151 hetem N\u00fcrnbergben"},"content":{"rendered":"<p>2025 szeptember k\u00f6zep\u00e9n \u00e9rkezt\u00fcnk, hogy megkezdj\u00fck \u00f6szt\u00f6nd\u00edjas munk\u00e1nkat. Az ut\u00f3bbi egy h\u00e9t rendk\u00edv\u00fcl intenz\u00edv volt, megismerkedt\u00fcnk fogad\u00f3szervezeteinkkel, \u00e9s a v\u00e1rossal: N\u00fcrnberggel.<\/p>\n\n\n\n<p>Szeptember k\u00f6zep\u00e9n \u00e9rkezt\u00fcnk meg N\u00fcrnbergbe \u00f6szt\u00f6nd\u00edjas t\u00e1rsammal, Jusztin Andr\u00e1ssal. Az els\u0151 fontos programunk a 19. BUOD K\u00f6zgy\u0171l\u00e9s \u00e9s Oktat\u00e1s\u00fcgyi Konferencia volt, ahol tal\u00e1lkozhattunk a N\u00e9metorsz\u00e1gban m\u0171k\u00f6d\u0151 magyar szervezetek k\u00e9pvisel\u0151ivel \u00e9s K\u0151r\u00f6si Csoma S\u00e1ndor Programos t\u00e1rsainkkal. Az itt elhangzott besz\u00e9lget\u00e9sek, t\u00e1bort\u0171z k\u00f6r\u00fcli \u00e9nekl\u00e9s, spont\u00e1n t\u00e1nch\u00e1z \u00f6r\u00f6k \u00e9lm\u00e9nyek maradnak.<\/p>\n\n\n\n<p>Egyik mentorom&nbsp;Schmidt K\u00e1roly, a Kastl Alumni eln\u00f6ke megmutatta nek\u00fcnk az egykori magyar gimn\u00e1zium \u00e9p\u00fclet\u00e9t a v\u00e1rban. A s\u00e9ta sor\u00e1n di\u00e1k\u00e9veinek anekdot\u00e1it hallgathattuk meg.<\/p>\n\n\n\n<p>A N\u00fcrnbergi Magyar Kult\u00faregyes\u00fclet oldal\u00e1r\u00f3l mentorom V. Zombory Anik\u00f3, akinek seg\u00edts\u00e9g\u00e9re lehetek az itteni magyar \u00f3vod\u00e1ban, n\u00e9gy csoportban is. Az otthoni tapasztalataim igaz\u00e1n j\u00f3l felhaszn\u00e1lhat\u00f3ak itt is, hiszen \u00e9desany\u00e1m mellett ugyanezzel a koroszt\u00e1llyal foglalkoztam sokat.<\/p>\n\n\n\n<p>A h\u00e9tv\u00e9g\u00e9n ell\u00e1togathattam a magyar iskol\u00e1ba is, ahol r\u00e9szt vehettem az \u00e9vnyit\u00f3n \u00e9s \u00e9nekelhettem a gyerekekkel.<\/p>\n\n\n\n<p>A T\u0171zvir\u00e1g N\u00e9pt\u00e1nccsoport az idei Katalin-b\u00e1lt kering\u0151vel nyitja meg, mely egy nagyon izgalmas sz\u00ednfoltja lesz az est\u00e9nek. A h\u00e9t m\u00e1sodik pr\u00f3b\u00e1j\u00e1n gy\u00f6rgyfalvi t\u00e1ncokkal foglalkoztunk. \u00dajdons\u00e1g m\u00e9g, hogy id\u00e9n els\u0151 alkalommal gyermekt\u00e1nccsoportot ind\u00edtunk N\u00fcrnbergben, a nagy \u00e9rdekl\u0151d\u00e9sre val\u00f3 tekintettel.<\/p>\n\n\n\n<p>Blank Berta, KCSP \u00f6szt\u00f6nd\u00edjas<\/p>\n\n\n\n<figure class=\"wp-block-gallery has-nested-images columns-default is-cropped wp-block-gallery-1 is-layout-flex wp-block-gallery-is-layout-flex\">\n<figure data-wp-context=\"{&quot;imageId&quot;:&quot;69f34f5f34abf&quot;}\" data-wp-interactive=\"core\/image\" data-wp-key=\"69f34f5f34abf\" class=\"wp-block-image size-large wp-lightbox-container\"><img loading=\"lazy\" decoding=\"async\" width=\"1024\" height=\"799\" data-wp-class--hide=\"state.isContentHidden\" data-wp-class--show=\"state.isContentVisible\" data-wp-init=\"callbacks.setButtonStyles\" data-wp-on--click=\"actions.showLightbox\" data-wp-on--load=\"callbacks.setButtonStyles\" data-wp-on-window--resize=\"callbacks.setButtonStyles\" data-id=\"11675\" src=\"https:\/\/buod.de\/wp-content\/uploads\/2025\/10\/Mentorunkkal-V.-Zombory-Anikoval-1024x799.jpg\" alt=\"\" class=\"wp-image-11675\" srcset=\"https:\/\/buod.de\/wp-content\/uploads\/2025\/10\/Mentorunkkal-V.-Zombory-Anikoval-1024x799.jpg 1024w, https:\/\/buod.de\/wp-content\/uploads\/2025\/10\/Mentorunkkal-V.-Zombory-Anikoval-300x234.jpg 300w, https:\/\/buod.de\/wp-content\/uploads\/2025\/10\/Mentorunkkal-V.-Zombory-Anikoval-768x599.jpg 768w, https:\/\/buod.de\/wp-content\/uploads\/2025\/10\/Mentorunkkal-V.-Zombory-Anikoval-1536x1198.jpg 1536w, https:\/\/buod.de\/wp-content\/uploads\/2025\/10\/Mentorunkkal-V.-Zombory-Anikoval-15x12.jpg 15w, https:\/\/buod.de\/wp-content\/uploads\/2025\/10\/Mentorunkkal-V.-Zombory-Anikoval.jpg 2000w\" sizes=\"auto, (max-width: 1024px) 100vw, 1024px\" \/><button\n\t\t\tclass=\"lightbox-trigger\"\n\t\t\ttype=\"button\"\n\t\t\taria-haspopup=\"dialog\"\n\t\t\taria-label=\"Enlarge\"\n\t\t\tdata-wp-init=\"callbacks.initTriggerButton\"\n\t\t\tdata-wp-on--click=\"actions.showLightbox\"\n\t\t\tdata-wp-style--right=\"state.imageButtonRight\"\n\t\t\tdata-wp-style--top=\"state.imageButtonTop\"\n\t\t>\n\t\t\t<svg xmlns=\"http:\/\/www.w3.org\/2000\/svg\" width=\"12\" height=\"12\" fill=\"none\" viewbox=\"0 0 12 12\">\n\t\t\t\t<path fill=\"#fff\" d=\"M2 0a2 2 0 0 0-2 2v2h1.5V2a.5.5 0 0 1 .5-.5h2V0H2Zm2 10.5H2a.5.5 0 0 1-.5-.5V8H0v2a2 2 0 0 0 2 2h2v-1.5ZM8 12v-1.5h2a.5.5 0 0 0 .5-.5V8H12v2a2 2 0 0 1-2 2H8Zm2-12a2 2 0 0 1 2 2v2h-1.5V2a.5.5 0 0 0-.5-.5H8V0h2Z\" \/>\n\t\t\t<\/svg>\n\t\t<\/button><\/figure>\n\n\n\n<figure data-wp-context=\"{&quot;imageId&quot;:&quot;69f34f5f3588e&quot;}\" data-wp-interactive=\"core\/image\" data-wp-key=\"69f34f5f3588e\" class=\"wp-block-image size-large wp-lightbox-container\"><img loading=\"lazy\" decoding=\"async\" width=\"1024\" height=\"741\" data-wp-class--hide=\"state.isContentHidden\" data-wp-class--show=\"state.isContentVisible\" data-wp-init=\"callbacks.setButtonStyles\" data-wp-on--click=\"actions.showLightbox\" data-wp-on--load=\"callbacks.setButtonStyles\" data-wp-on-window--resize=\"callbacks.setButtonStyles\" data-id=\"11674\" src=\"https:\/\/buod.de\/wp-content\/uploads\/2025\/10\/Mentorunkkal-Schmidt-Karollyal-1024x741.jpg\" alt=\"\" class=\"wp-image-11674\" srcset=\"https:\/\/buod.de\/wp-content\/uploads\/2025\/10\/Mentorunkkal-Schmidt-Karollyal-1024x741.jpg 1024w, https:\/\/buod.de\/wp-content\/uploads\/2025\/10\/Mentorunkkal-Schmidt-Karollyal-300x217.jpg 300w, https:\/\/buod.de\/wp-content\/uploads\/2025\/10\/Mentorunkkal-Schmidt-Karollyal-768x556.jpg 768w, https:\/\/buod.de\/wp-content\/uploads\/2025\/10\/Mentorunkkal-Schmidt-Karollyal-1536x1111.jpg 1536w, https:\/\/buod.de\/wp-content\/uploads\/2025\/10\/Mentorunkkal-Schmidt-Karollyal-18x12.jpg 18w, https:\/\/buod.de\/wp-content\/uploads\/2025\/10\/Mentorunkkal-Schmidt-Karollyal.jpg 2000w\" sizes=\"auto, (max-width: 1024px) 100vw, 1024px\" \/><button\n\t\t\tclass=\"lightbox-trigger\"\n\t\t\ttype=\"button\"\n\t\t\taria-haspopup=\"dialog\"\n\t\t\taria-label=\"Enlarge\"\n\t\t\tdata-wp-init=\"callbacks.initTriggerButton\"\n\t\t\tdata-wp-on--click=\"actions.showLightbox\"\n\t\t\tdata-wp-style--right=\"state.imageButtonRight\"\n\t\t\tdata-wp-style--top=\"state.imageButtonTop\"\n\t\t>\n\t\t\t<svg xmlns=\"http:\/\/www.w3.org\/2000\/svg\" width=\"12\" height=\"12\" fill=\"none\" viewbox=\"0 0 12 12\">\n\t\t\t\t<path fill=\"#fff\" d=\"M2 0a2 2 0 0 0-2 2v2h1.5V2a.5.5 0 0 1 .5-.5h2V0H2Zm2 10.5H2a.5.5 0 0 1-.5-.5V8H0v2a2 2 0 0 0 2 2h2v-1.5ZM8 12v-1.5h2a.5.5 0 0 0 .5-.5V8H12v2a2 2 0 0 1-2 2H8Zm2-12a2 2 0 0 1 2 2v2h-1.5V2a.5.5 0 0 0-.5-.5H8V0h2Z\" \/>\n\t\t\t<\/svg>\n\t\t<\/button><\/figure>\n\n\n\n<figure data-wp-context=\"{&quot;imageId&quot;:&quot;69f34f5f36fa4&quot;}\" data-wp-interactive=\"core\/image\" data-wp-key=\"69f34f5f36fa4\" class=\"wp-block-image size-large wp-lightbox-container\"><img loading=\"lazy\" decoding=\"async\" width=\"1024\" height=\"768\" data-wp-class--hide=\"state.isContentHidden\" data-wp-class--show=\"state.isContentVisible\" data-wp-init=\"callbacks.setButtonStyles\" data-wp-on--click=\"actions.showLightbox\" data-wp-on--load=\"callbacks.setButtonStyles\" data-wp-on-window--resize=\"callbacks.setButtonStyles\" data-id=\"11673\" src=\"https:\/\/buod.de\/wp-content\/uploads\/2025\/10\/BUOD-kozgyules-Kastlban-1024x768.jpg\" alt=\"\" class=\"wp-image-11673\" srcset=\"https:\/\/buod.de\/wp-content\/uploads\/2025\/10\/BUOD-kozgyules-Kastlban-1024x768.jpg 1024w, https:\/\/buod.de\/wp-content\/uploads\/2025\/10\/BUOD-kozgyules-Kastlban-300x225.jpg 300w, https:\/\/buod.de\/wp-content\/uploads\/2025\/10\/BUOD-kozgyules-Kastlban-768x576.jpg 768w, https:\/\/buod.de\/wp-content\/uploads\/2025\/10\/BUOD-kozgyules-Kastlban-1536x1152.jpg 1536w, https:\/\/buod.de\/wp-content\/uploads\/2025\/10\/BUOD-kozgyules-Kastlban-16x12.jpg 16w, https:\/\/buod.de\/wp-content\/uploads\/2025\/10\/BUOD-kozgyules-Kastlban.jpg 2000w\" sizes=\"auto, (max-width: 1024px) 100vw, 1024px\" \/><button\n\t\t\tclass=\"lightbox-trigger\"\n\t\t\ttype=\"button\"\n\t\t\taria-haspopup=\"dialog\"\n\t\t\taria-label=\"Enlarge\"\n\t\t\tdata-wp-init=\"callbacks.initTriggerButton\"\n\t\t\tdata-wp-on--click=\"actions.showLightbox\"\n\t\t\tdata-wp-style--right=\"state.imageButtonRight\"\n\t\t\tdata-wp-style--top=\"state.imageButtonTop\"\n\t\t>\n\t\t\t<svg xmlns=\"http:\/\/www.w3.org\/2000\/svg\" width=\"12\" height=\"12\" fill=\"none\" viewbox=\"0 0 12 12\">\n\t\t\t\t<path fill=\"#fff\" d=\"M2 0a2 2 0 0 0-2 2v2h1.5V2a.5.5 0 0 1 .5-.5h2V0H2Zm2 10.5H2a.5.5 0 0 1-.5-.5V8H0v2a2 2 0 0 0 2 2h2v-1.5ZM8 12v-1.5h2a.5.5 0 0 0 .5-.5V8H12v2a2 2 0 0 1-2 2H8Zm2-12a2 2 0 0 1 2 2v2h-1.5V2a.5.5 0 0 0-.5-.5H8V0h2Z\" \/>\n\t\t\t<\/svg>\n\t\t<\/button><\/figure>\n<\/figure>","protected":false},"excerpt":{"rendered":"<p>2025 szeptember k\u00f6zep\u00e9n \u00e9rkezt\u00fcnk, hogy megkezdj\u00fck \u00f6szt\u00f6nd\u00edjas munk\u00e1nkat. Az ut\u00f3bbi egy h\u00e9t rendk\u00edv\u00fcl intenz\u00edv volt, megismerkedt\u00fcnk fogad\u00f3szervezeteinkkel, \u00e9s a v\u00e1rossal: N\u00fcrnberggel. Szeptember k\u00f6zep\u00e9n \u00e9rkezt\u00fcnk meg N\u00fcrnbergbe \u00f6szt\u00f6nd\u00edjas t\u00e1rsammal, Jusztin Andr\u00e1ssal. Az els\u0151 fontos programunk a 19. BUOD K\u00f6zgy\u0171l\u00e9s \u00e9s Oktat\u00e1s\u00fcgyi Konferencia volt, ahol tal\u00e1lkozhattunk a N\u00e9metorsz\u00e1gban m\u0171k\u00f6d\u0151 magyar szervezetek k\u00e9pvisel\u0151ivel \u00e9s K\u0151r\u00f6si Csoma S\u00e1ndor Programos [&hellip;]<\/p>\n","protected":false},"author":4,"featured_media":11674,"comment_status":"closed","ping_status":"","sticky":false,"template":"","format":"standard","meta":{"footnotes":""},"categories":[17],"tags":[23],"class_list":["post-11672","post","type-post","status-publish","format-standard","has-post-thumbnail","hentry","category-hirek","tag-23"],"yoast_head":"<!-- This site is optimized with the Yoast SEO plugin v27.5 - https:\/\/yoast.com\/product\/yoast-seo-wordpress\/ -->\n<title>Els\u0151 hetem N\u00fcrnbergben - BUOD<\/title>\n<meta name=\"robots\" content=\"index, follow, max-snippet:-1, max-image-preview:large, max-video-preview:-1\" \/>\n<link rel=\"canonical\" href=\"https:\/\/buod.de\/de\/elso-hetem-nurnbergben\/\" \/>\n<meta property=\"og:locale\" content=\"de_DE\" \/>\n<meta property=\"og:type\" content=\"article\" \/>\n<meta property=\"og:title\" content=\"Els\u0151 hetem N\u00fcrnbergben - BUOD\" \/>\n<meta property=\"og:description\" content=\"2025 szeptember k\u00f6zep\u00e9n \u00e9rkezt\u00fcnk, hogy megkezdj\u00fck \u00f6szt\u00f6nd\u00edjas munk\u00e1nkat. Az ut\u00f3bbi egy h\u00e9t rendk\u00edv\u00fcl intenz\u00edv volt, megismerkedt\u00fcnk fogad\u00f3szervezeteinkkel, \u00e9s a v\u00e1rossal: N\u00fcrnberggel. Szeptember k\u00f6zep\u00e9n \u00e9rkezt\u00fcnk meg N\u00fcrnbergbe \u00f6szt\u00f6nd\u00edjas t\u00e1rsammal, Jusztin Andr\u00e1ssal. Az els\u0151 fontos programunk a 19. BUOD K\u00f6zgy\u0171l\u00e9s \u00e9s Oktat\u00e1s\u00fcgyi Konferencia volt, ahol tal\u00e1lkozhattunk a N\u00e9metorsz\u00e1gban m\u0171k\u00f6d\u0151 magyar szervezetek k\u00e9pvisel\u0151ivel \u00e9s K\u0151r\u00f6si Csoma S\u00e1ndor Programos [&hellip;]\" \/>\n<meta property=\"og:url\" content=\"https:\/\/buod.de\/de\/elso-hetem-nurnbergben\/\" \/>\n<meta property=\"og:site_name\" content=\"BUOD\" \/>\n<meta property=\"article:publisher\" content=\"https:\/\/www.facebook.com\/profile.php?id=100082185652397\" \/>\n<meta property=\"article:published_time\" content=\"2025-10-10T10:24:37+00:00\" \/>\n<meta property=\"article:modified_time\" content=\"2025-10-10T10:25:23+00:00\" \/>\n<meta property=\"og:image\" content=\"https:\/\/buod.de\/wp-content\/uploads\/2025\/10\/Mentorunkkal-Schmidt-Karollyal.jpg\" \/>\n\t<meta property=\"og:image:width\" content=\"2000\" \/>\n\t<meta property=\"og:image:height\" content=\"1447\" \/>\n\t<meta property=\"og:image:type\" content=\"image\/jpeg\" \/>\n<meta name=\"author\" content=\"Gery V\u00e1rkonyi\" \/>\n<meta name=\"twitter:card\" content=\"summary_large_image\" \/>\n<meta name=\"twitter:label1\" content=\"Written by\" \/>\n\t<meta name=\"twitter:data1\" content=\"Gery V\u00e1rkonyi\" \/>\n\t<meta name=\"twitter:label2\" content=\"Est. reading time\" \/>\n\t<meta name=\"twitter:data2\" content=\"1 minute\" \/>\n<script type=\"application\/ld+json\" class=\"yoast-schema-graph\">{\"@context\":\"https:\\\/\\\/schema.org\",\"@graph\":[{\"@type\":\"Article\",\"@id\":\"https:\\\/\\\/buod.de\\\/elso-hetem-nurnbergben\\\/#article\",\"isPartOf\":{\"@id\":\"https:\\\/\\\/buod.de\\\/elso-hetem-nurnbergben\\\/\"},\"author\":{\"name\":\"Gery V\u00e1rkonyi\",\"@id\":\"https:\\\/\\\/buod.de\\\/#\\\/schema\\\/person\\\/8332a3e63b017fea8fcd17e9c0f96bf1\"},\"headline\":\"Els\u0151 hetem N\u00fcrnbergben\",\"datePublished\":\"2025-10-10T10:24:37+00:00\",\"dateModified\":\"2025-10-10T10:25:23+00:00\",\"mainEntityOfPage\":{\"@id\":\"https:\\\/\\\/buod.de\\\/elso-hetem-nurnbergben\\\/\"},\"wordCount\":300,\"publisher\":{\"@id\":\"https:\\\/\\\/buod.de\\\/#organization\"},\"image\":{\"@id\":\"https:\\\/\\\/buod.de\\\/elso-hetem-nurnbergben\\\/#primaryimage\"},\"thumbnailUrl\":\"https:\\\/\\\/buod.de\\\/wp-content\\\/uploads\\\/2025\\\/10\\\/Mentorunkkal-Schmidt-Karollyal.jpg\",\"keywords\":[\"2025\"],\"articleSection\":[\"H\u00edrek\"],\"inLanguage\":\"de-DE\"},{\"@type\":\"WebPage\",\"@id\":\"https:\\\/\\\/buod.de\\\/elso-hetem-nurnbergben\\\/\",\"url\":\"https:\\\/\\\/buod.de\\\/elso-hetem-nurnbergben\\\/\",\"name\":\"Els\u0151 hetem N\u00fcrnbergben - BUOD\",\"isPartOf\":{\"@id\":\"https:\\\/\\\/buod.de\\\/#website\"},\"primaryImageOfPage\":{\"@id\":\"https:\\\/\\\/buod.de\\\/elso-hetem-nurnbergben\\\/#primaryimage\"},\"image\":{\"@id\":\"https:\\\/\\\/buod.de\\\/elso-hetem-nurnbergben\\\/#primaryimage\"},\"thumbnailUrl\":\"https:\\\/\\\/buod.de\\\/wp-content\\\/uploads\\\/2025\\\/10\\\/Mentorunkkal-Schmidt-Karollyal.jpg\",\"datePublished\":\"2025-10-10T10:24:37+00:00\",\"dateModified\":\"2025-10-10T10:25:23+00:00\",\"breadcrumb\":{\"@id\":\"https:\\\/\\\/buod.de\\\/elso-hetem-nurnbergben\\\/#breadcrumb\"},\"inLanguage\":\"de-DE\",\"potentialAction\":[{\"@type\":\"ReadAction\",\"target\":[\"https:\\\/\\\/buod.de\\\/elso-hetem-nurnbergben\\\/\"]}]},{\"@type\":\"ImageObject\",\"inLanguage\":\"de-DE\",\"@id\":\"https:\\\/\\\/buod.de\\\/elso-hetem-nurnbergben\\\/#primaryimage\",\"url\":\"https:\\\/\\\/buod.de\\\/wp-content\\\/uploads\\\/2025\\\/10\\\/Mentorunkkal-Schmidt-Karollyal.jpg\",\"contentUrl\":\"https:\\\/\\\/buod.de\\\/wp-content\\\/uploads\\\/2025\\\/10\\\/Mentorunkkal-Schmidt-Karollyal.jpg\",\"width\":2000,\"height\":1447},{\"@type\":\"BreadcrumbList\",\"@id\":\"https:\\\/\\\/buod.de\\\/elso-hetem-nurnbergben\\\/#breadcrumb\",\"itemListElement\":[{\"@type\":\"ListItem\",\"position\":1,\"name\":\"Kezd\u0151lap\",\"item\":\"https:\\\/\\\/buod.de\\\/\"},{\"@type\":\"ListItem\",\"position\":2,\"name\":\"Els\u0151 hetem N\u00fcrnbergben\"}]},{\"@type\":\"WebSite\",\"@id\":\"https:\\\/\\\/buod.de\\\/#website\",\"url\":\"https:\\\/\\\/buod.de\\\/\",\"name\":\"BUOD\",\"description\":\"Bund Ungarischer Organisationen in Deutschland\",\"publisher\":{\"@id\":\"https:\\\/\\\/buod.de\\\/#organization\"},\"potentialAction\":[{\"@type\":\"SearchAction\",\"target\":{\"@type\":\"EntryPoint\",\"urlTemplate\":\"https:\\\/\\\/buod.de\\\/?s={search_term_string}\"},\"query-input\":{\"@type\":\"PropertyValueSpecification\",\"valueRequired\":true,\"valueName\":\"search_term_string\"}}],\"inLanguage\":\"de-DE\"},{\"@type\":\"Organization\",\"@id\":\"https:\\\/\\\/buod.de\\\/#organization\",\"name\":\"BUOD\",\"url\":\"https:\\\/\\\/buod.de\\\/\",\"logo\":{\"@type\":\"ImageObject\",\"inLanguage\":\"de-DE\",\"@id\":\"https:\\\/\\\/buod.de\\\/#\\\/schema\\\/logo\\\/image\\\/\",\"url\":\"https:\\\/\\\/buod.de\\\/wp-content\\\/uploads\\\/2024\\\/03\\\/BUOD-logo.png\",\"contentUrl\":\"https:\\\/\\\/buod.de\\\/wp-content\\\/uploads\\\/2024\\\/03\\\/BUOD-logo.png\",\"width\":586,\"height\":490,\"caption\":\"BUOD\"},\"image\":{\"@id\":\"https:\\\/\\\/buod.de\\\/#\\\/schema\\\/logo\\\/image\\\/\"},\"sameAs\":[\"https:\\\/\\\/www.facebook.com\\\/profile.php?id=100082185652397\"]},{\"@type\":\"Person\",\"@id\":\"https:\\\/\\\/buod.de\\\/#\\\/schema\\\/person\\\/8332a3e63b017fea8fcd17e9c0f96bf1\",\"name\":\"Gery V\u00e1rkonyi\",\"image\":{\"@type\":\"ImageObject\",\"inLanguage\":\"de-DE\",\"@id\":\"https:\\\/\\\/secure.gravatar.com\\\/avatar\\\/c1babe7dc68f065be4ec606c522172804715398688c78c6fffca3888b364e934?s=96&d=mm&r=g\",\"url\":\"https:\\\/\\\/secure.gravatar.com\\\/avatar\\\/c1babe7dc68f065be4ec606c522172804715398688c78c6fffca3888b364e934?s=96&d=mm&r=g\",\"contentUrl\":\"https:\\\/\\\/secure.gravatar.com\\\/avatar\\\/c1babe7dc68f065be4ec606c522172804715398688c78c6fffca3888b364e934?s=96&d=mm&r=g\",\"caption\":\"Gery V\u00e1rkonyi\"},\"url\":\"https:\\\/\\\/buod.de\\\/de\\\/author\\\/geryvarkonyi\\\/\"}]}<\/script>\n<!-- \/ Yoast SEO plugin. -->","yoast_head_json":{"title":"Els\u0151 hetem N\u00fcrnbergben - BUOD","robots":{"index":"index","follow":"follow","max-snippet":"max-snippet:-1","max-image-preview":"max-image-preview:large","max-video-preview":"max-video-preview:-1"},"canonical":"https:\/\/buod.de\/de\/elso-hetem-nurnbergben\/","og_locale":"de_DE","og_type":"article","og_title":"Els\u0151 hetem N\u00fcrnbergben - BUOD","og_description":"2025 szeptember k\u00f6zep\u00e9n \u00e9rkezt\u00fcnk, hogy megkezdj\u00fck \u00f6szt\u00f6nd\u00edjas munk\u00e1nkat. Az ut\u00f3bbi egy h\u00e9t rendk\u00edv\u00fcl intenz\u00edv volt, megismerkedt\u00fcnk fogad\u00f3szervezeteinkkel, \u00e9s a v\u00e1rossal: N\u00fcrnberggel. Szeptember k\u00f6zep\u00e9n \u00e9rkezt\u00fcnk meg N\u00fcrnbergbe \u00f6szt\u00f6nd\u00edjas t\u00e1rsammal, Jusztin Andr\u00e1ssal. Az els\u0151 fontos programunk a 19. BUOD K\u00f6zgy\u0171l\u00e9s \u00e9s Oktat\u00e1s\u00fcgyi Konferencia volt, ahol tal\u00e1lkozhattunk a N\u00e9metorsz\u00e1gban m\u0171k\u00f6d\u0151 magyar szervezetek k\u00e9pvisel\u0151ivel \u00e9s K\u0151r\u00f6si Csoma S\u00e1ndor Programos [&hellip;]","og_url":"https:\/\/buod.de\/de\/elso-hetem-nurnbergben\/","og_site_name":"BUOD","article_publisher":"https:\/\/www.facebook.com\/profile.php?id=100082185652397","article_published_time":"2025-10-10T10:24:37+00:00","article_modified_time":"2025-10-10T10:25:23+00:00","og_image":[{"width":2000,"height":1447,"url":"https:\/\/buod.de\/wp-content\/uploads\/2025\/10\/Mentorunkkal-Schmidt-Karollyal.jpg","type":"image\/jpeg"}],"author":"Gery V\u00e1rkonyi","twitter_card":"summary_large_image","twitter_misc":{"Written by":"Gery V\u00e1rkonyi","Est. reading time":"1 minute"},"schema":{"@context":"https:\/\/schema.org","@graph":[{"@type":"Article","@id":"https:\/\/buod.de\/elso-hetem-nurnbergben\/#article","isPartOf":{"@id":"https:\/\/buod.de\/elso-hetem-nurnbergben\/"},"author":{"name":"Gery V\u00e1rkonyi","@id":"https:\/\/buod.de\/#\/schema\/person\/8332a3e63b017fea8fcd17e9c0f96bf1"},"headline":"Els\u0151 hetem N\u00fcrnbergben","datePublished":"2025-10-10T10:24:37+00:00","dateModified":"2025-10-10T10:25:23+00:00","mainEntityOfPage":{"@id":"https:\/\/buod.de\/elso-hetem-nurnbergben\/"},"wordCount":300,"publisher":{"@id":"https:\/\/buod.de\/#organization"},"image":{"@id":"https:\/\/buod.de\/elso-hetem-nurnbergben\/#primaryimage"},"thumbnailUrl":"https:\/\/buod.de\/wp-content\/uploads\/2025\/10\/Mentorunkkal-Schmidt-Karollyal.jpg","keywords":["2025"],"articleSection":["H\u00edrek"],"inLanguage":"de-DE"},{"@type":"WebPage","@id":"https:\/\/buod.de\/elso-hetem-nurnbergben\/","url":"https:\/\/buod.de\/elso-hetem-nurnbergben\/","name":"Els\u0151 hetem N\u00fcrnbergben - BUOD","isPartOf":{"@id":"https:\/\/buod.de\/#website"},"primaryImageOfPage":{"@id":"https:\/\/buod.de\/elso-hetem-nurnbergben\/#primaryimage"},"image":{"@id":"https:\/\/buod.de\/elso-hetem-nurnbergben\/#primaryimage"},"thumbnailUrl":"https:\/\/buod.de\/wp-content\/uploads\/2025\/10\/Mentorunkkal-Schmidt-Karollyal.jpg","datePublished":"2025-10-10T10:24:37+00:00","dateModified":"2025-10-10T10:25:23+00:00","breadcrumb":{"@id":"https:\/\/buod.de\/elso-hetem-nurnbergben\/#breadcrumb"},"inLanguage":"de-DE","potentialAction":[{"@type":"ReadAction","target":["https:\/\/buod.de\/elso-hetem-nurnbergben\/"]}]},{"@type":"ImageObject","inLanguage":"de-DE","@id":"https:\/\/buod.de\/elso-hetem-nurnbergben\/#primaryimage","url":"https:\/\/buod.de\/wp-content\/uploads\/2025\/10\/Mentorunkkal-Schmidt-Karollyal.jpg","contentUrl":"https:\/\/buod.de\/wp-content\/uploads\/2025\/10\/Mentorunkkal-Schmidt-Karollyal.jpg","width":2000,"height":1447},{"@type":"BreadcrumbList","@id":"https:\/\/buod.de\/elso-hetem-nurnbergben\/#breadcrumb","itemListElement":[{"@type":"ListItem","position":1,"name":"Kezd\u0151lap","item":"https:\/\/buod.de\/"},{"@type":"ListItem","position":2,"name":"Els\u0151 hetem N\u00fcrnbergben"}]},{"@type":"WebSite","@id":"https:\/\/buod.de\/#website","url":"https:\/\/buod.de\/","name":"BUOD","description":"Bund Ungarischer Organisationen in Deutschland","publisher":{"@id":"https:\/\/buod.de\/#organization"},"potentialAction":[{"@type":"SearchAction","target":{"@type":"EntryPoint","urlTemplate":"https:\/\/buod.de\/?s={search_term_string}"},"query-input":{"@type":"PropertyValueSpecification","valueRequired":true,"valueName":"search_term_string"}}],"inLanguage":"de-DE"},{"@type":"Organization","@id":"https:\/\/buod.de\/#organization","name":"BUOD","url":"https:\/\/buod.de\/","logo":{"@type":"ImageObject","inLanguage":"de-DE","@id":"https:\/\/buod.de\/#\/schema\/logo\/image\/","url":"https:\/\/buod.de\/wp-content\/uploads\/2024\/03\/BUOD-logo.png","contentUrl":"https:\/\/buod.de\/wp-content\/uploads\/2024\/03\/BUOD-logo.png","width":586,"height":490,"caption":"BUOD"},"image":{"@id":"https:\/\/buod.de\/#\/schema\/logo\/image\/"},"sameAs":["https:\/\/www.facebook.com\/profile.php?id=100082185652397"]},{"@type":"Person","@id":"https:\/\/buod.de\/#\/schema\/person\/8332a3e63b017fea8fcd17e9c0f96bf1","name":"Gery V\u00e1rkonyi","image":{"@type":"ImageObject","inLanguage":"de-DE","@id":"https:\/\/secure.gravatar.com\/avatar\/c1babe7dc68f065be4ec606c522172804715398688c78c6fffca3888b364e934?s=96&d=mm&r=g","url":"https:\/\/secure.gravatar.com\/avatar\/c1babe7dc68f065be4ec606c522172804715398688c78c6fffca3888b364e934?s=96&d=mm&r=g","contentUrl":"https:\/\/secure.gravatar.com\/avatar\/c1babe7dc68f065be4ec606c522172804715398688c78c6fffca3888b364e934?s=96&d=mm&r=g","caption":"Gery V\u00e1rkonyi"},"url":"https:\/\/buod.de\/de\/author\/geryvarkonyi\/"}]}},"_links":{"self":[{"href":"https:\/\/buod.de\/de\/wp-json\/wp\/v2\/posts\/11672","targetHints":{"allow":["GET"]}}],"collection":[{"href":"https:\/\/buod.de\/de\/wp-json\/wp\/v2\/posts"}],"about":[{"href":"https:\/\/buod.de\/de\/wp-json\/wp\/v2\/types\/post"}],"author":[{"embeddable":true,"href":"https:\/\/buod.de\/de\/wp-json\/wp\/v2\/users\/4"}],"replies":[{"embeddable":true,"href":"https:\/\/buod.de\/de\/wp-json\/wp\/v2\/comments?post=11672"}],"version-history":[{"count":1,"href":"https:\/\/buod.de\/de\/wp-json\/wp\/v2\/posts\/11672\/revisions"}],"predecessor-version":[{"id":11676,"href":"https:\/\/buod.de\/de\/wp-json\/wp\/v2\/posts\/11672\/revisions\/11676"}],"wp:featuredmedia":[{"embeddable":true,"href":"https:\/\/buod.de\/de\/wp-json\/wp\/v2\/media\/11674"}],"wp:attachment":[{"href":"https:\/\/buod.de\/de\/wp-json\/wp\/v2\/media?parent=11672"}],"wp:term":[{"taxonomy":"category","embeddable":true,"href":"https:\/\/buod.de\/de\/wp-json\/wp\/v2\/categories?post=11672"},{"taxonomy":"post_tag","embeddable":true,"href":"https:\/\/buod.de\/de\/wp-json\/wp\/v2\/tags?post=11672"}],"curies":[{"name":"wp","href":"https:\/\/api.w.org\/{rel}","templated":true}]}}