{"id":11677,"date":"2025-10-08T12:26:48","date_gmt":"2025-10-08T10:26:48","guid":{"rendered":"https:\/\/buod.de\/?p=11677"},"modified":"2025-10-10T12:27:23","modified_gmt":"2025-10-10T10:27:23","slug":"egy-uj-kezdet-kuszoben","status":"publish","type":"post","link":"https:\/\/buod.de\/de\/egy-uj-kezdet-kuszoben\/","title":{"rendered":"Egy \u00faj kezdet k\u00fcsz\u00f6b\u00e9n"},"content":{"rendered":"<p>Egy \u00faj v\u00e1ros, \u00faj emberek, \u00faj c\u00e9lok \u2013 \u00e9s m\u00e9gis valami ismer\u0151s, otthonos. A Hamburgban t\u00f6lt\u00f6tt els\u0151 hetek sor\u00e1n nem csup\u00e1n \u00e9lm\u00e9nyekkel, hanem lehet\u0151s\u00e9gekkel is gazdagodtam. Az iskolai foglalkoz\u00e1sok, a cserk\u00e9szet, a Kastlben tartott oktat\u00e1s\u00fcgyi konferencia \u00e9s a magyar nyelv hivatalos elismertet\u00e9se ir\u00e1nti l\u00e9p\u00e9sek mind azt \u00fczenik: ez val\u00f3ban egy \u00faj kezdet.&nbsp;<\/p>\n\n\n\n<p>Alig k\u00e9t h\u00e9t alatt is m\u00e9lyrehat\u00f3 v\u00e1ltoz\u00e1sok mehetnek v\u00e9gbe benn\u00fcnk. \u00dagy gondolom, hogy Hamburgban megkezdett \u00f6szt\u00f6nd\u00edjas id\u0151szakom erre remek p\u00e9ld\u00e1val szolg\u00e1l. Sz\u00ednes, mozgalmas, \u00e9lettel teli &#8211; ezekkel jellemezn\u00e9m az \u0151sz els\u0151 h\u00f3napj\u00e1t fogad\u00f3 szervezetemn\u00e9l, a Hamburgi Magyarok Egyes\u00fclet\u00e9n\u00e9l.<\/p>\n\n\n\n<p>Nem csup\u00e1n egy elt\u00f6k\u00e9lt, nemes c\u00e9l\u00e9rt k\u00fczd\u0151 tan\u00e1ri g\u00e1rd\u00e1t ismerhettem meg k\u00f6z\u00f6ss\u00e9gi szinten &#8211; ahol cserk\u00e9szfoglalkoz\u00e1st is lehet\u0151s\u00e9gem volt tartani -, hanem emellett r\u00e9sztvev\u0151je lehettem a N\u00e9metorsz\u00e1gi Magyar Szervezetek Sz\u00f6vets\u00e9ge (BUOD) idei k\u00f6zgy\u0171l\u00e9s\u00e9nek \u00e9s oktat\u00e1s\u00fcgyi konferenci\u00e1j\u00e1nak is.<\/p>\n\n\n\n<p>\u00cdr\u00e1somban fent eml\u00edtett \u00e9lm\u00e9nyeimen t\u00fal azonban egy jelent\u0151s \u00e9s lelkes\u00edt\u0151 \u00f6r\u00f6mh\u00edrt szeretn\u00e9k megosztani az Olvas\u00f3kkal, ugyanis a Hamburgi Magyar Egyes\u00fclet gondoz\u00e1s\u00e1ban m\u0171k\u00f6d\u0151 Hamburgi Magyar Iskola k\u00f6zel 50 beiratkozott di\u00e1kja sz\u00e1m\u00e1ra is megny\u00edlt a lehet\u0151s\u00e9g, hogy amennyiben 2025 szeptember\u00e9t\u0151l a foglalkoz\u00e1sok legal\u00e1bb 70%-\u00e1n r\u00e9szt vesznek, \u00fagy hivatalos bejegyz\u00e9st kapjanak a n\u00e9met iskolai bizony\u00edtv\u00e1nyukba arr\u00f3l, hogy magyar sz\u00e1rmaz\u00e1si nyelvoktat\u00e1sban r\u00e9szes\u00fcltek.<\/p>\n\n\n\n<p>A kezdem\u00e9nyez\u00e9s nem csup\u00e1n a gyermekek tan\u00e9v sor\u00e1n ny\u00fajtott teljes\u00edtm\u00e9ny\u00e9t ismeri \u00edgy el, hanem fontos l\u00e9p\u00e9s a magyar nyelv hivatalos elismerts\u00e9ge fel\u00e9 vezet\u0151 \u00faton is. Rem\u00e9nyeink szerint a nyelv \u00e9retts\u00e9gi tant\u00e1rggy\u00e1 v\u00e1lhat, \u00edgy a magyar gyermekek anyanyelv\u00fckb\u0151l is vizsg\u00e1zhatn\u00e1nak, de a lehet\u0151s\u00e9g minden tanul\u00f3 sz\u00e1m\u00e1ra adott lenne, aki a magyart k\u00edv\u00e1nja elsaj\u00e1t\u00edtani, \u00e9s \u00edgy a n\u00e9met nyelv\u0171 tanulm\u00e1nyai mellett tett er\u0151fesz\u00edt\u00e9sei az \u00e9retts\u00e9gi bizony\u00edtv\u00e1nyban is megjelenhetn\u00e9nek \u2013 a n\u00e9met tartom\u00e1ny elismer\u00e9s\u00e9vel.<\/p>\n\n\n\n<p>\u00c9s hogy mit tartogat az elj\u00f6vend\u0151 id\u0151szak? Mivel abban a szerencs\u00e9s helyzetben vagyok, hogy p\u00e1rom, Husz\u00e1r Zolt\u00e1n is r\u00e9szes\u00fclt a K\u0151r\u00f6si Csoma S\u00e1ndor \u00f6szt\u00f6nd\u00edjban, \u00edgy lehet\u0151s\u00e9g\u00fcnk ny\u00edlt kapcsolatot teremteni a d\u00e1n v\u00e1rosban, Hammelevben m\u0171k\u00f6d\u0151 D\u00e1niai-Magyar Kultur\u00e1lis Egyes\u00fclettel, ismertebb nev\u00e9n a D\u00e1Ma Klubbal. Izgatottan v\u00e1rom, milyen lehet\u0151s\u00e9geket tartogat ez a kapcsol\u00f3d\u00e1s.<\/p>\n\n\n\n<p>Az \u0151sz t\u00f6bbi h\u00f3napja sem marad azonban lelkes\u00edt\u0151 kih\u00edv\u00e1sok n\u00e9lk\u00fcl; okt\u00f3beri tervezett \u00f6nismereti workshopom mellett l\u00e1zasan k\u00e9sz\u00fcl\u00fcnk a magyar Serg\u0151 zenekar k\u00f6zrem\u0171k\u00f6d\u00e9s\u00e9vel megval\u00f3sul\u00f3 t\u00e1nch\u00e1zunkra november 15-\u00e9n, ahov\u00e1 a tavalyi \u00e9vt\u0151l kezd\u0151d\u0151en a kor\u00e1bbi KCSP \u00f6nk\u00e9nteseket, vagyis a KCSP Alumni tagjait is hagyom\u00e1nyteremt\u0151 c\u00e9llal, \u00e9s term\u00e9szetesen minden kedves \u00e9rdekl\u0151d\u0151t szeretettel v\u00e1runk!<\/p>\n\n\n\n<p>Pataki Katalin, KCSP \u00f6szt\u00f6nd\u00edjas<\/p>","protected":false},"excerpt":{"rendered":"<p>Egy \u00faj v\u00e1ros, \u00faj emberek, \u00faj c\u00e9lok \u2013 \u00e9s m\u00e9gis valami ismer\u0151s, otthonos. A Hamburgban t\u00f6lt\u00f6tt els\u0151 hetek sor\u00e1n nem csup\u00e1n \u00e9lm\u00e9nyekkel, hanem lehet\u0151s\u00e9gekkel is gazdagodtam. Az iskolai foglalkoz\u00e1sok, a cserk\u00e9szet, a Kastlben tartott oktat\u00e1s\u00fcgyi konferencia \u00e9s a magyar nyelv hivatalos elismertet\u00e9se ir\u00e1nti l\u00e9p\u00e9sek mind azt \u00fczenik: ez val\u00f3ban egy \u00faj kezdet.&nbsp; Alig k\u00e9t h\u00e9t [&hellip;]<\/p>\n","protected":false},"author":4,"featured_media":0,"comment_status":"closed","ping_status":"","sticky":false,"template":"","format":"standard","meta":{"footnotes":""},"categories":[17],"tags":[23],"class_list":["post-11677","post","type-post","status-publish","format-standard","hentry","category-hirek","tag-23"],"yoast_head":"<!-- This site is optimized with the Yoast SEO plugin v27.5 - https:\/\/yoast.com\/product\/yoast-seo-wordpress\/ -->\n<title>Egy \u00faj kezdet k\u00fcsz\u00f6b\u00e9n - BUOD<\/title>\n<meta name=\"robots\" content=\"index, follow, max-snippet:-1, max-image-preview:large, max-video-preview:-1\" \/>\n<link rel=\"canonical\" href=\"https:\/\/buod.de\/de\/egy-uj-kezdet-kuszoben\/\" \/>\n<meta property=\"og:locale\" content=\"de_DE\" \/>\n<meta property=\"og:type\" content=\"article\" \/>\n<meta property=\"og:title\" content=\"Egy \u00faj kezdet k\u00fcsz\u00f6b\u00e9n - BUOD\" \/>\n<meta property=\"og:description\" content=\"Egy \u00faj v\u00e1ros, \u00faj emberek, \u00faj c\u00e9lok \u2013 \u00e9s m\u00e9gis valami ismer\u0151s, otthonos. A Hamburgban t\u00f6lt\u00f6tt els\u0151 hetek sor\u00e1n nem csup\u00e1n \u00e9lm\u00e9nyekkel, hanem lehet\u0151s\u00e9gekkel is gazdagodtam. Az iskolai foglalkoz\u00e1sok, a cserk\u00e9szet, a Kastlben tartott oktat\u00e1s\u00fcgyi konferencia \u00e9s a magyar nyelv hivatalos elismertet\u00e9se ir\u00e1nti l\u00e9p\u00e9sek mind azt \u00fczenik: ez val\u00f3ban egy \u00faj kezdet.&nbsp; Alig k\u00e9t h\u00e9t [&hellip;]\" \/>\n<meta property=\"og:url\" content=\"https:\/\/buod.de\/de\/egy-uj-kezdet-kuszoben\/\" \/>\n<meta property=\"og:site_name\" content=\"BUOD\" \/>\n<meta property=\"article:publisher\" content=\"https:\/\/www.facebook.com\/profile.php?id=100082185652397\" \/>\n<meta property=\"article:published_time\" content=\"2025-10-08T10:26:48+00:00\" \/>\n<meta property=\"article:modified_time\" content=\"2025-10-10T10:27:23+00:00\" \/>\n<meta name=\"author\" content=\"Gery V\u00e1rkonyi\" \/>\n<meta name=\"twitter:card\" content=\"summary_large_image\" \/>\n<meta name=\"twitter:label1\" content=\"Written by\" \/>\n\t<meta name=\"twitter:data1\" content=\"Gery V\u00e1rkonyi\" \/>\n\t<meta name=\"twitter:label2\" content=\"Est. reading time\" \/>\n\t<meta name=\"twitter:data2\" content=\"3 minutes\" \/>\n<script type=\"application\/ld+json\" class=\"yoast-schema-graph\">{\"@context\":\"https:\\\/\\\/schema.org\",\"@graph\":[{\"@type\":\"Article\",\"@id\":\"https:\\\/\\\/buod.de\\\/egy-uj-kezdet-kuszoben\\\/#article\",\"isPartOf\":{\"@id\":\"https:\\\/\\\/buod.de\\\/egy-uj-kezdet-kuszoben\\\/\"},\"author\":{\"name\":\"Gery V\u00e1rkonyi\",\"@id\":\"https:\\\/\\\/buod.de\\\/#\\\/schema\\\/person\\\/8332a3e63b017fea8fcd17e9c0f96bf1\"},\"headline\":\"Egy \u00faj kezdet k\u00fcsz\u00f6b\u00e9n\",\"datePublished\":\"2025-10-08T10:26:48+00:00\",\"dateModified\":\"2025-10-10T10:27:23+00:00\",\"mainEntityOfPage\":{\"@id\":\"https:\\\/\\\/buod.de\\\/egy-uj-kezdet-kuszoben\\\/\"},\"wordCount\":579,\"publisher\":{\"@id\":\"https:\\\/\\\/buod.de\\\/#organization\"},\"keywords\":[\"2025\"],\"articleSection\":[\"H\u00edrek\"],\"inLanguage\":\"de-DE\"},{\"@type\":\"WebPage\",\"@id\":\"https:\\\/\\\/buod.de\\\/egy-uj-kezdet-kuszoben\\\/\",\"url\":\"https:\\\/\\\/buod.de\\\/egy-uj-kezdet-kuszoben\\\/\",\"name\":\"Egy \u00faj kezdet k\u00fcsz\u00f6b\u00e9n - BUOD\",\"isPartOf\":{\"@id\":\"https:\\\/\\\/buod.de\\\/#website\"},\"datePublished\":\"2025-10-08T10:26:48+00:00\",\"dateModified\":\"2025-10-10T10:27:23+00:00\",\"breadcrumb\":{\"@id\":\"https:\\\/\\\/buod.de\\\/egy-uj-kezdet-kuszoben\\\/#breadcrumb\"},\"inLanguage\":\"de-DE\",\"potentialAction\":[{\"@type\":\"ReadAction\",\"target\":[\"https:\\\/\\\/buod.de\\\/egy-uj-kezdet-kuszoben\\\/\"]}]},{\"@type\":\"BreadcrumbList\",\"@id\":\"https:\\\/\\\/buod.de\\\/egy-uj-kezdet-kuszoben\\\/#breadcrumb\",\"itemListElement\":[{\"@type\":\"ListItem\",\"position\":1,\"name\":\"Kezd\u0151lap\",\"item\":\"https:\\\/\\\/buod.de\\\/\"},{\"@type\":\"ListItem\",\"position\":2,\"name\":\"Egy \u00faj kezdet k\u00fcsz\u00f6b\u00e9n\"}]},{\"@type\":\"WebSite\",\"@id\":\"https:\\\/\\\/buod.de\\\/#website\",\"url\":\"https:\\\/\\\/buod.de\\\/\",\"name\":\"BUOD\",\"description\":\"Bund Ungarischer Organisationen in Deutschland\",\"publisher\":{\"@id\":\"https:\\\/\\\/buod.de\\\/#organization\"},\"potentialAction\":[{\"@type\":\"SearchAction\",\"target\":{\"@type\":\"EntryPoint\",\"urlTemplate\":\"https:\\\/\\\/buod.de\\\/?s={search_term_string}\"},\"query-input\":{\"@type\":\"PropertyValueSpecification\",\"valueRequired\":true,\"valueName\":\"search_term_string\"}}],\"inLanguage\":\"de-DE\"},{\"@type\":\"Organization\",\"@id\":\"https:\\\/\\\/buod.de\\\/#organization\",\"name\":\"BUOD\",\"url\":\"https:\\\/\\\/buod.de\\\/\",\"logo\":{\"@type\":\"ImageObject\",\"inLanguage\":\"de-DE\",\"@id\":\"https:\\\/\\\/buod.de\\\/#\\\/schema\\\/logo\\\/image\\\/\",\"url\":\"https:\\\/\\\/buod.de\\\/wp-content\\\/uploads\\\/2024\\\/03\\\/BUOD-logo.png\",\"contentUrl\":\"https:\\\/\\\/buod.de\\\/wp-content\\\/uploads\\\/2024\\\/03\\\/BUOD-logo.png\",\"width\":586,\"height\":490,\"caption\":\"BUOD\"},\"image\":{\"@id\":\"https:\\\/\\\/buod.de\\\/#\\\/schema\\\/logo\\\/image\\\/\"},\"sameAs\":[\"https:\\\/\\\/www.facebook.com\\\/profile.php?id=100082185652397\"]},{\"@type\":\"Person\",\"@id\":\"https:\\\/\\\/buod.de\\\/#\\\/schema\\\/person\\\/8332a3e63b017fea8fcd17e9c0f96bf1\",\"name\":\"Gery V\u00e1rkonyi\",\"image\":{\"@type\":\"ImageObject\",\"inLanguage\":\"de-DE\",\"@id\":\"https:\\\/\\\/secure.gravatar.com\\\/avatar\\\/c1babe7dc68f065be4ec606c522172804715398688c78c6fffca3888b364e934?s=96&d=mm&r=g\",\"url\":\"https:\\\/\\\/secure.gravatar.com\\\/avatar\\\/c1babe7dc68f065be4ec606c522172804715398688c78c6fffca3888b364e934?s=96&d=mm&r=g\",\"contentUrl\":\"https:\\\/\\\/secure.gravatar.com\\\/avatar\\\/c1babe7dc68f065be4ec606c522172804715398688c78c6fffca3888b364e934?s=96&d=mm&r=g\",\"caption\":\"Gery V\u00e1rkonyi\"},\"url\":\"https:\\\/\\\/buod.de\\\/de\\\/author\\\/geryvarkonyi\\\/\"}]}<\/script>\n<!-- \/ Yoast SEO plugin. -->","yoast_head_json":{"title":"Egy \u00faj kezdet k\u00fcsz\u00f6b\u00e9n - BUOD","robots":{"index":"index","follow":"follow","max-snippet":"max-snippet:-1","max-image-preview":"max-image-preview:large","max-video-preview":"max-video-preview:-1"},"canonical":"https:\/\/buod.de\/de\/egy-uj-kezdet-kuszoben\/","og_locale":"de_DE","og_type":"article","og_title":"Egy \u00faj kezdet k\u00fcsz\u00f6b\u00e9n - BUOD","og_description":"Egy \u00faj v\u00e1ros, \u00faj emberek, \u00faj c\u00e9lok \u2013 \u00e9s m\u00e9gis valami ismer\u0151s, otthonos. A Hamburgban t\u00f6lt\u00f6tt els\u0151 hetek sor\u00e1n nem csup\u00e1n \u00e9lm\u00e9nyekkel, hanem lehet\u0151s\u00e9gekkel is gazdagodtam. Az iskolai foglalkoz\u00e1sok, a cserk\u00e9szet, a Kastlben tartott oktat\u00e1s\u00fcgyi konferencia \u00e9s a magyar nyelv hivatalos elismertet\u00e9se ir\u00e1nti l\u00e9p\u00e9sek mind azt \u00fczenik: ez val\u00f3ban egy \u00faj kezdet.&nbsp; Alig k\u00e9t h\u00e9t [&hellip;]","og_url":"https:\/\/buod.de\/de\/egy-uj-kezdet-kuszoben\/","og_site_name":"BUOD","article_publisher":"https:\/\/www.facebook.com\/profile.php?id=100082185652397","article_published_time":"2025-10-08T10:26:48+00:00","article_modified_time":"2025-10-10T10:27:23+00:00","author":"Gery V\u00e1rkonyi","twitter_card":"summary_large_image","twitter_misc":{"Written by":"Gery V\u00e1rkonyi","Est. reading time":"3 minutes"},"schema":{"@context":"https:\/\/schema.org","@graph":[{"@type":"Article","@id":"https:\/\/buod.de\/egy-uj-kezdet-kuszoben\/#article","isPartOf":{"@id":"https:\/\/buod.de\/egy-uj-kezdet-kuszoben\/"},"author":{"name":"Gery V\u00e1rkonyi","@id":"https:\/\/buod.de\/#\/schema\/person\/8332a3e63b017fea8fcd17e9c0f96bf1"},"headline":"Egy \u00faj kezdet k\u00fcsz\u00f6b\u00e9n","datePublished":"2025-10-08T10:26:48+00:00","dateModified":"2025-10-10T10:27:23+00:00","mainEntityOfPage":{"@id":"https:\/\/buod.de\/egy-uj-kezdet-kuszoben\/"},"wordCount":579,"publisher":{"@id":"https:\/\/buod.de\/#organization"},"keywords":["2025"],"articleSection":["H\u00edrek"],"inLanguage":"de-DE"},{"@type":"WebPage","@id":"https:\/\/buod.de\/egy-uj-kezdet-kuszoben\/","url":"https:\/\/buod.de\/egy-uj-kezdet-kuszoben\/","name":"Egy \u00faj kezdet k\u00fcsz\u00f6b\u00e9n - BUOD","isPartOf":{"@id":"https:\/\/buod.de\/#website"},"datePublished":"2025-10-08T10:26:48+00:00","dateModified":"2025-10-10T10:27:23+00:00","breadcrumb":{"@id":"https:\/\/buod.de\/egy-uj-kezdet-kuszoben\/#breadcrumb"},"inLanguage":"de-DE","potentialAction":[{"@type":"ReadAction","target":["https:\/\/buod.de\/egy-uj-kezdet-kuszoben\/"]}]},{"@type":"BreadcrumbList","@id":"https:\/\/buod.de\/egy-uj-kezdet-kuszoben\/#breadcrumb","itemListElement":[{"@type":"ListItem","position":1,"name":"Kezd\u0151lap","item":"https:\/\/buod.de\/"},{"@type":"ListItem","position":2,"name":"Egy \u00faj kezdet k\u00fcsz\u00f6b\u00e9n"}]},{"@type":"WebSite","@id":"https:\/\/buod.de\/#website","url":"https:\/\/buod.de\/","name":"BUOD","description":"Bund Ungarischer Organisationen in Deutschland","publisher":{"@id":"https:\/\/buod.de\/#organization"},"potentialAction":[{"@type":"SearchAction","target":{"@type":"EntryPoint","urlTemplate":"https:\/\/buod.de\/?s={search_term_string}"},"query-input":{"@type":"PropertyValueSpecification","valueRequired":true,"valueName":"search_term_string"}}],"inLanguage":"de-DE"},{"@type":"Organization","@id":"https:\/\/buod.de\/#organization","name":"BUOD","url":"https:\/\/buod.de\/","logo":{"@type":"ImageObject","inLanguage":"de-DE","@id":"https:\/\/buod.de\/#\/schema\/logo\/image\/","url":"https:\/\/buod.de\/wp-content\/uploads\/2024\/03\/BUOD-logo.png","contentUrl":"https:\/\/buod.de\/wp-content\/uploads\/2024\/03\/BUOD-logo.png","width":586,"height":490,"caption":"BUOD"},"image":{"@id":"https:\/\/buod.de\/#\/schema\/logo\/image\/"},"sameAs":["https:\/\/www.facebook.com\/profile.php?id=100082185652397"]},{"@type":"Person","@id":"https:\/\/buod.de\/#\/schema\/person\/8332a3e63b017fea8fcd17e9c0f96bf1","name":"Gery V\u00e1rkonyi","image":{"@type":"ImageObject","inLanguage":"de-DE","@id":"https:\/\/secure.gravatar.com\/avatar\/c1babe7dc68f065be4ec606c522172804715398688c78c6fffca3888b364e934?s=96&d=mm&r=g","url":"https:\/\/secure.gravatar.com\/avatar\/c1babe7dc68f065be4ec606c522172804715398688c78c6fffca3888b364e934?s=96&d=mm&r=g","contentUrl":"https:\/\/secure.gravatar.com\/avatar\/c1babe7dc68f065be4ec606c522172804715398688c78c6fffca3888b364e934?s=96&d=mm&r=g","caption":"Gery V\u00e1rkonyi"},"url":"https:\/\/buod.de\/de\/author\/geryvarkonyi\/"}]}},"_links":{"self":[{"href":"https:\/\/buod.de\/de\/wp-json\/wp\/v2\/posts\/11677","targetHints":{"allow":["GET"]}}],"collection":[{"href":"https:\/\/buod.de\/de\/wp-json\/wp\/v2\/posts"}],"about":[{"href":"https:\/\/buod.de\/de\/wp-json\/wp\/v2\/types\/post"}],"author":[{"embeddable":true,"href":"https:\/\/buod.de\/de\/wp-json\/wp\/v2\/users\/4"}],"replies":[{"embeddable":true,"href":"https:\/\/buod.de\/de\/wp-json\/wp\/v2\/comments?post=11677"}],"version-history":[{"count":1,"href":"https:\/\/buod.de\/de\/wp-json\/wp\/v2\/posts\/11677\/revisions"}],"predecessor-version":[{"id":11678,"href":"https:\/\/buod.de\/de\/wp-json\/wp\/v2\/posts\/11677\/revisions\/11678"}],"wp:attachment":[{"href":"https:\/\/buod.de\/de\/wp-json\/wp\/v2\/media?parent=11677"}],"wp:term":[{"taxonomy":"category","embeddable":true,"href":"https:\/\/buod.de\/de\/wp-json\/wp\/v2\/categories?post=11677"},{"taxonomy":"post_tag","embeddable":true,"href":"https:\/\/buod.de\/de\/wp-json\/wp\/v2\/tags?post=11677"}],"curies":[{"name":"wp","href":"https:\/\/api.w.org\/{rel}","templated":true}]}}