{"id":11684,"date":"2025-10-10T12:30:55","date_gmt":"2025-10-10T10:30:55","guid":{"rendered":"https:\/\/buod.de\/?p=11684"},"modified":"2025-10-10T12:30:55","modified_gmt":"2025-10-10T10:30:55","slug":"tanchaz-munchenben","status":"publish","type":"post","link":"https:\/\/buod.de\/de\/tanchaz-munchenben\/","title":{"rendered":"T\u00e1nch\u00e1z M\u00fcnchenben"},"content":{"rendered":"<p>Ingolstadtb\u00f3l M\u00fcnchenbe &#8211; fantasztikus hangulattal v\u00e1rt minket a Reg\u00f6s Magyar N\u00e9pt\u00e1ncegy\u00fcttes t\u00e1nch\u00e1za.<\/p>\n\n\n\n<p>A nap nem \u00e9rt v\u00e9get az Ingolstadti Magyar Iskola \u00e9vnyit\u00f3j\u00e1val, mivel v\u00e1rt minket este a m\u00fcncheni Reg\u00f6s Magyar N\u00e9pt\u00e1ncegy\u00fcttes t\u00e1nch\u00e1za.<\/p>\n\n\n\n<p>Mentorom, Sipos M\u00f3nika invit\u00e1l\u00e1s\u00e1ra \u00e9rkeztem meg a fergeteges t\u00e1nch\u00e1zi hangulatba, melynek helysz\u00edn\u00e9\u00fcl egy g\u00f6r\u00f6g \u00e9tterem szolg\u00e1lt.&nbsp; A talpal\u00e1val\u00f3t itt is a Magyarorsz\u00e1gr\u00f3l \u00e9rkez\u0151 Lelkes Egy\u00fcttes biztos\u00edtotta. A Reg\u00f6s N\u00e9pt\u00e1ncegy\u00fcttes munk\u00e1j\u00e1t seg\u00edtette az ingolstadti Tulip\u00e1n gyermekt\u00e1nccsoport.<\/p>\n\n\n\n<p>A t\u00e1nch\u00e1zat a legkisebbekkel nyitott\u00e1k meg, \u0151ket j\u00e1t\u00e9kos mozg\u00e1sfejleszt\u0151 foglalkoz\u00e1sok, di\u00f3t\u00f6r\u00e9s \u00e9s term\u00e9szetesen n\u00e9pt\u00e1nc v\u00e1rta, m\u00edg a nagyobbaknak \u00e9s a feln\u0151tteknek ezut\u00e1n kezd\u0151d\u00f6tt a csal\u00e1di t\u00e1nch\u00e1z.<\/p>\n\n\n\n<p>P\u00f6r\u00f6gtek a szebbn\u00e9l szebb szokny\u00e1k, csattantak a csizm\u00e1k, a j\u00f3 hangulat eg\u00e9szen \u00e9jszak\u00e1ig kitartott. \u00d6szt\u00f6nd\u00edjask\u00e9nt hatalmas \u00e9lm\u00e9ny volt l\u00e1tni a n\u00e9pzene \u00e9s t\u00e1nc k\u00f6z\u00f6ss\u00e9g-\u00f6sszetart\u00f3 erej\u00e9t.<\/p>\n\n\n\n<p>Az est folyam\u00e1n folyamatosan \u00e9rkeztek p\u00e1rok, csal\u00e1dok, hogy besz\u00e9lgessenek, t\u00e1ncoljanak, egyszer\u0171en csak egy\u00fctt legyenek \u00e9s j\u00f3l \u00e9rezz\u00e9k magukat. Nagy \u00f6r\u00f6m\u00f6mre a K\u0151r\u00f6si Csoma S\u00e1ndor Program m\u00fcncheni \u00f6szt\u00f6nd\u00edjas\u00e1val, Balogh J\u00e1nossal is tal\u00e1lkozhattam \u00e9s rem\u00e9lem a j\u00f6v\u0151ben sokszor tal\u00e1lkozunk m\u00e9g magyar rendezv\u00e9nyeken.<\/p>\n\n\n\n<p>Egy\u00e9bk\u00e9nt a Reg\u00f6s\u00f6k g\u0151zer\u0151vel k\u00e9sz\u00fclnek a szeptember utols\u00f3 h\u00e9tv\u00e9g\u00e9j\u00e9n megrendez\u00e9sre ker\u00fcl\u0151 Nyugat-Eur\u00f3pai N\u00e9pt\u00e1ncfesztiv\u00e1lra, melynek helysz\u00edne Stuttgart lesz.<\/p>\n\n\n\n<p>Borb\u00e9ly-Sz\u00e1sz Orsolya, KCSP \u00f6szt\u00f6nd\u00edjas<\/p>\n\n\n\n<figure class=\"wp-block-gallery has-nested-images columns-default is-cropped wp-block-gallery-1 is-layout-flex wp-block-gallery-is-layout-flex\">\n<figure data-wp-context=\"{&quot;imageId&quot;:&quot;69f51f83ec5ec&quot;}\" data-wp-interactive=\"core\/image\" data-wp-key=\"69f51f83ec5ec\" class=\"wp-block-image size-large wp-lightbox-container\"><img loading=\"lazy\" decoding=\"async\" width=\"541\" height=\"406\" data-wp-class--hide=\"state.isContentHidden\" data-wp-class--show=\"state.isContentVisible\" data-wp-init=\"callbacks.setButtonStyles\" data-wp-on--click=\"actions.showLightbox\" data-wp-on--load=\"callbacks.setButtonStyles\" data-wp-on-window--resize=\"callbacks.setButtonStyles\" data-id=\"11685\" src=\"https:\/\/buod.de\/wp-content\/uploads\/2025\/10\/4.jpg\" alt=\"\" class=\"wp-image-11685\" srcset=\"https:\/\/buod.de\/wp-content\/uploads\/2025\/10\/4.jpg 541w, https:\/\/buod.de\/wp-content\/uploads\/2025\/10\/4-300x225.jpg 300w, https:\/\/buod.de\/wp-content\/uploads\/2025\/10\/4-16x12.jpg 16w\" sizes=\"auto, (max-width: 541px) 100vw, 541px\" \/><button\n\t\t\tclass=\"lightbox-trigger\"\n\t\t\ttype=\"button\"\n\t\t\taria-haspopup=\"dialog\"\n\t\t\taria-label=\"Enlarge\"\n\t\t\tdata-wp-init=\"callbacks.initTriggerButton\"\n\t\t\tdata-wp-on--click=\"actions.showLightbox\"\n\t\t\tdata-wp-style--right=\"state.imageButtonRight\"\n\t\t\tdata-wp-style--top=\"state.imageButtonTop\"\n\t\t>\n\t\t\t<svg xmlns=\"http:\/\/www.w3.org\/2000\/svg\" width=\"12\" height=\"12\" fill=\"none\" viewbox=\"0 0 12 12\">\n\t\t\t\t<path fill=\"#fff\" d=\"M2 0a2 2 0 0 0-2 2v2h1.5V2a.5.5 0 0 1 .5-.5h2V0H2Zm2 10.5H2a.5.5 0 0 1-.5-.5V8H0v2a2 2 0 0 0 2 2h2v-1.5ZM8 12v-1.5h2a.5.5 0 0 0 .5-.5V8H12v2a2 2 0 0 1-2 2H8Zm2-12a2 2 0 0 1 2 2v2h-1.5V2a.5.5 0 0 0-.5-.5H8V0h2Z\" \/>\n\t\t\t<\/svg>\n\t\t<\/button><\/figure>\n\n\n\n<figure data-wp-context=\"{&quot;imageId&quot;:&quot;69f51f83ed2d3&quot;}\" data-wp-interactive=\"core\/image\" data-wp-key=\"69f51f83ed2d3\" class=\"wp-block-image size-large wp-lightbox-container\"><img loading=\"lazy\" decoding=\"async\" width=\"654\" height=\"490\" data-wp-class--hide=\"state.isContentHidden\" data-wp-class--show=\"state.isContentVisible\" data-wp-init=\"callbacks.setButtonStyles\" data-wp-on--click=\"actions.showLightbox\" data-wp-on--load=\"callbacks.setButtonStyles\" data-wp-on-window--resize=\"callbacks.setButtonStyles\" data-id=\"11683\" src=\"https:\/\/buod.de\/wp-content\/uploads\/2025\/10\/5.jpg\" alt=\"\" class=\"wp-image-11683\" srcset=\"https:\/\/buod.de\/wp-content\/uploads\/2025\/10\/5.jpg 654w, https:\/\/buod.de\/wp-content\/uploads\/2025\/10\/5-300x225.jpg 300w, https:\/\/buod.de\/wp-content\/uploads\/2025\/10\/5-16x12.jpg 16w\" sizes=\"auto, (max-width: 654px) 100vw, 654px\" \/><button\n\t\t\tclass=\"lightbox-trigger\"\n\t\t\ttype=\"button\"\n\t\t\taria-haspopup=\"dialog\"\n\t\t\taria-label=\"Enlarge\"\n\t\t\tdata-wp-init=\"callbacks.initTriggerButton\"\n\t\t\tdata-wp-on--click=\"actions.showLightbox\"\n\t\t\tdata-wp-style--right=\"state.imageButtonRight\"\n\t\t\tdata-wp-style--top=\"state.imageButtonTop\"\n\t\t>\n\t\t\t<svg xmlns=\"http:\/\/www.w3.org\/2000\/svg\" width=\"12\" height=\"12\" fill=\"none\" viewbox=\"0 0 12 12\">\n\t\t\t\t<path fill=\"#fff\" d=\"M2 0a2 2 0 0 0-2 2v2h1.5V2a.5.5 0 0 1 .5-.5h2V0H2Zm2 10.5H2a.5.5 0 0 1-.5-.5V8H0v2a2 2 0 0 0 2 2h2v-1.5ZM8 12v-1.5h2a.5.5 0 0 0 .5-.5V8H12v2a2 2 0 0 1-2 2H8Zm2-12a2 2 0 0 1 2 2v2h-1.5V2a.5.5 0 0 0-.5-.5H8V0h2Z\" \/>\n\t\t\t<\/svg>\n\t\t<\/button><\/figure>\n\n\n\n<figure data-wp-context=\"{&quot;imageId&quot;:&quot;69f51f83edfec&quot;}\" data-wp-interactive=\"core\/image\" data-wp-key=\"69f51f83edfec\" class=\"wp-block-image size-large wp-lightbox-container\"><img loading=\"lazy\" decoding=\"async\" width=\"640\" height=\"480\" data-wp-class--hide=\"state.isContentHidden\" data-wp-class--show=\"state.isContentVisible\" data-wp-init=\"callbacks.setButtonStyles\" data-wp-on--click=\"actions.showLightbox\" data-wp-on--load=\"callbacks.setButtonStyles\" data-wp-on-window--resize=\"callbacks.setButtonStyles\" data-id=\"11682\" src=\"https:\/\/buod.de\/wp-content\/uploads\/2025\/10\/6.jpg\" alt=\"\" class=\"wp-image-11682\" srcset=\"https:\/\/buod.de\/wp-content\/uploads\/2025\/10\/6.jpg 640w, https:\/\/buod.de\/wp-content\/uploads\/2025\/10\/6-300x225.jpg 300w, https:\/\/buod.de\/wp-content\/uploads\/2025\/10\/6-16x12.jpg 16w\" sizes=\"auto, (max-width: 640px) 100vw, 640px\" \/><button\n\t\t\tclass=\"lightbox-trigger\"\n\t\t\ttype=\"button\"\n\t\t\taria-haspopup=\"dialog\"\n\t\t\taria-label=\"Enlarge\"\n\t\t\tdata-wp-init=\"callbacks.initTriggerButton\"\n\t\t\tdata-wp-on--click=\"actions.showLightbox\"\n\t\t\tdata-wp-style--right=\"state.imageButtonRight\"\n\t\t\tdata-wp-style--top=\"state.imageButtonTop\"\n\t\t>\n\t\t\t<svg xmlns=\"http:\/\/www.w3.org\/2000\/svg\" width=\"12\" height=\"12\" fill=\"none\" viewbox=\"0 0 12 12\">\n\t\t\t\t<path fill=\"#fff\" d=\"M2 0a2 2 0 0 0-2 2v2h1.5V2a.5.5 0 0 1 .5-.5h2V0H2Zm2 10.5H2a.5.5 0 0 1-.5-.5V8H0v2a2 2 0 0 0 2 2h2v-1.5ZM8 12v-1.5h2a.5.5 0 0 0 .5-.5V8H12v2a2 2 0 0 1-2 2H8Zm2-12a2 2 0 0 1 2 2v2h-1.5V2a.5.5 0 0 0-.5-.5H8V0h2Z\" \/>\n\t\t\t<\/svg>\n\t\t<\/button><\/figure>\n\n\n\n<figure data-wp-context=\"{&quot;imageId&quot;:&quot;69f51f83eec28&quot;}\" data-wp-interactive=\"core\/image\" data-wp-key=\"69f51f83eec28\" class=\"wp-block-image size-large wp-lightbox-container\"><img loading=\"lazy\" decoding=\"async\" width=\"1024\" height=\"768\" data-wp-class--hide=\"state.isContentHidden\" data-wp-class--show=\"state.isContentVisible\" data-wp-init=\"callbacks.setButtonStyles\" data-wp-on--click=\"actions.showLightbox\" data-wp-on--load=\"callbacks.setButtonStyles\" data-wp-on-window--resize=\"callbacks.setButtonStyles\" data-id=\"11681\" src=\"https:\/\/buod.de\/wp-content\/uploads\/2025\/10\/1759046784486-1024x768.jpg\" alt=\"\" class=\"wp-image-11681\" srcset=\"https:\/\/buod.de\/wp-content\/uploads\/2025\/10\/1759046784486-1024x768.jpg 1024w, https:\/\/buod.de\/wp-content\/uploads\/2025\/10\/1759046784486-300x225.jpg 300w, https:\/\/buod.de\/wp-content\/uploads\/2025\/10\/1759046784486-768x576.jpg 768w, https:\/\/buod.de\/wp-content\/uploads\/2025\/10\/1759046784486-1536x1152.jpg 1536w, https:\/\/buod.de\/wp-content\/uploads\/2025\/10\/1759046784486-16x12.jpg 16w, https:\/\/buod.de\/wp-content\/uploads\/2025\/10\/1759046784486.jpg 2000w\" sizes=\"auto, (max-width: 1024px) 100vw, 1024px\" \/><button\n\t\t\tclass=\"lightbox-trigger\"\n\t\t\ttype=\"button\"\n\t\t\taria-haspopup=\"dialog\"\n\t\t\taria-label=\"Enlarge\"\n\t\t\tdata-wp-init=\"callbacks.initTriggerButton\"\n\t\t\tdata-wp-on--click=\"actions.showLightbox\"\n\t\t\tdata-wp-style--right=\"state.imageButtonRight\"\n\t\t\tdata-wp-style--top=\"state.imageButtonTop\"\n\t\t>\n\t\t\t<svg xmlns=\"http:\/\/www.w3.org\/2000\/svg\" width=\"12\" height=\"12\" fill=\"none\" viewbox=\"0 0 12 12\">\n\t\t\t\t<path fill=\"#fff\" d=\"M2 0a2 2 0 0 0-2 2v2h1.5V2a.5.5 0 0 1 .5-.5h2V0H2Zm2 10.5H2a.5.5 0 0 1-.5-.5V8H0v2a2 2 0 0 0 2 2h2v-1.5ZM8 12v-1.5h2a.5.5 0 0 0 .5-.5V8H12v2a2 2 0 0 1-2 2H8Zm2-12a2 2 0 0 1 2 2v2h-1.5V2a.5.5 0 0 0-.5-.5H8V0h2Z\" \/>\n\t\t\t<\/svg>\n\t\t<\/button><\/figure>\n<\/figure>","protected":false},"excerpt":{"rendered":"<p>Ingolstadtb\u00f3l M\u00fcnchenbe &#8211; fantasztikus hangulattal v\u00e1rt minket a Reg\u00f6s Magyar N\u00e9pt\u00e1ncegy\u00fcttes t\u00e1nch\u00e1za. A nap nem \u00e9rt v\u00e9get az Ingolstadti Magyar Iskola \u00e9vnyit\u00f3j\u00e1val, mivel v\u00e1rt minket este a m\u00fcncheni Reg\u00f6s Magyar N\u00e9pt\u00e1ncegy\u00fcttes t\u00e1nch\u00e1za. Mentorom, Sipos M\u00f3nika invit\u00e1l\u00e1s\u00e1ra \u00e9rkeztem meg a fergeteges t\u00e1nch\u00e1zi hangulatba, melynek helysz\u00edn\u00e9\u00fcl egy g\u00f6r\u00f6g \u00e9tterem szolg\u00e1lt.&nbsp; A talpal\u00e1val\u00f3t itt is a Magyarorsz\u00e1gr\u00f3l \u00e9rkez\u0151 [&hellip;]<\/p>\n","protected":false},"author":4,"featured_media":11685,"comment_status":"closed","ping_status":"","sticky":false,"template":"","format":"standard","meta":{"footnotes":""},"categories":[17],"tags":[23],"class_list":["post-11684","post","type-post","status-publish","format-standard","has-post-thumbnail","hentry","category-hirek","tag-23"],"yoast_head":"<!-- This site is optimized with the Yoast SEO plugin v27.5 - https:\/\/yoast.com\/product\/yoast-seo-wordpress\/ -->\n<title>T\u00e1nch\u00e1z M\u00fcnchenben - BUOD<\/title>\n<meta name=\"robots\" content=\"index, follow, max-snippet:-1, max-image-preview:large, max-video-preview:-1\" \/>\n<link rel=\"canonical\" href=\"https:\/\/buod.de\/de\/tanchaz-munchenben\/\" \/>\n<meta property=\"og:locale\" content=\"de_DE\" \/>\n<meta property=\"og:type\" content=\"article\" \/>\n<meta property=\"og:title\" content=\"T\u00e1nch\u00e1z M\u00fcnchenben - BUOD\" \/>\n<meta property=\"og:description\" content=\"Ingolstadtb\u00f3l M\u00fcnchenbe &#8211; fantasztikus hangulattal v\u00e1rt minket a Reg\u00f6s Magyar N\u00e9pt\u00e1ncegy\u00fcttes t\u00e1nch\u00e1za. A nap nem \u00e9rt v\u00e9get az Ingolstadti Magyar Iskola \u00e9vnyit\u00f3j\u00e1val, mivel v\u00e1rt minket este a m\u00fcncheni Reg\u00f6s Magyar N\u00e9pt\u00e1ncegy\u00fcttes t\u00e1nch\u00e1za. Mentorom, Sipos M\u00f3nika invit\u00e1l\u00e1s\u00e1ra \u00e9rkeztem meg a fergeteges t\u00e1nch\u00e1zi hangulatba, melynek helysz\u00edn\u00e9\u00fcl egy g\u00f6r\u00f6g \u00e9tterem szolg\u00e1lt.&nbsp; A talpal\u00e1val\u00f3t itt is a Magyarorsz\u00e1gr\u00f3l \u00e9rkez\u0151 [&hellip;]\" \/>\n<meta property=\"og:url\" content=\"https:\/\/buod.de\/de\/tanchaz-munchenben\/\" \/>\n<meta property=\"og:site_name\" content=\"BUOD\" \/>\n<meta property=\"article:publisher\" content=\"https:\/\/www.facebook.com\/profile.php?id=100082185652397\" \/>\n<meta property=\"article:published_time\" content=\"2025-10-10T10:30:55+00:00\" \/>\n<meta property=\"og:image\" content=\"https:\/\/buod.de\/wp-content\/uploads\/2025\/10\/4.jpg\" \/>\n\t<meta property=\"og:image:width\" content=\"541\" \/>\n\t<meta property=\"og:image:height\" content=\"406\" \/>\n\t<meta property=\"og:image:type\" content=\"image\/jpeg\" \/>\n<meta name=\"author\" content=\"Gery V\u00e1rkonyi\" \/>\n<meta name=\"twitter:card\" content=\"summary_large_image\" \/>\n<meta name=\"twitter:label1\" content=\"Written by\" \/>\n\t<meta name=\"twitter:data1\" content=\"Gery V\u00e1rkonyi\" \/>\n\t<meta name=\"twitter:label2\" content=\"Est. reading time\" \/>\n\t<meta name=\"twitter:data2\" content=\"2 minutes\" \/>\n<script type=\"application\/ld+json\" class=\"yoast-schema-graph\">{\"@context\":\"https:\\\/\\\/schema.org\",\"@graph\":[{\"@type\":\"Article\",\"@id\":\"https:\\\/\\\/buod.de\\\/tanchaz-munchenben\\\/#article\",\"isPartOf\":{\"@id\":\"https:\\\/\\\/buod.de\\\/tanchaz-munchenben\\\/\"},\"author\":{\"name\":\"Gery V\u00e1rkonyi\",\"@id\":\"https:\\\/\\\/buod.de\\\/#\\\/schema\\\/person\\\/8332a3e63b017fea8fcd17e9c0f96bf1\"},\"headline\":\"T\u00e1nch\u00e1z M\u00fcnchenben\",\"datePublished\":\"2025-10-10T10:30:55+00:00\",\"mainEntityOfPage\":{\"@id\":\"https:\\\/\\\/buod.de\\\/tanchaz-munchenben\\\/\"},\"wordCount\":321,\"publisher\":{\"@id\":\"https:\\\/\\\/buod.de\\\/#organization\"},\"image\":{\"@id\":\"https:\\\/\\\/buod.de\\\/tanchaz-munchenben\\\/#primaryimage\"},\"thumbnailUrl\":\"https:\\\/\\\/buod.de\\\/wp-content\\\/uploads\\\/2025\\\/10\\\/4.jpg\",\"keywords\":[\"2025\"],\"articleSection\":[\"H\u00edrek\"],\"inLanguage\":\"de-DE\"},{\"@type\":\"WebPage\",\"@id\":\"https:\\\/\\\/buod.de\\\/tanchaz-munchenben\\\/\",\"url\":\"https:\\\/\\\/buod.de\\\/tanchaz-munchenben\\\/\",\"name\":\"T\u00e1nch\u00e1z M\u00fcnchenben - BUOD\",\"isPartOf\":{\"@id\":\"https:\\\/\\\/buod.de\\\/#website\"},\"primaryImageOfPage\":{\"@id\":\"https:\\\/\\\/buod.de\\\/tanchaz-munchenben\\\/#primaryimage\"},\"image\":{\"@id\":\"https:\\\/\\\/buod.de\\\/tanchaz-munchenben\\\/#primaryimage\"},\"thumbnailUrl\":\"https:\\\/\\\/buod.de\\\/wp-content\\\/uploads\\\/2025\\\/10\\\/4.jpg\",\"datePublished\":\"2025-10-10T10:30:55+00:00\",\"breadcrumb\":{\"@id\":\"https:\\\/\\\/buod.de\\\/tanchaz-munchenben\\\/#breadcrumb\"},\"inLanguage\":\"de-DE\",\"potentialAction\":[{\"@type\":\"ReadAction\",\"target\":[\"https:\\\/\\\/buod.de\\\/tanchaz-munchenben\\\/\"]}]},{\"@type\":\"ImageObject\",\"inLanguage\":\"de-DE\",\"@id\":\"https:\\\/\\\/buod.de\\\/tanchaz-munchenben\\\/#primaryimage\",\"url\":\"https:\\\/\\\/buod.de\\\/wp-content\\\/uploads\\\/2025\\\/10\\\/4.jpg\",\"contentUrl\":\"https:\\\/\\\/buod.de\\\/wp-content\\\/uploads\\\/2025\\\/10\\\/4.jpg\",\"width\":541,\"height\":406},{\"@type\":\"BreadcrumbList\",\"@id\":\"https:\\\/\\\/buod.de\\\/tanchaz-munchenben\\\/#breadcrumb\",\"itemListElement\":[{\"@type\":\"ListItem\",\"position\":1,\"name\":\"Kezd\u0151lap\",\"item\":\"https:\\\/\\\/buod.de\\\/\"},{\"@type\":\"ListItem\",\"position\":2,\"name\":\"T\u00e1nch\u00e1z M\u00fcnchenben\"}]},{\"@type\":\"WebSite\",\"@id\":\"https:\\\/\\\/buod.de\\\/#website\",\"url\":\"https:\\\/\\\/buod.de\\\/\",\"name\":\"BUOD\",\"description\":\"Bund Ungarischer Organisationen in Deutschland\",\"publisher\":{\"@id\":\"https:\\\/\\\/buod.de\\\/#organization\"},\"potentialAction\":[{\"@type\":\"SearchAction\",\"target\":{\"@type\":\"EntryPoint\",\"urlTemplate\":\"https:\\\/\\\/buod.de\\\/?s={search_term_string}\"},\"query-input\":{\"@type\":\"PropertyValueSpecification\",\"valueRequired\":true,\"valueName\":\"search_term_string\"}}],\"inLanguage\":\"de-DE\"},{\"@type\":\"Organization\",\"@id\":\"https:\\\/\\\/buod.de\\\/#organization\",\"name\":\"BUOD\",\"url\":\"https:\\\/\\\/buod.de\\\/\",\"logo\":{\"@type\":\"ImageObject\",\"inLanguage\":\"de-DE\",\"@id\":\"https:\\\/\\\/buod.de\\\/#\\\/schema\\\/logo\\\/image\\\/\",\"url\":\"https:\\\/\\\/buod.de\\\/wp-content\\\/uploads\\\/2024\\\/03\\\/BUOD-logo.png\",\"contentUrl\":\"https:\\\/\\\/buod.de\\\/wp-content\\\/uploads\\\/2024\\\/03\\\/BUOD-logo.png\",\"width\":586,\"height\":490,\"caption\":\"BUOD\"},\"image\":{\"@id\":\"https:\\\/\\\/buod.de\\\/#\\\/schema\\\/logo\\\/image\\\/\"},\"sameAs\":[\"https:\\\/\\\/www.facebook.com\\\/profile.php?id=100082185652397\"]},{\"@type\":\"Person\",\"@id\":\"https:\\\/\\\/buod.de\\\/#\\\/schema\\\/person\\\/8332a3e63b017fea8fcd17e9c0f96bf1\",\"name\":\"Gery V\u00e1rkonyi\",\"image\":{\"@type\":\"ImageObject\",\"inLanguage\":\"de-DE\",\"@id\":\"https:\\\/\\\/secure.gravatar.com\\\/avatar\\\/c1babe7dc68f065be4ec606c522172804715398688c78c6fffca3888b364e934?s=96&d=mm&r=g\",\"url\":\"https:\\\/\\\/secure.gravatar.com\\\/avatar\\\/c1babe7dc68f065be4ec606c522172804715398688c78c6fffca3888b364e934?s=96&d=mm&r=g\",\"contentUrl\":\"https:\\\/\\\/secure.gravatar.com\\\/avatar\\\/c1babe7dc68f065be4ec606c522172804715398688c78c6fffca3888b364e934?s=96&d=mm&r=g\",\"caption\":\"Gery V\u00e1rkonyi\"},\"url\":\"https:\\\/\\\/buod.de\\\/de\\\/author\\\/geryvarkonyi\\\/\"}]}<\/script>\n<!-- \/ Yoast SEO plugin. -->","yoast_head_json":{"title":"T\u00e1nch\u00e1z M\u00fcnchenben - BUOD","robots":{"index":"index","follow":"follow","max-snippet":"max-snippet:-1","max-image-preview":"max-image-preview:large","max-video-preview":"max-video-preview:-1"},"canonical":"https:\/\/buod.de\/de\/tanchaz-munchenben\/","og_locale":"de_DE","og_type":"article","og_title":"T\u00e1nch\u00e1z M\u00fcnchenben - BUOD","og_description":"Ingolstadtb\u00f3l M\u00fcnchenbe &#8211; fantasztikus hangulattal v\u00e1rt minket a Reg\u00f6s Magyar N\u00e9pt\u00e1ncegy\u00fcttes t\u00e1nch\u00e1za. A nap nem \u00e9rt v\u00e9get az Ingolstadti Magyar Iskola \u00e9vnyit\u00f3j\u00e1val, mivel v\u00e1rt minket este a m\u00fcncheni Reg\u00f6s Magyar N\u00e9pt\u00e1ncegy\u00fcttes t\u00e1nch\u00e1za. Mentorom, Sipos M\u00f3nika invit\u00e1l\u00e1s\u00e1ra \u00e9rkeztem meg a fergeteges t\u00e1nch\u00e1zi hangulatba, melynek helysz\u00edn\u00e9\u00fcl egy g\u00f6r\u00f6g \u00e9tterem szolg\u00e1lt.&nbsp; A talpal\u00e1val\u00f3t itt is a Magyarorsz\u00e1gr\u00f3l \u00e9rkez\u0151 [&hellip;]","og_url":"https:\/\/buod.de\/de\/tanchaz-munchenben\/","og_site_name":"BUOD","article_publisher":"https:\/\/www.facebook.com\/profile.php?id=100082185652397","article_published_time":"2025-10-10T10:30:55+00:00","og_image":[{"width":541,"height":406,"url":"https:\/\/buod.de\/wp-content\/uploads\/2025\/10\/4.jpg","type":"image\/jpeg"}],"author":"Gery V\u00e1rkonyi","twitter_card":"summary_large_image","twitter_misc":{"Written by":"Gery V\u00e1rkonyi","Est. reading time":"2 minutes"},"schema":{"@context":"https:\/\/schema.org","@graph":[{"@type":"Article","@id":"https:\/\/buod.de\/tanchaz-munchenben\/#article","isPartOf":{"@id":"https:\/\/buod.de\/tanchaz-munchenben\/"},"author":{"name":"Gery V\u00e1rkonyi","@id":"https:\/\/buod.de\/#\/schema\/person\/8332a3e63b017fea8fcd17e9c0f96bf1"},"headline":"T\u00e1nch\u00e1z M\u00fcnchenben","datePublished":"2025-10-10T10:30:55+00:00","mainEntityOfPage":{"@id":"https:\/\/buod.de\/tanchaz-munchenben\/"},"wordCount":321,"publisher":{"@id":"https:\/\/buod.de\/#organization"},"image":{"@id":"https:\/\/buod.de\/tanchaz-munchenben\/#primaryimage"},"thumbnailUrl":"https:\/\/buod.de\/wp-content\/uploads\/2025\/10\/4.jpg","keywords":["2025"],"articleSection":["H\u00edrek"],"inLanguage":"de-DE"},{"@type":"WebPage","@id":"https:\/\/buod.de\/tanchaz-munchenben\/","url":"https:\/\/buod.de\/tanchaz-munchenben\/","name":"T\u00e1nch\u00e1z M\u00fcnchenben - BUOD","isPartOf":{"@id":"https:\/\/buod.de\/#website"},"primaryImageOfPage":{"@id":"https:\/\/buod.de\/tanchaz-munchenben\/#primaryimage"},"image":{"@id":"https:\/\/buod.de\/tanchaz-munchenben\/#primaryimage"},"thumbnailUrl":"https:\/\/buod.de\/wp-content\/uploads\/2025\/10\/4.jpg","datePublished":"2025-10-10T10:30:55+00:00","breadcrumb":{"@id":"https:\/\/buod.de\/tanchaz-munchenben\/#breadcrumb"},"inLanguage":"de-DE","potentialAction":[{"@type":"ReadAction","target":["https:\/\/buod.de\/tanchaz-munchenben\/"]}]},{"@type":"ImageObject","inLanguage":"de-DE","@id":"https:\/\/buod.de\/tanchaz-munchenben\/#primaryimage","url":"https:\/\/buod.de\/wp-content\/uploads\/2025\/10\/4.jpg","contentUrl":"https:\/\/buod.de\/wp-content\/uploads\/2025\/10\/4.jpg","width":541,"height":406},{"@type":"BreadcrumbList","@id":"https:\/\/buod.de\/tanchaz-munchenben\/#breadcrumb","itemListElement":[{"@type":"ListItem","position":1,"name":"Kezd\u0151lap","item":"https:\/\/buod.de\/"},{"@type":"ListItem","position":2,"name":"T\u00e1nch\u00e1z M\u00fcnchenben"}]},{"@type":"WebSite","@id":"https:\/\/buod.de\/#website","url":"https:\/\/buod.de\/","name":"BUOD","description":"Bund Ungarischer Organisationen in Deutschland","publisher":{"@id":"https:\/\/buod.de\/#organization"},"potentialAction":[{"@type":"SearchAction","target":{"@type":"EntryPoint","urlTemplate":"https:\/\/buod.de\/?s={search_term_string}"},"query-input":{"@type":"PropertyValueSpecification","valueRequired":true,"valueName":"search_term_string"}}],"inLanguage":"de-DE"},{"@type":"Organization","@id":"https:\/\/buod.de\/#organization","name":"BUOD","url":"https:\/\/buod.de\/","logo":{"@type":"ImageObject","inLanguage":"de-DE","@id":"https:\/\/buod.de\/#\/schema\/logo\/image\/","url":"https:\/\/buod.de\/wp-content\/uploads\/2024\/03\/BUOD-logo.png","contentUrl":"https:\/\/buod.de\/wp-content\/uploads\/2024\/03\/BUOD-logo.png","width":586,"height":490,"caption":"BUOD"},"image":{"@id":"https:\/\/buod.de\/#\/schema\/logo\/image\/"},"sameAs":["https:\/\/www.facebook.com\/profile.php?id=100082185652397"]},{"@type":"Person","@id":"https:\/\/buod.de\/#\/schema\/person\/8332a3e63b017fea8fcd17e9c0f96bf1","name":"Gery V\u00e1rkonyi","image":{"@type":"ImageObject","inLanguage":"de-DE","@id":"https:\/\/secure.gravatar.com\/avatar\/c1babe7dc68f065be4ec606c522172804715398688c78c6fffca3888b364e934?s=96&d=mm&r=g","url":"https:\/\/secure.gravatar.com\/avatar\/c1babe7dc68f065be4ec606c522172804715398688c78c6fffca3888b364e934?s=96&d=mm&r=g","contentUrl":"https:\/\/secure.gravatar.com\/avatar\/c1babe7dc68f065be4ec606c522172804715398688c78c6fffca3888b364e934?s=96&d=mm&r=g","caption":"Gery V\u00e1rkonyi"},"url":"https:\/\/buod.de\/de\/author\/geryvarkonyi\/"}]}},"_links":{"self":[{"href":"https:\/\/buod.de\/de\/wp-json\/wp\/v2\/posts\/11684","targetHints":{"allow":["GET"]}}],"collection":[{"href":"https:\/\/buod.de\/de\/wp-json\/wp\/v2\/posts"}],"about":[{"href":"https:\/\/buod.de\/de\/wp-json\/wp\/v2\/types\/post"}],"author":[{"embeddable":true,"href":"https:\/\/buod.de\/de\/wp-json\/wp\/v2\/users\/4"}],"replies":[{"embeddable":true,"href":"https:\/\/buod.de\/de\/wp-json\/wp\/v2\/comments?post=11684"}],"version-history":[{"count":1,"href":"https:\/\/buod.de\/de\/wp-json\/wp\/v2\/posts\/11684\/revisions"}],"predecessor-version":[{"id":11686,"href":"https:\/\/buod.de\/de\/wp-json\/wp\/v2\/posts\/11684\/revisions\/11686"}],"wp:featuredmedia":[{"embeddable":true,"href":"https:\/\/buod.de\/de\/wp-json\/wp\/v2\/media\/11685"}],"wp:attachment":[{"href":"https:\/\/buod.de\/de\/wp-json\/wp\/v2\/media?parent=11684"}],"wp:term":[{"taxonomy":"category","embeddable":true,"href":"https:\/\/buod.de\/de\/wp-json\/wp\/v2\/categories?post=11684"},{"taxonomy":"post_tag","embeddable":true,"href":"https:\/\/buod.de\/de\/wp-json\/wp\/v2\/tags?post=11684"}],"curies":[{"name":"wp","href":"https:\/\/api.w.org\/{rel}","templated":true}]}}