{"id":11769,"date":"2025-10-11T15:58:54","date_gmt":"2025-10-11T13:58:54","guid":{"rendered":"https:\/\/buod.de\/?p=11769"},"modified":"2025-10-27T16:01:18","modified_gmt":"2025-10-27T14:01:18","slug":"evkezdo-cifra-tanchaz-frankfurtban","status":"publish","type":"post","link":"https:\/\/buod.de\/de\/evkezdo-cifra-tanchaz-frankfurtban\/","title":{"rendered":"\u00c9vkezd\u0151 Cifra T\u00e1nch\u00e1z Frankfurtban"},"content":{"rendered":"<p>Szeptember hatodik\u00e1n ker\u00fclt sor az \u00e9vkezd\u0151 Cifra T\u00e1nch\u00e1zra Frankfurtban.<\/p>\n\n\n\n<p>A j\u00f3 hangulat\u00fa m\u00e1jusi alkalom ut\u00e1n ism\u00e9t t\u00e1nch\u00e1zat hirdetett a frankfurti Cifra Gyermek- \u00e9s Ifj\u00fas\u00e1gi T\u00e1ncsportegyes\u00fclet. Ez\u00fattal egy \u00faj helysz\u00ednen v\u00e1rt\u00e1k az \u00e9rdekl\u0151d\u0151ket, ahol a t\u00e1nct\u00e9r mellett hossz\u00fa asztalsorok \u00e1lltak: az est folyam\u00e1n lehet\u0151s\u00e9g volt \u00e9tel- \u00e9s ital rendel\u00e9sre, amit sok r\u00e9sztvev\u0151 el\u0151szeretettel ig\u00e9nybe is vett, megalapozva a bar\u00e1ti besz\u00e9lget\u00e9seket.<\/p>\n\n\n\n<p>Az elengedhetetlen \u00e9l\u0151 zen\u00e9t egy fiatal magyarorsz\u00e1gi zenekar biztos\u00edtotta: N\u00e9meth N\u00f3ri \u2013 heged\u0171, koboz, Huszti Levente \u2013 br\u00e1csa, furulya, Nagy B\u00e1lint \u2013 nagyb\u0151g\u0151, dob, \u00fct\u0151gardon. Nekik ez volt az els\u0151 fell\u00e9p\u00e9s\u00fck Frankfurtban, a fiatalos lend\u00fclet\u00fcknek k\u00f6sz\u00f6nhet\u0151en hamar megtal\u00e1lt\u00e1k az \u00f6sszhangot \u00fagy a fiatal t\u00e1ncosokkal, mint a szervez\u0151 Klement h\u00e1zasp\u00e1rral, \u00edgy ez a friss ismerets\u00e9g hosszabb t\u00e1v\u00fa egy\u00fcttm\u0171k\u00f6d\u00e9snek \u00edg\u00e9rkezik.<\/p>\n\n\n\n<p>A t\u00e1nch\u00e1zba d\u00e9lut\u00e1n el\u0151sz\u00f6r a gyermekek \u00e9rkeztek, akiknek Klementn\u00e9 Kecskem\u00e9ti Be\u00e1ta dun\u00e1nt\u00fali alap t\u00e1ncl\u00e9p\u00e9seket tan\u00edtott, illetve n\u00e9pi j\u00e1t\u00e9kokat \u00e9s cserk\u00e9sz n\u00e9pi j\u00e1t\u00e9kokat j\u00e1tszottak k\u00f6z\u00f6sen. Az est folyam\u00e1n Klement N\u00e1ndorral k\u00f6z\u00f6sen sz\u00e9ki, mez\u0151s\u00e9gi t\u00e1ncokat tan\u00edtottak az \u00e9rdekl\u0151d\u0151knek, aki pedig m\u00e1r tudta a l\u00e9p\u00e9seket, azok a zenekar el\u0151tt szabadon mulathattak. A t\u00e1ncegy\u00fcttes k\u00e9t fiatal t\u00e1ncosa is lehet\u0151s\u00e9get kapott a t\u00e1nctan\u00edt\u00e1sra: L\u0151rincz J\u00e1nos \u00e9s Zs\u00e1mboki Zs\u00f3fia szatm\u00e1ri t\u00e1ncl\u00e9p\u00e9seket tan\u00edtott, emellett moldvai \u00e9s felcs\u00edki t\u00e1ncokra is sor ker\u00fclt az \u00e9n vezet\u00e9semmel.<\/p>\n\n\n\n<p>Az est folyam\u00e1n t\u00f6bben megjegyezt\u00e9k, hogy milyen j\u00f3, hogy alig volt sz\u00fcnet a t\u00e1ncrendek k\u00f6z\u00f6tt, \u00edgy folyamatosan j\u00f3 hangulat volt a teremben, ami azzal j\u00e1rt, hogy k\u00f6r\u00fclbel\u00fcl tizenegy \u00f3r\u00e1ra mindenki j\u00f3les\u0151en el is f\u00e1radt.<\/p>\n\n\n\n<p>Ez a szombat este ism\u00e9t bebizony\u00edtotta, hogy a mai fiatalok is \u00f6r\u00f6mmel \u00e9s j\u00f3kedv\u0171en tudnak mulatni, nyitottan fordulnak a n\u00e9pi kult\u00fara fel\u00e9 \u00e9s val\u00f3di kapcsolatokat alak\u00edtanak ki \u00e1ltala, \u00edgy hagyom\u00e1nyos \u00e9rt\u00e9keken alapul\u00f3 ma is \u00e9l\u0151 sz\u00f3rakoz\u00e1si form\u00e1t jelent a sz\u00e1mukra.<\/p>\n\n\n\n<figure class=\"wp-block-gallery has-nested-images columns-default is-cropped wp-block-gallery-1 is-layout-flex wp-block-gallery-is-layout-flex\">\n<figure data-wp-context=\"{&quot;imageId&quot;:&quot;69f598d584890&quot;}\" data-wp-interactive=\"core\/image\" data-wp-key=\"69f598d584890\" class=\"wp-block-image size-large wp-lightbox-container\"><img loading=\"lazy\" decoding=\"async\" width=\"1024\" height=\"768\" data-wp-class--hide=\"state.isContentHidden\" data-wp-class--show=\"state.isContentVisible\" data-wp-init=\"callbacks.setButtonStyles\" data-wp-on--click=\"actions.showLightbox\" data-wp-on--load=\"callbacks.setButtonStyles\" data-wp-on-window--resize=\"callbacks.setButtonStyles\" data-id=\"11772\" src=\"https:\/\/buod.de\/wp-content\/uploads\/2025\/10\/IMG_1337-1024x768.jpg\" alt=\"\" class=\"wp-image-11772\" srcset=\"https:\/\/buod.de\/wp-content\/uploads\/2025\/10\/IMG_1337-1024x768.jpg 1024w, https:\/\/buod.de\/wp-content\/uploads\/2025\/10\/IMG_1337-300x225.jpg 300w, https:\/\/buod.de\/wp-content\/uploads\/2025\/10\/IMG_1337-768x576.jpg 768w, https:\/\/buod.de\/wp-content\/uploads\/2025\/10\/IMG_1337-1536x1152.jpg 1536w, https:\/\/buod.de\/wp-content\/uploads\/2025\/10\/IMG_1337-2048x1536.jpg 2048w, https:\/\/buod.de\/wp-content\/uploads\/2025\/10\/IMG_1337-16x12.jpg 16w\" sizes=\"auto, (max-width: 1024px) 100vw, 1024px\" \/><button\n\t\t\tclass=\"lightbox-trigger\"\n\t\t\ttype=\"button\"\n\t\t\taria-haspopup=\"dialog\"\n\t\t\taria-label=\"Enlarge\"\n\t\t\tdata-wp-init=\"callbacks.initTriggerButton\"\n\t\t\tdata-wp-on--click=\"actions.showLightbox\"\n\t\t\tdata-wp-style--right=\"state.imageButtonRight\"\n\t\t\tdata-wp-style--top=\"state.imageButtonTop\"\n\t\t>\n\t\t\t<svg xmlns=\"http:\/\/www.w3.org\/2000\/svg\" width=\"12\" height=\"12\" fill=\"none\" viewbox=\"0 0 12 12\">\n\t\t\t\t<path fill=\"#fff\" d=\"M2 0a2 2 0 0 0-2 2v2h1.5V2a.5.5 0 0 1 .5-.5h2V0H2Zm2 10.5H2a.5.5 0 0 1-.5-.5V8H0v2a2 2 0 0 0 2 2h2v-1.5ZM8 12v-1.5h2a.5.5 0 0 0 .5-.5V8H12v2a2 2 0 0 1-2 2H8Zm2-12a2 2 0 0 1 2 2v2h-1.5V2a.5.5 0 0 0-.5-.5H8V0h2Z\" \/>\n\t\t\t<\/svg>\n\t\t<\/button><\/figure>\n\n\n\n<figure data-wp-context=\"{&quot;imageId&quot;:&quot;69f598d5855c6&quot;}\" data-wp-interactive=\"core\/image\" data-wp-key=\"69f598d5855c6\" class=\"wp-block-image size-large wp-lightbox-container\"><img loading=\"lazy\" decoding=\"async\" width=\"768\" height=\"1024\" data-wp-class--hide=\"state.isContentHidden\" data-wp-class--show=\"state.isContentVisible\" data-wp-init=\"callbacks.setButtonStyles\" data-wp-on--click=\"actions.showLightbox\" data-wp-on--load=\"callbacks.setButtonStyles\" data-wp-on-window--resize=\"callbacks.setButtonStyles\" data-id=\"11771\" src=\"https:\/\/buod.de\/wp-content\/uploads\/2025\/10\/IMG_1335-768x1024.jpg\" alt=\"\" class=\"wp-image-11771\" srcset=\"https:\/\/buod.de\/wp-content\/uploads\/2025\/10\/IMG_1335-768x1024.jpg 768w, https:\/\/buod.de\/wp-content\/uploads\/2025\/10\/IMG_1335-225x300.jpg 225w, https:\/\/buod.de\/wp-content\/uploads\/2025\/10\/IMG_1335-1152x1536.jpg 1152w, https:\/\/buod.de\/wp-content\/uploads\/2025\/10\/IMG_1335-1536x2048.jpg 1536w, https:\/\/buod.de\/wp-content\/uploads\/2025\/10\/IMG_1335-9x12.jpg 9w, https:\/\/buod.de\/wp-content\/uploads\/2025\/10\/IMG_1335-scaled.jpg 1920w\" sizes=\"auto, (max-width: 768px) 100vw, 768px\" \/><button\n\t\t\tclass=\"lightbox-trigger\"\n\t\t\ttype=\"button\"\n\t\t\taria-haspopup=\"dialog\"\n\t\t\taria-label=\"Enlarge\"\n\t\t\tdata-wp-init=\"callbacks.initTriggerButton\"\n\t\t\tdata-wp-on--click=\"actions.showLightbox\"\n\t\t\tdata-wp-style--right=\"state.imageButtonRight\"\n\t\t\tdata-wp-style--top=\"state.imageButtonTop\"\n\t\t>\n\t\t\t<svg xmlns=\"http:\/\/www.w3.org\/2000\/svg\" width=\"12\" height=\"12\" fill=\"none\" viewbox=\"0 0 12 12\">\n\t\t\t\t<path fill=\"#fff\" d=\"M2 0a2 2 0 0 0-2 2v2h1.5V2a.5.5 0 0 1 .5-.5h2V0H2Zm2 10.5H2a.5.5 0 0 1-.5-.5V8H0v2a2 2 0 0 0 2 2h2v-1.5ZM8 12v-1.5h2a.5.5 0 0 0 .5-.5V8H12v2a2 2 0 0 1-2 2H8Zm2-12a2 2 0 0 1 2 2v2h-1.5V2a.5.5 0 0 0-.5-.5H8V0h2Z\" \/>\n\t\t\t<\/svg>\n\t\t<\/button><\/figure>\n<\/figure>","protected":false},"excerpt":{"rendered":"<p>Szeptember hatodik\u00e1n ker\u00fclt sor az \u00e9vkezd\u0151 Cifra T\u00e1nch\u00e1zra Frankfurtban. A j\u00f3 hangulat\u00fa m\u00e1jusi alkalom ut\u00e1n ism\u00e9t t\u00e1nch\u00e1zat hirdetett a frankfurti Cifra Gyermek- \u00e9s Ifj\u00fas\u00e1gi T\u00e1ncsportegyes\u00fclet. Ez\u00fattal egy \u00faj helysz\u00ednen v\u00e1rt\u00e1k az \u00e9rdekl\u0151d\u0151ket, ahol a t\u00e1nct\u00e9r mellett hossz\u00fa asztalsorok \u00e1lltak: az est folyam\u00e1n lehet\u0151s\u00e9g volt \u00e9tel- \u00e9s ital rendel\u00e9sre, amit sok r\u00e9sztvev\u0151 el\u0151szeretettel ig\u00e9nybe is vett, [&hellip;]<\/p>\n","protected":false},"author":4,"featured_media":11772,"comment_status":"closed","ping_status":"","sticky":false,"template":"","format":"standard","meta":{"footnotes":""},"categories":[17],"tags":[23],"class_list":["post-11769","post","type-post","status-publish","format-standard","has-post-thumbnail","hentry","category-hirek","tag-23"],"yoast_head":"<!-- This site is optimized with the Yoast SEO plugin v27.5 - https:\/\/yoast.com\/product\/yoast-seo-wordpress\/ -->\n<title>\u00c9vkezd\u0151 Cifra T\u00e1nch\u00e1z Frankfurtban - BUOD<\/title>\n<meta name=\"robots\" content=\"index, follow, max-snippet:-1, max-image-preview:large, max-video-preview:-1\" \/>\n<link rel=\"canonical\" href=\"https:\/\/buod.de\/de\/evkezdo-cifra-tanchaz-frankfurtban\/\" \/>\n<meta property=\"og:locale\" content=\"de_DE\" \/>\n<meta property=\"og:type\" content=\"article\" \/>\n<meta property=\"og:title\" content=\"\u00c9vkezd\u0151 Cifra T\u00e1nch\u00e1z Frankfurtban - BUOD\" \/>\n<meta property=\"og:description\" content=\"Szeptember hatodik\u00e1n ker\u00fclt sor az \u00e9vkezd\u0151 Cifra T\u00e1nch\u00e1zra Frankfurtban. A j\u00f3 hangulat\u00fa m\u00e1jusi alkalom ut\u00e1n ism\u00e9t t\u00e1nch\u00e1zat hirdetett a frankfurti Cifra Gyermek- \u00e9s Ifj\u00fas\u00e1gi T\u00e1ncsportegyes\u00fclet. Ez\u00fattal egy \u00faj helysz\u00ednen v\u00e1rt\u00e1k az \u00e9rdekl\u0151d\u0151ket, ahol a t\u00e1nct\u00e9r mellett hossz\u00fa asztalsorok \u00e1lltak: az est folyam\u00e1n lehet\u0151s\u00e9g volt \u00e9tel- \u00e9s ital rendel\u00e9sre, amit sok r\u00e9sztvev\u0151 el\u0151szeretettel ig\u00e9nybe is vett, [&hellip;]\" \/>\n<meta property=\"og:url\" content=\"https:\/\/buod.de\/de\/evkezdo-cifra-tanchaz-frankfurtban\/\" \/>\n<meta property=\"og:site_name\" content=\"BUOD\" \/>\n<meta property=\"article:publisher\" content=\"https:\/\/www.facebook.com\/profile.php?id=100082185652397\" \/>\n<meta property=\"article:published_time\" content=\"2025-10-11T13:58:54+00:00\" \/>\n<meta property=\"article:modified_time\" content=\"2025-10-27T14:01:18+00:00\" \/>\n<meta property=\"og:image\" content=\"https:\/\/buod.de\/wp-content\/uploads\/2025\/10\/IMG_1337-scaled.jpg\" \/>\n\t<meta property=\"og:image:width\" content=\"2560\" \/>\n\t<meta property=\"og:image:height\" content=\"1920\" \/>\n\t<meta property=\"og:image:type\" content=\"image\/jpeg\" \/>\n<meta name=\"author\" content=\"Gery V\u00e1rkonyi\" \/>\n<meta name=\"twitter:card\" content=\"summary_large_image\" \/>\n<meta name=\"twitter:label1\" content=\"Written by\" \/>\n\t<meta name=\"twitter:data1\" content=\"Gery V\u00e1rkonyi\" \/>\n\t<meta name=\"twitter:label2\" content=\"Est. reading time\" \/>\n\t<meta name=\"twitter:data2\" content=\"2 minutes\" \/>\n<script type=\"application\/ld+json\" class=\"yoast-schema-graph\">{\"@context\":\"https:\\\/\\\/schema.org\",\"@graph\":[{\"@type\":\"Article\",\"@id\":\"https:\\\/\\\/buod.de\\\/evkezdo-cifra-tanchaz-frankfurtban\\\/#article\",\"isPartOf\":{\"@id\":\"https:\\\/\\\/buod.de\\\/evkezdo-cifra-tanchaz-frankfurtban\\\/\"},\"author\":{\"name\":\"Gery V\u00e1rkonyi\",\"@id\":\"https:\\\/\\\/buod.de\\\/#\\\/schema\\\/person\\\/8332a3e63b017fea8fcd17e9c0f96bf1\"},\"headline\":\"\u00c9vkezd\u0151 Cifra T\u00e1nch\u00e1z Frankfurtban\",\"datePublished\":\"2025-10-11T13:58:54+00:00\",\"dateModified\":\"2025-10-27T14:01:18+00:00\",\"mainEntityOfPage\":{\"@id\":\"https:\\\/\\\/buod.de\\\/evkezdo-cifra-tanchaz-frankfurtban\\\/\"},\"wordCount\":422,\"publisher\":{\"@id\":\"https:\\\/\\\/buod.de\\\/#organization\"},\"image\":{\"@id\":\"https:\\\/\\\/buod.de\\\/evkezdo-cifra-tanchaz-frankfurtban\\\/#primaryimage\"},\"thumbnailUrl\":\"https:\\\/\\\/buod.de\\\/wp-content\\\/uploads\\\/2025\\\/10\\\/IMG_1337-scaled.jpg\",\"keywords\":[\"2025\"],\"articleSection\":[\"H\u00edrek\"],\"inLanguage\":\"de-DE\"},{\"@type\":\"WebPage\",\"@id\":\"https:\\\/\\\/buod.de\\\/evkezdo-cifra-tanchaz-frankfurtban\\\/\",\"url\":\"https:\\\/\\\/buod.de\\\/evkezdo-cifra-tanchaz-frankfurtban\\\/\",\"name\":\"\u00c9vkezd\u0151 Cifra T\u00e1nch\u00e1z Frankfurtban - BUOD\",\"isPartOf\":{\"@id\":\"https:\\\/\\\/buod.de\\\/#website\"},\"primaryImageOfPage\":{\"@id\":\"https:\\\/\\\/buod.de\\\/evkezdo-cifra-tanchaz-frankfurtban\\\/#primaryimage\"},\"image\":{\"@id\":\"https:\\\/\\\/buod.de\\\/evkezdo-cifra-tanchaz-frankfurtban\\\/#primaryimage\"},\"thumbnailUrl\":\"https:\\\/\\\/buod.de\\\/wp-content\\\/uploads\\\/2025\\\/10\\\/IMG_1337-scaled.jpg\",\"datePublished\":\"2025-10-11T13:58:54+00:00\",\"dateModified\":\"2025-10-27T14:01:18+00:00\",\"breadcrumb\":{\"@id\":\"https:\\\/\\\/buod.de\\\/evkezdo-cifra-tanchaz-frankfurtban\\\/#breadcrumb\"},\"inLanguage\":\"de-DE\",\"potentialAction\":[{\"@type\":\"ReadAction\",\"target\":[\"https:\\\/\\\/buod.de\\\/evkezdo-cifra-tanchaz-frankfurtban\\\/\"]}]},{\"@type\":\"ImageObject\",\"inLanguage\":\"de-DE\",\"@id\":\"https:\\\/\\\/buod.de\\\/evkezdo-cifra-tanchaz-frankfurtban\\\/#primaryimage\",\"url\":\"https:\\\/\\\/buod.de\\\/wp-content\\\/uploads\\\/2025\\\/10\\\/IMG_1337-scaled.jpg\",\"contentUrl\":\"https:\\\/\\\/buod.de\\\/wp-content\\\/uploads\\\/2025\\\/10\\\/IMG_1337-scaled.jpg\",\"width\":2560,\"height\":1920},{\"@type\":\"BreadcrumbList\",\"@id\":\"https:\\\/\\\/buod.de\\\/evkezdo-cifra-tanchaz-frankfurtban\\\/#breadcrumb\",\"itemListElement\":[{\"@type\":\"ListItem\",\"position\":1,\"name\":\"Kezd\u0151lap\",\"item\":\"https:\\\/\\\/buod.de\\\/\"},{\"@type\":\"ListItem\",\"position\":2,\"name\":\"\u00c9vkezd\u0151 Cifra T\u00e1nch\u00e1z Frankfurtban\"}]},{\"@type\":\"WebSite\",\"@id\":\"https:\\\/\\\/buod.de\\\/#website\",\"url\":\"https:\\\/\\\/buod.de\\\/\",\"name\":\"BUOD\",\"description\":\"Bund Ungarischer Organisationen in Deutschland\",\"publisher\":{\"@id\":\"https:\\\/\\\/buod.de\\\/#organization\"},\"potentialAction\":[{\"@type\":\"SearchAction\",\"target\":{\"@type\":\"EntryPoint\",\"urlTemplate\":\"https:\\\/\\\/buod.de\\\/?s={search_term_string}\"},\"query-input\":{\"@type\":\"PropertyValueSpecification\",\"valueRequired\":true,\"valueName\":\"search_term_string\"}}],\"inLanguage\":\"de-DE\"},{\"@type\":\"Organization\",\"@id\":\"https:\\\/\\\/buod.de\\\/#organization\",\"name\":\"BUOD\",\"url\":\"https:\\\/\\\/buod.de\\\/\",\"logo\":{\"@type\":\"ImageObject\",\"inLanguage\":\"de-DE\",\"@id\":\"https:\\\/\\\/buod.de\\\/#\\\/schema\\\/logo\\\/image\\\/\",\"url\":\"https:\\\/\\\/buod.de\\\/wp-content\\\/uploads\\\/2024\\\/03\\\/BUOD-logo.png\",\"contentUrl\":\"https:\\\/\\\/buod.de\\\/wp-content\\\/uploads\\\/2024\\\/03\\\/BUOD-logo.png\",\"width\":586,\"height\":490,\"caption\":\"BUOD\"},\"image\":{\"@id\":\"https:\\\/\\\/buod.de\\\/#\\\/schema\\\/logo\\\/image\\\/\"},\"sameAs\":[\"https:\\\/\\\/www.facebook.com\\\/profile.php?id=100082185652397\"]},{\"@type\":\"Person\",\"@id\":\"https:\\\/\\\/buod.de\\\/#\\\/schema\\\/person\\\/8332a3e63b017fea8fcd17e9c0f96bf1\",\"name\":\"Gery V\u00e1rkonyi\",\"image\":{\"@type\":\"ImageObject\",\"inLanguage\":\"de-DE\",\"@id\":\"https:\\\/\\\/secure.gravatar.com\\\/avatar\\\/c1babe7dc68f065be4ec606c522172804715398688c78c6fffca3888b364e934?s=96&d=mm&r=g\",\"url\":\"https:\\\/\\\/secure.gravatar.com\\\/avatar\\\/c1babe7dc68f065be4ec606c522172804715398688c78c6fffca3888b364e934?s=96&d=mm&r=g\",\"contentUrl\":\"https:\\\/\\\/secure.gravatar.com\\\/avatar\\\/c1babe7dc68f065be4ec606c522172804715398688c78c6fffca3888b364e934?s=96&d=mm&r=g\",\"caption\":\"Gery V\u00e1rkonyi\"},\"url\":\"https:\\\/\\\/buod.de\\\/de\\\/author\\\/geryvarkonyi\\\/\"}]}<\/script>\n<!-- \/ Yoast SEO plugin. -->","yoast_head_json":{"title":"\u00c9vkezd\u0151 Cifra T\u00e1nch\u00e1z Frankfurtban - BUOD","robots":{"index":"index","follow":"follow","max-snippet":"max-snippet:-1","max-image-preview":"max-image-preview:large","max-video-preview":"max-video-preview:-1"},"canonical":"https:\/\/buod.de\/de\/evkezdo-cifra-tanchaz-frankfurtban\/","og_locale":"de_DE","og_type":"article","og_title":"\u00c9vkezd\u0151 Cifra T\u00e1nch\u00e1z Frankfurtban - BUOD","og_description":"Szeptember hatodik\u00e1n ker\u00fclt sor az \u00e9vkezd\u0151 Cifra T\u00e1nch\u00e1zra Frankfurtban. A j\u00f3 hangulat\u00fa m\u00e1jusi alkalom ut\u00e1n ism\u00e9t t\u00e1nch\u00e1zat hirdetett a frankfurti Cifra Gyermek- \u00e9s Ifj\u00fas\u00e1gi T\u00e1ncsportegyes\u00fclet. Ez\u00fattal egy \u00faj helysz\u00ednen v\u00e1rt\u00e1k az \u00e9rdekl\u0151d\u0151ket, ahol a t\u00e1nct\u00e9r mellett hossz\u00fa asztalsorok \u00e1lltak: az est folyam\u00e1n lehet\u0151s\u00e9g volt \u00e9tel- \u00e9s ital rendel\u00e9sre, amit sok r\u00e9sztvev\u0151 el\u0151szeretettel ig\u00e9nybe is vett, [&hellip;]","og_url":"https:\/\/buod.de\/de\/evkezdo-cifra-tanchaz-frankfurtban\/","og_site_name":"BUOD","article_publisher":"https:\/\/www.facebook.com\/profile.php?id=100082185652397","article_published_time":"2025-10-11T13:58:54+00:00","article_modified_time":"2025-10-27T14:01:18+00:00","og_image":[{"width":2560,"height":1920,"url":"https:\/\/buod.de\/wp-content\/uploads\/2025\/10\/IMG_1337-scaled.jpg","type":"image\/jpeg"}],"author":"Gery V\u00e1rkonyi","twitter_card":"summary_large_image","twitter_misc":{"Written by":"Gery V\u00e1rkonyi","Est. reading time":"2 minutes"},"schema":{"@context":"https:\/\/schema.org","@graph":[{"@type":"Article","@id":"https:\/\/buod.de\/evkezdo-cifra-tanchaz-frankfurtban\/#article","isPartOf":{"@id":"https:\/\/buod.de\/evkezdo-cifra-tanchaz-frankfurtban\/"},"author":{"name":"Gery V\u00e1rkonyi","@id":"https:\/\/buod.de\/#\/schema\/person\/8332a3e63b017fea8fcd17e9c0f96bf1"},"headline":"\u00c9vkezd\u0151 Cifra T\u00e1nch\u00e1z Frankfurtban","datePublished":"2025-10-11T13:58:54+00:00","dateModified":"2025-10-27T14:01:18+00:00","mainEntityOfPage":{"@id":"https:\/\/buod.de\/evkezdo-cifra-tanchaz-frankfurtban\/"},"wordCount":422,"publisher":{"@id":"https:\/\/buod.de\/#organization"},"image":{"@id":"https:\/\/buod.de\/evkezdo-cifra-tanchaz-frankfurtban\/#primaryimage"},"thumbnailUrl":"https:\/\/buod.de\/wp-content\/uploads\/2025\/10\/IMG_1337-scaled.jpg","keywords":["2025"],"articleSection":["H\u00edrek"],"inLanguage":"de-DE"},{"@type":"WebPage","@id":"https:\/\/buod.de\/evkezdo-cifra-tanchaz-frankfurtban\/","url":"https:\/\/buod.de\/evkezdo-cifra-tanchaz-frankfurtban\/","name":"\u00c9vkezd\u0151 Cifra T\u00e1nch\u00e1z Frankfurtban - BUOD","isPartOf":{"@id":"https:\/\/buod.de\/#website"},"primaryImageOfPage":{"@id":"https:\/\/buod.de\/evkezdo-cifra-tanchaz-frankfurtban\/#primaryimage"},"image":{"@id":"https:\/\/buod.de\/evkezdo-cifra-tanchaz-frankfurtban\/#primaryimage"},"thumbnailUrl":"https:\/\/buod.de\/wp-content\/uploads\/2025\/10\/IMG_1337-scaled.jpg","datePublished":"2025-10-11T13:58:54+00:00","dateModified":"2025-10-27T14:01:18+00:00","breadcrumb":{"@id":"https:\/\/buod.de\/evkezdo-cifra-tanchaz-frankfurtban\/#breadcrumb"},"inLanguage":"de-DE","potentialAction":[{"@type":"ReadAction","target":["https:\/\/buod.de\/evkezdo-cifra-tanchaz-frankfurtban\/"]}]},{"@type":"ImageObject","inLanguage":"de-DE","@id":"https:\/\/buod.de\/evkezdo-cifra-tanchaz-frankfurtban\/#primaryimage","url":"https:\/\/buod.de\/wp-content\/uploads\/2025\/10\/IMG_1337-scaled.jpg","contentUrl":"https:\/\/buod.de\/wp-content\/uploads\/2025\/10\/IMG_1337-scaled.jpg","width":2560,"height":1920},{"@type":"BreadcrumbList","@id":"https:\/\/buod.de\/evkezdo-cifra-tanchaz-frankfurtban\/#breadcrumb","itemListElement":[{"@type":"ListItem","position":1,"name":"Kezd\u0151lap","item":"https:\/\/buod.de\/"},{"@type":"ListItem","position":2,"name":"\u00c9vkezd\u0151 Cifra T\u00e1nch\u00e1z Frankfurtban"}]},{"@type":"WebSite","@id":"https:\/\/buod.de\/#website","url":"https:\/\/buod.de\/","name":"BUOD","description":"Bund Ungarischer Organisationen in Deutschland","publisher":{"@id":"https:\/\/buod.de\/#organization"},"potentialAction":[{"@type":"SearchAction","target":{"@type":"EntryPoint","urlTemplate":"https:\/\/buod.de\/?s={search_term_string}"},"query-input":{"@type":"PropertyValueSpecification","valueRequired":true,"valueName":"search_term_string"}}],"inLanguage":"de-DE"},{"@type":"Organization","@id":"https:\/\/buod.de\/#organization","name":"BUOD","url":"https:\/\/buod.de\/","logo":{"@type":"ImageObject","inLanguage":"de-DE","@id":"https:\/\/buod.de\/#\/schema\/logo\/image\/","url":"https:\/\/buod.de\/wp-content\/uploads\/2024\/03\/BUOD-logo.png","contentUrl":"https:\/\/buod.de\/wp-content\/uploads\/2024\/03\/BUOD-logo.png","width":586,"height":490,"caption":"BUOD"},"image":{"@id":"https:\/\/buod.de\/#\/schema\/logo\/image\/"},"sameAs":["https:\/\/www.facebook.com\/profile.php?id=100082185652397"]},{"@type":"Person","@id":"https:\/\/buod.de\/#\/schema\/person\/8332a3e63b017fea8fcd17e9c0f96bf1","name":"Gery V\u00e1rkonyi","image":{"@type":"ImageObject","inLanguage":"de-DE","@id":"https:\/\/secure.gravatar.com\/avatar\/c1babe7dc68f065be4ec606c522172804715398688c78c6fffca3888b364e934?s=96&d=mm&r=g","url":"https:\/\/secure.gravatar.com\/avatar\/c1babe7dc68f065be4ec606c522172804715398688c78c6fffca3888b364e934?s=96&d=mm&r=g","contentUrl":"https:\/\/secure.gravatar.com\/avatar\/c1babe7dc68f065be4ec606c522172804715398688c78c6fffca3888b364e934?s=96&d=mm&r=g","caption":"Gery V\u00e1rkonyi"},"url":"https:\/\/buod.de\/de\/author\/geryvarkonyi\/"}]}},"_links":{"self":[{"href":"https:\/\/buod.de\/de\/wp-json\/wp\/v2\/posts\/11769","targetHints":{"allow":["GET"]}}],"collection":[{"href":"https:\/\/buod.de\/de\/wp-json\/wp\/v2\/posts"}],"about":[{"href":"https:\/\/buod.de\/de\/wp-json\/wp\/v2\/types\/post"}],"author":[{"embeddable":true,"href":"https:\/\/buod.de\/de\/wp-json\/wp\/v2\/users\/4"}],"replies":[{"embeddable":true,"href":"https:\/\/buod.de\/de\/wp-json\/wp\/v2\/comments?post=11769"}],"version-history":[{"count":1,"href":"https:\/\/buod.de\/de\/wp-json\/wp\/v2\/posts\/11769\/revisions"}],"predecessor-version":[{"id":11773,"href":"https:\/\/buod.de\/de\/wp-json\/wp\/v2\/posts\/11769\/revisions\/11773"}],"wp:featuredmedia":[{"embeddable":true,"href":"https:\/\/buod.de\/de\/wp-json\/wp\/v2\/media\/11772"}],"wp:attachment":[{"href":"https:\/\/buod.de\/de\/wp-json\/wp\/v2\/media?parent=11769"}],"wp:term":[{"taxonomy":"category","embeddable":true,"href":"https:\/\/buod.de\/de\/wp-json\/wp\/v2\/categories?post=11769"},{"taxonomy":"post_tag","embeddable":true,"href":"https:\/\/buod.de\/de\/wp-json\/wp\/v2\/tags?post=11769"}],"curies":[{"name":"wp","href":"https:\/\/api.w.org\/{rel}","templated":true}]}}