{"id":11783,"date":"2025-10-27T08:11:35","date_gmt":"2025-10-27T06:11:35","guid":{"rendered":"https:\/\/buod.de\/?p=11783"},"modified":"2025-10-29T09:11:38","modified_gmt":"2025-10-29T07:11:38","slug":"duna-tv-beszamolo-a-magyar-diaszpora-tanacsrol","status":"publish","type":"post","link":"https:\/\/buod.de\/de\/duna-tv-beszamolo-a-magyar-diaszpora-tanacsrol\/","title":{"rendered":"Duna TV besz\u00e1mol\u00f3 a Magyar Diaszp\u00f3ra Tan\u00e1csr\u00f3l"},"content":{"rendered":"<p>Kedves Mindny\u00e1jan!<\/p>\n\n\n\n<p>Itt a link a Duna TV idei Magyar Diaszp\u00f3ra Tan\u00e1cs besz\u00e1mol\u00f3j\u00e1hoz, melyet a BUOD honlapj\u00e1n is megtal\u00e1ltok:<\/p>\n\n\n\n<figure class=\"wp-block-embed is-type-video is-provider-youtube wp-block-embed-youtube wp-embed-aspect-16-9 wp-has-aspect-ratio\"><div class=\"wp-block-embed__wrapper\">\n<iframe loading=\"lazy\" title=\"2025.10.23: 5 kontinens 1 nemzet; Magyar Diaszp\u00f3ra Tan\u00e1cs Budapesten\" width=\"500\" height=\"281\" src=\"https:\/\/www.youtube.com\/embed\/_xPcPINYo2M?feature=oembed\" frameborder=\"0\" allow=\"accelerometer; autoplay; clipboard-write; encrypted-media; gyroscope; picture-in-picture; web-share\" referrerpolicy=\"strict-origin-when-cross-origin\" allowfullscreen><\/iframe>\n<\/div><\/figure>\n\n\n\n<p>Bar\u00e1ts\u00e1ggal \u00fcdv\u00f6z\u00f6llek Titeket &#8211; Kori<\/p>","protected":false},"excerpt":{"rendered":"<p>Kedves Mindny\u00e1jan! Itt a link a Duna TV idei Magyar Diaszp\u00f3ra Tan\u00e1cs besz\u00e1mol\u00f3j\u00e1hoz, melyet a BUOD honlapj\u00e1n is megtal\u00e1ltok: Bar\u00e1ts\u00e1ggal \u00fcdv\u00f6z\u00f6llek Titeket &#8211; Kori<\/p>","protected":false},"author":4,"featured_media":0,"comment_status":"closed","ping_status":"","sticky":false,"template":"","format":"standard","meta":{"footnotes":""},"categories":[17],"tags":[23],"class_list":["post-11783","post","type-post","status-publish","format-standard","hentry","category-hirek","tag-23"],"yoast_head":"<!-- This site is optimized with the Yoast SEO plugin v27.5 - https:\/\/yoast.com\/product\/yoast-seo-wordpress\/ -->\n<title>Duna TV besz\u00e1mol\u00f3 a Magyar Diaszp\u00f3ra Tan\u00e1csr\u00f3l - BUOD<\/title>\n<meta name=\"robots\" content=\"index, follow, max-snippet:-1, max-image-preview:large, max-video-preview:-1\" \/>\n<link rel=\"canonical\" href=\"https:\/\/buod.de\/de\/duna-tv-beszamolo-a-magyar-diaszpora-tanacsrol\/\" \/>\n<meta property=\"og:locale\" content=\"de_DE\" \/>\n<meta property=\"og:type\" content=\"article\" \/>\n<meta property=\"og:title\" content=\"Duna TV besz\u00e1mol\u00f3 a Magyar Diaszp\u00f3ra Tan\u00e1csr\u00f3l - BUOD\" \/>\n<meta property=\"og:description\" content=\"Kedves Mindny\u00e1jan! Itt a link a Duna TV idei Magyar Diaszp\u00f3ra Tan\u00e1cs besz\u00e1mol\u00f3j\u00e1hoz, melyet a BUOD honlapj\u00e1n is megtal\u00e1ltok: Bar\u00e1ts\u00e1ggal \u00fcdv\u00f6z\u00f6llek Titeket &#8211; Kori\" \/>\n<meta property=\"og:url\" content=\"https:\/\/buod.de\/de\/duna-tv-beszamolo-a-magyar-diaszpora-tanacsrol\/\" \/>\n<meta property=\"og:site_name\" content=\"BUOD\" \/>\n<meta property=\"article:publisher\" content=\"https:\/\/www.facebook.com\/profile.php?id=100082185652397\" \/>\n<meta property=\"article:published_time\" content=\"2025-10-27T06:11:35+00:00\" \/>\n<meta property=\"article:modified_time\" content=\"2025-10-29T07:11:38+00:00\" \/>\n<meta name=\"author\" content=\"Gery V\u00e1rkonyi\" \/>\n<meta name=\"twitter:card\" content=\"summary_large_image\" \/>\n<meta name=\"twitter:label1\" content=\"Written by\" \/>\n\t<meta name=\"twitter:data1\" content=\"Gery V\u00e1rkonyi\" \/>\n<script type=\"application\/ld+json\" class=\"yoast-schema-graph\">{\"@context\":\"https:\\\/\\\/schema.org\",\"@graph\":[{\"@type\":\"Article\",\"@id\":\"https:\\\/\\\/buod.de\\\/duna-tv-beszamolo-a-magyar-diaszpora-tanacsrol\\\/#article\",\"isPartOf\":{\"@id\":\"https:\\\/\\\/buod.de\\\/duna-tv-beszamolo-a-magyar-diaszpora-tanacsrol\\\/\"},\"author\":{\"name\":\"Gery V\u00e1rkonyi\",\"@id\":\"https:\\\/\\\/buod.de\\\/#\\\/schema\\\/person\\\/8332a3e63b017fea8fcd17e9c0f96bf1\"},\"headline\":\"Duna TV besz\u00e1mol\u00f3 a Magyar Diaszp\u00f3ra Tan\u00e1csr\u00f3l\",\"datePublished\":\"2025-10-27T06:11:35+00:00\",\"dateModified\":\"2025-10-29T07:11:38+00:00\",\"mainEntityOfPage\":{\"@id\":\"https:\\\/\\\/buod.de\\\/duna-tv-beszamolo-a-magyar-diaszpora-tanacsrol\\\/\"},\"wordCount\":52,\"publisher\":{\"@id\":\"https:\\\/\\\/buod.de\\\/#organization\"},\"keywords\":[\"2025\"],\"articleSection\":[\"H\u00edrek\"],\"inLanguage\":\"de-DE\"},{\"@type\":\"WebPage\",\"@id\":\"https:\\\/\\\/buod.de\\\/duna-tv-beszamolo-a-magyar-diaszpora-tanacsrol\\\/\",\"url\":\"https:\\\/\\\/buod.de\\\/duna-tv-beszamolo-a-magyar-diaszpora-tanacsrol\\\/\",\"name\":\"Duna TV besz\u00e1mol\u00f3 a Magyar Diaszp\u00f3ra Tan\u00e1csr\u00f3l - BUOD\",\"isPartOf\":{\"@id\":\"https:\\\/\\\/buod.de\\\/#website\"},\"datePublished\":\"2025-10-27T06:11:35+00:00\",\"dateModified\":\"2025-10-29T07:11:38+00:00\",\"breadcrumb\":{\"@id\":\"https:\\\/\\\/buod.de\\\/duna-tv-beszamolo-a-magyar-diaszpora-tanacsrol\\\/#breadcrumb\"},\"inLanguage\":\"de-DE\",\"potentialAction\":[{\"@type\":\"ReadAction\",\"target\":[\"https:\\\/\\\/buod.de\\\/duna-tv-beszamolo-a-magyar-diaszpora-tanacsrol\\\/\"]}]},{\"@type\":\"BreadcrumbList\",\"@id\":\"https:\\\/\\\/buod.de\\\/duna-tv-beszamolo-a-magyar-diaszpora-tanacsrol\\\/#breadcrumb\",\"itemListElement\":[{\"@type\":\"ListItem\",\"position\":1,\"name\":\"Kezd\u0151lap\",\"item\":\"https:\\\/\\\/buod.de\\\/\"},{\"@type\":\"ListItem\",\"position\":2,\"name\":\"Duna TV besz\u00e1mol\u00f3 a Magyar Diaszp\u00f3ra Tan\u00e1csr\u00f3l\"}]},{\"@type\":\"WebSite\",\"@id\":\"https:\\\/\\\/buod.de\\\/#website\",\"url\":\"https:\\\/\\\/buod.de\\\/\",\"name\":\"BUOD\",\"description\":\"Bund Ungarischer Organisationen in Deutschland\",\"publisher\":{\"@id\":\"https:\\\/\\\/buod.de\\\/#organization\"},\"potentialAction\":[{\"@type\":\"SearchAction\",\"target\":{\"@type\":\"EntryPoint\",\"urlTemplate\":\"https:\\\/\\\/buod.de\\\/?s={search_term_string}\"},\"query-input\":{\"@type\":\"PropertyValueSpecification\",\"valueRequired\":true,\"valueName\":\"search_term_string\"}}],\"inLanguage\":\"de-DE\"},{\"@type\":\"Organization\",\"@id\":\"https:\\\/\\\/buod.de\\\/#organization\",\"name\":\"BUOD\",\"url\":\"https:\\\/\\\/buod.de\\\/\",\"logo\":{\"@type\":\"ImageObject\",\"inLanguage\":\"de-DE\",\"@id\":\"https:\\\/\\\/buod.de\\\/#\\\/schema\\\/logo\\\/image\\\/\",\"url\":\"https:\\\/\\\/buod.de\\\/wp-content\\\/uploads\\\/2024\\\/03\\\/BUOD-logo.png\",\"contentUrl\":\"https:\\\/\\\/buod.de\\\/wp-content\\\/uploads\\\/2024\\\/03\\\/BUOD-logo.png\",\"width\":586,\"height\":490,\"caption\":\"BUOD\"},\"image\":{\"@id\":\"https:\\\/\\\/buod.de\\\/#\\\/schema\\\/logo\\\/image\\\/\"},\"sameAs\":[\"https:\\\/\\\/www.facebook.com\\\/profile.php?id=100082185652397\"]},{\"@type\":\"Person\",\"@id\":\"https:\\\/\\\/buod.de\\\/#\\\/schema\\\/person\\\/8332a3e63b017fea8fcd17e9c0f96bf1\",\"name\":\"Gery V\u00e1rkonyi\",\"image\":{\"@type\":\"ImageObject\",\"inLanguage\":\"de-DE\",\"@id\":\"https:\\\/\\\/secure.gravatar.com\\\/avatar\\\/c1babe7dc68f065be4ec606c522172804715398688c78c6fffca3888b364e934?s=96&d=mm&r=g\",\"url\":\"https:\\\/\\\/secure.gravatar.com\\\/avatar\\\/c1babe7dc68f065be4ec606c522172804715398688c78c6fffca3888b364e934?s=96&d=mm&r=g\",\"contentUrl\":\"https:\\\/\\\/secure.gravatar.com\\\/avatar\\\/c1babe7dc68f065be4ec606c522172804715398688c78c6fffca3888b364e934?s=96&d=mm&r=g\",\"caption\":\"Gery V\u00e1rkonyi\"},\"url\":\"https:\\\/\\\/buod.de\\\/de\\\/author\\\/geryvarkonyi\\\/\"}]}<\/script>\n<!-- \/ Yoast SEO plugin. -->","yoast_head_json":{"title":"Duna TV besz\u00e1mol\u00f3 a Magyar Diaszp\u00f3ra Tan\u00e1csr\u00f3l - BUOD","robots":{"index":"index","follow":"follow","max-snippet":"max-snippet:-1","max-image-preview":"max-image-preview:large","max-video-preview":"max-video-preview:-1"},"canonical":"https:\/\/buod.de\/de\/duna-tv-beszamolo-a-magyar-diaszpora-tanacsrol\/","og_locale":"de_DE","og_type":"article","og_title":"Duna TV besz\u00e1mol\u00f3 a Magyar Diaszp\u00f3ra Tan\u00e1csr\u00f3l - BUOD","og_description":"Kedves Mindny\u00e1jan! Itt a link a Duna TV idei Magyar Diaszp\u00f3ra Tan\u00e1cs besz\u00e1mol\u00f3j\u00e1hoz, melyet a BUOD honlapj\u00e1n is megtal\u00e1ltok: Bar\u00e1ts\u00e1ggal \u00fcdv\u00f6z\u00f6llek Titeket &#8211; Kori","og_url":"https:\/\/buod.de\/de\/duna-tv-beszamolo-a-magyar-diaszpora-tanacsrol\/","og_site_name":"BUOD","article_publisher":"https:\/\/www.facebook.com\/profile.php?id=100082185652397","article_published_time":"2025-10-27T06:11:35+00:00","article_modified_time":"2025-10-29T07:11:38+00:00","author":"Gery V\u00e1rkonyi","twitter_card":"summary_large_image","twitter_misc":{"Written by":"Gery V\u00e1rkonyi"},"schema":{"@context":"https:\/\/schema.org","@graph":[{"@type":"Article","@id":"https:\/\/buod.de\/duna-tv-beszamolo-a-magyar-diaszpora-tanacsrol\/#article","isPartOf":{"@id":"https:\/\/buod.de\/duna-tv-beszamolo-a-magyar-diaszpora-tanacsrol\/"},"author":{"name":"Gery V\u00e1rkonyi","@id":"https:\/\/buod.de\/#\/schema\/person\/8332a3e63b017fea8fcd17e9c0f96bf1"},"headline":"Duna TV besz\u00e1mol\u00f3 a Magyar Diaszp\u00f3ra Tan\u00e1csr\u00f3l","datePublished":"2025-10-27T06:11:35+00:00","dateModified":"2025-10-29T07:11:38+00:00","mainEntityOfPage":{"@id":"https:\/\/buod.de\/duna-tv-beszamolo-a-magyar-diaszpora-tanacsrol\/"},"wordCount":52,"publisher":{"@id":"https:\/\/buod.de\/#organization"},"keywords":["2025"],"articleSection":["H\u00edrek"],"inLanguage":"de-DE"},{"@type":"WebPage","@id":"https:\/\/buod.de\/duna-tv-beszamolo-a-magyar-diaszpora-tanacsrol\/","url":"https:\/\/buod.de\/duna-tv-beszamolo-a-magyar-diaszpora-tanacsrol\/","name":"Duna TV besz\u00e1mol\u00f3 a Magyar Diaszp\u00f3ra Tan\u00e1csr\u00f3l - BUOD","isPartOf":{"@id":"https:\/\/buod.de\/#website"},"datePublished":"2025-10-27T06:11:35+00:00","dateModified":"2025-10-29T07:11:38+00:00","breadcrumb":{"@id":"https:\/\/buod.de\/duna-tv-beszamolo-a-magyar-diaszpora-tanacsrol\/#breadcrumb"},"inLanguage":"de-DE","potentialAction":[{"@type":"ReadAction","target":["https:\/\/buod.de\/duna-tv-beszamolo-a-magyar-diaszpora-tanacsrol\/"]}]},{"@type":"BreadcrumbList","@id":"https:\/\/buod.de\/duna-tv-beszamolo-a-magyar-diaszpora-tanacsrol\/#breadcrumb","itemListElement":[{"@type":"ListItem","position":1,"name":"Kezd\u0151lap","item":"https:\/\/buod.de\/"},{"@type":"ListItem","position":2,"name":"Duna TV besz\u00e1mol\u00f3 a Magyar Diaszp\u00f3ra Tan\u00e1csr\u00f3l"}]},{"@type":"WebSite","@id":"https:\/\/buod.de\/#website","url":"https:\/\/buod.de\/","name":"BUOD","description":"Bund Ungarischer Organisationen in Deutschland","publisher":{"@id":"https:\/\/buod.de\/#organization"},"potentialAction":[{"@type":"SearchAction","target":{"@type":"EntryPoint","urlTemplate":"https:\/\/buod.de\/?s={search_term_string}"},"query-input":{"@type":"PropertyValueSpecification","valueRequired":true,"valueName":"search_term_string"}}],"inLanguage":"de-DE"},{"@type":"Organization","@id":"https:\/\/buod.de\/#organization","name":"BUOD","url":"https:\/\/buod.de\/","logo":{"@type":"ImageObject","inLanguage":"de-DE","@id":"https:\/\/buod.de\/#\/schema\/logo\/image\/","url":"https:\/\/buod.de\/wp-content\/uploads\/2024\/03\/BUOD-logo.png","contentUrl":"https:\/\/buod.de\/wp-content\/uploads\/2024\/03\/BUOD-logo.png","width":586,"height":490,"caption":"BUOD"},"image":{"@id":"https:\/\/buod.de\/#\/schema\/logo\/image\/"},"sameAs":["https:\/\/www.facebook.com\/profile.php?id=100082185652397"]},{"@type":"Person","@id":"https:\/\/buod.de\/#\/schema\/person\/8332a3e63b017fea8fcd17e9c0f96bf1","name":"Gery V\u00e1rkonyi","image":{"@type":"ImageObject","inLanguage":"de-DE","@id":"https:\/\/secure.gravatar.com\/avatar\/c1babe7dc68f065be4ec606c522172804715398688c78c6fffca3888b364e934?s=96&d=mm&r=g","url":"https:\/\/secure.gravatar.com\/avatar\/c1babe7dc68f065be4ec606c522172804715398688c78c6fffca3888b364e934?s=96&d=mm&r=g","contentUrl":"https:\/\/secure.gravatar.com\/avatar\/c1babe7dc68f065be4ec606c522172804715398688c78c6fffca3888b364e934?s=96&d=mm&r=g","caption":"Gery V\u00e1rkonyi"},"url":"https:\/\/buod.de\/de\/author\/geryvarkonyi\/"}]}},"_links":{"self":[{"href":"https:\/\/buod.de\/de\/wp-json\/wp\/v2\/posts\/11783","targetHints":{"allow":["GET"]}}],"collection":[{"href":"https:\/\/buod.de\/de\/wp-json\/wp\/v2\/posts"}],"about":[{"href":"https:\/\/buod.de\/de\/wp-json\/wp\/v2\/types\/post"}],"author":[{"embeddable":true,"href":"https:\/\/buod.de\/de\/wp-json\/wp\/v2\/users\/4"}],"replies":[{"embeddable":true,"href":"https:\/\/buod.de\/de\/wp-json\/wp\/v2\/comments?post=11783"}],"version-history":[{"count":1,"href":"https:\/\/buod.de\/de\/wp-json\/wp\/v2\/posts\/11783\/revisions"}],"predecessor-version":[{"id":11784,"href":"https:\/\/buod.de\/de\/wp-json\/wp\/v2\/posts\/11783\/revisions\/11784"}],"wp:attachment":[{"href":"https:\/\/buod.de\/de\/wp-json\/wp\/v2\/media?parent=11783"}],"wp:term":[{"taxonomy":"category","embeddable":true,"href":"https:\/\/buod.de\/de\/wp-json\/wp\/v2\/categories?post=11783"},{"taxonomy":"post_tag","embeddable":true,"href":"https:\/\/buod.de\/de\/wp-json\/wp\/v2\/tags?post=11783"}],"curies":[{"name":"wp","href":"https:\/\/api.w.org\/{rel}","templated":true}]}}