{"id":11899,"date":"2025-11-06T16:47:09","date_gmt":"2025-11-06T14:47:09","guid":{"rendered":"https:\/\/buod.de\/?p=11899"},"modified":"2025-11-10T16:48:53","modified_gmt":"2025-11-10T14:48:53","slug":"nurnbergi-56-os-megemlekezes","status":"publish","type":"post","link":"https:\/\/buod.de\/de\/nurnbergi-56-os-megemlekezes\/","title":{"rendered":"N\u00fcrnbergi 56-os megeml\u00e9kez\u00e9s"},"content":{"rendered":"<p><strong>\u201eForr a dal m\u00e1r\u201d \u2013 a n\u00fcrnbergi \u201956-os megeml\u00e9kez\u00e9s<\/strong><\/p>\n\n\n\n<p>2025. okt\u00f3ber 10-\u00e9n a N\u00fcrnbergi Magyar Kult\u00faregyes\u00fclet szervez\u00e9s\u00e9ben tartott p\u00f3dium m\u0171sort T\u00f3th P\u00e9ter L\u00f3r\u00e1nt versv\u00e1ndor \u201eForr a dal m\u00e1r\u201d c\u00edmmel, megeml\u00e9kezve a pesti sr\u00e1cokr\u00f3l \u00e9s 1956-r\u00f3l.<\/p>\n\n\n\n<p>\u00c9rdekes egybees\u00e9s, hogy az egyes\u00fcletet \u00e9ppen 56 \u00e9vvel ezel\u0151tt alap\u00edtott\u00e1k \u201856-os magyarok.<\/p>\n\n\n\n<p>A megeml\u00e9kez\u00e9s kett\u0151s volt, mivel a program el\u0151tti napokban hunyt el v\u00e1ratlanul Sighisorean Valentin, az egyes\u00fclet egykori aleln\u00f6ke, a Nosztalgiaklub, a T\u0171zvir\u00e1g N\u00e9pt\u00e1nccsoport \u00e9s a katolikus k\u00f6z\u00f6ss\u00e9g oszlopos \u00e9s utols\u00f3 pillanatig akt\u00edv tagja. A Duna TV r\u00f3la k\u00e9sz\u00fclt r\u00f6vid interj\u00faj\u00e1nak levet\u00edt\u00e9s\u00e9vel id\u00e9zt\u00e9k fel \u00e9let\u00fatj\u00e1t \u00e9s a k\u00f6z\u00f6s eml\u00e9keket a programon r\u00e9sztvev\u0151k. Isten nyugosztalja!<\/p>\n\n\n\n<p>T\u00f3th P\u00e9ter L\u00f3r\u00e1nt nem egy egyszer\u0171 t\u00f6rt\u00e9nelmi el\u0151ad\u00e1sra invit\u00e1lta a hallgat\u00f3it, hanem egy szellemi id\u0151utaz\u00e1sra. Szenved\u00e9lyes \u00e9s er\u0151s \u00e1t\u00e9l\u00e9s\u00e9vel megragadta a k\u00f6z\u00f6ns\u00e9g figyelm\u00e9t \u00e9s egyenesen Budapest utc\u00e1ira r\u00e1ntotta azt. R\u00f6vid anekdot\u00e1kkal, t\u00f6rt\u00e9netekkel, vide\u00f3kkal \u00e9s a kort, esem\u00e9nyeket le\u00edr\u00f3 versekkel id\u00e9zte meg mindenki sz\u00e1m\u00e1ra, vajon mi is t\u00f6rt\u00e9nhetett \u201956-ban. Az elszavalt verseken kereszt\u00fcl megsz\u00f3lalt t\u00f6bbek k\u00f6z\u00f6tt Radn\u00f3ti Mikl\u00f3s, J\u00f3zsef Attila, Ady Endre, ezzel is m\u00e9ly\u00edtve az el\u0151ad\u00e1s \u00e9rzelmi t\u00f6ltet\u00e9t.<\/p>\n\n\n\n<p>Az el\u0151ad\u00e1st k\u00f6vet\u0151en r\u00f6vid csend \u00e1llt be, mutatva, milyen m\u00e9lyen \u00e9rintette a hallgat\u00f3kat az el\u00e9j\u00fck rakott t\u00f6m\u00e9ny \u00e9rzelem, tisztelet \u00e9s szenved\u00e9ly. Ezt a terhet k\u00f6z\u00f6sen oldott\u00e1k kis harapnival\u00f3 felett elbesz\u00e9lgetve, elgondolkodva.<\/p>\n\n\n\n<p><a href=\"https:\/\/www.korosiprogram.hu\/osztondijasaink\/jusztin-andras\">Jusztin Andr\u00e1s<\/a>, KCSP \u00f6szt\u00f6nd\u00edjas<\/p>\n\n\n\n<figure class=\"wp-block-gallery has-nested-images columns-default is-cropped wp-block-gallery-1 is-layout-flex wp-block-gallery-is-layout-flex\">\n<figure data-wp-context=\"{&quot;imageId&quot;:&quot;69f1d62c38e2d&quot;}\" data-wp-interactive=\"core\/image\" data-wp-key=\"69f1d62c38e2d\" class=\"wp-block-image size-large wp-lightbox-container\"><img loading=\"lazy\" decoding=\"async\" width=\"650\" height=\"410\" data-wp-class--hide=\"state.isContentHidden\" data-wp-class--show=\"state.isContentVisible\" data-wp-init=\"callbacks.setButtonStyles\" data-wp-on--click=\"actions.showLightbox\" data-wp-on--load=\"callbacks.setButtonStyles\" data-wp-on-window--resize=\"callbacks.setButtonStyles\" data-id=\"11903\" src=\"https:\/\/buod.de\/wp-content\/uploads\/2025\/11\/cd2f4b5c-079c-4167-ac24-903b8356bd1f.jpg\" alt=\"\" class=\"wp-image-11903\" srcset=\"https:\/\/buod.de\/wp-content\/uploads\/2025\/11\/cd2f4b5c-079c-4167-ac24-903b8356bd1f.jpg 650w, https:\/\/buod.de\/wp-content\/uploads\/2025\/11\/cd2f4b5c-079c-4167-ac24-903b8356bd1f-300x189.jpg 300w, https:\/\/buod.de\/wp-content\/uploads\/2025\/11\/cd2f4b5c-079c-4167-ac24-903b8356bd1f-18x12.jpg 18w\" sizes=\"auto, (max-width: 650px) 100vw, 650px\" \/><button\n\t\t\tclass=\"lightbox-trigger\"\n\t\t\ttype=\"button\"\n\t\t\taria-haspopup=\"dialog\"\n\t\t\taria-label=\"Enlarge\"\n\t\t\tdata-wp-init=\"callbacks.initTriggerButton\"\n\t\t\tdata-wp-on--click=\"actions.showLightbox\"\n\t\t\tdata-wp-style--right=\"state.imageButtonRight\"\n\t\t\tdata-wp-style--top=\"state.imageButtonTop\"\n\t\t>\n\t\t\t<svg xmlns=\"http:\/\/www.w3.org\/2000\/svg\" width=\"12\" height=\"12\" fill=\"none\" viewbox=\"0 0 12 12\">\n\t\t\t\t<path fill=\"#fff\" d=\"M2 0a2 2 0 0 0-2 2v2h1.5V2a.5.5 0 0 1 .5-.5h2V0H2Zm2 10.5H2a.5.5 0 0 1-.5-.5V8H0v2a2 2 0 0 0 2 2h2v-1.5ZM8 12v-1.5h2a.5.5 0 0 0 .5-.5V8H12v2a2 2 0 0 1-2 2H8Zm2-12a2 2 0 0 1 2 2v2h-1.5V2a.5.5 0 0 0-.5-.5H8V0h2Z\" \/>\n\t\t\t<\/svg>\n\t\t<\/button><\/figure>\n\n\n\n<figure data-wp-context=\"{&quot;imageId&quot;:&quot;69f1d62c399fd&quot;}\" data-wp-interactive=\"core\/image\" data-wp-key=\"69f1d62c399fd\" class=\"wp-block-image size-large wp-lightbox-container\"><img loading=\"lazy\" decoding=\"async\" width=\"650\" height=\"388\" data-wp-class--hide=\"state.isContentHidden\" data-wp-class--show=\"state.isContentVisible\" data-wp-init=\"callbacks.setButtonStyles\" data-wp-on--click=\"actions.showLightbox\" data-wp-on--load=\"callbacks.setButtonStyles\" data-wp-on-window--resize=\"callbacks.setButtonStyles\" data-id=\"11902\" src=\"https:\/\/buod.de\/wp-content\/uploads\/2025\/11\/41e45f83-40ed-41ae-ab6e-28055c3847b1.jpeg\" alt=\"\" class=\"wp-image-11902\" srcset=\"https:\/\/buod.de\/wp-content\/uploads\/2025\/11\/41e45f83-40ed-41ae-ab6e-28055c3847b1.jpeg 650w, https:\/\/buod.de\/wp-content\/uploads\/2025\/11\/41e45f83-40ed-41ae-ab6e-28055c3847b1-300x179.jpeg 300w, https:\/\/buod.de\/wp-content\/uploads\/2025\/11\/41e45f83-40ed-41ae-ab6e-28055c3847b1-18x12.jpeg 18w\" sizes=\"auto, (max-width: 650px) 100vw, 650px\" \/><button\n\t\t\tclass=\"lightbox-trigger\"\n\t\t\ttype=\"button\"\n\t\t\taria-haspopup=\"dialog\"\n\t\t\taria-label=\"Enlarge\"\n\t\t\tdata-wp-init=\"callbacks.initTriggerButton\"\n\t\t\tdata-wp-on--click=\"actions.showLightbox\"\n\t\t\tdata-wp-style--right=\"state.imageButtonRight\"\n\t\t\tdata-wp-style--top=\"state.imageButtonTop\"\n\t\t>\n\t\t\t<svg xmlns=\"http:\/\/www.w3.org\/2000\/svg\" width=\"12\" height=\"12\" fill=\"none\" viewbox=\"0 0 12 12\">\n\t\t\t\t<path fill=\"#fff\" d=\"M2 0a2 2 0 0 0-2 2v2h1.5V2a.5.5 0 0 1 .5-.5h2V0H2Zm2 10.5H2a.5.5 0 0 1-.5-.5V8H0v2a2 2 0 0 0 2 2h2v-1.5ZM8 12v-1.5h2a.5.5 0 0 0 .5-.5V8H12v2a2 2 0 0 1-2 2H8Zm2-12a2 2 0 0 1 2 2v2h-1.5V2a.5.5 0 0 0-.5-.5H8V0h2Z\" \/>\n\t\t\t<\/svg>\n\t\t<\/button><\/figure>\n\n\n\n<figure data-wp-context=\"{&quot;imageId&quot;:&quot;69f1d62c3a4af&quot;}\" data-wp-interactive=\"core\/image\" data-wp-key=\"69f1d62c3a4af\" class=\"wp-block-image size-large wp-lightbox-container\"><img loading=\"lazy\" decoding=\"async\" width=\"634\" height=\"360\" data-wp-class--hide=\"state.isContentHidden\" data-wp-class--show=\"state.isContentVisible\" data-wp-init=\"callbacks.setButtonStyles\" data-wp-on--click=\"actions.showLightbox\" data-wp-on--load=\"callbacks.setButtonStyles\" data-wp-on-window--resize=\"callbacks.setButtonStyles\" data-id=\"11901\" src=\"https:\/\/buod.de\/wp-content\/uploads\/2025\/11\/3fb6b86b-c2d2-47dd-9af5-d2c3aff967a8.jpeg\" alt=\"\" class=\"wp-image-11901\" srcset=\"https:\/\/buod.de\/wp-content\/uploads\/2025\/11\/3fb6b86b-c2d2-47dd-9af5-d2c3aff967a8.jpeg 634w, https:\/\/buod.de\/wp-content\/uploads\/2025\/11\/3fb6b86b-c2d2-47dd-9af5-d2c3aff967a8-300x170.jpeg 300w, https:\/\/buod.de\/wp-content\/uploads\/2025\/11\/3fb6b86b-c2d2-47dd-9af5-d2c3aff967a8-18x10.jpeg 18w\" sizes=\"auto, (max-width: 634px) 100vw, 634px\" \/><button\n\t\t\tclass=\"lightbox-trigger\"\n\t\t\ttype=\"button\"\n\t\t\taria-haspopup=\"dialog\"\n\t\t\taria-label=\"Enlarge\"\n\t\t\tdata-wp-init=\"callbacks.initTriggerButton\"\n\t\t\tdata-wp-on--click=\"actions.showLightbox\"\n\t\t\tdata-wp-style--right=\"state.imageButtonRight\"\n\t\t\tdata-wp-style--top=\"state.imageButtonTop\"\n\t\t>\n\t\t\t<svg xmlns=\"http:\/\/www.w3.org\/2000\/svg\" width=\"12\" height=\"12\" fill=\"none\" viewbox=\"0 0 12 12\">\n\t\t\t\t<path fill=\"#fff\" d=\"M2 0a2 2 0 0 0-2 2v2h1.5V2a.5.5 0 0 1 .5-.5h2V0H2Zm2 10.5H2a.5.5 0 0 1-.5-.5V8H0v2a2 2 0 0 0 2 2h2v-1.5ZM8 12v-1.5h2a.5.5 0 0 0 .5-.5V8H12v2a2 2 0 0 1-2 2H8Zm2-12a2 2 0 0 1 2 2v2h-1.5V2a.5.5 0 0 0-.5-.5H8V0h2Z\" \/>\n\t\t\t<\/svg>\n\t\t<\/button><\/figure>\n\n\n\n<figure data-wp-context=\"{&quot;imageId&quot;:&quot;69f1d62c3aef1&quot;}\" data-wp-interactive=\"core\/image\" data-wp-key=\"69f1d62c3aef1\" class=\"wp-block-image size-large wp-lightbox-container\"><img loading=\"lazy\" decoding=\"async\" width=\"336\" height=\"344\" data-wp-class--hide=\"state.isContentHidden\" data-wp-class--show=\"state.isContentVisible\" data-wp-init=\"callbacks.setButtonStyles\" data-wp-on--click=\"actions.showLightbox\" data-wp-on--load=\"callbacks.setButtonStyles\" data-wp-on-window--resize=\"callbacks.setButtonStyles\" data-id=\"11900\" src=\"https:\/\/buod.de\/wp-content\/uploads\/2025\/11\/fe1d3a9b-52db-4b23-b387-58ab76b73992.jpg\" alt=\"\" class=\"wp-image-11900\" srcset=\"https:\/\/buod.de\/wp-content\/uploads\/2025\/11\/fe1d3a9b-52db-4b23-b387-58ab76b73992.jpg 336w, https:\/\/buod.de\/wp-content\/uploads\/2025\/11\/fe1d3a9b-52db-4b23-b387-58ab76b73992-293x300.jpg 293w, https:\/\/buod.de\/wp-content\/uploads\/2025\/11\/fe1d3a9b-52db-4b23-b387-58ab76b73992-12x12.jpg 12w\" sizes=\"auto, (max-width: 336px) 100vw, 336px\" \/><button\n\t\t\tclass=\"lightbox-trigger\"\n\t\t\ttype=\"button\"\n\t\t\taria-haspopup=\"dialog\"\n\t\t\taria-label=\"Enlarge\"\n\t\t\tdata-wp-init=\"callbacks.initTriggerButton\"\n\t\t\tdata-wp-on--click=\"actions.showLightbox\"\n\t\t\tdata-wp-style--right=\"state.imageButtonRight\"\n\t\t\tdata-wp-style--top=\"state.imageButtonTop\"\n\t\t>\n\t\t\t<svg xmlns=\"http:\/\/www.w3.org\/2000\/svg\" width=\"12\" height=\"12\" fill=\"none\" viewbox=\"0 0 12 12\">\n\t\t\t\t<path fill=\"#fff\" d=\"M2 0a2 2 0 0 0-2 2v2h1.5V2a.5.5 0 0 1 .5-.5h2V0H2Zm2 10.5H2a.5.5 0 0 1-.5-.5V8H0v2a2 2 0 0 0 2 2h2v-1.5ZM8 12v-1.5h2a.5.5 0 0 0 .5-.5V8H12v2a2 2 0 0 1-2 2H8Zm2-12a2 2 0 0 1 2 2v2h-1.5V2a.5.5 0 0 0-.5-.5H8V0h2Z\" \/>\n\t\t\t<\/svg>\n\t\t<\/button><\/figure>\n<\/figure>","protected":false},"excerpt":{"rendered":"<p>\u201eForr a dal m\u00e1r\u201d \u2013 a n\u00fcrnbergi \u201956-os megeml\u00e9kez\u00e9s 2025. okt\u00f3ber 10-\u00e9n a N\u00fcrnbergi Magyar Kult\u00faregyes\u00fclet szervez\u00e9s\u00e9ben tartott p\u00f3dium m\u0171sort T\u00f3th P\u00e9ter L\u00f3r\u00e1nt versv\u00e1ndor \u201eForr a dal m\u00e1r\u201d c\u00edmmel, megeml\u00e9kezve a pesti sr\u00e1cokr\u00f3l \u00e9s 1956-r\u00f3l. \u00c9rdekes egybees\u00e9s, hogy az egyes\u00fcletet \u00e9ppen 56 \u00e9vvel ezel\u0151tt alap\u00edtott\u00e1k \u201856-os magyarok. A megeml\u00e9kez\u00e9s kett\u0151s volt, mivel a program el\u0151tti [&hellip;]<\/p>\n","protected":false},"author":4,"featured_media":11902,"comment_status":"closed","ping_status":"closed","sticky":false,"template":"","format":"standard","meta":{"footnotes":""},"categories":[17],"tags":[23],"class_list":["post-11899","post","type-post","status-publish","format-standard","has-post-thumbnail","hentry","category-hirek","tag-23"],"yoast_head":"<!-- This site is optimized with the Yoast SEO plugin v27.5 - https:\/\/yoast.com\/product\/yoast-seo-wordpress\/ -->\n<title>N\u00fcrnbergi 56-os megeml\u00e9kez\u00e9s - BUOD<\/title>\n<meta name=\"robots\" content=\"index, follow, max-snippet:-1, max-image-preview:large, max-video-preview:-1\" \/>\n<link rel=\"canonical\" href=\"https:\/\/buod.de\/de\/nurnbergi-56-os-megemlekezes\/\" \/>\n<meta property=\"og:locale\" content=\"de_DE\" \/>\n<meta property=\"og:type\" content=\"article\" \/>\n<meta property=\"og:title\" content=\"N\u00fcrnbergi 56-os megeml\u00e9kez\u00e9s - BUOD\" \/>\n<meta property=\"og:description\" content=\"\u201eForr a dal m\u00e1r\u201d \u2013 a n\u00fcrnbergi \u201956-os megeml\u00e9kez\u00e9s 2025. okt\u00f3ber 10-\u00e9n a N\u00fcrnbergi Magyar Kult\u00faregyes\u00fclet szervez\u00e9s\u00e9ben tartott p\u00f3dium m\u0171sort T\u00f3th P\u00e9ter L\u00f3r\u00e1nt versv\u00e1ndor \u201eForr a dal m\u00e1r\u201d c\u00edmmel, megeml\u00e9kezve a pesti sr\u00e1cokr\u00f3l \u00e9s 1956-r\u00f3l. \u00c9rdekes egybees\u00e9s, hogy az egyes\u00fcletet \u00e9ppen 56 \u00e9vvel ezel\u0151tt alap\u00edtott\u00e1k \u201856-os magyarok. A megeml\u00e9kez\u00e9s kett\u0151s volt, mivel a program el\u0151tti [&hellip;]\" \/>\n<meta property=\"og:url\" content=\"https:\/\/buod.de\/de\/nurnbergi-56-os-megemlekezes\/\" \/>\n<meta property=\"og:site_name\" content=\"BUOD\" \/>\n<meta property=\"article:publisher\" content=\"https:\/\/www.facebook.com\/profile.php?id=100082185652397\" \/>\n<meta property=\"article:published_time\" content=\"2025-11-06T14:47:09+00:00\" \/>\n<meta property=\"article:modified_time\" content=\"2025-11-10T14:48:53+00:00\" \/>\n<meta property=\"og:image\" content=\"https:\/\/buod.de\/wp-content\/uploads\/2025\/11\/41e45f83-40ed-41ae-ab6e-28055c3847b1.jpeg\" \/>\n\t<meta property=\"og:image:width\" content=\"650\" \/>\n\t<meta property=\"og:image:height\" content=\"388\" \/>\n\t<meta property=\"og:image:type\" content=\"image\/jpeg\" \/>\n<meta name=\"author\" content=\"Gery V\u00e1rkonyi\" \/>\n<meta name=\"twitter:card\" content=\"summary_large_image\" \/>\n<meta name=\"twitter:label1\" content=\"Written by\" \/>\n\t<meta name=\"twitter:data1\" content=\"Gery V\u00e1rkonyi\" \/>\n\t<meta name=\"twitter:label2\" content=\"Est. reading time\" \/>\n\t<meta name=\"twitter:data2\" content=\"3 minutes\" \/>\n<script type=\"application\/ld+json\" class=\"yoast-schema-graph\">{\"@context\":\"https:\\\/\\\/schema.org\",\"@graph\":[{\"@type\":\"Article\",\"@id\":\"https:\\\/\\\/buod.de\\\/nurnbergi-56-os-megemlekezes\\\/#article\",\"isPartOf\":{\"@id\":\"https:\\\/\\\/buod.de\\\/nurnbergi-56-os-megemlekezes\\\/\"},\"author\":{\"name\":\"Gery V\u00e1rkonyi\",\"@id\":\"https:\\\/\\\/buod.de\\\/#\\\/schema\\\/person\\\/8332a3e63b017fea8fcd17e9c0f96bf1\"},\"headline\":\"N\u00fcrnbergi 56-os megeml\u00e9kez\u00e9s\",\"datePublished\":\"2025-11-06T14:47:09+00:00\",\"dateModified\":\"2025-11-10T14:48:53+00:00\",\"mainEntityOfPage\":{\"@id\":\"https:\\\/\\\/buod.de\\\/nurnbergi-56-os-megemlekezes\\\/\"},\"wordCount\":336,\"publisher\":{\"@id\":\"https:\\\/\\\/buod.de\\\/#organization\"},\"image\":{\"@id\":\"https:\\\/\\\/buod.de\\\/nurnbergi-56-os-megemlekezes\\\/#primaryimage\"},\"thumbnailUrl\":\"https:\\\/\\\/buod.de\\\/wp-content\\\/uploads\\\/2025\\\/11\\\/41e45f83-40ed-41ae-ab6e-28055c3847b1.jpeg\",\"keywords\":[\"2025\"],\"articleSection\":[\"H\u00edrek\"],\"inLanguage\":\"de-DE\"},{\"@type\":\"WebPage\",\"@id\":\"https:\\\/\\\/buod.de\\\/nurnbergi-56-os-megemlekezes\\\/\",\"url\":\"https:\\\/\\\/buod.de\\\/nurnbergi-56-os-megemlekezes\\\/\",\"name\":\"N\u00fcrnbergi 56-os megeml\u00e9kez\u00e9s - BUOD\",\"isPartOf\":{\"@id\":\"https:\\\/\\\/buod.de\\\/#website\"},\"primaryImageOfPage\":{\"@id\":\"https:\\\/\\\/buod.de\\\/nurnbergi-56-os-megemlekezes\\\/#primaryimage\"},\"image\":{\"@id\":\"https:\\\/\\\/buod.de\\\/nurnbergi-56-os-megemlekezes\\\/#primaryimage\"},\"thumbnailUrl\":\"https:\\\/\\\/buod.de\\\/wp-content\\\/uploads\\\/2025\\\/11\\\/41e45f83-40ed-41ae-ab6e-28055c3847b1.jpeg\",\"datePublished\":\"2025-11-06T14:47:09+00:00\",\"dateModified\":\"2025-11-10T14:48:53+00:00\",\"breadcrumb\":{\"@id\":\"https:\\\/\\\/buod.de\\\/nurnbergi-56-os-megemlekezes\\\/#breadcrumb\"},\"inLanguage\":\"de-DE\",\"potentialAction\":[{\"@type\":\"ReadAction\",\"target\":[\"https:\\\/\\\/buod.de\\\/nurnbergi-56-os-megemlekezes\\\/\"]}]},{\"@type\":\"ImageObject\",\"inLanguage\":\"de-DE\",\"@id\":\"https:\\\/\\\/buod.de\\\/nurnbergi-56-os-megemlekezes\\\/#primaryimage\",\"url\":\"https:\\\/\\\/buod.de\\\/wp-content\\\/uploads\\\/2025\\\/11\\\/41e45f83-40ed-41ae-ab6e-28055c3847b1.jpeg\",\"contentUrl\":\"https:\\\/\\\/buod.de\\\/wp-content\\\/uploads\\\/2025\\\/11\\\/41e45f83-40ed-41ae-ab6e-28055c3847b1.jpeg\",\"width\":650,\"height\":388},{\"@type\":\"BreadcrumbList\",\"@id\":\"https:\\\/\\\/buod.de\\\/nurnbergi-56-os-megemlekezes\\\/#breadcrumb\",\"itemListElement\":[{\"@type\":\"ListItem\",\"position\":1,\"name\":\"Kezd\u0151lap\",\"item\":\"https:\\\/\\\/buod.de\\\/\"},{\"@type\":\"ListItem\",\"position\":2,\"name\":\"N\u00fcrnbergi 56-os megeml\u00e9kez\u00e9s\"}]},{\"@type\":\"WebSite\",\"@id\":\"https:\\\/\\\/buod.de\\\/#website\",\"url\":\"https:\\\/\\\/buod.de\\\/\",\"name\":\"BUOD\",\"description\":\"Bund Ungarischer Organisationen in Deutschland\",\"publisher\":{\"@id\":\"https:\\\/\\\/buod.de\\\/#organization\"},\"potentialAction\":[{\"@type\":\"SearchAction\",\"target\":{\"@type\":\"EntryPoint\",\"urlTemplate\":\"https:\\\/\\\/buod.de\\\/?s={search_term_string}\"},\"query-input\":{\"@type\":\"PropertyValueSpecification\",\"valueRequired\":true,\"valueName\":\"search_term_string\"}}],\"inLanguage\":\"de-DE\"},{\"@type\":\"Organization\",\"@id\":\"https:\\\/\\\/buod.de\\\/#organization\",\"name\":\"BUOD\",\"url\":\"https:\\\/\\\/buod.de\\\/\",\"logo\":{\"@type\":\"ImageObject\",\"inLanguage\":\"de-DE\",\"@id\":\"https:\\\/\\\/buod.de\\\/#\\\/schema\\\/logo\\\/image\\\/\",\"url\":\"https:\\\/\\\/buod.de\\\/wp-content\\\/uploads\\\/2024\\\/03\\\/BUOD-logo.png\",\"contentUrl\":\"https:\\\/\\\/buod.de\\\/wp-content\\\/uploads\\\/2024\\\/03\\\/BUOD-logo.png\",\"width\":586,\"height\":490,\"caption\":\"BUOD\"},\"image\":{\"@id\":\"https:\\\/\\\/buod.de\\\/#\\\/schema\\\/logo\\\/image\\\/\"},\"sameAs\":[\"https:\\\/\\\/www.facebook.com\\\/profile.php?id=100082185652397\"]},{\"@type\":\"Person\",\"@id\":\"https:\\\/\\\/buod.de\\\/#\\\/schema\\\/person\\\/8332a3e63b017fea8fcd17e9c0f96bf1\",\"name\":\"Gery V\u00e1rkonyi\",\"image\":{\"@type\":\"ImageObject\",\"inLanguage\":\"de-DE\",\"@id\":\"https:\\\/\\\/secure.gravatar.com\\\/avatar\\\/c1babe7dc68f065be4ec606c522172804715398688c78c6fffca3888b364e934?s=96&d=mm&r=g\",\"url\":\"https:\\\/\\\/secure.gravatar.com\\\/avatar\\\/c1babe7dc68f065be4ec606c522172804715398688c78c6fffca3888b364e934?s=96&d=mm&r=g\",\"contentUrl\":\"https:\\\/\\\/secure.gravatar.com\\\/avatar\\\/c1babe7dc68f065be4ec606c522172804715398688c78c6fffca3888b364e934?s=96&d=mm&r=g\",\"caption\":\"Gery V\u00e1rkonyi\"},\"url\":\"https:\\\/\\\/buod.de\\\/de\\\/author\\\/geryvarkonyi\\\/\"}]}<\/script>\n<!-- \/ Yoast SEO plugin. -->","yoast_head_json":{"title":"N\u00fcrnbergi 56-os megeml\u00e9kez\u00e9s - BUOD","robots":{"index":"index","follow":"follow","max-snippet":"max-snippet:-1","max-image-preview":"max-image-preview:large","max-video-preview":"max-video-preview:-1"},"canonical":"https:\/\/buod.de\/de\/nurnbergi-56-os-megemlekezes\/","og_locale":"de_DE","og_type":"article","og_title":"N\u00fcrnbergi 56-os megeml\u00e9kez\u00e9s - BUOD","og_description":"\u201eForr a dal m\u00e1r\u201d \u2013 a n\u00fcrnbergi \u201956-os megeml\u00e9kez\u00e9s 2025. okt\u00f3ber 10-\u00e9n a N\u00fcrnbergi Magyar Kult\u00faregyes\u00fclet szervez\u00e9s\u00e9ben tartott p\u00f3dium m\u0171sort T\u00f3th P\u00e9ter L\u00f3r\u00e1nt versv\u00e1ndor \u201eForr a dal m\u00e1r\u201d c\u00edmmel, megeml\u00e9kezve a pesti sr\u00e1cokr\u00f3l \u00e9s 1956-r\u00f3l. \u00c9rdekes egybees\u00e9s, hogy az egyes\u00fcletet \u00e9ppen 56 \u00e9vvel ezel\u0151tt alap\u00edtott\u00e1k \u201856-os magyarok. A megeml\u00e9kez\u00e9s kett\u0151s volt, mivel a program el\u0151tti [&hellip;]","og_url":"https:\/\/buod.de\/de\/nurnbergi-56-os-megemlekezes\/","og_site_name":"BUOD","article_publisher":"https:\/\/www.facebook.com\/profile.php?id=100082185652397","article_published_time":"2025-11-06T14:47:09+00:00","article_modified_time":"2025-11-10T14:48:53+00:00","og_image":[{"width":650,"height":388,"url":"https:\/\/buod.de\/wp-content\/uploads\/2025\/11\/41e45f83-40ed-41ae-ab6e-28055c3847b1.jpeg","type":"image\/jpeg"}],"author":"Gery V\u00e1rkonyi","twitter_card":"summary_large_image","twitter_misc":{"Written by":"Gery V\u00e1rkonyi","Est. reading time":"3 minutes"},"schema":{"@context":"https:\/\/schema.org","@graph":[{"@type":"Article","@id":"https:\/\/buod.de\/nurnbergi-56-os-megemlekezes\/#article","isPartOf":{"@id":"https:\/\/buod.de\/nurnbergi-56-os-megemlekezes\/"},"author":{"name":"Gery V\u00e1rkonyi","@id":"https:\/\/buod.de\/#\/schema\/person\/8332a3e63b017fea8fcd17e9c0f96bf1"},"headline":"N\u00fcrnbergi 56-os megeml\u00e9kez\u00e9s","datePublished":"2025-11-06T14:47:09+00:00","dateModified":"2025-11-10T14:48:53+00:00","mainEntityOfPage":{"@id":"https:\/\/buod.de\/nurnbergi-56-os-megemlekezes\/"},"wordCount":336,"publisher":{"@id":"https:\/\/buod.de\/#organization"},"image":{"@id":"https:\/\/buod.de\/nurnbergi-56-os-megemlekezes\/#primaryimage"},"thumbnailUrl":"https:\/\/buod.de\/wp-content\/uploads\/2025\/11\/41e45f83-40ed-41ae-ab6e-28055c3847b1.jpeg","keywords":["2025"],"articleSection":["H\u00edrek"],"inLanguage":"de-DE"},{"@type":"WebPage","@id":"https:\/\/buod.de\/nurnbergi-56-os-megemlekezes\/","url":"https:\/\/buod.de\/nurnbergi-56-os-megemlekezes\/","name":"N\u00fcrnbergi 56-os megeml\u00e9kez\u00e9s - BUOD","isPartOf":{"@id":"https:\/\/buod.de\/#website"},"primaryImageOfPage":{"@id":"https:\/\/buod.de\/nurnbergi-56-os-megemlekezes\/#primaryimage"},"image":{"@id":"https:\/\/buod.de\/nurnbergi-56-os-megemlekezes\/#primaryimage"},"thumbnailUrl":"https:\/\/buod.de\/wp-content\/uploads\/2025\/11\/41e45f83-40ed-41ae-ab6e-28055c3847b1.jpeg","datePublished":"2025-11-06T14:47:09+00:00","dateModified":"2025-11-10T14:48:53+00:00","breadcrumb":{"@id":"https:\/\/buod.de\/nurnbergi-56-os-megemlekezes\/#breadcrumb"},"inLanguage":"de-DE","potentialAction":[{"@type":"ReadAction","target":["https:\/\/buod.de\/nurnbergi-56-os-megemlekezes\/"]}]},{"@type":"ImageObject","inLanguage":"de-DE","@id":"https:\/\/buod.de\/nurnbergi-56-os-megemlekezes\/#primaryimage","url":"https:\/\/buod.de\/wp-content\/uploads\/2025\/11\/41e45f83-40ed-41ae-ab6e-28055c3847b1.jpeg","contentUrl":"https:\/\/buod.de\/wp-content\/uploads\/2025\/11\/41e45f83-40ed-41ae-ab6e-28055c3847b1.jpeg","width":650,"height":388},{"@type":"BreadcrumbList","@id":"https:\/\/buod.de\/nurnbergi-56-os-megemlekezes\/#breadcrumb","itemListElement":[{"@type":"ListItem","position":1,"name":"Kezd\u0151lap","item":"https:\/\/buod.de\/"},{"@type":"ListItem","position":2,"name":"N\u00fcrnbergi 56-os megeml\u00e9kez\u00e9s"}]},{"@type":"WebSite","@id":"https:\/\/buod.de\/#website","url":"https:\/\/buod.de\/","name":"BUOD","description":"Bund Ungarischer Organisationen in Deutschland","publisher":{"@id":"https:\/\/buod.de\/#organization"},"potentialAction":[{"@type":"SearchAction","target":{"@type":"EntryPoint","urlTemplate":"https:\/\/buod.de\/?s={search_term_string}"},"query-input":{"@type":"PropertyValueSpecification","valueRequired":true,"valueName":"search_term_string"}}],"inLanguage":"de-DE"},{"@type":"Organization","@id":"https:\/\/buod.de\/#organization","name":"BUOD","url":"https:\/\/buod.de\/","logo":{"@type":"ImageObject","inLanguage":"de-DE","@id":"https:\/\/buod.de\/#\/schema\/logo\/image\/","url":"https:\/\/buod.de\/wp-content\/uploads\/2024\/03\/BUOD-logo.png","contentUrl":"https:\/\/buod.de\/wp-content\/uploads\/2024\/03\/BUOD-logo.png","width":586,"height":490,"caption":"BUOD"},"image":{"@id":"https:\/\/buod.de\/#\/schema\/logo\/image\/"},"sameAs":["https:\/\/www.facebook.com\/profile.php?id=100082185652397"]},{"@type":"Person","@id":"https:\/\/buod.de\/#\/schema\/person\/8332a3e63b017fea8fcd17e9c0f96bf1","name":"Gery V\u00e1rkonyi","image":{"@type":"ImageObject","inLanguage":"de-DE","@id":"https:\/\/secure.gravatar.com\/avatar\/c1babe7dc68f065be4ec606c522172804715398688c78c6fffca3888b364e934?s=96&d=mm&r=g","url":"https:\/\/secure.gravatar.com\/avatar\/c1babe7dc68f065be4ec606c522172804715398688c78c6fffca3888b364e934?s=96&d=mm&r=g","contentUrl":"https:\/\/secure.gravatar.com\/avatar\/c1babe7dc68f065be4ec606c522172804715398688c78c6fffca3888b364e934?s=96&d=mm&r=g","caption":"Gery V\u00e1rkonyi"},"url":"https:\/\/buod.de\/de\/author\/geryvarkonyi\/"}]}},"_links":{"self":[{"href":"https:\/\/buod.de\/de\/wp-json\/wp\/v2\/posts\/11899","targetHints":{"allow":["GET"]}}],"collection":[{"href":"https:\/\/buod.de\/de\/wp-json\/wp\/v2\/posts"}],"about":[{"href":"https:\/\/buod.de\/de\/wp-json\/wp\/v2\/types\/post"}],"author":[{"embeddable":true,"href":"https:\/\/buod.de\/de\/wp-json\/wp\/v2\/users\/4"}],"replies":[{"embeddable":true,"href":"https:\/\/buod.de\/de\/wp-json\/wp\/v2\/comments?post=11899"}],"version-history":[{"count":1,"href":"https:\/\/buod.de\/de\/wp-json\/wp\/v2\/posts\/11899\/revisions"}],"predecessor-version":[{"id":11904,"href":"https:\/\/buod.de\/de\/wp-json\/wp\/v2\/posts\/11899\/revisions\/11904"}],"wp:featuredmedia":[{"embeddable":true,"href":"https:\/\/buod.de\/de\/wp-json\/wp\/v2\/media\/11902"}],"wp:attachment":[{"href":"https:\/\/buod.de\/de\/wp-json\/wp\/v2\/media?parent=11899"}],"wp:term":[{"taxonomy":"category","embeddable":true,"href":"https:\/\/buod.de\/de\/wp-json\/wp\/v2\/categories?post=11899"},{"taxonomy":"post_tag","embeddable":true,"href":"https:\/\/buod.de\/de\/wp-json\/wp\/v2\/tags?post=11899"}],"curies":[{"name":"wp","href":"https:\/\/api.w.org\/{rel}","templated":true}]}}