{"id":11953,"date":"2025-11-11T10:48:15","date_gmt":"2025-11-11T08:48:15","guid":{"rendered":"https:\/\/buod.de\/?p=11953"},"modified":"2025-12-02T10:51:06","modified_gmt":"2025-12-02T08:51:06","slug":"ujra-munchenben-a-rackajam","status":"publish","type":"post","link":"https:\/\/buod.de\/de\/ujra-munchenben-a-rackajam\/","title":{"rendered":"\u00dajra M\u00fcnchenben a Rackajam"},"content":{"rendered":"<p><strong>\u201cVan \u00edgy n\u00e9ha\u201d &#8211; \u00dajra M\u00fcnchenben a Rackajam!<\/strong><\/p>\n\n\n\n<p>A m\u00fcncheni magyarok bar\u00e1ts\u00e1gos \u00e9s otthoni hangulatot id\u00e9z\u0151 szok\u00e1sa, hogy \u00f6r\u00f6mmel h\u00edvnak meg egy\u00fctteseket, zenekarokat Magyarorsz\u00e1gr\u00f3l! Aki k\u00f6z\u00fcl\u00fck megtapasztalja az itteni vend\u00e9gszeretet, h\u00e1l\u00e1t \u00e9s nyitotts\u00e1got, az a tapasztalatok \u00e9s a kialakult, tart\u00f3s kapcsolatok alapj\u00e1n sz\u00edvesen j\u00f6n! \u00cdgy ad\u00f3dott, hogy a Reg\u00f6s N\u00e9pt\u00e1ncegy\u00fcttes szervez\u00e9s\u00e9ben ism\u00e9t M\u00fcnchenben j\u00e1rt a Rackajam.<\/p>\n\n\n\n<p>Aki nem ismern\u00e9 \u0151ket, azoknak \u00e9rdemes ut\u00e1nan\u00e9zni az egy\u00fcttesnek, mert val\u00f3ban egyedi zenei st\u00edlust k\u00e9pviselnek. Nincs hasonl\u00f3 a vil\u00e1gon. A&nbsp;<a href=\"https:\/\/www.youtube.com\/watch?v=Lz6EgEfC7Aw&amp;list=RDLz6EgEfC7Aw&amp;start_radio=1\">Rackajam<\/a>&nbsp;egy k\u00fcl\u00f6nleges, magyar zenekar, akik a folk, a rock \u00e9s a blues elemeit \u00f6tv\u00f6zik egyedi \u00e9s modern hangz\u00e1ss\u00e1. A zenekart Ferenczi Gy\u00f6rgy alap\u00edtotta, aki sz\u00e1jharmonik\u00e1sk\u00e9nt \u00e9s \u00e9nekesk\u00e9nt is meghat\u00e1roz\u00f3 alakja a magyar zenei \u00e9letnek. A Rackajam zen\u00e9j\u00e9ben a n\u00e9pzenei gy\u00f6kerek \u00e9s a kort\u00e1rs v\u00e1rosi hangulat term\u00e9szetesen fon\u00f3dnak \u00f6ssze, gyakran mer\u00edtkeznek Pet\u0151fi S\u00e1ndor verseib\u0151l \u00e9s m\u00e1s irodalmi forr\u00e1sokb\u00f3l. Koncertjeiket az er\u0151teljes, energikus el\u0151ad\u00e1sm\u00f3d jellemzi \u00e9s k\u00f6zvetlen kapcsolatot \u00e1polnak a k\u00f6z\u00f6ns\u00e9ggel, azok nagy \u00f6r\u00f6m\u00e9re! A zenekar tagjai mind kiv\u00e1l\u00f3 zen\u00e9szek, akik szabadon improviz\u00e1lnak, \u00e9s nagy hangs\u00falyt fektetnek a zenei szabads\u00e1gra. A Rackajam c\u00e9lja, hogy hidat teremtsen a m\u00falt \u00e9s a jelen k\u00f6z\u00f6tt, megmutatva, hogy a magyar n\u00e9pzene \u00e9s kult\u00fara kort\u00e1rs form\u00e1ban is \u00e9l\u0151 \u00e9s izgalmas!<\/p>\n\n\n\n<p>A&nbsp;<a href=\"https:\/\/www.facebook.com\/regoes.de\">Reg\u00f6s<\/a>&nbsp;is azon dolgozik, hogy k\u00f6zel hozza az itteni magyarokhoz, n\u00e9metekhez, vagy b\u00e1rmelyik \u00e9rdekl\u0151d\u0151 nemzethez a n\u00e9pi kult\u00far\u00e1t, \u00edgy a k\u00f6z\u00f6s pont m\u00e1r kezdetekt\u0151l fogva adott volt! Mint kider\u00fclt, a Rackajam m\u00e1r j\u00e1rt Bajororsz\u00e1g f\u0151v\u00e1ros\u00e1ban, s\u0151t vannak helyi ismer\u0151s\u00f6k, akikkel r\u00e9g nem l\u00e1tott bar\u00e1tk\u00e9nt k\u00f6sz\u00f6nt\u00f6tt\u00e9k egym\u00e1st.&nbsp;<\/p>\n\n\n\n<p>A koncert k\u00fcl\u00f6nlegess\u00e9ge abban is rejlett, hogy egyszerre \u00fcnnepelt\u00e9k a helyi magyarok a Reg\u00f6s N\u00e9pt\u00e1ncegy\u00fcttes 45 \u00e9ves \u00e9s a Reg\u00f6s Magyar N\u00e9pt\u00e1nc Egyes\u00fclet 10 \u00e9ves sz\u00fclet\u00e9snapj\u00e1t! Amikor ezekre a sz\u00e1mokra gondolunk, \u00e9rdemes elfant\u00e1zi\u00e1lni azon, hogy mi az, amit mi magunk ennyi \u00e9ven \u00e1t kitart\u00f3an, sz\u00fcnetek csin\u00e1lunk. Amint elkezd \u00f6ssze\u00e1llni benn\u00fcnk a lista, \u00e9s visszaeml\u00e9ksz\u00fcnk, hogy mennyi kitart\u00e1s, hull\u00e1mv\u00f6lgy, \u00e9lm\u00e9ny \u00e9s t\u00e1mogat\u00e1s, hat\u00e1rozotts\u00e1g kellett ahhoz, hogy ez \u00edgy t\u00f6rt\u00e9njen, k\u00f6nnyen el\u00f6nthet benn\u00fcnket az elismer\u00e9s \u00e9rz\u00e9se. Sz\u00fclinaposokb\u00f3l teh\u00e1t nem volt hi\u00e1ny, f\u0151k\u00e9ppen az\u00e9rt is, mert az egy\u00fcttes vezet\u0151j\u00e9t, Bilicki Viktort is k\u00f6sz\u00f6nt\u00f6tte a k\u00f6z\u00f6ss\u00e9g.<\/p>\n\n\n\n<p>A koncert mellett t\u00e1nch\u00e1zzal \u00e9s egy kis ki\u00e1ll\u00edt\u00e1ssal is v\u00e1rta a Reg\u00f6s az \u00e9rdekl\u0151d\u0151ket. Ut\u00f3bbi keret\u00e9n bel\u00fcl ki\u00e1ll\u00edtott viseleteket, \u00e9s a Reg\u00f6s m\u00faltj\u00e1val \u00e9s jelen\u00e9vel kapcsolatos t\u00f6rt\u00e9neteket olvashattak a r\u00e9sztvev\u0151k. A t\u00e1nch\u00e1z megsz\u00f3l\u00edtotta a kicsiket \u00e9s a nagyokat is, s\u0151t, k\u00e9zm\u0171ves foglalkoz\u00e1sra is lehet\u0151s\u00e9ge volt a gyerekeknek.&nbsp;<\/p>\n\n\n\n<p>A Rackajam ism\u00e9t eml\u00e9kezetes koncertet adott, ami mostant\u00f3l ott lesz a hallgat\u00f3s\u00e1ggal. Az elhangz\u00f3 dallamok k\u00f6z\u00f6s hallgat\u00e1sa, a k\u00f6z\u00f6sen elt\u00e1ncolt l\u00e9p\u00e9sek, a magyarnyelv\u0171 besz\u00e9lget\u00e9sek, a tal\u00e1lkoz\u00e1sok, a bar\u00e1ti tekintetek \u00e9s \u00e9rint\u00e9sek mind, mind olyan l\u00e1thatatlan fonalakat sz\u0151ttek, amelyekt\u0151l v\u00e1rj\u00e1k, v\u00e1rjuk a k\u00f6vetkez\u0151 tal\u00e1lkoz\u00e1st, amik fenntartj\u00e1k a kapcsol\u00f3d\u00e1s ig\u00e9ny\u00e9t, a t\u00f6bbiek fel\u00e9 ir\u00e1nyul\u00f3 l\u00e1thatatlan figyelmet, ezzel is \u00f6sszetartva az itteniekkel \u00e9s a hazaiakkal val\u00f3 \u00e9ltet\u0151 kapcsolatot.<\/p>\n\n\n\n<p>Balogh J\u00e1nos, KCSP \u00f6szt\u00f6nd\u00edjas<\/p>\n\n\n\n<figure class=\"wp-block-gallery has-nested-images columns-default is-cropped wp-block-gallery-1 is-layout-flex wp-block-gallery-is-layout-flex\">\n<figure data-wp-context=\"{&quot;imageId&quot;:&quot;69f584b0807bd&quot;}\" data-wp-interactive=\"core\/image\" data-wp-key=\"69f584b0807bd\" class=\"wp-block-image size-large wp-lightbox-container\"><img loading=\"lazy\" decoding=\"async\" width=\"650\" height=\"374\" data-wp-class--hide=\"state.isContentHidden\" data-wp-class--show=\"state.isContentVisible\" data-wp-init=\"callbacks.setButtonStyles\" data-wp-on--click=\"actions.showLightbox\" data-wp-on--load=\"callbacks.setButtonStyles\" data-wp-on-window--resize=\"callbacks.setButtonStyles\" data-id=\"11957\" src=\"https:\/\/buod.de\/wp-content\/uploads\/2025\/12\/unknown-64.jpg\" alt=\"\" class=\"wp-image-11957\" srcset=\"https:\/\/buod.de\/wp-content\/uploads\/2025\/12\/unknown-64.jpg 650w, https:\/\/buod.de\/wp-content\/uploads\/2025\/12\/unknown-64-300x173.jpg 300w, https:\/\/buod.de\/wp-content\/uploads\/2025\/12\/unknown-64-18x10.jpg 18w\" sizes=\"auto, (max-width: 650px) 100vw, 650px\" \/><button\n\t\t\tclass=\"lightbox-trigger\"\n\t\t\ttype=\"button\"\n\t\t\taria-haspopup=\"dialog\"\n\t\t\taria-label=\"Enlarge\"\n\t\t\tdata-wp-init=\"callbacks.initTriggerButton\"\n\t\t\tdata-wp-on--click=\"actions.showLightbox\"\n\t\t\tdata-wp-style--right=\"state.imageButtonRight\"\n\t\t\tdata-wp-style--top=\"state.imageButtonTop\"\n\t\t>\n\t\t\t<svg xmlns=\"http:\/\/www.w3.org\/2000\/svg\" width=\"12\" height=\"12\" fill=\"none\" viewbox=\"0 0 12 12\">\n\t\t\t\t<path fill=\"#fff\" d=\"M2 0a2 2 0 0 0-2 2v2h1.5V2a.5.5 0 0 1 .5-.5h2V0H2Zm2 10.5H2a.5.5 0 0 1-.5-.5V8H0v2a2 2 0 0 0 2 2h2v-1.5ZM8 12v-1.5h2a.5.5 0 0 0 .5-.5V8H12v2a2 2 0 0 1-2 2H8Zm2-12a2 2 0 0 1 2 2v2h-1.5V2a.5.5 0 0 0-.5-.5H8V0h2Z\" \/>\n\t\t\t<\/svg>\n\t\t<\/button><\/figure>\n\n\n\n<figure data-wp-context=\"{&quot;imageId&quot;:&quot;69f584b0814e8&quot;}\" data-wp-interactive=\"core\/image\" data-wp-key=\"69f584b0814e8\" class=\"wp-block-image size-large wp-lightbox-container\"><img loading=\"lazy\" decoding=\"async\" width=\"650\" height=\"488\" data-wp-class--hide=\"state.isContentHidden\" data-wp-class--show=\"state.isContentVisible\" data-wp-init=\"callbacks.setButtonStyles\" data-wp-on--click=\"actions.showLightbox\" data-wp-on--load=\"callbacks.setButtonStyles\" data-wp-on-window--resize=\"callbacks.setButtonStyles\" data-id=\"11956\" src=\"https:\/\/buod.de\/wp-content\/uploads\/2025\/12\/unknown-68.jpg\" alt=\"\" class=\"wp-image-11956\" srcset=\"https:\/\/buod.de\/wp-content\/uploads\/2025\/12\/unknown-68.jpg 650w, https:\/\/buod.de\/wp-content\/uploads\/2025\/12\/unknown-68-300x225.jpg 300w, https:\/\/buod.de\/wp-content\/uploads\/2025\/12\/unknown-68-16x12.jpg 16w\" sizes=\"auto, (max-width: 650px) 100vw, 650px\" \/><button\n\t\t\tclass=\"lightbox-trigger\"\n\t\t\ttype=\"button\"\n\t\t\taria-haspopup=\"dialog\"\n\t\t\taria-label=\"Enlarge\"\n\t\t\tdata-wp-init=\"callbacks.initTriggerButton\"\n\t\t\tdata-wp-on--click=\"actions.showLightbox\"\n\t\t\tdata-wp-style--right=\"state.imageButtonRight\"\n\t\t\tdata-wp-style--top=\"state.imageButtonTop\"\n\t\t>\n\t\t\t<svg xmlns=\"http:\/\/www.w3.org\/2000\/svg\" width=\"12\" height=\"12\" fill=\"none\" viewbox=\"0 0 12 12\">\n\t\t\t\t<path fill=\"#fff\" d=\"M2 0a2 2 0 0 0-2 2v2h1.5V2a.5.5 0 0 1 .5-.5h2V0H2Zm2 10.5H2a.5.5 0 0 1-.5-.5V8H0v2a2 2 0 0 0 2 2h2v-1.5ZM8 12v-1.5h2a.5.5 0 0 0 .5-.5V8H12v2a2 2 0 0 1-2 2H8Zm2-12a2 2 0 0 1 2 2v2h-1.5V2a.5.5 0 0 0-.5-.5H8V0h2Z\" \/>\n\t\t\t<\/svg>\n\t\t<\/button><\/figure>\n\n\n\n<figure data-wp-context=\"{&quot;imageId&quot;:&quot;69f584b081f48&quot;}\" data-wp-interactive=\"core\/image\" data-wp-key=\"69f584b081f48\" class=\"wp-block-image size-large wp-lightbox-container\"><img loading=\"lazy\" decoding=\"async\" width=\"650\" height=\"488\" data-wp-class--hide=\"state.isContentHidden\" data-wp-class--show=\"state.isContentVisible\" data-wp-init=\"callbacks.setButtonStyles\" data-wp-on--click=\"actions.showLightbox\" data-wp-on--load=\"callbacks.setButtonStyles\" data-wp-on-window--resize=\"callbacks.setButtonStyles\" data-id=\"11955\" src=\"https:\/\/buod.de\/wp-content\/uploads\/2025\/12\/unknown-67.jpg\" alt=\"\" class=\"wp-image-11955\" srcset=\"https:\/\/buod.de\/wp-content\/uploads\/2025\/12\/unknown-67.jpg 650w, https:\/\/buod.de\/wp-content\/uploads\/2025\/12\/unknown-67-300x225.jpg 300w, https:\/\/buod.de\/wp-content\/uploads\/2025\/12\/unknown-67-16x12.jpg 16w\" sizes=\"auto, (max-width: 650px) 100vw, 650px\" \/><button\n\t\t\tclass=\"lightbox-trigger\"\n\t\t\ttype=\"button\"\n\t\t\taria-haspopup=\"dialog\"\n\t\t\taria-label=\"Enlarge\"\n\t\t\tdata-wp-init=\"callbacks.initTriggerButton\"\n\t\t\tdata-wp-on--click=\"actions.showLightbox\"\n\t\t\tdata-wp-style--right=\"state.imageButtonRight\"\n\t\t\tdata-wp-style--top=\"state.imageButtonTop\"\n\t\t>\n\t\t\t<svg xmlns=\"http:\/\/www.w3.org\/2000\/svg\" width=\"12\" height=\"12\" fill=\"none\" viewbox=\"0 0 12 12\">\n\t\t\t\t<path fill=\"#fff\" d=\"M2 0a2 2 0 0 0-2 2v2h1.5V2a.5.5 0 0 1 .5-.5h2V0H2Zm2 10.5H2a.5.5 0 0 1-.5-.5V8H0v2a2 2 0 0 0 2 2h2v-1.5ZM8 12v-1.5h2a.5.5 0 0 0 .5-.5V8H12v2a2 2 0 0 1-2 2H8Zm2-12a2 2 0 0 1 2 2v2h-1.5V2a.5.5 0 0 0-.5-.5H8V0h2Z\" \/>\n\t\t\t<\/svg>\n\t\t<\/button><\/figure>\n\n\n\n<figure data-wp-context=\"{&quot;imageId&quot;:&quot;69f584b082b2d&quot;}\" data-wp-interactive=\"core\/image\" data-wp-key=\"69f584b082b2d\" class=\"wp-block-image size-large wp-lightbox-container\"><img loading=\"lazy\" decoding=\"async\" width=\"650\" height=\"488\" data-wp-class--hide=\"state.isContentHidden\" data-wp-class--show=\"state.isContentVisible\" data-wp-init=\"callbacks.setButtonStyles\" data-wp-on--click=\"actions.showLightbox\" data-wp-on--load=\"callbacks.setButtonStyles\" data-wp-on-window--resize=\"callbacks.setButtonStyles\" data-id=\"11954\" src=\"https:\/\/buod.de\/wp-content\/uploads\/2025\/12\/unknown-66.jpg\" alt=\"\" class=\"wp-image-11954\" srcset=\"https:\/\/buod.de\/wp-content\/uploads\/2025\/12\/unknown-66.jpg 650w, https:\/\/buod.de\/wp-content\/uploads\/2025\/12\/unknown-66-300x225.jpg 300w, https:\/\/buod.de\/wp-content\/uploads\/2025\/12\/unknown-66-16x12.jpg 16w\" sizes=\"auto, (max-width: 650px) 100vw, 650px\" \/><button\n\t\t\tclass=\"lightbox-trigger\"\n\t\t\ttype=\"button\"\n\t\t\taria-haspopup=\"dialog\"\n\t\t\taria-label=\"Enlarge\"\n\t\t\tdata-wp-init=\"callbacks.initTriggerButton\"\n\t\t\tdata-wp-on--click=\"actions.showLightbox\"\n\t\t\tdata-wp-style--right=\"state.imageButtonRight\"\n\t\t\tdata-wp-style--top=\"state.imageButtonTop\"\n\t\t>\n\t\t\t<svg xmlns=\"http:\/\/www.w3.org\/2000\/svg\" width=\"12\" height=\"12\" fill=\"none\" viewbox=\"0 0 12 12\">\n\t\t\t\t<path fill=\"#fff\" d=\"M2 0a2 2 0 0 0-2 2v2h1.5V2a.5.5 0 0 1 .5-.5h2V0H2Zm2 10.5H2a.5.5 0 0 1-.5-.5V8H0v2a2 2 0 0 0 2 2h2v-1.5ZM8 12v-1.5h2a.5.5 0 0 0 .5-.5V8H12v2a2 2 0 0 1-2 2H8Zm2-12a2 2 0 0 1 2 2v2h-1.5V2a.5.5 0 0 0-.5-.5H8V0h2Z\" \/>\n\t\t\t<\/svg>\n\t\t<\/button><\/figure>\n<\/figure>","protected":false},"excerpt":{"rendered":"<p>\u201cVan \u00edgy n\u00e9ha\u201d &#8211; \u00dajra M\u00fcnchenben a Rackajam! A m\u00fcncheni magyarok bar\u00e1ts\u00e1gos \u00e9s otthoni hangulatot id\u00e9z\u0151 szok\u00e1sa, hogy \u00f6r\u00f6mmel h\u00edvnak meg egy\u00fctteseket, zenekarokat Magyarorsz\u00e1gr\u00f3l! Aki k\u00f6z\u00fcl\u00fck megtapasztalja az itteni vend\u00e9gszeretet, h\u00e1l\u00e1t \u00e9s nyitotts\u00e1got, az a tapasztalatok \u00e9s a kialakult, tart\u00f3s kapcsolatok alapj\u00e1n sz\u00edvesen j\u00f6n! \u00cdgy ad\u00f3dott, hogy a Reg\u00f6s N\u00e9pt\u00e1ncegy\u00fcttes szervez\u00e9s\u00e9ben ism\u00e9t M\u00fcnchenben j\u00e1rt a [&hellip;]<\/p>\n","protected":false},"author":4,"featured_media":11957,"comment_status":"closed","ping_status":"closed","sticky":false,"template":"","format":"standard","meta":{"footnotes":""},"categories":[17],"tags":[23],"class_list":["post-11953","post","type-post","status-publish","format-standard","has-post-thumbnail","hentry","category-hirek","tag-23"],"yoast_head":"<!-- This site is optimized with the Yoast SEO plugin v27.5 - https:\/\/yoast.com\/product\/yoast-seo-wordpress\/ -->\n<title>\u00dajra M\u00fcnchenben a Rackajam - BUOD<\/title>\n<meta name=\"robots\" content=\"index, follow, max-snippet:-1, max-image-preview:large, max-video-preview:-1\" \/>\n<link rel=\"canonical\" href=\"https:\/\/buod.de\/de\/ujra-munchenben-a-rackajam\/\" \/>\n<meta property=\"og:locale\" content=\"de_DE\" \/>\n<meta property=\"og:type\" content=\"article\" \/>\n<meta property=\"og:title\" content=\"\u00dajra M\u00fcnchenben a Rackajam - BUOD\" \/>\n<meta property=\"og:description\" content=\"\u201cVan \u00edgy n\u00e9ha\u201d &#8211; \u00dajra M\u00fcnchenben a Rackajam! A m\u00fcncheni magyarok bar\u00e1ts\u00e1gos \u00e9s otthoni hangulatot id\u00e9z\u0151 szok\u00e1sa, hogy \u00f6r\u00f6mmel h\u00edvnak meg egy\u00fctteseket, zenekarokat Magyarorsz\u00e1gr\u00f3l! Aki k\u00f6z\u00fcl\u00fck megtapasztalja az itteni vend\u00e9gszeretet, h\u00e1l\u00e1t \u00e9s nyitotts\u00e1got, az a tapasztalatok \u00e9s a kialakult, tart\u00f3s kapcsolatok alapj\u00e1n sz\u00edvesen j\u00f6n! \u00cdgy ad\u00f3dott, hogy a Reg\u00f6s N\u00e9pt\u00e1ncegy\u00fcttes szervez\u00e9s\u00e9ben ism\u00e9t M\u00fcnchenben j\u00e1rt a [&hellip;]\" \/>\n<meta property=\"og:url\" content=\"https:\/\/buod.de\/de\/ujra-munchenben-a-rackajam\/\" \/>\n<meta property=\"og:site_name\" content=\"BUOD\" \/>\n<meta property=\"article:publisher\" content=\"https:\/\/www.facebook.com\/profile.php?id=100082185652397\" \/>\n<meta property=\"article:published_time\" content=\"2025-11-11T08:48:15+00:00\" \/>\n<meta property=\"article:modified_time\" content=\"2025-12-02T08:51:06+00:00\" \/>\n<meta property=\"og:image\" content=\"https:\/\/buod.de\/wp-content\/uploads\/2025\/12\/unknown-64.jpg\" \/>\n\t<meta property=\"og:image:width\" content=\"650\" \/>\n\t<meta property=\"og:image:height\" content=\"374\" \/>\n\t<meta property=\"og:image:type\" content=\"image\/jpeg\" \/>\n<meta name=\"author\" content=\"Gery V\u00e1rkonyi\" \/>\n<meta name=\"twitter:card\" content=\"summary_large_image\" \/>\n<meta name=\"twitter:label1\" content=\"Written by\" \/>\n\t<meta name=\"twitter:data1\" content=\"Gery V\u00e1rkonyi\" \/>\n\t<meta name=\"twitter:label2\" content=\"Est. reading time\" \/>\n\t<meta name=\"twitter:data2\" content=\"4 minutes\" \/>\n<script type=\"application\/ld+json\" class=\"yoast-schema-graph\">{\"@context\":\"https:\\\/\\\/schema.org\",\"@graph\":[{\"@type\":\"Article\",\"@id\":\"https:\\\/\\\/buod.de\\\/ujra-munchenben-a-rackajam\\\/#article\",\"isPartOf\":{\"@id\":\"https:\\\/\\\/buod.de\\\/ujra-munchenben-a-rackajam\\\/\"},\"author\":{\"name\":\"Gery V\u00e1rkonyi\",\"@id\":\"https:\\\/\\\/buod.de\\\/#\\\/schema\\\/person\\\/8332a3e63b017fea8fcd17e9c0f96bf1\"},\"headline\":\"\u00dajra M\u00fcnchenben a Rackajam\",\"datePublished\":\"2025-11-11T08:48:15+00:00\",\"dateModified\":\"2025-12-02T08:51:06+00:00\",\"mainEntityOfPage\":{\"@id\":\"https:\\\/\\\/buod.de\\\/ujra-munchenben-a-rackajam\\\/\"},\"wordCount\":701,\"publisher\":{\"@id\":\"https:\\\/\\\/buod.de\\\/#organization\"},\"image\":{\"@id\":\"https:\\\/\\\/buod.de\\\/ujra-munchenben-a-rackajam\\\/#primaryimage\"},\"thumbnailUrl\":\"https:\\\/\\\/buod.de\\\/wp-content\\\/uploads\\\/2025\\\/12\\\/unknown-64.jpg\",\"keywords\":[\"2025\"],\"articleSection\":[\"H\u00edrek\"],\"inLanguage\":\"de-DE\"},{\"@type\":\"WebPage\",\"@id\":\"https:\\\/\\\/buod.de\\\/ujra-munchenben-a-rackajam\\\/\",\"url\":\"https:\\\/\\\/buod.de\\\/ujra-munchenben-a-rackajam\\\/\",\"name\":\"\u00dajra M\u00fcnchenben a Rackajam - BUOD\",\"isPartOf\":{\"@id\":\"https:\\\/\\\/buod.de\\\/#website\"},\"primaryImageOfPage\":{\"@id\":\"https:\\\/\\\/buod.de\\\/ujra-munchenben-a-rackajam\\\/#primaryimage\"},\"image\":{\"@id\":\"https:\\\/\\\/buod.de\\\/ujra-munchenben-a-rackajam\\\/#primaryimage\"},\"thumbnailUrl\":\"https:\\\/\\\/buod.de\\\/wp-content\\\/uploads\\\/2025\\\/12\\\/unknown-64.jpg\",\"datePublished\":\"2025-11-11T08:48:15+00:00\",\"dateModified\":\"2025-12-02T08:51:06+00:00\",\"breadcrumb\":{\"@id\":\"https:\\\/\\\/buod.de\\\/ujra-munchenben-a-rackajam\\\/#breadcrumb\"},\"inLanguage\":\"de-DE\",\"potentialAction\":[{\"@type\":\"ReadAction\",\"target\":[\"https:\\\/\\\/buod.de\\\/ujra-munchenben-a-rackajam\\\/\"]}]},{\"@type\":\"ImageObject\",\"inLanguage\":\"de-DE\",\"@id\":\"https:\\\/\\\/buod.de\\\/ujra-munchenben-a-rackajam\\\/#primaryimage\",\"url\":\"https:\\\/\\\/buod.de\\\/wp-content\\\/uploads\\\/2025\\\/12\\\/unknown-64.jpg\",\"contentUrl\":\"https:\\\/\\\/buod.de\\\/wp-content\\\/uploads\\\/2025\\\/12\\\/unknown-64.jpg\",\"width\":650,\"height\":374},{\"@type\":\"BreadcrumbList\",\"@id\":\"https:\\\/\\\/buod.de\\\/ujra-munchenben-a-rackajam\\\/#breadcrumb\",\"itemListElement\":[{\"@type\":\"ListItem\",\"position\":1,\"name\":\"Kezd\u0151lap\",\"item\":\"https:\\\/\\\/buod.de\\\/\"},{\"@type\":\"ListItem\",\"position\":2,\"name\":\"\u00dajra M\u00fcnchenben a Rackajam\"}]},{\"@type\":\"WebSite\",\"@id\":\"https:\\\/\\\/buod.de\\\/#website\",\"url\":\"https:\\\/\\\/buod.de\\\/\",\"name\":\"BUOD\",\"description\":\"Bund Ungarischer Organisationen in Deutschland\",\"publisher\":{\"@id\":\"https:\\\/\\\/buod.de\\\/#organization\"},\"potentialAction\":[{\"@type\":\"SearchAction\",\"target\":{\"@type\":\"EntryPoint\",\"urlTemplate\":\"https:\\\/\\\/buod.de\\\/?s={search_term_string}\"},\"query-input\":{\"@type\":\"PropertyValueSpecification\",\"valueRequired\":true,\"valueName\":\"search_term_string\"}}],\"inLanguage\":\"de-DE\"},{\"@type\":\"Organization\",\"@id\":\"https:\\\/\\\/buod.de\\\/#organization\",\"name\":\"BUOD\",\"url\":\"https:\\\/\\\/buod.de\\\/\",\"logo\":{\"@type\":\"ImageObject\",\"inLanguage\":\"de-DE\",\"@id\":\"https:\\\/\\\/buod.de\\\/#\\\/schema\\\/logo\\\/image\\\/\",\"url\":\"https:\\\/\\\/buod.de\\\/wp-content\\\/uploads\\\/2024\\\/03\\\/BUOD-logo.png\",\"contentUrl\":\"https:\\\/\\\/buod.de\\\/wp-content\\\/uploads\\\/2024\\\/03\\\/BUOD-logo.png\",\"width\":586,\"height\":490,\"caption\":\"BUOD\"},\"image\":{\"@id\":\"https:\\\/\\\/buod.de\\\/#\\\/schema\\\/logo\\\/image\\\/\"},\"sameAs\":[\"https:\\\/\\\/www.facebook.com\\\/profile.php?id=100082185652397\"]},{\"@type\":\"Person\",\"@id\":\"https:\\\/\\\/buod.de\\\/#\\\/schema\\\/person\\\/8332a3e63b017fea8fcd17e9c0f96bf1\",\"name\":\"Gery V\u00e1rkonyi\",\"image\":{\"@type\":\"ImageObject\",\"inLanguage\":\"de-DE\",\"@id\":\"https:\\\/\\\/secure.gravatar.com\\\/avatar\\\/c1babe7dc68f065be4ec606c522172804715398688c78c6fffca3888b364e934?s=96&d=mm&r=g\",\"url\":\"https:\\\/\\\/secure.gravatar.com\\\/avatar\\\/c1babe7dc68f065be4ec606c522172804715398688c78c6fffca3888b364e934?s=96&d=mm&r=g\",\"contentUrl\":\"https:\\\/\\\/secure.gravatar.com\\\/avatar\\\/c1babe7dc68f065be4ec606c522172804715398688c78c6fffca3888b364e934?s=96&d=mm&r=g\",\"caption\":\"Gery V\u00e1rkonyi\"},\"url\":\"https:\\\/\\\/buod.de\\\/de\\\/author\\\/geryvarkonyi\\\/\"}]}<\/script>\n<!-- \/ Yoast SEO plugin. -->","yoast_head_json":{"title":"\u00dajra M\u00fcnchenben a Rackajam - BUOD","robots":{"index":"index","follow":"follow","max-snippet":"max-snippet:-1","max-image-preview":"max-image-preview:large","max-video-preview":"max-video-preview:-1"},"canonical":"https:\/\/buod.de\/de\/ujra-munchenben-a-rackajam\/","og_locale":"de_DE","og_type":"article","og_title":"\u00dajra M\u00fcnchenben a Rackajam - BUOD","og_description":"\u201cVan \u00edgy n\u00e9ha\u201d &#8211; \u00dajra M\u00fcnchenben a Rackajam! A m\u00fcncheni magyarok bar\u00e1ts\u00e1gos \u00e9s otthoni hangulatot id\u00e9z\u0151 szok\u00e1sa, hogy \u00f6r\u00f6mmel h\u00edvnak meg egy\u00fctteseket, zenekarokat Magyarorsz\u00e1gr\u00f3l! Aki k\u00f6z\u00fcl\u00fck megtapasztalja az itteni vend\u00e9gszeretet, h\u00e1l\u00e1t \u00e9s nyitotts\u00e1got, az a tapasztalatok \u00e9s a kialakult, tart\u00f3s kapcsolatok alapj\u00e1n sz\u00edvesen j\u00f6n! \u00cdgy ad\u00f3dott, hogy a Reg\u00f6s N\u00e9pt\u00e1ncegy\u00fcttes szervez\u00e9s\u00e9ben ism\u00e9t M\u00fcnchenben j\u00e1rt a [&hellip;]","og_url":"https:\/\/buod.de\/de\/ujra-munchenben-a-rackajam\/","og_site_name":"BUOD","article_publisher":"https:\/\/www.facebook.com\/profile.php?id=100082185652397","article_published_time":"2025-11-11T08:48:15+00:00","article_modified_time":"2025-12-02T08:51:06+00:00","og_image":[{"width":650,"height":374,"url":"https:\/\/buod.de\/wp-content\/uploads\/2025\/12\/unknown-64.jpg","type":"image\/jpeg"}],"author":"Gery V\u00e1rkonyi","twitter_card":"summary_large_image","twitter_misc":{"Written by":"Gery V\u00e1rkonyi","Est. reading time":"4 minutes"},"schema":{"@context":"https:\/\/schema.org","@graph":[{"@type":"Article","@id":"https:\/\/buod.de\/ujra-munchenben-a-rackajam\/#article","isPartOf":{"@id":"https:\/\/buod.de\/ujra-munchenben-a-rackajam\/"},"author":{"name":"Gery V\u00e1rkonyi","@id":"https:\/\/buod.de\/#\/schema\/person\/8332a3e63b017fea8fcd17e9c0f96bf1"},"headline":"\u00dajra M\u00fcnchenben a Rackajam","datePublished":"2025-11-11T08:48:15+00:00","dateModified":"2025-12-02T08:51:06+00:00","mainEntityOfPage":{"@id":"https:\/\/buod.de\/ujra-munchenben-a-rackajam\/"},"wordCount":701,"publisher":{"@id":"https:\/\/buod.de\/#organization"},"image":{"@id":"https:\/\/buod.de\/ujra-munchenben-a-rackajam\/#primaryimage"},"thumbnailUrl":"https:\/\/buod.de\/wp-content\/uploads\/2025\/12\/unknown-64.jpg","keywords":["2025"],"articleSection":["H\u00edrek"],"inLanguage":"de-DE"},{"@type":"WebPage","@id":"https:\/\/buod.de\/ujra-munchenben-a-rackajam\/","url":"https:\/\/buod.de\/ujra-munchenben-a-rackajam\/","name":"\u00dajra M\u00fcnchenben a Rackajam - BUOD","isPartOf":{"@id":"https:\/\/buod.de\/#website"},"primaryImageOfPage":{"@id":"https:\/\/buod.de\/ujra-munchenben-a-rackajam\/#primaryimage"},"image":{"@id":"https:\/\/buod.de\/ujra-munchenben-a-rackajam\/#primaryimage"},"thumbnailUrl":"https:\/\/buod.de\/wp-content\/uploads\/2025\/12\/unknown-64.jpg","datePublished":"2025-11-11T08:48:15+00:00","dateModified":"2025-12-02T08:51:06+00:00","breadcrumb":{"@id":"https:\/\/buod.de\/ujra-munchenben-a-rackajam\/#breadcrumb"},"inLanguage":"de-DE","potentialAction":[{"@type":"ReadAction","target":["https:\/\/buod.de\/ujra-munchenben-a-rackajam\/"]}]},{"@type":"ImageObject","inLanguage":"de-DE","@id":"https:\/\/buod.de\/ujra-munchenben-a-rackajam\/#primaryimage","url":"https:\/\/buod.de\/wp-content\/uploads\/2025\/12\/unknown-64.jpg","contentUrl":"https:\/\/buod.de\/wp-content\/uploads\/2025\/12\/unknown-64.jpg","width":650,"height":374},{"@type":"BreadcrumbList","@id":"https:\/\/buod.de\/ujra-munchenben-a-rackajam\/#breadcrumb","itemListElement":[{"@type":"ListItem","position":1,"name":"Kezd\u0151lap","item":"https:\/\/buod.de\/"},{"@type":"ListItem","position":2,"name":"\u00dajra M\u00fcnchenben a Rackajam"}]},{"@type":"WebSite","@id":"https:\/\/buod.de\/#website","url":"https:\/\/buod.de\/","name":"BUOD","description":"Bund Ungarischer Organisationen in Deutschland","publisher":{"@id":"https:\/\/buod.de\/#organization"},"potentialAction":[{"@type":"SearchAction","target":{"@type":"EntryPoint","urlTemplate":"https:\/\/buod.de\/?s={search_term_string}"},"query-input":{"@type":"PropertyValueSpecification","valueRequired":true,"valueName":"search_term_string"}}],"inLanguage":"de-DE"},{"@type":"Organization","@id":"https:\/\/buod.de\/#organization","name":"BUOD","url":"https:\/\/buod.de\/","logo":{"@type":"ImageObject","inLanguage":"de-DE","@id":"https:\/\/buod.de\/#\/schema\/logo\/image\/","url":"https:\/\/buod.de\/wp-content\/uploads\/2024\/03\/BUOD-logo.png","contentUrl":"https:\/\/buod.de\/wp-content\/uploads\/2024\/03\/BUOD-logo.png","width":586,"height":490,"caption":"BUOD"},"image":{"@id":"https:\/\/buod.de\/#\/schema\/logo\/image\/"},"sameAs":["https:\/\/www.facebook.com\/profile.php?id=100082185652397"]},{"@type":"Person","@id":"https:\/\/buod.de\/#\/schema\/person\/8332a3e63b017fea8fcd17e9c0f96bf1","name":"Gery V\u00e1rkonyi","image":{"@type":"ImageObject","inLanguage":"de-DE","@id":"https:\/\/secure.gravatar.com\/avatar\/c1babe7dc68f065be4ec606c522172804715398688c78c6fffca3888b364e934?s=96&d=mm&r=g","url":"https:\/\/secure.gravatar.com\/avatar\/c1babe7dc68f065be4ec606c522172804715398688c78c6fffca3888b364e934?s=96&d=mm&r=g","contentUrl":"https:\/\/secure.gravatar.com\/avatar\/c1babe7dc68f065be4ec606c522172804715398688c78c6fffca3888b364e934?s=96&d=mm&r=g","caption":"Gery V\u00e1rkonyi"},"url":"https:\/\/buod.de\/de\/author\/geryvarkonyi\/"}]}},"_links":{"self":[{"href":"https:\/\/buod.de\/de\/wp-json\/wp\/v2\/posts\/11953","targetHints":{"allow":["GET"]}}],"collection":[{"href":"https:\/\/buod.de\/de\/wp-json\/wp\/v2\/posts"}],"about":[{"href":"https:\/\/buod.de\/de\/wp-json\/wp\/v2\/types\/post"}],"author":[{"embeddable":true,"href":"https:\/\/buod.de\/de\/wp-json\/wp\/v2\/users\/4"}],"replies":[{"embeddable":true,"href":"https:\/\/buod.de\/de\/wp-json\/wp\/v2\/comments?post=11953"}],"version-history":[{"count":1,"href":"https:\/\/buod.de\/de\/wp-json\/wp\/v2\/posts\/11953\/revisions"}],"predecessor-version":[{"id":11958,"href":"https:\/\/buod.de\/de\/wp-json\/wp\/v2\/posts\/11953\/revisions\/11958"}],"wp:featuredmedia":[{"embeddable":true,"href":"https:\/\/buod.de\/de\/wp-json\/wp\/v2\/media\/11957"}],"wp:attachment":[{"href":"https:\/\/buod.de\/de\/wp-json\/wp\/v2\/media?parent=11953"}],"wp:term":[{"taxonomy":"category","embeddable":true,"href":"https:\/\/buod.de\/de\/wp-json\/wp\/v2\/categories?post=11953"},{"taxonomy":"post_tag","embeddable":true,"href":"https:\/\/buod.de\/de\/wp-json\/wp\/v2\/tags?post=11953"}],"curies":[{"name":"wp","href":"https:\/\/api.w.org\/{rel}","templated":true}]}}