{"id":12124,"date":"2025-12-19T13:53:19","date_gmt":"2025-12-19T11:53:19","guid":{"rendered":"https:\/\/buod.de\/?p=12124"},"modified":"2026-01-13T13:54:06","modified_gmt":"2026-01-13T11:54:06","slug":"kelemen-hunor-levele-a-kulfoldon-elo-erdelyieknek","status":"publish","type":"post","link":"https:\/\/buod.de\/de\/kelemen-hunor-levele-a-kulfoldon-elo-erdelyieknek\/","title":{"rendered":"Kelemen Hunor levele a k\u00fclf\u00f6ld\u00f6n \u00e9l\u0151 erd\u00e9lyieknek"},"content":{"rendered":"<p>Kedves Mindny\u00e1jan!<\/p>\n\n\n\n<p>Tov\u00e1bb\u00edtjuk a Rom\u00e1niai Magyar Demokrata Sz\u00f6vets\u00e9g eln\u00f6k\u00e9nek, Kelemen Hunor \u00farnak a k\u00fclf\u00f6ld\u00f6n \u00e9l\u0151 erd\u00e9lyieknek c\u00edmzett level\u00e9t.<\/p>\n\n\n\n<p>\u00dcdv\u00f6zlettel \u2013 Klement Korn\u00e9l (Kori)<\/p>\n\n\n\n<p><\/p>\n\n\n\n<p>Kedves Bar\u00e1tom!<\/p>\n\n\n\n<p>Ismerem azt az \u00e9rz\u00e9st, amikor \u00fcnnepekkor meg\u00e9rkezik valaki t\u00e1volr\u00f3l, \u00e9s nagyobbra kell nyitni az asztalt. Sejtem, hogy neked is milyen j\u00f3 haza\u00e9rkezni, hiszen ide k\u00f6t minden: az eml\u00e9kek, az utc\u00e1k, a nyelv, a t\u00e1j, az emberek, a csal\u00e1d.<\/p>\n\n\n\n<p><strong>Id\u00e9n kar\u00e1csonykor nektek, k\u00fclf\u00f6ld\u00f6n \u00e9l\u0151knek akarunk \u00fczenni: a kar\u00e1csonyi kisfilm\u00fcnk r\u00f3latok sz\u00f3l<\/strong>. N\u00e9zd meg <a href=\"https:\/\/www.youtube.com\/watch?v=oLApTtQW1Pc\">ITT<\/a>.<\/p>\n\n\n\n<p>Az Erd\u00e9ly Hazav\u00e1r programot pedig az\u00e9rt hoztuk l\u00e9tre, hogy t\u00e1mogassunk, ha megfordul benned a hazat\u00e9r\u00e9s gondolata. T\u00f6ltsd ki a r\u00f6vid k\u00e9rd\u0151\u00edvet az erdelyhazavar.ro oldalon, \u00e9s mondd el, mi seg\u00edtene, \u00e9s mi akad\u00e1lyoz abban, hogy hazak\u00f6lt\u00f6zz. Ha seg\u00edts\u00e9g kell, h\u00edvd a honlapon megadott telefonsz\u00e1mot \u00e9s v\u00e9gigk\u00eds\u00e9r\u00fcnk a hazak\u00f6lt\u00f6z\u00e9s \u00fatj\u00e1n.<\/p>\n\n\n\n<p>Erd\u00e9ly ma is tud valamit, amire egyre nagyobb sz\u00fcks\u00e9g van a vil\u00e1gban: biztons\u00e1got \u00e9s otthonoss\u00e1got ad. Ez a sz\u00fcl\u0151f\u00f6ld\u00fcnk, ide k\u00f6t minden, \u00e9s k\u00f6zben sokat v\u00e1ltozott ez a vid\u00e9k: k\u00f3rh\u00e1zak, iskol\u00e1k, b\u00f6lcs\u0151d\u00e9k, \u00faj terek \u00e9p\u00fcltek, rendezettebb, \u00e9lhet\u0151bb, t\u00f6bb es\u00e9lyt ad\u00f3 otthon lett Erd\u00e9ly.<\/p>\n\n\n\n<p>Nem s\u00fcrget\u00fcnk, nem akarunk helyetted d\u00f6nteni. Csak szeretn\u00e9m, ha tudn\u00e1d: <strong>Erd\u00e9lyben mindig lesz helyed. Erd\u00e9ly hazav\u00e1r.<\/strong><\/p>\n\n\n\n<p>\u00d6r\u00f6mteli kar\u00e1csonyt!<\/p>\n\n\n\n<p>Kelemen Hunor<\/p>","protected":false},"excerpt":{"rendered":"<p>Kedves Mindny\u00e1jan! Tov\u00e1bb\u00edtjuk a Rom\u00e1niai Magyar Demokrata Sz\u00f6vets\u00e9g eln\u00f6k\u00e9nek, Kelemen Hunor \u00farnak a k\u00fclf\u00f6ld\u00f6n \u00e9l\u0151 erd\u00e9lyieknek c\u00edmzett level\u00e9t. \u00dcdv\u00f6zlettel \u2013 Klement Korn\u00e9l (Kori) Kedves Bar\u00e1tom! Ismerem azt az \u00e9rz\u00e9st, amikor \u00fcnnepekkor meg\u00e9rkezik valaki t\u00e1volr\u00f3l, \u00e9s nagyobbra kell nyitni az asztalt. Sejtem, hogy neked is milyen j\u00f3 haza\u00e9rkezni, hiszen ide k\u00f6t minden: az eml\u00e9kek, az utc\u00e1k, [&hellip;]<\/p>\n","protected":false},"author":4,"featured_media":0,"comment_status":"closed","ping_status":"closed","sticky":false,"template":"","format":"standard","meta":{"footnotes":""},"categories":[17],"tags":[23],"class_list":["post-12124","post","type-post","status-publish","format-standard","hentry","category-hirek","tag-23"],"yoast_head":"<!-- This site is optimized with the Yoast SEO plugin v27.5 - https:\/\/yoast.com\/product\/yoast-seo-wordpress\/ -->\n<title>Kelemen Hunor levele a k\u00fclf\u00f6ld\u00f6n \u00e9l\u0151 erd\u00e9lyieknek - BUOD<\/title>\n<meta name=\"robots\" content=\"index, follow, max-snippet:-1, max-image-preview:large, max-video-preview:-1\" \/>\n<link rel=\"canonical\" href=\"https:\/\/buod.de\/de\/kelemen-hunor-levele-a-kulfoldon-elo-erdelyieknek\/\" \/>\n<meta property=\"og:locale\" content=\"de_DE\" \/>\n<meta property=\"og:type\" content=\"article\" \/>\n<meta property=\"og:title\" content=\"Kelemen Hunor levele a k\u00fclf\u00f6ld\u00f6n \u00e9l\u0151 erd\u00e9lyieknek - BUOD\" \/>\n<meta property=\"og:description\" content=\"Kedves Mindny\u00e1jan! Tov\u00e1bb\u00edtjuk a Rom\u00e1niai Magyar Demokrata Sz\u00f6vets\u00e9g eln\u00f6k\u00e9nek, Kelemen Hunor \u00farnak a k\u00fclf\u00f6ld\u00f6n \u00e9l\u0151 erd\u00e9lyieknek c\u00edmzett level\u00e9t. \u00dcdv\u00f6zlettel \u2013 Klement Korn\u00e9l (Kori) Kedves Bar\u00e1tom! Ismerem azt az \u00e9rz\u00e9st, amikor \u00fcnnepekkor meg\u00e9rkezik valaki t\u00e1volr\u00f3l, \u00e9s nagyobbra kell nyitni az asztalt. Sejtem, hogy neked is milyen j\u00f3 haza\u00e9rkezni, hiszen ide k\u00f6t minden: az eml\u00e9kek, az utc\u00e1k, [&hellip;]\" \/>\n<meta property=\"og:url\" content=\"https:\/\/buod.de\/de\/kelemen-hunor-levele-a-kulfoldon-elo-erdelyieknek\/\" \/>\n<meta property=\"og:site_name\" content=\"BUOD\" \/>\n<meta property=\"article:publisher\" content=\"https:\/\/www.facebook.com\/profile.php?id=100082185652397\" \/>\n<meta property=\"article:published_time\" content=\"2025-12-19T11:53:19+00:00\" \/>\n<meta property=\"article:modified_time\" content=\"2026-01-13T11:54:06+00:00\" \/>\n<meta name=\"author\" content=\"Gery V\u00e1rkonyi\" \/>\n<meta name=\"twitter:card\" content=\"summary_large_image\" \/>\n<meta name=\"twitter:label1\" content=\"Written by\" \/>\n\t<meta name=\"twitter:data1\" content=\"Gery V\u00e1rkonyi\" \/>\n\t<meta name=\"twitter:label2\" content=\"Est. reading time\" \/>\n\t<meta name=\"twitter:data2\" content=\"1 minute\" \/>\n<script type=\"application\/ld+json\" class=\"yoast-schema-graph\">{\"@context\":\"https:\\\/\\\/schema.org\",\"@graph\":[{\"@type\":\"Article\",\"@id\":\"https:\\\/\\\/buod.de\\\/kelemen-hunor-levele-a-kulfoldon-elo-erdelyieknek\\\/#article\",\"isPartOf\":{\"@id\":\"https:\\\/\\\/buod.de\\\/kelemen-hunor-levele-a-kulfoldon-elo-erdelyieknek\\\/\"},\"author\":{\"name\":\"Gery V\u00e1rkonyi\",\"@id\":\"https:\\\/\\\/buod.de\\\/#\\\/schema\\\/person\\\/8332a3e63b017fea8fcd17e9c0f96bf1\"},\"headline\":\"Kelemen Hunor levele a k\u00fclf\u00f6ld\u00f6n \u00e9l\u0151 erd\u00e9lyieknek\",\"datePublished\":\"2025-12-19T11:53:19+00:00\",\"dateModified\":\"2026-01-13T11:54:06+00:00\",\"mainEntityOfPage\":{\"@id\":\"https:\\\/\\\/buod.de\\\/kelemen-hunor-levele-a-kulfoldon-elo-erdelyieknek\\\/\"},\"wordCount\":300,\"publisher\":{\"@id\":\"https:\\\/\\\/buod.de\\\/#organization\"},\"keywords\":[\"2025\"],\"articleSection\":[\"H\u00edrek\"],\"inLanguage\":\"de-DE\"},{\"@type\":\"WebPage\",\"@id\":\"https:\\\/\\\/buod.de\\\/kelemen-hunor-levele-a-kulfoldon-elo-erdelyieknek\\\/\",\"url\":\"https:\\\/\\\/buod.de\\\/kelemen-hunor-levele-a-kulfoldon-elo-erdelyieknek\\\/\",\"name\":\"Kelemen Hunor levele a k\u00fclf\u00f6ld\u00f6n \u00e9l\u0151 erd\u00e9lyieknek - BUOD\",\"isPartOf\":{\"@id\":\"https:\\\/\\\/buod.de\\\/#website\"},\"datePublished\":\"2025-12-19T11:53:19+00:00\",\"dateModified\":\"2026-01-13T11:54:06+00:00\",\"breadcrumb\":{\"@id\":\"https:\\\/\\\/buod.de\\\/kelemen-hunor-levele-a-kulfoldon-elo-erdelyieknek\\\/#breadcrumb\"},\"inLanguage\":\"de-DE\",\"potentialAction\":[{\"@type\":\"ReadAction\",\"target\":[\"https:\\\/\\\/buod.de\\\/kelemen-hunor-levele-a-kulfoldon-elo-erdelyieknek\\\/\"]}]},{\"@type\":\"BreadcrumbList\",\"@id\":\"https:\\\/\\\/buod.de\\\/kelemen-hunor-levele-a-kulfoldon-elo-erdelyieknek\\\/#breadcrumb\",\"itemListElement\":[{\"@type\":\"ListItem\",\"position\":1,\"name\":\"Kezd\u0151lap\",\"item\":\"https:\\\/\\\/buod.de\\\/\"},{\"@type\":\"ListItem\",\"position\":2,\"name\":\"Kelemen Hunor levele a k\u00fclf\u00f6ld\u00f6n \u00e9l\u0151 erd\u00e9lyieknek\"}]},{\"@type\":\"WebSite\",\"@id\":\"https:\\\/\\\/buod.de\\\/#website\",\"url\":\"https:\\\/\\\/buod.de\\\/\",\"name\":\"BUOD\",\"description\":\"Bund Ungarischer Organisationen in Deutschland\",\"publisher\":{\"@id\":\"https:\\\/\\\/buod.de\\\/#organization\"},\"potentialAction\":[{\"@type\":\"SearchAction\",\"target\":{\"@type\":\"EntryPoint\",\"urlTemplate\":\"https:\\\/\\\/buod.de\\\/?s={search_term_string}\"},\"query-input\":{\"@type\":\"PropertyValueSpecification\",\"valueRequired\":true,\"valueName\":\"search_term_string\"}}],\"inLanguage\":\"de-DE\"},{\"@type\":\"Organization\",\"@id\":\"https:\\\/\\\/buod.de\\\/#organization\",\"name\":\"BUOD\",\"url\":\"https:\\\/\\\/buod.de\\\/\",\"logo\":{\"@type\":\"ImageObject\",\"inLanguage\":\"de-DE\",\"@id\":\"https:\\\/\\\/buod.de\\\/#\\\/schema\\\/logo\\\/image\\\/\",\"url\":\"https:\\\/\\\/buod.de\\\/wp-content\\\/uploads\\\/2024\\\/03\\\/BUOD-logo.png\",\"contentUrl\":\"https:\\\/\\\/buod.de\\\/wp-content\\\/uploads\\\/2024\\\/03\\\/BUOD-logo.png\",\"width\":586,\"height\":490,\"caption\":\"BUOD\"},\"image\":{\"@id\":\"https:\\\/\\\/buod.de\\\/#\\\/schema\\\/logo\\\/image\\\/\"},\"sameAs\":[\"https:\\\/\\\/www.facebook.com\\\/profile.php?id=100082185652397\"]},{\"@type\":\"Person\",\"@id\":\"https:\\\/\\\/buod.de\\\/#\\\/schema\\\/person\\\/8332a3e63b017fea8fcd17e9c0f96bf1\",\"name\":\"Gery V\u00e1rkonyi\",\"image\":{\"@type\":\"ImageObject\",\"inLanguage\":\"de-DE\",\"@id\":\"https:\\\/\\\/secure.gravatar.com\\\/avatar\\\/c1babe7dc68f065be4ec606c522172804715398688c78c6fffca3888b364e934?s=96&d=mm&r=g\",\"url\":\"https:\\\/\\\/secure.gravatar.com\\\/avatar\\\/c1babe7dc68f065be4ec606c522172804715398688c78c6fffca3888b364e934?s=96&d=mm&r=g\",\"contentUrl\":\"https:\\\/\\\/secure.gravatar.com\\\/avatar\\\/c1babe7dc68f065be4ec606c522172804715398688c78c6fffca3888b364e934?s=96&d=mm&r=g\",\"caption\":\"Gery V\u00e1rkonyi\"},\"url\":\"https:\\\/\\\/buod.de\\\/de\\\/author\\\/geryvarkonyi\\\/\"}]}<\/script>\n<!-- \/ Yoast SEO plugin. -->","yoast_head_json":{"title":"Kelemen Hunor levele a k\u00fclf\u00f6ld\u00f6n \u00e9l\u0151 erd\u00e9lyieknek - BUOD","robots":{"index":"index","follow":"follow","max-snippet":"max-snippet:-1","max-image-preview":"max-image-preview:large","max-video-preview":"max-video-preview:-1"},"canonical":"https:\/\/buod.de\/de\/kelemen-hunor-levele-a-kulfoldon-elo-erdelyieknek\/","og_locale":"de_DE","og_type":"article","og_title":"Kelemen Hunor levele a k\u00fclf\u00f6ld\u00f6n \u00e9l\u0151 erd\u00e9lyieknek - BUOD","og_description":"Kedves Mindny\u00e1jan! Tov\u00e1bb\u00edtjuk a Rom\u00e1niai Magyar Demokrata Sz\u00f6vets\u00e9g eln\u00f6k\u00e9nek, Kelemen Hunor \u00farnak a k\u00fclf\u00f6ld\u00f6n \u00e9l\u0151 erd\u00e9lyieknek c\u00edmzett level\u00e9t. \u00dcdv\u00f6zlettel \u2013 Klement Korn\u00e9l (Kori) Kedves Bar\u00e1tom! Ismerem azt az \u00e9rz\u00e9st, amikor \u00fcnnepekkor meg\u00e9rkezik valaki t\u00e1volr\u00f3l, \u00e9s nagyobbra kell nyitni az asztalt. Sejtem, hogy neked is milyen j\u00f3 haza\u00e9rkezni, hiszen ide k\u00f6t minden: az eml\u00e9kek, az utc\u00e1k, [&hellip;]","og_url":"https:\/\/buod.de\/de\/kelemen-hunor-levele-a-kulfoldon-elo-erdelyieknek\/","og_site_name":"BUOD","article_publisher":"https:\/\/www.facebook.com\/profile.php?id=100082185652397","article_published_time":"2025-12-19T11:53:19+00:00","article_modified_time":"2026-01-13T11:54:06+00:00","author":"Gery V\u00e1rkonyi","twitter_card":"summary_large_image","twitter_misc":{"Written by":"Gery V\u00e1rkonyi","Est. reading time":"1 minute"},"schema":{"@context":"https:\/\/schema.org","@graph":[{"@type":"Article","@id":"https:\/\/buod.de\/kelemen-hunor-levele-a-kulfoldon-elo-erdelyieknek\/#article","isPartOf":{"@id":"https:\/\/buod.de\/kelemen-hunor-levele-a-kulfoldon-elo-erdelyieknek\/"},"author":{"name":"Gery V\u00e1rkonyi","@id":"https:\/\/buod.de\/#\/schema\/person\/8332a3e63b017fea8fcd17e9c0f96bf1"},"headline":"Kelemen Hunor levele a k\u00fclf\u00f6ld\u00f6n \u00e9l\u0151 erd\u00e9lyieknek","datePublished":"2025-12-19T11:53:19+00:00","dateModified":"2026-01-13T11:54:06+00:00","mainEntityOfPage":{"@id":"https:\/\/buod.de\/kelemen-hunor-levele-a-kulfoldon-elo-erdelyieknek\/"},"wordCount":300,"publisher":{"@id":"https:\/\/buod.de\/#organization"},"keywords":["2025"],"articleSection":["H\u00edrek"],"inLanguage":"de-DE"},{"@type":"WebPage","@id":"https:\/\/buod.de\/kelemen-hunor-levele-a-kulfoldon-elo-erdelyieknek\/","url":"https:\/\/buod.de\/kelemen-hunor-levele-a-kulfoldon-elo-erdelyieknek\/","name":"Kelemen Hunor levele a k\u00fclf\u00f6ld\u00f6n \u00e9l\u0151 erd\u00e9lyieknek - BUOD","isPartOf":{"@id":"https:\/\/buod.de\/#website"},"datePublished":"2025-12-19T11:53:19+00:00","dateModified":"2026-01-13T11:54:06+00:00","breadcrumb":{"@id":"https:\/\/buod.de\/kelemen-hunor-levele-a-kulfoldon-elo-erdelyieknek\/#breadcrumb"},"inLanguage":"de-DE","potentialAction":[{"@type":"ReadAction","target":["https:\/\/buod.de\/kelemen-hunor-levele-a-kulfoldon-elo-erdelyieknek\/"]}]},{"@type":"BreadcrumbList","@id":"https:\/\/buod.de\/kelemen-hunor-levele-a-kulfoldon-elo-erdelyieknek\/#breadcrumb","itemListElement":[{"@type":"ListItem","position":1,"name":"Kezd\u0151lap","item":"https:\/\/buod.de\/"},{"@type":"ListItem","position":2,"name":"Kelemen Hunor levele a k\u00fclf\u00f6ld\u00f6n \u00e9l\u0151 erd\u00e9lyieknek"}]},{"@type":"WebSite","@id":"https:\/\/buod.de\/#website","url":"https:\/\/buod.de\/","name":"BUOD","description":"Bund Ungarischer Organisationen in Deutschland","publisher":{"@id":"https:\/\/buod.de\/#organization"},"potentialAction":[{"@type":"SearchAction","target":{"@type":"EntryPoint","urlTemplate":"https:\/\/buod.de\/?s={search_term_string}"},"query-input":{"@type":"PropertyValueSpecification","valueRequired":true,"valueName":"search_term_string"}}],"inLanguage":"de-DE"},{"@type":"Organization","@id":"https:\/\/buod.de\/#organization","name":"BUOD","url":"https:\/\/buod.de\/","logo":{"@type":"ImageObject","inLanguage":"de-DE","@id":"https:\/\/buod.de\/#\/schema\/logo\/image\/","url":"https:\/\/buod.de\/wp-content\/uploads\/2024\/03\/BUOD-logo.png","contentUrl":"https:\/\/buod.de\/wp-content\/uploads\/2024\/03\/BUOD-logo.png","width":586,"height":490,"caption":"BUOD"},"image":{"@id":"https:\/\/buod.de\/#\/schema\/logo\/image\/"},"sameAs":["https:\/\/www.facebook.com\/profile.php?id=100082185652397"]},{"@type":"Person","@id":"https:\/\/buod.de\/#\/schema\/person\/8332a3e63b017fea8fcd17e9c0f96bf1","name":"Gery V\u00e1rkonyi","image":{"@type":"ImageObject","inLanguage":"de-DE","@id":"https:\/\/secure.gravatar.com\/avatar\/c1babe7dc68f065be4ec606c522172804715398688c78c6fffca3888b364e934?s=96&d=mm&r=g","url":"https:\/\/secure.gravatar.com\/avatar\/c1babe7dc68f065be4ec606c522172804715398688c78c6fffca3888b364e934?s=96&d=mm&r=g","contentUrl":"https:\/\/secure.gravatar.com\/avatar\/c1babe7dc68f065be4ec606c522172804715398688c78c6fffca3888b364e934?s=96&d=mm&r=g","caption":"Gery V\u00e1rkonyi"},"url":"https:\/\/buod.de\/de\/author\/geryvarkonyi\/"}]}},"_links":{"self":[{"href":"https:\/\/buod.de\/de\/wp-json\/wp\/v2\/posts\/12124","targetHints":{"allow":["GET"]}}],"collection":[{"href":"https:\/\/buod.de\/de\/wp-json\/wp\/v2\/posts"}],"about":[{"href":"https:\/\/buod.de\/de\/wp-json\/wp\/v2\/types\/post"}],"author":[{"embeddable":true,"href":"https:\/\/buod.de\/de\/wp-json\/wp\/v2\/users\/4"}],"replies":[{"embeddable":true,"href":"https:\/\/buod.de\/de\/wp-json\/wp\/v2\/comments?post=12124"}],"version-history":[{"count":1,"href":"https:\/\/buod.de\/de\/wp-json\/wp\/v2\/posts\/12124\/revisions"}],"predecessor-version":[{"id":12125,"href":"https:\/\/buod.de\/de\/wp-json\/wp\/v2\/posts\/12124\/revisions\/12125"}],"wp:attachment":[{"href":"https:\/\/buod.de\/de\/wp-json\/wp\/v2\/media?parent=12124"}],"wp:term":[{"taxonomy":"category","embeddable":true,"href":"https:\/\/buod.de\/de\/wp-json\/wp\/v2\/categories?post=12124"},{"taxonomy":"post_tag","embeddable":true,"href":"https:\/\/buod.de\/de\/wp-json\/wp\/v2\/tags?post=12124"}],"curies":[{"name":"wp","href":"https:\/\/api.w.org\/{rel}","templated":true}]}}