{"id":1578,"date":"2021-11-27T20:15:43","date_gmt":"2021-11-27T20:15:43","guid":{"rendered":"https:\/\/dev.buod.de\/filmajanlat-oktober-23-a-alkalmabol\/"},"modified":"2024-04-11T13:04:24","modified_gmt":"2024-04-11T13:04:24","slug":"filmajanlat-oktober-23-a-alkalmabol","status":"publish","type":"post","link":"https:\/\/buod.de\/de\/filmajanlat-oktober-23-a-alkalmabol\/","title":{"rendered":"Filmaj\u00e1nlat okt\u00f3ber 23-a alkalm\u00e1b\u00f3l"},"content":{"rendered":"<p>Leslie Mandoki fikmje az 1956-os forradalomr\u00f3l \u201eSensucht nach der Heimat\u201c \u00e9s Lars Kraume \u201eDas schweigendes Klassenzimmer\u201c.<\/p>\n<p><!--more--><\/p>\n<p><strong>Sensucht nach der Heimat ( Szabads\u00e1gv\u00e1gy)<\/strong><\/p>\n<p>\u201eA Szabads\u00e1gv\u00e1gy rendez\u0151i \u00e9s produceri feladatait ell\u00e1t\u00f3 Leslie Mandoki h\u00e1rom neves t\u00f6rt\u00e9n\u00e9sszel, az amerikai Larry Schweikarttal, a n\u00e9met Guido Knopp professzorral \u00e9s Schmidt M\u00e1ri\u00e1val, a&nbsp; Terror H\u00e1za M\u00fazeum f\u0151igazgat\u00f3j\u00e1val k\u00f6z\u00f6sen helyezi \u00faj megvil\u00e1g\u00edt\u00e1sba az 1956. okt\u00f3beri esem\u00e9nyeket, azok eg\u00e9sz Eur\u00f3pa t\u00f6rt\u00e9nelm\u00e9re tov\u00e1bbgy\u0171r\u0171z\u0151 hat\u00e1sait.<\/p>\n<p>A&nbsp; dokumentumfilmben korabeli szemtan\u00fak id\u00e9zik fel az okt\u00f3ber 23-i esem\u00e9nyeket \u00e9s az azokat k\u00f6vet\u0151 t\u00f6rt\u00e9n\u00e9seket, eml\u00e9keik k\u00f6z\u00f6tt kutakodva, \u00fajra \u00e1t\u00e9lve a forradalom \u00e1ltal kiv\u00e1ltott viharos \u00e9rzelmeket.&nbsp;<\/p>\n<p>A szemtan\u00fakon k\u00edv\u00fcl m\u00e9g sz\u00e1mos politikus \u00e9s t\u00f6rt\u00e9nelmi szem\u00e9lyis\u00e9g (t\u00f6bbek k\u00f6z\u00f6tt Mihail Gorbacsov, Bodo Hombach, Horst Teltschik, Gregor Gysi, Edmund Stoiber \u00e9s Sigmar Gabriel), Leslie Mandoki munk\u00e1ss\u00e1g\u00e1hoz k\u00f6thet\u0151 m\u0171v\u00e9sz (Peter Maffay \u00e9s Till Br\u00f6nner), valamint Charlotte Knobloch, a m\u00fcncheni \u00e9s fels\u0151-bajororsz\u00e1gi izraelita k\u00f6z\u00f6ss\u00e9gek eln\u00f6ke \u00e9s a 2019-ben meghalt Andrew G. Vajna producer is sz\u00ednes\u00edti a historikus kitekint\u00e9st.&nbsp;<br \/> A nyilatkoz\u00f3k azt is elmondj\u00e1k, hogy szerint\u00fck mit jelent az a szabads\u00e1gv\u00e1gy, ami\u00e9rt oly sokan fel\u00e1ldozt\u00e1k az \u00e9let\u00fcket, ami eg\u00e9szen 1989-ig \u00e9letben maradt, majd a vasf\u00fcgg\u00f6ny \u00e9s a berlini fal lebont\u00e1s\u00e1ban, a szabad Eur\u00f3pa megsz\u00fclet\u00e9s\u00e9ben \u00f6lt\u00f6tt testet.\u201c<\/p>\n<p><a href=\"https:\/\/bit.ly\/355jf48\"><\/a><a href=\"https:\/\/bit.ly\/355jf48\">https:\/\/bit.ly\/355jf48<\/a><\/p>\n<p><strong>Das schweigendes Klassenzimmer (A n\u00e9ma forradalom)<\/strong><\/p>\n<p>\u201eIgaz t\u00f6rt\u00e9net egy kelet-n\u00e9met oszt\u00e1lyr\u00f3l, amely ki\u00e1llt a magyar forradalm\u00e1rok mellett. 1956 okt\u00f3ber\u00e9ben p\u00e1r \u00e9retts\u00e9gi el\u0151tt \u00e1ll\u00f3 tin\u00e9dzser Nyugat-Berlinbe l\u00e1togat, ahol f\u00fcggetlen tud\u00f3s\u00edt\u00e1sokkal tal\u00e1lkoznak a budapesti esem\u00e9nyekr\u0151l. R\u00e1d\u00f6bbennek arra, hogy az otthon hallott propagand\u00e1val szemben nem ellenforradalmi zavarg\u00e1sok zajlanak Budapesten, \u00e9s hazat\u00e9rve illeg\u00e1lis r\u00e1di\u00f3ad\u00e1sokb\u00f3l igyekeznek t\u00e1j\u00e9koz\u00f3dni a magyar esem\u00e9nyekr\u0151l. Amikor az \u00e9terben bemondj\u00e1k a t\u00e9ves h\u00edrt, hogy Pusk\u00e1s \u00e1ldozatul esett a szovjet intervenci\u00f3nak, az eg\u00e9sz oszt\u00e1ly \u00fagy d\u00f6nt, hogy az egyik \u00f3r\u00e1n egy perc n\u00e9ma cs\u00f6nddel ad\u00f3znak a magyar m\u00e1rt\u00edroknak. Az eset felh\u00e1borod\u00e1st kelt az iskola vezet\u00e9s\u00e9ben, a botr\u00e1ny egyre magasabbra jut, hamarosan maga az oktat\u00e1si miniszter utazik a helysz\u00ednre, hogy a fiatal \u201eellenforradalm\u00e1rok\u201d k\u00f6rm\u00e9re n\u00e9zzen. A Berlini Nemzetk\u00f6zi Filmfesztiv\u00e1lon bemutatott A n\u00e9ma forradalom lebilincsel\u0151 mozi, amely eg\u00e9szen \u00faj szemsz\u00f6gb\u0151l mutatja be az 1956-os magyarorsz\u00e1gi forradalom hat\u00e1sait \u2013 \u00e9s egy kicsit mindazt, amit akkor a keleti blokk \u00e1t\u00e9lt.\u201c<\/p>\n<p><a href=\"https:\/\/bit.ly\/3jw4IFr\"><\/a><a href=\"https:\/\/bit.ly\/3jw4IFr\">https:\/\/bit.ly\/3jw4IFr<\/a><\/p>\n<p>\u00dcdv\u00f6zlettel<\/p>\n<p>Peters \u00c9va M\u00e1ria<\/p>","protected":false},"excerpt":{"rendered":"<p>Leslie Mandoki fikmje az 1956-os forradalomr\u00f3l \u201eSensucht nach der Heimat\u201c \u00e9s Lars Kraume \u201eDas schweigendes Klassenzimmer\u201c.<\/p>","protected":false},"author":4,"featured_media":0,"comment_status":"open","ping_status":"open","sticky":false,"template":"","format":"standard","meta":{"footnotes":""},"categories":[17],"tags":[19],"class_list":["post-1578","post","type-post","status-publish","format-standard","hentry","category-hirek","tag-19"],"yoast_head":"<!-- This site is optimized with the Yoast SEO plugin v27.5 - https:\/\/yoast.com\/product\/yoast-seo-wordpress\/ -->\n<title>Filmaj\u00e1nlat okt\u00f3ber 23-a alkalm\u00e1b\u00f3l - BUOD<\/title>\n<meta name=\"robots\" content=\"index, follow, max-snippet:-1, max-image-preview:large, max-video-preview:-1\" \/>\n<link rel=\"canonical\" href=\"https:\/\/buod.de\/de\/filmajanlat-oktober-23-a-alkalmabol\/\" \/>\n<meta property=\"og:locale\" content=\"de_DE\" \/>\n<meta property=\"og:type\" content=\"article\" \/>\n<meta property=\"og:title\" content=\"Filmaj\u00e1nlat okt\u00f3ber 23-a alkalm\u00e1b\u00f3l - BUOD\" \/>\n<meta property=\"og:description\" content=\"Leslie Mandoki fikmje az 1956-os forradalomr\u00f3l \u201eSensucht nach der Heimat\u201c \u00e9s Lars Kraume \u201eDas schweigendes Klassenzimmer\u201c.\" \/>\n<meta property=\"og:url\" content=\"https:\/\/buod.de\/de\/filmajanlat-oktober-23-a-alkalmabol\/\" \/>\n<meta property=\"og:site_name\" content=\"BUOD\" \/>\n<meta property=\"article:publisher\" content=\"https:\/\/www.facebook.com\/profile.php?id=100082185652397\" \/>\n<meta property=\"article:published_time\" content=\"2021-11-27T20:15:43+00:00\" \/>\n<meta property=\"article:modified_time\" content=\"2024-04-11T13:04:24+00:00\" \/>\n<meta name=\"author\" content=\"Gery V\u00e1rkonyi\" \/>\n<meta name=\"twitter:card\" content=\"summary_large_image\" \/>\n<meta name=\"twitter:label1\" content=\"Written by\" \/>\n\t<meta name=\"twitter:data1\" content=\"Gery V\u00e1rkonyi\" \/>\n\t<meta name=\"twitter:label2\" content=\"Est. reading time\" \/>\n\t<meta name=\"twitter:data2\" content=\"3 minutes\" \/>\n<script type=\"application\/ld+json\" class=\"yoast-schema-graph\">{\"@context\":\"https:\\\/\\\/schema.org\",\"@graph\":[{\"@type\":\"Article\",\"@id\":\"https:\\\/\\\/buod.de\\\/filmajanlat-oktober-23-a-alkalmabol\\\/#article\",\"isPartOf\":{\"@id\":\"https:\\\/\\\/buod.de\\\/filmajanlat-oktober-23-a-alkalmabol\\\/\"},\"author\":{\"name\":\"Gery V\u00e1rkonyi\",\"@id\":\"https:\\\/\\\/buod.de\\\/#\\\/schema\\\/person\\\/8332a3e63b017fea8fcd17e9c0f96bf1\"},\"headline\":\"Filmaj\u00e1nlat okt\u00f3ber 23-a alkalm\u00e1b\u00f3l\",\"datePublished\":\"2021-11-27T20:15:43+00:00\",\"dateModified\":\"2024-04-11T13:04:24+00:00\",\"mainEntityOfPage\":{\"@id\":\"https:\\\/\\\/buod.de\\\/filmajanlat-oktober-23-a-alkalmabol\\\/\"},\"wordCount\":519,\"commentCount\":0,\"publisher\":{\"@id\":\"https:\\\/\\\/buod.de\\\/#organization\"},\"keywords\":[\"2021\"],\"articleSection\":[\"H\u00edrek\"],\"inLanguage\":\"de-DE\",\"potentialAction\":[{\"@type\":\"CommentAction\",\"name\":\"Comment\",\"target\":[\"https:\\\/\\\/buod.de\\\/filmajanlat-oktober-23-a-alkalmabol\\\/#respond\"]}]},{\"@type\":\"WebPage\",\"@id\":\"https:\\\/\\\/buod.de\\\/filmajanlat-oktober-23-a-alkalmabol\\\/\",\"url\":\"https:\\\/\\\/buod.de\\\/filmajanlat-oktober-23-a-alkalmabol\\\/\",\"name\":\"Filmaj\u00e1nlat okt\u00f3ber 23-a alkalm\u00e1b\u00f3l - BUOD\",\"isPartOf\":{\"@id\":\"https:\\\/\\\/buod.de\\\/#website\"},\"datePublished\":\"2021-11-27T20:15:43+00:00\",\"dateModified\":\"2024-04-11T13:04:24+00:00\",\"breadcrumb\":{\"@id\":\"https:\\\/\\\/buod.de\\\/filmajanlat-oktober-23-a-alkalmabol\\\/#breadcrumb\"},\"inLanguage\":\"de-DE\",\"potentialAction\":[{\"@type\":\"ReadAction\",\"target\":[\"https:\\\/\\\/buod.de\\\/filmajanlat-oktober-23-a-alkalmabol\\\/\"]}]},{\"@type\":\"BreadcrumbList\",\"@id\":\"https:\\\/\\\/buod.de\\\/filmajanlat-oktober-23-a-alkalmabol\\\/#breadcrumb\",\"itemListElement\":[{\"@type\":\"ListItem\",\"position\":1,\"name\":\"Kezd\u0151lap\",\"item\":\"https:\\\/\\\/buod.de\\\/\"},{\"@type\":\"ListItem\",\"position\":2,\"name\":\"Filmaj\u00e1nlat okt\u00f3ber 23-a alkalm\u00e1b\u00f3l\"}]},{\"@type\":\"WebSite\",\"@id\":\"https:\\\/\\\/buod.de\\\/#website\",\"url\":\"https:\\\/\\\/buod.de\\\/\",\"name\":\"BUOD\",\"description\":\"Bund Ungarischer Organisationen in Deutschland\",\"publisher\":{\"@id\":\"https:\\\/\\\/buod.de\\\/#organization\"},\"potentialAction\":[{\"@type\":\"SearchAction\",\"target\":{\"@type\":\"EntryPoint\",\"urlTemplate\":\"https:\\\/\\\/buod.de\\\/?s={search_term_string}\"},\"query-input\":{\"@type\":\"PropertyValueSpecification\",\"valueRequired\":true,\"valueName\":\"search_term_string\"}}],\"inLanguage\":\"de-DE\"},{\"@type\":\"Organization\",\"@id\":\"https:\\\/\\\/buod.de\\\/#organization\",\"name\":\"BUOD\",\"url\":\"https:\\\/\\\/buod.de\\\/\",\"logo\":{\"@type\":\"ImageObject\",\"inLanguage\":\"de-DE\",\"@id\":\"https:\\\/\\\/buod.de\\\/#\\\/schema\\\/logo\\\/image\\\/\",\"url\":\"https:\\\/\\\/buod.de\\\/wp-content\\\/uploads\\\/2024\\\/03\\\/BUOD-logo.png\",\"contentUrl\":\"https:\\\/\\\/buod.de\\\/wp-content\\\/uploads\\\/2024\\\/03\\\/BUOD-logo.png\",\"width\":586,\"height\":490,\"caption\":\"BUOD\"},\"image\":{\"@id\":\"https:\\\/\\\/buod.de\\\/#\\\/schema\\\/logo\\\/image\\\/\"},\"sameAs\":[\"https:\\\/\\\/www.facebook.com\\\/profile.php?id=100082185652397\"]},{\"@type\":\"Person\",\"@id\":\"https:\\\/\\\/buod.de\\\/#\\\/schema\\\/person\\\/8332a3e63b017fea8fcd17e9c0f96bf1\",\"name\":\"Gery V\u00e1rkonyi\",\"image\":{\"@type\":\"ImageObject\",\"inLanguage\":\"de-DE\",\"@id\":\"https:\\\/\\\/secure.gravatar.com\\\/avatar\\\/c1babe7dc68f065be4ec606c522172804715398688c78c6fffca3888b364e934?s=96&d=mm&r=g\",\"url\":\"https:\\\/\\\/secure.gravatar.com\\\/avatar\\\/c1babe7dc68f065be4ec606c522172804715398688c78c6fffca3888b364e934?s=96&d=mm&r=g\",\"contentUrl\":\"https:\\\/\\\/secure.gravatar.com\\\/avatar\\\/c1babe7dc68f065be4ec606c522172804715398688c78c6fffca3888b364e934?s=96&d=mm&r=g\",\"caption\":\"Gery V\u00e1rkonyi\"},\"url\":\"https:\\\/\\\/buod.de\\\/de\\\/author\\\/geryvarkonyi\\\/\"}]}<\/script>\n<!-- \/ Yoast SEO plugin. -->","yoast_head_json":{"title":"Filmaj\u00e1nlat okt\u00f3ber 23-a alkalm\u00e1b\u00f3l - BUOD","robots":{"index":"index","follow":"follow","max-snippet":"max-snippet:-1","max-image-preview":"max-image-preview:large","max-video-preview":"max-video-preview:-1"},"canonical":"https:\/\/buod.de\/de\/filmajanlat-oktober-23-a-alkalmabol\/","og_locale":"de_DE","og_type":"article","og_title":"Filmaj\u00e1nlat okt\u00f3ber 23-a alkalm\u00e1b\u00f3l - BUOD","og_description":"Leslie Mandoki fikmje az 1956-os forradalomr\u00f3l \u201eSensucht nach der Heimat\u201c \u00e9s Lars Kraume \u201eDas schweigendes Klassenzimmer\u201c.","og_url":"https:\/\/buod.de\/de\/filmajanlat-oktober-23-a-alkalmabol\/","og_site_name":"BUOD","article_publisher":"https:\/\/www.facebook.com\/profile.php?id=100082185652397","article_published_time":"2021-11-27T20:15:43+00:00","article_modified_time":"2024-04-11T13:04:24+00:00","author":"Gery V\u00e1rkonyi","twitter_card":"summary_large_image","twitter_misc":{"Written by":"Gery V\u00e1rkonyi","Est. reading time":"3 minutes"},"schema":{"@context":"https:\/\/schema.org","@graph":[{"@type":"Article","@id":"https:\/\/buod.de\/filmajanlat-oktober-23-a-alkalmabol\/#article","isPartOf":{"@id":"https:\/\/buod.de\/filmajanlat-oktober-23-a-alkalmabol\/"},"author":{"name":"Gery V\u00e1rkonyi","@id":"https:\/\/buod.de\/#\/schema\/person\/8332a3e63b017fea8fcd17e9c0f96bf1"},"headline":"Filmaj\u00e1nlat okt\u00f3ber 23-a alkalm\u00e1b\u00f3l","datePublished":"2021-11-27T20:15:43+00:00","dateModified":"2024-04-11T13:04:24+00:00","mainEntityOfPage":{"@id":"https:\/\/buod.de\/filmajanlat-oktober-23-a-alkalmabol\/"},"wordCount":519,"commentCount":0,"publisher":{"@id":"https:\/\/buod.de\/#organization"},"keywords":["2021"],"articleSection":["H\u00edrek"],"inLanguage":"de-DE","potentialAction":[{"@type":"CommentAction","name":"Comment","target":["https:\/\/buod.de\/filmajanlat-oktober-23-a-alkalmabol\/#respond"]}]},{"@type":"WebPage","@id":"https:\/\/buod.de\/filmajanlat-oktober-23-a-alkalmabol\/","url":"https:\/\/buod.de\/filmajanlat-oktober-23-a-alkalmabol\/","name":"Filmaj\u00e1nlat okt\u00f3ber 23-a alkalm\u00e1b\u00f3l - BUOD","isPartOf":{"@id":"https:\/\/buod.de\/#website"},"datePublished":"2021-11-27T20:15:43+00:00","dateModified":"2024-04-11T13:04:24+00:00","breadcrumb":{"@id":"https:\/\/buod.de\/filmajanlat-oktober-23-a-alkalmabol\/#breadcrumb"},"inLanguage":"de-DE","potentialAction":[{"@type":"ReadAction","target":["https:\/\/buod.de\/filmajanlat-oktober-23-a-alkalmabol\/"]}]},{"@type":"BreadcrumbList","@id":"https:\/\/buod.de\/filmajanlat-oktober-23-a-alkalmabol\/#breadcrumb","itemListElement":[{"@type":"ListItem","position":1,"name":"Kezd\u0151lap","item":"https:\/\/buod.de\/"},{"@type":"ListItem","position":2,"name":"Filmaj\u00e1nlat okt\u00f3ber 23-a alkalm\u00e1b\u00f3l"}]},{"@type":"WebSite","@id":"https:\/\/buod.de\/#website","url":"https:\/\/buod.de\/","name":"BUOD","description":"Bund Ungarischer Organisationen in Deutschland","publisher":{"@id":"https:\/\/buod.de\/#organization"},"potentialAction":[{"@type":"SearchAction","target":{"@type":"EntryPoint","urlTemplate":"https:\/\/buod.de\/?s={search_term_string}"},"query-input":{"@type":"PropertyValueSpecification","valueRequired":true,"valueName":"search_term_string"}}],"inLanguage":"de-DE"},{"@type":"Organization","@id":"https:\/\/buod.de\/#organization","name":"BUOD","url":"https:\/\/buod.de\/","logo":{"@type":"ImageObject","inLanguage":"de-DE","@id":"https:\/\/buod.de\/#\/schema\/logo\/image\/","url":"https:\/\/buod.de\/wp-content\/uploads\/2024\/03\/BUOD-logo.png","contentUrl":"https:\/\/buod.de\/wp-content\/uploads\/2024\/03\/BUOD-logo.png","width":586,"height":490,"caption":"BUOD"},"image":{"@id":"https:\/\/buod.de\/#\/schema\/logo\/image\/"},"sameAs":["https:\/\/www.facebook.com\/profile.php?id=100082185652397"]},{"@type":"Person","@id":"https:\/\/buod.de\/#\/schema\/person\/8332a3e63b017fea8fcd17e9c0f96bf1","name":"Gery V\u00e1rkonyi","image":{"@type":"ImageObject","inLanguage":"de-DE","@id":"https:\/\/secure.gravatar.com\/avatar\/c1babe7dc68f065be4ec606c522172804715398688c78c6fffca3888b364e934?s=96&d=mm&r=g","url":"https:\/\/secure.gravatar.com\/avatar\/c1babe7dc68f065be4ec606c522172804715398688c78c6fffca3888b364e934?s=96&d=mm&r=g","contentUrl":"https:\/\/secure.gravatar.com\/avatar\/c1babe7dc68f065be4ec606c522172804715398688c78c6fffca3888b364e934?s=96&d=mm&r=g","caption":"Gery V\u00e1rkonyi"},"url":"https:\/\/buod.de\/de\/author\/geryvarkonyi\/"}]}},"_links":{"self":[{"href":"https:\/\/buod.de\/de\/wp-json\/wp\/v2\/posts\/1578","targetHints":{"allow":["GET"]}}],"collection":[{"href":"https:\/\/buod.de\/de\/wp-json\/wp\/v2\/posts"}],"about":[{"href":"https:\/\/buod.de\/de\/wp-json\/wp\/v2\/types\/post"}],"author":[{"embeddable":true,"href":"https:\/\/buod.de\/de\/wp-json\/wp\/v2\/users\/4"}],"replies":[{"embeddable":true,"href":"https:\/\/buod.de\/de\/wp-json\/wp\/v2\/comments?post=1578"}],"version-history":[{"count":1,"href":"https:\/\/buod.de\/de\/wp-json\/wp\/v2\/posts\/1578\/revisions"}],"predecessor-version":[{"id":2194,"href":"https:\/\/buod.de\/de\/wp-json\/wp\/v2\/posts\/1578\/revisions\/2194"}],"wp:attachment":[{"href":"https:\/\/buod.de\/de\/wp-json\/wp\/v2\/media?parent=1578"}],"wp:term":[{"taxonomy":"category","embeddable":true,"href":"https:\/\/buod.de\/de\/wp-json\/wp\/v2\/categories?post=1578"},{"taxonomy":"post_tag","embeddable":true,"href":"https:\/\/buod.de\/de\/wp-json\/wp\/v2\/tags?post=1578"}],"curies":[{"name":"wp","href":"https:\/\/api.w.org\/{rel}","templated":true}]}}