{"id":1588,"date":"2021-11-30T21:14:43","date_gmt":"2021-11-30T21:14:43","guid":{"rendered":"https:\/\/dev.buod.de\/fairness-fur-ungarn\/"},"modified":"2024-04-11T13:04:23","modified_gmt":"2024-04-11T13:04:23","slug":"fairness-fur-ungarn","status":"publish","type":"post","link":"https:\/\/buod.de\/de\/fairness-fur-ungarn\/","title":{"rendered":"Fairness f\u00fcr Ungarn!"},"content":{"rendered":"<p>An die Mitglieder und Freunde der&nbsp;Deutsch-Ungarischen Gesellschaft in der Bundesrepublik Deutschland e.V.<\/p>\n<p><!--more--><\/p>\n<p>Sehr geehrte Damen und Herren,<\/p>\n<p>leider hat sich in der zur\u00fcckliegenden Woche die Kampagne gegen Ungarn fortgesetzt und auf dem EU-Gipfel einen neuen H\u00f6hepunkt erreicht. Ich habe dazu in einem Interview mit der &#8222;Neuen Osnabr\u00fccker Zeitung&#8221; Stellung bezogen, das ich Ihnen als Anlage \u00fcbersenden darf. Die &#8222;Neue Osnabr\u00fccker Zeitung&#8221; geh\u00f6rt zu den gr\u00f6\u00dften deutschen Regionalzeitungen und findet bundesweit Beachtung.&nbsp;<\/p>\n<p><a href=\"https:\/\/www.noz.de\/deutschland-welt\/politik\/artikel\/2349725\/eu-ungarn-streit-eskalation-waere-mit-helmut-kohl-nie-passiert\">https:\/\/www.noz.de\/deutschland-welt\/politik\/artikel\/2349725\/eu-ungarn-streit-eskalation-waere-mit-helmut-kohl-nie-passiert<\/a><\/p>\n<p>Au\u00dferdem hatte ich am Dienstag Gelegenheit, als Gast der Fernsehsendung &#8222;Phoenix Runde&#8221; bei Phoenix Stellung zu nehmen, dem gemeinsamen Ereigniskanal von ARD und ZDF. Unter den Gespr\u00e4chsteilnehmern war auch die SPD-Politikerin Katarina Barley, deren w\u00fcste Ungarn-Kritik seit Jahren jeden Rahmen sprengt. Wie Sie sich vorstellen k\u00f6nnen, sind wir beide ordentlich aneinandergeraten. Wenn Sie die 45min\u00fctige Sendung noch einmal anschauen wollen, k\u00f6nnen Sie sie unter folgendem Link aufrufen:<\/p>\n<p><a href=\"https:\/\/www.ardmediathek.de\/video\/phoenix-runde-ungarn-und-der-regenbogen-wertestreit-in-der-eu\/phoenix\/Y3JpZDovL3dkci5kZS9CZWl0cmFnLTc4YWI1NTAxLTY4MDYtNDEyYi1iYjlmLTNhNmQzN2Q2NWM5Yw\/\"><\/a><a href=\"https:\/\/www.ardmediathek.de\/video\/phoenix-runde-ungarn-und-der-regenbogen-wertestreit-in-der-eu\/phoenix\/Y3JpZDovL3dkci5kZS9CZWl0cmFnLTc4YWI1NTAxLTY4MDYtNDEyYi1iYjlmLTNhNmQzN2Q2NWM5Yw\/\">https:\/\/www.ardmediathek.de\/video\/phoenix-runde-ungarn-und-der-regenbogen-wertestreit-in-der-eu\/phoenix\/Y3JpZDovL3dkci5kZS9CZWl0cmFnLTc4YWI1NTAxLTY4MDYtNDEyYi1iYjlmLTNhNmQzN2Q2NWM5Yw\/<\/a><\/p>\n<p>Sie werden feststellen, dass man sich seine Redezeiten gelegentlich richtig erk\u00e4mpfen muss, wenn man als Ungarn-Freund im deutschen Fernsehen auftritt. Aber ich will mich nicht beschweren. Immerhin hat man mich eingeladen und zu Wort kommen lassen.<\/p>\n<p>Wiederum haben mich zahllose Reaktionen erreicht, darunter w\u00fcste Beschimpfungen, aber vor allem Dankbarkeit und Ermutigung. Besonders ber\u00fchrend waren die Zuschriften vieler ungarnst\u00e4mmiger Deutscher, deren warmherziger Dank f\u00fcr alle P\u00f6beleien entsch\u00e4digt.<\/p>\n<p>Ermutigend ist auch, dass man mit Argumenten offenbar doch etwas erreichen kann. So schreibt der Politikchef der &#8222;Neuen Osnabr\u00fccker Zeitung&#8221;, Burkhard Ewert, in einem \u00f6ffentlichen Kommentar zu meinem Interview, mein &#8222;leidenschaftliches Pl\u00e4doyer&#8221; f\u00fcr einen anderen Umgang miteinander in der EU habe ihn &#8222;beeindruckt und nachdenklich gestimmt&#8221;.<\/p>\n<p>Es lohnt sich also bestimmt, sich f\u00fcr die deutsch-ungarische Freundschaft zu engagieren. Gerade dann, wenn der Wind von vorne kommt.&nbsp; &nbsp;<\/p>\n<p>In diesem Sinne Ihnen und Ihren Familien ein sch\u00f6nes Wochenende.<\/p>\n<p>Bleiben Sie gesund!<\/p>\n<p>Ihr<\/p>\n<p>Gerhard Papke<\/p>\n<p><strong>Dr. Gerhard Papke<\/strong><\/p>\n<p>Landtagsvizepr\u00e4sident NRW a.D.<\/p>\n<p>Pr\u00e4sident der Deutsch-Ungarischen Gesellschaft<\/p>\n<p>in der Bundesrepublik Deutschland e.V.<\/p>","protected":false},"excerpt":{"rendered":"<p>An die Mitglieder und Freunde der&nbsp;Deutsch-Ungarischen Gesellschaft in der Bundesrepublik Deutschland e.V.<\/p>","protected":false},"author":4,"featured_media":0,"comment_status":"open","ping_status":"open","sticky":false,"template":"","format":"standard","meta":{"footnotes":""},"categories":[17],"tags":[19],"class_list":["post-1588","post","type-post","status-publish","format-standard","hentry","category-hirek","tag-19"],"yoast_head":"<!-- This site is optimized with the Yoast SEO plugin v27.5 - https:\/\/yoast.com\/product\/yoast-seo-wordpress\/ -->\n<title>Fairness f\u00fcr Ungarn! - BUOD<\/title>\n<meta name=\"robots\" content=\"index, follow, max-snippet:-1, max-image-preview:large, max-video-preview:-1\" \/>\n<link rel=\"canonical\" href=\"https:\/\/buod.de\/de\/fairness-fur-ungarn\/\" \/>\n<meta property=\"og:locale\" content=\"de_DE\" \/>\n<meta property=\"og:type\" content=\"article\" \/>\n<meta property=\"og:title\" content=\"Fairness f\u00fcr Ungarn! - BUOD\" \/>\n<meta property=\"og:description\" content=\"An die Mitglieder und Freunde der&nbsp;Deutsch-Ungarischen Gesellschaft in der Bundesrepublik Deutschland e.V.\" \/>\n<meta property=\"og:url\" content=\"https:\/\/buod.de\/de\/fairness-fur-ungarn\/\" \/>\n<meta property=\"og:site_name\" content=\"BUOD\" \/>\n<meta property=\"article:publisher\" content=\"https:\/\/www.facebook.com\/profile.php?id=100082185652397\" \/>\n<meta property=\"article:published_time\" content=\"2021-11-30T21:14:43+00:00\" \/>\n<meta property=\"article:modified_time\" content=\"2024-04-11T13:04:23+00:00\" \/>\n<meta name=\"author\" content=\"Gery V\u00e1rkonyi\" \/>\n<meta name=\"twitter:card\" content=\"summary_large_image\" \/>\n<meta name=\"twitter:label1\" content=\"Written by\" \/>\n\t<meta name=\"twitter:data1\" content=\"Gery V\u00e1rkonyi\" \/>\n\t<meta name=\"twitter:label2\" content=\"Est. reading time\" \/>\n\t<meta name=\"twitter:data2\" content=\"2 minutes\" \/>\n<script type=\"application\/ld+json\" class=\"yoast-schema-graph\">{\"@context\":\"https:\\\/\\\/schema.org\",\"@graph\":[{\"@type\":\"Article\",\"@id\":\"https:\\\/\\\/buod.de\\\/fairness-fur-ungarn\\\/#article\",\"isPartOf\":{\"@id\":\"https:\\\/\\\/buod.de\\\/fairness-fur-ungarn\\\/\"},\"author\":{\"name\":\"Gery V\u00e1rkonyi\",\"@id\":\"https:\\\/\\\/buod.de\\\/#\\\/schema\\\/person\\\/8332a3e63b017fea8fcd17e9c0f96bf1\"},\"headline\":\"Fairness f\u00fcr Ungarn!\",\"datePublished\":\"2021-11-30T21:14:43+00:00\",\"dateModified\":\"2024-04-11T13:04:23+00:00\",\"mainEntityOfPage\":{\"@id\":\"https:\\\/\\\/buod.de\\\/fairness-fur-ungarn\\\/\"},\"wordCount\":367,\"commentCount\":0,\"publisher\":{\"@id\":\"https:\\\/\\\/buod.de\\\/#organization\"},\"keywords\":[\"2021\"],\"articleSection\":[\"H\u00edrek\"],\"inLanguage\":\"de-DE\",\"potentialAction\":[{\"@type\":\"CommentAction\",\"name\":\"Comment\",\"target\":[\"https:\\\/\\\/buod.de\\\/fairness-fur-ungarn\\\/#respond\"]}]},{\"@type\":\"WebPage\",\"@id\":\"https:\\\/\\\/buod.de\\\/fairness-fur-ungarn\\\/\",\"url\":\"https:\\\/\\\/buod.de\\\/fairness-fur-ungarn\\\/\",\"name\":\"Fairness f\u00fcr Ungarn! - BUOD\",\"isPartOf\":{\"@id\":\"https:\\\/\\\/buod.de\\\/#website\"},\"datePublished\":\"2021-11-30T21:14:43+00:00\",\"dateModified\":\"2024-04-11T13:04:23+00:00\",\"breadcrumb\":{\"@id\":\"https:\\\/\\\/buod.de\\\/fairness-fur-ungarn\\\/#breadcrumb\"},\"inLanguage\":\"de-DE\",\"potentialAction\":[{\"@type\":\"ReadAction\",\"target\":[\"https:\\\/\\\/buod.de\\\/fairness-fur-ungarn\\\/\"]}]},{\"@type\":\"BreadcrumbList\",\"@id\":\"https:\\\/\\\/buod.de\\\/fairness-fur-ungarn\\\/#breadcrumb\",\"itemListElement\":[{\"@type\":\"ListItem\",\"position\":1,\"name\":\"Kezd\u0151lap\",\"item\":\"https:\\\/\\\/buod.de\\\/\"},{\"@type\":\"ListItem\",\"position\":2,\"name\":\"Fairness f\u00fcr Ungarn!\"}]},{\"@type\":\"WebSite\",\"@id\":\"https:\\\/\\\/buod.de\\\/#website\",\"url\":\"https:\\\/\\\/buod.de\\\/\",\"name\":\"BUOD\",\"description\":\"Bund Ungarischer Organisationen in Deutschland\",\"publisher\":{\"@id\":\"https:\\\/\\\/buod.de\\\/#organization\"},\"potentialAction\":[{\"@type\":\"SearchAction\",\"target\":{\"@type\":\"EntryPoint\",\"urlTemplate\":\"https:\\\/\\\/buod.de\\\/?s={search_term_string}\"},\"query-input\":{\"@type\":\"PropertyValueSpecification\",\"valueRequired\":true,\"valueName\":\"search_term_string\"}}],\"inLanguage\":\"de-DE\"},{\"@type\":\"Organization\",\"@id\":\"https:\\\/\\\/buod.de\\\/#organization\",\"name\":\"BUOD\",\"url\":\"https:\\\/\\\/buod.de\\\/\",\"logo\":{\"@type\":\"ImageObject\",\"inLanguage\":\"de-DE\",\"@id\":\"https:\\\/\\\/buod.de\\\/#\\\/schema\\\/logo\\\/image\\\/\",\"url\":\"https:\\\/\\\/buod.de\\\/wp-content\\\/uploads\\\/2024\\\/03\\\/BUOD-logo.png\",\"contentUrl\":\"https:\\\/\\\/buod.de\\\/wp-content\\\/uploads\\\/2024\\\/03\\\/BUOD-logo.png\",\"width\":586,\"height\":490,\"caption\":\"BUOD\"},\"image\":{\"@id\":\"https:\\\/\\\/buod.de\\\/#\\\/schema\\\/logo\\\/image\\\/\"},\"sameAs\":[\"https:\\\/\\\/www.facebook.com\\\/profile.php?id=100082185652397\"]},{\"@type\":\"Person\",\"@id\":\"https:\\\/\\\/buod.de\\\/#\\\/schema\\\/person\\\/8332a3e63b017fea8fcd17e9c0f96bf1\",\"name\":\"Gery V\u00e1rkonyi\",\"image\":{\"@type\":\"ImageObject\",\"inLanguage\":\"de-DE\",\"@id\":\"https:\\\/\\\/secure.gravatar.com\\\/avatar\\\/c1babe7dc68f065be4ec606c522172804715398688c78c6fffca3888b364e934?s=96&d=mm&r=g\",\"url\":\"https:\\\/\\\/secure.gravatar.com\\\/avatar\\\/c1babe7dc68f065be4ec606c522172804715398688c78c6fffca3888b364e934?s=96&d=mm&r=g\",\"contentUrl\":\"https:\\\/\\\/secure.gravatar.com\\\/avatar\\\/c1babe7dc68f065be4ec606c522172804715398688c78c6fffca3888b364e934?s=96&d=mm&r=g\",\"caption\":\"Gery V\u00e1rkonyi\"},\"url\":\"https:\\\/\\\/buod.de\\\/de\\\/author\\\/geryvarkonyi\\\/\"}]}<\/script>\n<!-- \/ Yoast SEO plugin. -->","yoast_head_json":{"title":"Fairness f\u00fcr Ungarn! - BUOD","robots":{"index":"index","follow":"follow","max-snippet":"max-snippet:-1","max-image-preview":"max-image-preview:large","max-video-preview":"max-video-preview:-1"},"canonical":"https:\/\/buod.de\/de\/fairness-fur-ungarn\/","og_locale":"de_DE","og_type":"article","og_title":"Fairness f\u00fcr Ungarn! - BUOD","og_description":"An die Mitglieder und Freunde der&nbsp;Deutsch-Ungarischen Gesellschaft in der Bundesrepublik Deutschland e.V.","og_url":"https:\/\/buod.de\/de\/fairness-fur-ungarn\/","og_site_name":"BUOD","article_publisher":"https:\/\/www.facebook.com\/profile.php?id=100082185652397","article_published_time":"2021-11-30T21:14:43+00:00","article_modified_time":"2024-04-11T13:04:23+00:00","author":"Gery V\u00e1rkonyi","twitter_card":"summary_large_image","twitter_misc":{"Written by":"Gery V\u00e1rkonyi","Est. reading time":"2 minutes"},"schema":{"@context":"https:\/\/schema.org","@graph":[{"@type":"Article","@id":"https:\/\/buod.de\/fairness-fur-ungarn\/#article","isPartOf":{"@id":"https:\/\/buod.de\/fairness-fur-ungarn\/"},"author":{"name":"Gery V\u00e1rkonyi","@id":"https:\/\/buod.de\/#\/schema\/person\/8332a3e63b017fea8fcd17e9c0f96bf1"},"headline":"Fairness f\u00fcr Ungarn!","datePublished":"2021-11-30T21:14:43+00:00","dateModified":"2024-04-11T13:04:23+00:00","mainEntityOfPage":{"@id":"https:\/\/buod.de\/fairness-fur-ungarn\/"},"wordCount":367,"commentCount":0,"publisher":{"@id":"https:\/\/buod.de\/#organization"},"keywords":["2021"],"articleSection":["H\u00edrek"],"inLanguage":"de-DE","potentialAction":[{"@type":"CommentAction","name":"Comment","target":["https:\/\/buod.de\/fairness-fur-ungarn\/#respond"]}]},{"@type":"WebPage","@id":"https:\/\/buod.de\/fairness-fur-ungarn\/","url":"https:\/\/buod.de\/fairness-fur-ungarn\/","name":"Fairness f\u00fcr Ungarn! - BUOD","isPartOf":{"@id":"https:\/\/buod.de\/#website"},"datePublished":"2021-11-30T21:14:43+00:00","dateModified":"2024-04-11T13:04:23+00:00","breadcrumb":{"@id":"https:\/\/buod.de\/fairness-fur-ungarn\/#breadcrumb"},"inLanguage":"de-DE","potentialAction":[{"@type":"ReadAction","target":["https:\/\/buod.de\/fairness-fur-ungarn\/"]}]},{"@type":"BreadcrumbList","@id":"https:\/\/buod.de\/fairness-fur-ungarn\/#breadcrumb","itemListElement":[{"@type":"ListItem","position":1,"name":"Kezd\u0151lap","item":"https:\/\/buod.de\/"},{"@type":"ListItem","position":2,"name":"Fairness f\u00fcr Ungarn!"}]},{"@type":"WebSite","@id":"https:\/\/buod.de\/#website","url":"https:\/\/buod.de\/","name":"BUOD","description":"Bund Ungarischer Organisationen in Deutschland","publisher":{"@id":"https:\/\/buod.de\/#organization"},"potentialAction":[{"@type":"SearchAction","target":{"@type":"EntryPoint","urlTemplate":"https:\/\/buod.de\/?s={search_term_string}"},"query-input":{"@type":"PropertyValueSpecification","valueRequired":true,"valueName":"search_term_string"}}],"inLanguage":"de-DE"},{"@type":"Organization","@id":"https:\/\/buod.de\/#organization","name":"BUOD","url":"https:\/\/buod.de\/","logo":{"@type":"ImageObject","inLanguage":"de-DE","@id":"https:\/\/buod.de\/#\/schema\/logo\/image\/","url":"https:\/\/buod.de\/wp-content\/uploads\/2024\/03\/BUOD-logo.png","contentUrl":"https:\/\/buod.de\/wp-content\/uploads\/2024\/03\/BUOD-logo.png","width":586,"height":490,"caption":"BUOD"},"image":{"@id":"https:\/\/buod.de\/#\/schema\/logo\/image\/"},"sameAs":["https:\/\/www.facebook.com\/profile.php?id=100082185652397"]},{"@type":"Person","@id":"https:\/\/buod.de\/#\/schema\/person\/8332a3e63b017fea8fcd17e9c0f96bf1","name":"Gery V\u00e1rkonyi","image":{"@type":"ImageObject","inLanguage":"de-DE","@id":"https:\/\/secure.gravatar.com\/avatar\/c1babe7dc68f065be4ec606c522172804715398688c78c6fffca3888b364e934?s=96&d=mm&r=g","url":"https:\/\/secure.gravatar.com\/avatar\/c1babe7dc68f065be4ec606c522172804715398688c78c6fffca3888b364e934?s=96&d=mm&r=g","contentUrl":"https:\/\/secure.gravatar.com\/avatar\/c1babe7dc68f065be4ec606c522172804715398688c78c6fffca3888b364e934?s=96&d=mm&r=g","caption":"Gery V\u00e1rkonyi"},"url":"https:\/\/buod.de\/de\/author\/geryvarkonyi\/"}]}},"_links":{"self":[{"href":"https:\/\/buod.de\/de\/wp-json\/wp\/v2\/posts\/1588","targetHints":{"allow":["GET"]}}],"collection":[{"href":"https:\/\/buod.de\/de\/wp-json\/wp\/v2\/posts"}],"about":[{"href":"https:\/\/buod.de\/de\/wp-json\/wp\/v2\/types\/post"}],"author":[{"embeddable":true,"href":"https:\/\/buod.de\/de\/wp-json\/wp\/v2\/users\/4"}],"replies":[{"embeddable":true,"href":"https:\/\/buod.de\/de\/wp-json\/wp\/v2\/comments?post=1588"}],"version-history":[{"count":1,"href":"https:\/\/buod.de\/de\/wp-json\/wp\/v2\/posts\/1588\/revisions"}],"predecessor-version":[{"id":2184,"href":"https:\/\/buod.de\/de\/wp-json\/wp\/v2\/posts\/1588\/revisions\/2184"}],"wp:attachment":[{"href":"https:\/\/buod.de\/de\/wp-json\/wp\/v2\/media?parent=1588"}],"wp:term":[{"taxonomy":"category","embeddable":true,"href":"https:\/\/buod.de\/de\/wp-json\/wp\/v2\/categories?post=1588"},{"taxonomy":"post_tag","embeddable":true,"href":"https:\/\/buod.de\/de\/wp-json\/wp\/v2\/tags?post=1588"}],"curies":[{"name":"wp","href":"https:\/\/api.w.org\/{rel}","templated":true}]}}