{"id":1591,"date":"2021-12-18T20:53:55","date_gmt":"2021-12-18T20:53:55","guid":{"rendered":"https:\/\/dev.buod.de\/jotekonysagi-koncert-kolnben\/"},"modified":"2024-04-11T13:04:22","modified_gmt":"2024-04-11T13:04:22","slug":"jotekonysagi-koncert-kolnben","status":"publish","type":"post","link":"https:\/\/buod.de\/de\/jotekonysagi-koncert-kolnben\/","title":{"rendered":"J\u00f3t\u00e9konys\u00e1gi koncert K\u00f6lnben"},"content":{"rendered":"<p>Az id\u00e9n imm\u00e1ron kilencedik alkalommal ker\u00fclt megrendez\u00e9sre a k\u00f6lni magyar&nbsp;katolikus gy\u00fclekezet \u00e9s a Vit\u00e9zi Rend<\/p>\n<p><!--more--><\/p>\n<p>\u00e1ltal szervezett j\u00f3t\u00e9konys\u00e1gi koncert\u00fcnk, ahol a&nbsp;Ruhr-vid\u00e9ki \u00e9s Rajna-menti magyar k\u00f6z\u00f6ss\u00e9g m\u0171v\u00e9szei mutatt\u00e1k meg tud\u00e1sukat. A&nbsp;szigor\u00fa j\u00e1rv\u00e1ny\u00fcgyi el\u0151\u00edr\u00e1sok miatt, a koncert egy \u00fcnnepi szent mis\u00e9be \u00e1gyaztuk. A&nbsp;mise v\u00e9g\u00e9n Mustos Edit , a lelk\u00e9szs\u00e9g titk\u00e1rn\u0151je \u00e9s orgonist\u00e1ja a Magyar \u00c9rdemrend&nbsp;Ez\u00fcst keresztj\u00e9t vehette \u00e1t a d\u00fcsseldorfi f\u0151konzult\u00f3l.<br \/>Az idei \u00e9vben a koncert teljes bev\u00e9tel\u00e9vel a budapesti Reg\u0151czi Istv\u00e1n alap\u00edtv\u00e1nyt&nbsp;t\u00e1mogattuk.<\/p>\n<p>Deutscher Orden<\/p>\n<p>A n\u00e9metorsz\u00e1gi elismert lovagrendek egy\u00fcttm\u0171k\u00f6d\u00e9s\u00e9nek gy\u00fcm\u00f6lcsek\u00e9nt ez \u00e9v&nbsp;november 19-\u00e9n a Vit\u00e9zi Rend k\u00e9pvisel\u0151it a N\u00e9met Lovagrend (Deutscher Orden)&nbsp;Fels\u0151- \u00e9s K\u00f6z\u00e9p-Rajna-vid\u00e9k tartom\u00e1ny 800 \u00e9ves alap\u00edt\u00e1s\u00e1nak az \u00fcnnep\u00e9re h\u00edvt\u00e1k,&nbsp;ahol rend\u00fcnket vit\u00e9z Hortob\u00e1gyi Levente k\u00e9pviselte, Sv\u00e1jcb\u00f3l. Az \u00fcnneps\u00e9g egy&nbsp;d\u00edszvacsor\u00e1val kezd\u0151d\u00f6tt a beuggeni kast\u00e9lyban, ami a lovagrend d\u00e9ln\u00e9met k\u00f6zpontja&nbsp;volt t\u00f6bb, mint 600 \u00e9ven \u00e1t. A kerek \u00e9vfordul\u00f3n a N\u00e9met Lovagrend nagymestere&nbsp;mondott \u00fcnnepi besz\u00e9det. A vacsor\u00e1n minden N\u00e9metorsz\u00e1gban elismert lovagrend&nbsp;k\u00e9pviseltette mag\u00e1t.<\/p>\n<p>vit\u00e9z Hegyi G\u00e1bor, orsz\u00e1gos t\u00f6rzskapit\u00e1ny<\/p>","protected":false},"excerpt":{"rendered":"<p>Az id\u00e9n imm\u00e1ron kilencedik alkalommal ker\u00fclt megrendez\u00e9sre a k\u00f6lni magyar&nbsp;katolikus gy\u00fclekezet \u00e9s a Vit\u00e9zi Rend<\/p>","protected":false},"author":4,"featured_media":0,"comment_status":"open","ping_status":"open","sticky":false,"template":"","format":"standard","meta":{"footnotes":""},"categories":[17],"tags":[19],"class_list":["post-1591","post","type-post","status-publish","format-standard","hentry","category-hirek","tag-19"],"yoast_head":"<!-- This site is optimized with the Yoast SEO plugin v27.5 - https:\/\/yoast.com\/product\/yoast-seo-wordpress\/ -->\n<title>J\u00f3t\u00e9konys\u00e1gi koncert K\u00f6lnben - BUOD<\/title>\n<meta name=\"robots\" content=\"index, follow, max-snippet:-1, max-image-preview:large, max-video-preview:-1\" \/>\n<link rel=\"canonical\" href=\"https:\/\/buod.de\/de\/jotekonysagi-koncert-kolnben\/\" \/>\n<meta property=\"og:locale\" content=\"de_DE\" \/>\n<meta property=\"og:type\" content=\"article\" \/>\n<meta property=\"og:title\" content=\"J\u00f3t\u00e9konys\u00e1gi koncert K\u00f6lnben - BUOD\" \/>\n<meta property=\"og:description\" content=\"Az id\u00e9n imm\u00e1ron kilencedik alkalommal ker\u00fclt megrendez\u00e9sre a k\u00f6lni magyar&nbsp;katolikus gy\u00fclekezet \u00e9s a Vit\u00e9zi Rend\" \/>\n<meta property=\"og:url\" content=\"https:\/\/buod.de\/de\/jotekonysagi-koncert-kolnben\/\" \/>\n<meta property=\"og:site_name\" content=\"BUOD\" \/>\n<meta property=\"article:publisher\" content=\"https:\/\/www.facebook.com\/profile.php?id=100082185652397\" \/>\n<meta property=\"article:published_time\" content=\"2021-12-18T20:53:55+00:00\" \/>\n<meta property=\"article:modified_time\" content=\"2024-04-11T13:04:22+00:00\" \/>\n<meta name=\"author\" content=\"Gery V\u00e1rkonyi\" \/>\n<meta name=\"twitter:card\" content=\"summary_large_image\" \/>\n<meta name=\"twitter:label1\" content=\"Written by\" \/>\n\t<meta name=\"twitter:data1\" content=\"Gery V\u00e1rkonyi\" \/>\n\t<meta name=\"twitter:label2\" content=\"Est. reading time\" \/>\n\t<meta name=\"twitter:data2\" content=\"1 minute\" \/>\n<script type=\"application\/ld+json\" class=\"yoast-schema-graph\">{\"@context\":\"https:\\\/\\\/schema.org\",\"@graph\":[{\"@type\":\"Article\",\"@id\":\"https:\\\/\\\/buod.de\\\/jotekonysagi-koncert-kolnben\\\/#article\",\"isPartOf\":{\"@id\":\"https:\\\/\\\/buod.de\\\/jotekonysagi-koncert-kolnben\\\/\"},\"author\":{\"name\":\"Gery V\u00e1rkonyi\",\"@id\":\"https:\\\/\\\/buod.de\\\/#\\\/schema\\\/person\\\/8332a3e63b017fea8fcd17e9c0f96bf1\"},\"headline\":\"J\u00f3t\u00e9konys\u00e1gi koncert K\u00f6lnben\",\"datePublished\":\"2021-12-18T20:53:55+00:00\",\"dateModified\":\"2024-04-11T13:04:22+00:00\",\"mainEntityOfPage\":{\"@id\":\"https:\\\/\\\/buod.de\\\/jotekonysagi-koncert-kolnben\\\/\"},\"wordCount\":273,\"commentCount\":0,\"publisher\":{\"@id\":\"https:\\\/\\\/buod.de\\\/#organization\"},\"keywords\":[\"2021\"],\"articleSection\":[\"H\u00edrek\"],\"inLanguage\":\"de-DE\",\"potentialAction\":[{\"@type\":\"CommentAction\",\"name\":\"Comment\",\"target\":[\"https:\\\/\\\/buod.de\\\/jotekonysagi-koncert-kolnben\\\/#respond\"]}]},{\"@type\":\"WebPage\",\"@id\":\"https:\\\/\\\/buod.de\\\/jotekonysagi-koncert-kolnben\\\/\",\"url\":\"https:\\\/\\\/buod.de\\\/jotekonysagi-koncert-kolnben\\\/\",\"name\":\"J\u00f3t\u00e9konys\u00e1gi koncert K\u00f6lnben - BUOD\",\"isPartOf\":{\"@id\":\"https:\\\/\\\/buod.de\\\/#website\"},\"datePublished\":\"2021-12-18T20:53:55+00:00\",\"dateModified\":\"2024-04-11T13:04:22+00:00\",\"breadcrumb\":{\"@id\":\"https:\\\/\\\/buod.de\\\/jotekonysagi-koncert-kolnben\\\/#breadcrumb\"},\"inLanguage\":\"de-DE\",\"potentialAction\":[{\"@type\":\"ReadAction\",\"target\":[\"https:\\\/\\\/buod.de\\\/jotekonysagi-koncert-kolnben\\\/\"]}]},{\"@type\":\"BreadcrumbList\",\"@id\":\"https:\\\/\\\/buod.de\\\/jotekonysagi-koncert-kolnben\\\/#breadcrumb\",\"itemListElement\":[{\"@type\":\"ListItem\",\"position\":1,\"name\":\"Kezd\u0151lap\",\"item\":\"https:\\\/\\\/buod.de\\\/\"},{\"@type\":\"ListItem\",\"position\":2,\"name\":\"J\u00f3t\u00e9konys\u00e1gi koncert K\u00f6lnben\"}]},{\"@type\":\"WebSite\",\"@id\":\"https:\\\/\\\/buod.de\\\/#website\",\"url\":\"https:\\\/\\\/buod.de\\\/\",\"name\":\"BUOD\",\"description\":\"Bund Ungarischer Organisationen in Deutschland\",\"publisher\":{\"@id\":\"https:\\\/\\\/buod.de\\\/#organization\"},\"potentialAction\":[{\"@type\":\"SearchAction\",\"target\":{\"@type\":\"EntryPoint\",\"urlTemplate\":\"https:\\\/\\\/buod.de\\\/?s={search_term_string}\"},\"query-input\":{\"@type\":\"PropertyValueSpecification\",\"valueRequired\":true,\"valueName\":\"search_term_string\"}}],\"inLanguage\":\"de-DE\"},{\"@type\":\"Organization\",\"@id\":\"https:\\\/\\\/buod.de\\\/#organization\",\"name\":\"BUOD\",\"url\":\"https:\\\/\\\/buod.de\\\/\",\"logo\":{\"@type\":\"ImageObject\",\"inLanguage\":\"de-DE\",\"@id\":\"https:\\\/\\\/buod.de\\\/#\\\/schema\\\/logo\\\/image\\\/\",\"url\":\"https:\\\/\\\/buod.de\\\/wp-content\\\/uploads\\\/2024\\\/03\\\/BUOD-logo.png\",\"contentUrl\":\"https:\\\/\\\/buod.de\\\/wp-content\\\/uploads\\\/2024\\\/03\\\/BUOD-logo.png\",\"width\":586,\"height\":490,\"caption\":\"BUOD\"},\"image\":{\"@id\":\"https:\\\/\\\/buod.de\\\/#\\\/schema\\\/logo\\\/image\\\/\"},\"sameAs\":[\"https:\\\/\\\/www.facebook.com\\\/profile.php?id=100082185652397\"]},{\"@type\":\"Person\",\"@id\":\"https:\\\/\\\/buod.de\\\/#\\\/schema\\\/person\\\/8332a3e63b017fea8fcd17e9c0f96bf1\",\"name\":\"Gery V\u00e1rkonyi\",\"image\":{\"@type\":\"ImageObject\",\"inLanguage\":\"de-DE\",\"@id\":\"https:\\\/\\\/secure.gravatar.com\\\/avatar\\\/c1babe7dc68f065be4ec606c522172804715398688c78c6fffca3888b364e934?s=96&d=mm&r=g\",\"url\":\"https:\\\/\\\/secure.gravatar.com\\\/avatar\\\/c1babe7dc68f065be4ec606c522172804715398688c78c6fffca3888b364e934?s=96&d=mm&r=g\",\"contentUrl\":\"https:\\\/\\\/secure.gravatar.com\\\/avatar\\\/c1babe7dc68f065be4ec606c522172804715398688c78c6fffca3888b364e934?s=96&d=mm&r=g\",\"caption\":\"Gery V\u00e1rkonyi\"},\"url\":\"https:\\\/\\\/buod.de\\\/de\\\/author\\\/geryvarkonyi\\\/\"}]}<\/script>\n<!-- \/ Yoast SEO plugin. -->","yoast_head_json":{"title":"J\u00f3t\u00e9konys\u00e1gi koncert K\u00f6lnben - BUOD","robots":{"index":"index","follow":"follow","max-snippet":"max-snippet:-1","max-image-preview":"max-image-preview:large","max-video-preview":"max-video-preview:-1"},"canonical":"https:\/\/buod.de\/de\/jotekonysagi-koncert-kolnben\/","og_locale":"de_DE","og_type":"article","og_title":"J\u00f3t\u00e9konys\u00e1gi koncert K\u00f6lnben - BUOD","og_description":"Az id\u00e9n imm\u00e1ron kilencedik alkalommal ker\u00fclt megrendez\u00e9sre a k\u00f6lni magyar&nbsp;katolikus gy\u00fclekezet \u00e9s a Vit\u00e9zi Rend","og_url":"https:\/\/buod.de\/de\/jotekonysagi-koncert-kolnben\/","og_site_name":"BUOD","article_publisher":"https:\/\/www.facebook.com\/profile.php?id=100082185652397","article_published_time":"2021-12-18T20:53:55+00:00","article_modified_time":"2024-04-11T13:04:22+00:00","author":"Gery V\u00e1rkonyi","twitter_card":"summary_large_image","twitter_misc":{"Written by":"Gery V\u00e1rkonyi","Est. reading time":"1 minute"},"schema":{"@context":"https:\/\/schema.org","@graph":[{"@type":"Article","@id":"https:\/\/buod.de\/jotekonysagi-koncert-kolnben\/#article","isPartOf":{"@id":"https:\/\/buod.de\/jotekonysagi-koncert-kolnben\/"},"author":{"name":"Gery V\u00e1rkonyi","@id":"https:\/\/buod.de\/#\/schema\/person\/8332a3e63b017fea8fcd17e9c0f96bf1"},"headline":"J\u00f3t\u00e9konys\u00e1gi koncert K\u00f6lnben","datePublished":"2021-12-18T20:53:55+00:00","dateModified":"2024-04-11T13:04:22+00:00","mainEntityOfPage":{"@id":"https:\/\/buod.de\/jotekonysagi-koncert-kolnben\/"},"wordCount":273,"commentCount":0,"publisher":{"@id":"https:\/\/buod.de\/#organization"},"keywords":["2021"],"articleSection":["H\u00edrek"],"inLanguage":"de-DE","potentialAction":[{"@type":"CommentAction","name":"Comment","target":["https:\/\/buod.de\/jotekonysagi-koncert-kolnben\/#respond"]}]},{"@type":"WebPage","@id":"https:\/\/buod.de\/jotekonysagi-koncert-kolnben\/","url":"https:\/\/buod.de\/jotekonysagi-koncert-kolnben\/","name":"J\u00f3t\u00e9konys\u00e1gi koncert K\u00f6lnben - BUOD","isPartOf":{"@id":"https:\/\/buod.de\/#website"},"datePublished":"2021-12-18T20:53:55+00:00","dateModified":"2024-04-11T13:04:22+00:00","breadcrumb":{"@id":"https:\/\/buod.de\/jotekonysagi-koncert-kolnben\/#breadcrumb"},"inLanguage":"de-DE","potentialAction":[{"@type":"ReadAction","target":["https:\/\/buod.de\/jotekonysagi-koncert-kolnben\/"]}]},{"@type":"BreadcrumbList","@id":"https:\/\/buod.de\/jotekonysagi-koncert-kolnben\/#breadcrumb","itemListElement":[{"@type":"ListItem","position":1,"name":"Kezd\u0151lap","item":"https:\/\/buod.de\/"},{"@type":"ListItem","position":2,"name":"J\u00f3t\u00e9konys\u00e1gi koncert K\u00f6lnben"}]},{"@type":"WebSite","@id":"https:\/\/buod.de\/#website","url":"https:\/\/buod.de\/","name":"BUOD","description":"Bund Ungarischer Organisationen in Deutschland","publisher":{"@id":"https:\/\/buod.de\/#organization"},"potentialAction":[{"@type":"SearchAction","target":{"@type":"EntryPoint","urlTemplate":"https:\/\/buod.de\/?s={search_term_string}"},"query-input":{"@type":"PropertyValueSpecification","valueRequired":true,"valueName":"search_term_string"}}],"inLanguage":"de-DE"},{"@type":"Organization","@id":"https:\/\/buod.de\/#organization","name":"BUOD","url":"https:\/\/buod.de\/","logo":{"@type":"ImageObject","inLanguage":"de-DE","@id":"https:\/\/buod.de\/#\/schema\/logo\/image\/","url":"https:\/\/buod.de\/wp-content\/uploads\/2024\/03\/BUOD-logo.png","contentUrl":"https:\/\/buod.de\/wp-content\/uploads\/2024\/03\/BUOD-logo.png","width":586,"height":490,"caption":"BUOD"},"image":{"@id":"https:\/\/buod.de\/#\/schema\/logo\/image\/"},"sameAs":["https:\/\/www.facebook.com\/profile.php?id=100082185652397"]},{"@type":"Person","@id":"https:\/\/buod.de\/#\/schema\/person\/8332a3e63b017fea8fcd17e9c0f96bf1","name":"Gery V\u00e1rkonyi","image":{"@type":"ImageObject","inLanguage":"de-DE","@id":"https:\/\/secure.gravatar.com\/avatar\/c1babe7dc68f065be4ec606c522172804715398688c78c6fffca3888b364e934?s=96&d=mm&r=g","url":"https:\/\/secure.gravatar.com\/avatar\/c1babe7dc68f065be4ec606c522172804715398688c78c6fffca3888b364e934?s=96&d=mm&r=g","contentUrl":"https:\/\/secure.gravatar.com\/avatar\/c1babe7dc68f065be4ec606c522172804715398688c78c6fffca3888b364e934?s=96&d=mm&r=g","caption":"Gery V\u00e1rkonyi"},"url":"https:\/\/buod.de\/de\/author\/geryvarkonyi\/"}]}},"_links":{"self":[{"href":"https:\/\/buod.de\/de\/wp-json\/wp\/v2\/posts\/1591","targetHints":{"allow":["GET"]}}],"collection":[{"href":"https:\/\/buod.de\/de\/wp-json\/wp\/v2\/posts"}],"about":[{"href":"https:\/\/buod.de\/de\/wp-json\/wp\/v2\/types\/post"}],"author":[{"embeddable":true,"href":"https:\/\/buod.de\/de\/wp-json\/wp\/v2\/users\/4"}],"replies":[{"embeddable":true,"href":"https:\/\/buod.de\/de\/wp-json\/wp\/v2\/comments?post=1591"}],"version-history":[{"count":1,"href":"https:\/\/buod.de\/de\/wp-json\/wp\/v2\/posts\/1591\/revisions"}],"predecessor-version":[{"id":2181,"href":"https:\/\/buod.de\/de\/wp-json\/wp\/v2\/posts\/1591\/revisions\/2181"}],"wp:attachment":[{"href":"https:\/\/buod.de\/de\/wp-json\/wp\/v2\/media?parent=1591"}],"wp:term":[{"taxonomy":"category","embeddable":true,"href":"https:\/\/buod.de\/de\/wp-json\/wp\/v2\/categories?post=1591"},{"taxonomy":"post_tag","embeddable":true,"href":"https:\/\/buod.de\/de\/wp-json\/wp\/v2\/tags?post=1591"}],"curies":[{"name":"wp","href":"https:\/\/api.w.org\/{rel}","templated":true}]}}