{"id":1593,"date":"2021-12-18T21:22:04","date_gmt":"2021-12-18T21:22:04","guid":{"rendered":"https:\/\/dev.buod.de\/dusseldorfi-magyar-napok-2021-online-megis-egyutt\/"},"modified":"2024-04-11T13:04:22","modified_gmt":"2024-04-11T13:04:22","slug":"dusseldorfi-magyar-napok-2021-online-megis-egyutt","status":"publish","type":"post","link":"https:\/\/buod.de\/de\/dusseldorfi-magyar-napok-2021-online-megis-egyutt\/","title":{"rendered":"D\u00fcsseldorfi Magyar Napok 2021 &#8211; Online, m\u00e9gis egy\u00fctt!"},"content":{"rendered":"<p>Megny\u00edltak megint az idei 2021-es D\u00fcsseldorfi Magyar Napok a d\u00fcsseldorfi magyar f\u0151konzul\u00e1tus szervez\u00e9s\u00e9ben.<\/p>\n<p><!--more--><\/p>\n<p>Sajnos az id\u00e9n megint csak online form\u00e1ban.<\/p>\n<p>December 26-ig sz\u00e1mos esem\u00e9ny lesz megtekinthet\u0151. T\u00f6bb BUOD tagszervezet is bemutatkozik!<\/p>\n<p>\u00dagynevezett k\u00e1v\u00e9h\u00e1zi besz\u00e9lget\u00e9sek is lesznek, melyek egyik\u00e9t \u00e9n magam moder\u00e1lom \u00e9s itt feln\u0151tt, feln\u0151v\u0151 magyar fiatalokkal szeretn\u00e9k majd besz\u00e9lgetni.<\/p>\n<p>N\u00e9zz\u00e9tek meg a D\u00fcsseldorfi Magyar Napok honlapj\u00e1t \u00e9s kapcsol\u00f3djatok be, ahogyan belef\u00e9r. Online m\u00f3don ez b\u00e1rhonnan lehets\u00e9ges:<\/p>\n<p><a href=\"https:\/\/ungarntage.com\/\" data-saferedirecturl=\"https:\/\/www.google.com\/url?hl=hu&amp;q=https:\/\/ungarntage.com\/&amp;source=gmail&amp;ust=1639948238847000&amp;usg=AFQjCNEb43ygefNXlWAROlwh43DoxNFSrw\"><\/a><a href=\"https:\/\/ungarntage.com\/\">https:\/\/ungarntage.com\/<\/a><\/p>\n<p>Bar\u00e1ti \u00fcdv\u00f6zlettel \u2013 Klement Korn\u00e9l (Kori)<\/p>\n<p>_________________________________________________________<br \/>Dr. Korn\u00e9l KLEMENT<br \/>D-63128 Dietzenbach, Ringstr. 16<br \/>Fon: +49 (1522) 7161-764<br \/>&#8211;<br \/>N\u00e9metorsz\u00e1gi Magyar Szervezetek Sz\u00f6vets\u00e9ge<br \/>Bund Ungarischer Organisationen in Deutschland (BUOD)<br \/><a href=\"https:\/\/buod.de\/de\/\"><\/a><a href=\"https:\/\/buod.de\/de\/\">http:\/\/www.buod.de<br \/><\/a>&#8211;<br \/>Bund Ungarischer Landesverb\u00e4nde in West-Europa (BULWE) (auf ungarisch)<br \/>Bund Ungarischer Landesverb\u00e4nde in Westeuropa<br \/><a href=\"http:\/\/www.nyeomszsz.org\/\"><\/a><a href=\"http:\/\/www.nyeomszsz.org\">http:\/\/www.nyeomszsz.org<br \/><\/a>_________________________________________________________<\/p>","protected":false},"excerpt":{"rendered":"<p>Megny\u00edltak megint az idei 2021-es D\u00fcsseldorfi Magyar Napok a d\u00fcsseldorfi magyar f\u0151konzul\u00e1tus szervez\u00e9s\u00e9ben.<\/p>","protected":false},"author":4,"featured_media":0,"comment_status":"open","ping_status":"open","sticky":false,"template":"","format":"standard","meta":{"footnotes":""},"categories":[17],"tags":[19],"class_list":["post-1593","post","type-post","status-publish","format-standard","hentry","category-hirek","tag-19"],"yoast_head":"<!-- This site is optimized with the Yoast SEO plugin v27.5 - https:\/\/yoast.com\/product\/yoast-seo-wordpress\/ -->\n<title>D\u00fcsseldorfi Magyar Napok 2021 - Online, m\u00e9gis egy\u00fctt! - BUOD<\/title>\n<meta name=\"robots\" content=\"index, follow, max-snippet:-1, max-image-preview:large, max-video-preview:-1\" \/>\n<link rel=\"canonical\" href=\"https:\/\/buod.de\/de\/dusseldorfi-magyar-napok-2021-online-megis-egyutt\/\" \/>\n<meta property=\"og:locale\" content=\"de_DE\" \/>\n<meta property=\"og:type\" content=\"article\" \/>\n<meta property=\"og:title\" content=\"D\u00fcsseldorfi Magyar Napok 2021 - Online, m\u00e9gis egy\u00fctt! - BUOD\" \/>\n<meta property=\"og:description\" content=\"Megny\u00edltak megint az idei 2021-es D\u00fcsseldorfi Magyar Napok a d\u00fcsseldorfi magyar f\u0151konzul\u00e1tus szervez\u00e9s\u00e9ben.\" \/>\n<meta property=\"og:url\" content=\"https:\/\/buod.de\/de\/dusseldorfi-magyar-napok-2021-online-megis-egyutt\/\" \/>\n<meta property=\"og:site_name\" content=\"BUOD\" \/>\n<meta property=\"article:publisher\" content=\"https:\/\/www.facebook.com\/profile.php?id=100082185652397\" \/>\n<meta property=\"article:published_time\" content=\"2021-12-18T21:22:04+00:00\" \/>\n<meta property=\"article:modified_time\" content=\"2024-04-11T13:04:22+00:00\" \/>\n<meta name=\"author\" content=\"Gery V\u00e1rkonyi\" \/>\n<meta name=\"twitter:card\" content=\"summary_large_image\" \/>\n<meta name=\"twitter:label1\" content=\"Written by\" \/>\n\t<meta name=\"twitter:data1\" content=\"Gery V\u00e1rkonyi\" \/>\n\t<meta name=\"twitter:label2\" content=\"Est. reading time\" \/>\n\t<meta name=\"twitter:data2\" content=\"1 minute\" \/>\n<script type=\"application\/ld+json\" class=\"yoast-schema-graph\">{\"@context\":\"https:\\\/\\\/schema.org\",\"@graph\":[{\"@type\":\"Article\",\"@id\":\"https:\\\/\\\/buod.de\\\/dusseldorfi-magyar-napok-2021-online-megis-egyutt\\\/#article\",\"isPartOf\":{\"@id\":\"https:\\\/\\\/buod.de\\\/dusseldorfi-magyar-napok-2021-online-megis-egyutt\\\/\"},\"author\":{\"name\":\"Gery V\u00e1rkonyi\",\"@id\":\"https:\\\/\\\/buod.de\\\/#\\\/schema\\\/person\\\/8332a3e63b017fea8fcd17e9c0f96bf1\"},\"headline\":\"D\u00fcsseldorfi Magyar Napok 2021 &#8211; Online, m\u00e9gis egy\u00fctt!\",\"datePublished\":\"2021-12-18T21:22:04+00:00\",\"dateModified\":\"2024-04-11T13:04:22+00:00\",\"mainEntityOfPage\":{\"@id\":\"https:\\\/\\\/buod.de\\\/dusseldorfi-magyar-napok-2021-online-megis-egyutt\\\/\"},\"wordCount\":165,\"commentCount\":0,\"publisher\":{\"@id\":\"https:\\\/\\\/buod.de\\\/#organization\"},\"keywords\":[\"2021\"],\"articleSection\":[\"H\u00edrek\"],\"inLanguage\":\"de-DE\",\"potentialAction\":[{\"@type\":\"CommentAction\",\"name\":\"Comment\",\"target\":[\"https:\\\/\\\/buod.de\\\/dusseldorfi-magyar-napok-2021-online-megis-egyutt\\\/#respond\"]}]},{\"@type\":\"WebPage\",\"@id\":\"https:\\\/\\\/buod.de\\\/dusseldorfi-magyar-napok-2021-online-megis-egyutt\\\/\",\"url\":\"https:\\\/\\\/buod.de\\\/dusseldorfi-magyar-napok-2021-online-megis-egyutt\\\/\",\"name\":\"D\u00fcsseldorfi Magyar Napok 2021 - Online, m\u00e9gis egy\u00fctt! - BUOD\",\"isPartOf\":{\"@id\":\"https:\\\/\\\/buod.de\\\/#website\"},\"datePublished\":\"2021-12-18T21:22:04+00:00\",\"dateModified\":\"2024-04-11T13:04:22+00:00\",\"breadcrumb\":{\"@id\":\"https:\\\/\\\/buod.de\\\/dusseldorfi-magyar-napok-2021-online-megis-egyutt\\\/#breadcrumb\"},\"inLanguage\":\"de-DE\",\"potentialAction\":[{\"@type\":\"ReadAction\",\"target\":[\"https:\\\/\\\/buod.de\\\/dusseldorfi-magyar-napok-2021-online-megis-egyutt\\\/\"]}]},{\"@type\":\"BreadcrumbList\",\"@id\":\"https:\\\/\\\/buod.de\\\/dusseldorfi-magyar-napok-2021-online-megis-egyutt\\\/#breadcrumb\",\"itemListElement\":[{\"@type\":\"ListItem\",\"position\":1,\"name\":\"Kezd\u0151lap\",\"item\":\"https:\\\/\\\/buod.de\\\/\"},{\"@type\":\"ListItem\",\"position\":2,\"name\":\"D\u00fcsseldorfi Magyar Napok 2021 &#8211; Online, m\u00e9gis egy\u00fctt!\"}]},{\"@type\":\"WebSite\",\"@id\":\"https:\\\/\\\/buod.de\\\/#website\",\"url\":\"https:\\\/\\\/buod.de\\\/\",\"name\":\"BUOD\",\"description\":\"Bund Ungarischer Organisationen in Deutschland\",\"publisher\":{\"@id\":\"https:\\\/\\\/buod.de\\\/#organization\"},\"potentialAction\":[{\"@type\":\"SearchAction\",\"target\":{\"@type\":\"EntryPoint\",\"urlTemplate\":\"https:\\\/\\\/buod.de\\\/?s={search_term_string}\"},\"query-input\":{\"@type\":\"PropertyValueSpecification\",\"valueRequired\":true,\"valueName\":\"search_term_string\"}}],\"inLanguage\":\"de-DE\"},{\"@type\":\"Organization\",\"@id\":\"https:\\\/\\\/buod.de\\\/#organization\",\"name\":\"BUOD\",\"url\":\"https:\\\/\\\/buod.de\\\/\",\"logo\":{\"@type\":\"ImageObject\",\"inLanguage\":\"de-DE\",\"@id\":\"https:\\\/\\\/buod.de\\\/#\\\/schema\\\/logo\\\/image\\\/\",\"url\":\"https:\\\/\\\/buod.de\\\/wp-content\\\/uploads\\\/2024\\\/03\\\/BUOD-logo.png\",\"contentUrl\":\"https:\\\/\\\/buod.de\\\/wp-content\\\/uploads\\\/2024\\\/03\\\/BUOD-logo.png\",\"width\":586,\"height\":490,\"caption\":\"BUOD\"},\"image\":{\"@id\":\"https:\\\/\\\/buod.de\\\/#\\\/schema\\\/logo\\\/image\\\/\"},\"sameAs\":[\"https:\\\/\\\/www.facebook.com\\\/profile.php?id=100082185652397\"]},{\"@type\":\"Person\",\"@id\":\"https:\\\/\\\/buod.de\\\/#\\\/schema\\\/person\\\/8332a3e63b017fea8fcd17e9c0f96bf1\",\"name\":\"Gery V\u00e1rkonyi\",\"image\":{\"@type\":\"ImageObject\",\"inLanguage\":\"de-DE\",\"@id\":\"https:\\\/\\\/secure.gravatar.com\\\/avatar\\\/c1babe7dc68f065be4ec606c522172804715398688c78c6fffca3888b364e934?s=96&d=mm&r=g\",\"url\":\"https:\\\/\\\/secure.gravatar.com\\\/avatar\\\/c1babe7dc68f065be4ec606c522172804715398688c78c6fffca3888b364e934?s=96&d=mm&r=g\",\"contentUrl\":\"https:\\\/\\\/secure.gravatar.com\\\/avatar\\\/c1babe7dc68f065be4ec606c522172804715398688c78c6fffca3888b364e934?s=96&d=mm&r=g\",\"caption\":\"Gery V\u00e1rkonyi\"},\"url\":\"https:\\\/\\\/buod.de\\\/de\\\/author\\\/geryvarkonyi\\\/\"}]}<\/script>\n<!-- \/ Yoast SEO plugin. -->","yoast_head_json":{"title":"D\u00fcsseldorfi Magyar Napok 2021 - Online, m\u00e9gis egy\u00fctt! - BUOD","robots":{"index":"index","follow":"follow","max-snippet":"max-snippet:-1","max-image-preview":"max-image-preview:large","max-video-preview":"max-video-preview:-1"},"canonical":"https:\/\/buod.de\/de\/dusseldorfi-magyar-napok-2021-online-megis-egyutt\/","og_locale":"de_DE","og_type":"article","og_title":"D\u00fcsseldorfi Magyar Napok 2021 - Online, m\u00e9gis egy\u00fctt! - BUOD","og_description":"Megny\u00edltak megint az idei 2021-es D\u00fcsseldorfi Magyar Napok a d\u00fcsseldorfi magyar f\u0151konzul\u00e1tus szervez\u00e9s\u00e9ben.","og_url":"https:\/\/buod.de\/de\/dusseldorfi-magyar-napok-2021-online-megis-egyutt\/","og_site_name":"BUOD","article_publisher":"https:\/\/www.facebook.com\/profile.php?id=100082185652397","article_published_time":"2021-12-18T21:22:04+00:00","article_modified_time":"2024-04-11T13:04:22+00:00","author":"Gery V\u00e1rkonyi","twitter_card":"summary_large_image","twitter_misc":{"Written by":"Gery V\u00e1rkonyi","Est. reading time":"1 minute"},"schema":{"@context":"https:\/\/schema.org","@graph":[{"@type":"Article","@id":"https:\/\/buod.de\/dusseldorfi-magyar-napok-2021-online-megis-egyutt\/#article","isPartOf":{"@id":"https:\/\/buod.de\/dusseldorfi-magyar-napok-2021-online-megis-egyutt\/"},"author":{"name":"Gery V\u00e1rkonyi","@id":"https:\/\/buod.de\/#\/schema\/person\/8332a3e63b017fea8fcd17e9c0f96bf1"},"headline":"D\u00fcsseldorfi Magyar Napok 2021 &#8211; Online, m\u00e9gis egy\u00fctt!","datePublished":"2021-12-18T21:22:04+00:00","dateModified":"2024-04-11T13:04:22+00:00","mainEntityOfPage":{"@id":"https:\/\/buod.de\/dusseldorfi-magyar-napok-2021-online-megis-egyutt\/"},"wordCount":165,"commentCount":0,"publisher":{"@id":"https:\/\/buod.de\/#organization"},"keywords":["2021"],"articleSection":["H\u00edrek"],"inLanguage":"de-DE","potentialAction":[{"@type":"CommentAction","name":"Comment","target":["https:\/\/buod.de\/dusseldorfi-magyar-napok-2021-online-megis-egyutt\/#respond"]}]},{"@type":"WebPage","@id":"https:\/\/buod.de\/dusseldorfi-magyar-napok-2021-online-megis-egyutt\/","url":"https:\/\/buod.de\/dusseldorfi-magyar-napok-2021-online-megis-egyutt\/","name":"D\u00fcsseldorfi Magyar Napok 2021 - Online, m\u00e9gis egy\u00fctt! - BUOD","isPartOf":{"@id":"https:\/\/buod.de\/#website"},"datePublished":"2021-12-18T21:22:04+00:00","dateModified":"2024-04-11T13:04:22+00:00","breadcrumb":{"@id":"https:\/\/buod.de\/dusseldorfi-magyar-napok-2021-online-megis-egyutt\/#breadcrumb"},"inLanguage":"de-DE","potentialAction":[{"@type":"ReadAction","target":["https:\/\/buod.de\/dusseldorfi-magyar-napok-2021-online-megis-egyutt\/"]}]},{"@type":"BreadcrumbList","@id":"https:\/\/buod.de\/dusseldorfi-magyar-napok-2021-online-megis-egyutt\/#breadcrumb","itemListElement":[{"@type":"ListItem","position":1,"name":"Kezd\u0151lap","item":"https:\/\/buod.de\/"},{"@type":"ListItem","position":2,"name":"D\u00fcsseldorfi Magyar Napok 2021 &#8211; Online, m\u00e9gis egy\u00fctt!"}]},{"@type":"WebSite","@id":"https:\/\/buod.de\/#website","url":"https:\/\/buod.de\/","name":"BUOD","description":"Bund Ungarischer Organisationen in Deutschland","publisher":{"@id":"https:\/\/buod.de\/#organization"},"potentialAction":[{"@type":"SearchAction","target":{"@type":"EntryPoint","urlTemplate":"https:\/\/buod.de\/?s={search_term_string}"},"query-input":{"@type":"PropertyValueSpecification","valueRequired":true,"valueName":"search_term_string"}}],"inLanguage":"de-DE"},{"@type":"Organization","@id":"https:\/\/buod.de\/#organization","name":"BUOD","url":"https:\/\/buod.de\/","logo":{"@type":"ImageObject","inLanguage":"de-DE","@id":"https:\/\/buod.de\/#\/schema\/logo\/image\/","url":"https:\/\/buod.de\/wp-content\/uploads\/2024\/03\/BUOD-logo.png","contentUrl":"https:\/\/buod.de\/wp-content\/uploads\/2024\/03\/BUOD-logo.png","width":586,"height":490,"caption":"BUOD"},"image":{"@id":"https:\/\/buod.de\/#\/schema\/logo\/image\/"},"sameAs":["https:\/\/www.facebook.com\/profile.php?id=100082185652397"]},{"@type":"Person","@id":"https:\/\/buod.de\/#\/schema\/person\/8332a3e63b017fea8fcd17e9c0f96bf1","name":"Gery V\u00e1rkonyi","image":{"@type":"ImageObject","inLanguage":"de-DE","@id":"https:\/\/secure.gravatar.com\/avatar\/c1babe7dc68f065be4ec606c522172804715398688c78c6fffca3888b364e934?s=96&d=mm&r=g","url":"https:\/\/secure.gravatar.com\/avatar\/c1babe7dc68f065be4ec606c522172804715398688c78c6fffca3888b364e934?s=96&d=mm&r=g","contentUrl":"https:\/\/secure.gravatar.com\/avatar\/c1babe7dc68f065be4ec606c522172804715398688c78c6fffca3888b364e934?s=96&d=mm&r=g","caption":"Gery V\u00e1rkonyi"},"url":"https:\/\/buod.de\/de\/author\/geryvarkonyi\/"}]}},"_links":{"self":[{"href":"https:\/\/buod.de\/de\/wp-json\/wp\/v2\/posts\/1593","targetHints":{"allow":["GET"]}}],"collection":[{"href":"https:\/\/buod.de\/de\/wp-json\/wp\/v2\/posts"}],"about":[{"href":"https:\/\/buod.de\/de\/wp-json\/wp\/v2\/types\/post"}],"author":[{"embeddable":true,"href":"https:\/\/buod.de\/de\/wp-json\/wp\/v2\/users\/4"}],"replies":[{"embeddable":true,"href":"https:\/\/buod.de\/de\/wp-json\/wp\/v2\/comments?post=1593"}],"version-history":[{"count":1,"href":"https:\/\/buod.de\/de\/wp-json\/wp\/v2\/posts\/1593\/revisions"}],"predecessor-version":[{"id":2179,"href":"https:\/\/buod.de\/de\/wp-json\/wp\/v2\/posts\/1593\/revisions\/2179"}],"wp:attachment":[{"href":"https:\/\/buod.de\/de\/wp-json\/wp\/v2\/media?parent=1593"}],"wp:term":[{"taxonomy":"category","embeddable":true,"href":"https:\/\/buod.de\/de\/wp-json\/wp\/v2\/categories?post=1593"},{"taxonomy":"post_tag","embeddable":true,"href":"https:\/\/buod.de\/de\/wp-json\/wp\/v2\/tags?post=1593"}],"curies":[{"name":"wp","href":"https:\/\/api.w.org\/{rel}","templated":true}]}}