{"id":1608,"date":"2022-06-24T15:48:50","date_gmt":"2022-06-24T15:48:50","guid":{"rendered":"https:\/\/dev.buod.de\/mindszenty-megemlekezes-a-kolni-domban\/"},"modified":"2024-04-11T13:32:38","modified_gmt":"2024-04-11T13:32:38","slug":"mindszenty-megemlekezes-a-kolni-domban","status":"publish","type":"post","link":"https:\/\/buod.de\/de\/mindszenty-megemlekezes-a-kolni-domban\/","title":{"rendered":"Mindszenty megeml\u00e9kez\u00e9s a K\u00f6lni D\u00f3mban"},"content":{"rendered":"<p>Az idei \u00e9vben is \u00f6sszegy\u0171lt \u00c8szak-Rajna-Vesztf\u00e1lia magyars\u00e1ga a k\u00f6lni f\u0151egyh\u00e1zmegye f\u0151sz\u00e9kesegyh\u00e1z\u00e1ban,<\/p>\n<p><!--more--><\/p>\n<p>hogy megeml\u00e9kezzen Mindszenthy b\u00edboros k\u00f6lni l\u00e1togat\u00e1s\u00e1r\u00f3l. Ez\u00fattal a d\u00f3m k\u00e1poln\u00e1j\u00e1ban voltunk, hogy egy\u00fctt im\u00e1dkozzunk utols\u00f3 hercegpr\u00edm\u00e1sunk boldogg\u00e1 avat\u00e1s\u00e1\u00e9rt. A megeml\u00e9kez\u00e9s utols\u00f3 pontjak\u00e9nt a kript\u00e1ban fel\u00e1ll\u00edtott eml\u00e9kt\u00e1bl\u00e1hoz ment az \u00fcnnepl\u0151 k\u00f6z\u00f6ns\u00e9g, ahol Magyarorsz\u00e1g D\u00fcsseldorfi F\u0151konzul\u00e1tusa, a K\u00f6lni Magyar Katolikus Lelk\u00e9szs\u00e9g \u00e9s s Vit\u00e9zi Rend helyezte el koszor\u00fait.<\/p>\n<p>Egy r\u00f6vid \u00f6sszefoglal\u00f3 vide\u00f3t az al\u00e1bbi linken n\u00e9zhetnek meg:<\/p>\n<p>&nbsp;<a href=\"https:\/\/www.youtube.com\/watch?v=PNst44TBlG8\">https:\/\/www.youtube.com\/watch?v=PNst44TBlG8<\/a><\/p>\n<p>v. Hegyi G\u00e1bor<\/p>","protected":false},"excerpt":{"rendered":"<p>Az idei \u00e9vben is \u00f6sszegy\u0171lt \u00c8szak-Rajna-Vesztf\u00e1lia magyars\u00e1ga a k\u00f6lni f\u0151egyh\u00e1zmegye f\u0151sz\u00e9kesegyh\u00e1z\u00e1ban,<\/p>","protected":false},"author":4,"featured_media":0,"comment_status":"open","ping_status":"open","sticky":false,"template":"","format":"standard","meta":{"footnotes":""},"categories":[17],"tags":[20],"class_list":["post-1608","post","type-post","status-publish","format-standard","hentry","category-hirek","tag-20"],"yoast_head":"<!-- This site is optimized with the Yoast SEO plugin v27.5 - https:\/\/yoast.com\/product\/yoast-seo-wordpress\/ -->\n<title>Mindszenty megeml\u00e9kez\u00e9s a K\u00f6lni D\u00f3mban - BUOD<\/title>\n<meta name=\"robots\" content=\"index, follow, max-snippet:-1, max-image-preview:large, max-video-preview:-1\" \/>\n<link rel=\"canonical\" href=\"https:\/\/buod.de\/de\/mindszenty-megemlekezes-a-kolni-domban\/\" \/>\n<meta property=\"og:locale\" content=\"de_DE\" \/>\n<meta property=\"og:type\" content=\"article\" \/>\n<meta property=\"og:title\" content=\"Mindszenty megeml\u00e9kez\u00e9s a K\u00f6lni D\u00f3mban - BUOD\" \/>\n<meta property=\"og:description\" content=\"Az idei \u00e9vben is \u00f6sszegy\u0171lt \u00c8szak-Rajna-Vesztf\u00e1lia magyars\u00e1ga a k\u00f6lni f\u0151egyh\u00e1zmegye f\u0151sz\u00e9kesegyh\u00e1z\u00e1ban,\" \/>\n<meta property=\"og:url\" content=\"https:\/\/buod.de\/de\/mindszenty-megemlekezes-a-kolni-domban\/\" \/>\n<meta property=\"og:site_name\" content=\"BUOD\" \/>\n<meta property=\"article:publisher\" content=\"https:\/\/www.facebook.com\/profile.php?id=100082185652397\" \/>\n<meta property=\"article:published_time\" content=\"2022-06-24T15:48:50+00:00\" \/>\n<meta property=\"article:modified_time\" content=\"2024-04-11T13:32:38+00:00\" \/>\n<meta name=\"author\" content=\"Gery V\u00e1rkonyi\" \/>\n<meta name=\"twitter:card\" content=\"summary_large_image\" \/>\n<meta name=\"twitter:label1\" content=\"Written by\" \/>\n\t<meta name=\"twitter:data1\" content=\"Gery V\u00e1rkonyi\" \/>\n\t<meta name=\"twitter:label2\" content=\"Est. reading time\" \/>\n\t<meta name=\"twitter:data2\" content=\"1 minute\" \/>\n<script type=\"application\/ld+json\" class=\"yoast-schema-graph\">{\"@context\":\"https:\\\/\\\/schema.org\",\"@graph\":[{\"@type\":\"Article\",\"@id\":\"https:\\\/\\\/buod.de\\\/mindszenty-megemlekezes-a-kolni-domban\\\/#article\",\"isPartOf\":{\"@id\":\"https:\\\/\\\/buod.de\\\/mindszenty-megemlekezes-a-kolni-domban\\\/\"},\"author\":{\"name\":\"Gery V\u00e1rkonyi\",\"@id\":\"https:\\\/\\\/buod.de\\\/#\\\/schema\\\/person\\\/8332a3e63b017fea8fcd17e9c0f96bf1\"},\"headline\":\"Mindszenty megeml\u00e9kez\u00e9s a K\u00f6lni D\u00f3mban\",\"datePublished\":\"2022-06-24T15:48:50+00:00\",\"dateModified\":\"2024-04-11T13:32:38+00:00\",\"mainEntityOfPage\":{\"@id\":\"https:\\\/\\\/buod.de\\\/mindszenty-megemlekezes-a-kolni-domban\\\/\"},\"wordCount\":141,\"commentCount\":0,\"publisher\":{\"@id\":\"https:\\\/\\\/buod.de\\\/#organization\"},\"keywords\":[\"2022\"],\"articleSection\":[\"H\u00edrek\"],\"inLanguage\":\"de-DE\",\"potentialAction\":[{\"@type\":\"CommentAction\",\"name\":\"Comment\",\"target\":[\"https:\\\/\\\/buod.de\\\/mindszenty-megemlekezes-a-kolni-domban\\\/#respond\"]}]},{\"@type\":\"WebPage\",\"@id\":\"https:\\\/\\\/buod.de\\\/mindszenty-megemlekezes-a-kolni-domban\\\/\",\"url\":\"https:\\\/\\\/buod.de\\\/mindszenty-megemlekezes-a-kolni-domban\\\/\",\"name\":\"Mindszenty megeml\u00e9kez\u00e9s a K\u00f6lni D\u00f3mban - BUOD\",\"isPartOf\":{\"@id\":\"https:\\\/\\\/buod.de\\\/#website\"},\"datePublished\":\"2022-06-24T15:48:50+00:00\",\"dateModified\":\"2024-04-11T13:32:38+00:00\",\"breadcrumb\":{\"@id\":\"https:\\\/\\\/buod.de\\\/mindszenty-megemlekezes-a-kolni-domban\\\/#breadcrumb\"},\"inLanguage\":\"de-DE\",\"potentialAction\":[{\"@type\":\"ReadAction\",\"target\":[\"https:\\\/\\\/buod.de\\\/mindszenty-megemlekezes-a-kolni-domban\\\/\"]}]},{\"@type\":\"BreadcrumbList\",\"@id\":\"https:\\\/\\\/buod.de\\\/mindszenty-megemlekezes-a-kolni-domban\\\/#breadcrumb\",\"itemListElement\":[{\"@type\":\"ListItem\",\"position\":1,\"name\":\"Kezd\u0151lap\",\"item\":\"https:\\\/\\\/buod.de\\\/\"},{\"@type\":\"ListItem\",\"position\":2,\"name\":\"Mindszenty megeml\u00e9kez\u00e9s a K\u00f6lni D\u00f3mban\"}]},{\"@type\":\"WebSite\",\"@id\":\"https:\\\/\\\/buod.de\\\/#website\",\"url\":\"https:\\\/\\\/buod.de\\\/\",\"name\":\"BUOD\",\"description\":\"Bund Ungarischer Organisationen in Deutschland\",\"publisher\":{\"@id\":\"https:\\\/\\\/buod.de\\\/#organization\"},\"potentialAction\":[{\"@type\":\"SearchAction\",\"target\":{\"@type\":\"EntryPoint\",\"urlTemplate\":\"https:\\\/\\\/buod.de\\\/?s={search_term_string}\"},\"query-input\":{\"@type\":\"PropertyValueSpecification\",\"valueRequired\":true,\"valueName\":\"search_term_string\"}}],\"inLanguage\":\"de-DE\"},{\"@type\":\"Organization\",\"@id\":\"https:\\\/\\\/buod.de\\\/#organization\",\"name\":\"BUOD\",\"url\":\"https:\\\/\\\/buod.de\\\/\",\"logo\":{\"@type\":\"ImageObject\",\"inLanguage\":\"de-DE\",\"@id\":\"https:\\\/\\\/buod.de\\\/#\\\/schema\\\/logo\\\/image\\\/\",\"url\":\"https:\\\/\\\/buod.de\\\/wp-content\\\/uploads\\\/2024\\\/03\\\/BUOD-logo.png\",\"contentUrl\":\"https:\\\/\\\/buod.de\\\/wp-content\\\/uploads\\\/2024\\\/03\\\/BUOD-logo.png\",\"width\":586,\"height\":490,\"caption\":\"BUOD\"},\"image\":{\"@id\":\"https:\\\/\\\/buod.de\\\/#\\\/schema\\\/logo\\\/image\\\/\"},\"sameAs\":[\"https:\\\/\\\/www.facebook.com\\\/profile.php?id=100082185652397\"]},{\"@type\":\"Person\",\"@id\":\"https:\\\/\\\/buod.de\\\/#\\\/schema\\\/person\\\/8332a3e63b017fea8fcd17e9c0f96bf1\",\"name\":\"Gery V\u00e1rkonyi\",\"image\":{\"@type\":\"ImageObject\",\"inLanguage\":\"de-DE\",\"@id\":\"https:\\\/\\\/secure.gravatar.com\\\/avatar\\\/c1babe7dc68f065be4ec606c522172804715398688c78c6fffca3888b364e934?s=96&d=mm&r=g\",\"url\":\"https:\\\/\\\/secure.gravatar.com\\\/avatar\\\/c1babe7dc68f065be4ec606c522172804715398688c78c6fffca3888b364e934?s=96&d=mm&r=g\",\"contentUrl\":\"https:\\\/\\\/secure.gravatar.com\\\/avatar\\\/c1babe7dc68f065be4ec606c522172804715398688c78c6fffca3888b364e934?s=96&d=mm&r=g\",\"caption\":\"Gery V\u00e1rkonyi\"},\"url\":\"https:\\\/\\\/buod.de\\\/de\\\/author\\\/geryvarkonyi\\\/\"}]}<\/script>\n<!-- \/ Yoast SEO plugin. -->","yoast_head_json":{"title":"Mindszenty megeml\u00e9kez\u00e9s a K\u00f6lni D\u00f3mban - BUOD","robots":{"index":"index","follow":"follow","max-snippet":"max-snippet:-1","max-image-preview":"max-image-preview:large","max-video-preview":"max-video-preview:-1"},"canonical":"https:\/\/buod.de\/de\/mindszenty-megemlekezes-a-kolni-domban\/","og_locale":"de_DE","og_type":"article","og_title":"Mindszenty megeml\u00e9kez\u00e9s a K\u00f6lni D\u00f3mban - BUOD","og_description":"Az idei \u00e9vben is \u00f6sszegy\u0171lt \u00c8szak-Rajna-Vesztf\u00e1lia magyars\u00e1ga a k\u00f6lni f\u0151egyh\u00e1zmegye f\u0151sz\u00e9kesegyh\u00e1z\u00e1ban,","og_url":"https:\/\/buod.de\/de\/mindszenty-megemlekezes-a-kolni-domban\/","og_site_name":"BUOD","article_publisher":"https:\/\/www.facebook.com\/profile.php?id=100082185652397","article_published_time":"2022-06-24T15:48:50+00:00","article_modified_time":"2024-04-11T13:32:38+00:00","author":"Gery V\u00e1rkonyi","twitter_card":"summary_large_image","twitter_misc":{"Written by":"Gery V\u00e1rkonyi","Est. reading time":"1 minute"},"schema":{"@context":"https:\/\/schema.org","@graph":[{"@type":"Article","@id":"https:\/\/buod.de\/mindszenty-megemlekezes-a-kolni-domban\/#article","isPartOf":{"@id":"https:\/\/buod.de\/mindszenty-megemlekezes-a-kolni-domban\/"},"author":{"name":"Gery V\u00e1rkonyi","@id":"https:\/\/buod.de\/#\/schema\/person\/8332a3e63b017fea8fcd17e9c0f96bf1"},"headline":"Mindszenty megeml\u00e9kez\u00e9s a K\u00f6lni D\u00f3mban","datePublished":"2022-06-24T15:48:50+00:00","dateModified":"2024-04-11T13:32:38+00:00","mainEntityOfPage":{"@id":"https:\/\/buod.de\/mindszenty-megemlekezes-a-kolni-domban\/"},"wordCount":141,"commentCount":0,"publisher":{"@id":"https:\/\/buod.de\/#organization"},"keywords":["2022"],"articleSection":["H\u00edrek"],"inLanguage":"de-DE","potentialAction":[{"@type":"CommentAction","name":"Comment","target":["https:\/\/buod.de\/mindszenty-megemlekezes-a-kolni-domban\/#respond"]}]},{"@type":"WebPage","@id":"https:\/\/buod.de\/mindszenty-megemlekezes-a-kolni-domban\/","url":"https:\/\/buod.de\/mindszenty-megemlekezes-a-kolni-domban\/","name":"Mindszenty megeml\u00e9kez\u00e9s a K\u00f6lni D\u00f3mban - BUOD","isPartOf":{"@id":"https:\/\/buod.de\/#website"},"datePublished":"2022-06-24T15:48:50+00:00","dateModified":"2024-04-11T13:32:38+00:00","breadcrumb":{"@id":"https:\/\/buod.de\/mindszenty-megemlekezes-a-kolni-domban\/#breadcrumb"},"inLanguage":"de-DE","potentialAction":[{"@type":"ReadAction","target":["https:\/\/buod.de\/mindszenty-megemlekezes-a-kolni-domban\/"]}]},{"@type":"BreadcrumbList","@id":"https:\/\/buod.de\/mindszenty-megemlekezes-a-kolni-domban\/#breadcrumb","itemListElement":[{"@type":"ListItem","position":1,"name":"Kezd\u0151lap","item":"https:\/\/buod.de\/"},{"@type":"ListItem","position":2,"name":"Mindszenty megeml\u00e9kez\u00e9s a K\u00f6lni D\u00f3mban"}]},{"@type":"WebSite","@id":"https:\/\/buod.de\/#website","url":"https:\/\/buod.de\/","name":"BUOD","description":"Bund Ungarischer Organisationen in Deutschland","publisher":{"@id":"https:\/\/buod.de\/#organization"},"potentialAction":[{"@type":"SearchAction","target":{"@type":"EntryPoint","urlTemplate":"https:\/\/buod.de\/?s={search_term_string}"},"query-input":{"@type":"PropertyValueSpecification","valueRequired":true,"valueName":"search_term_string"}}],"inLanguage":"de-DE"},{"@type":"Organization","@id":"https:\/\/buod.de\/#organization","name":"BUOD","url":"https:\/\/buod.de\/","logo":{"@type":"ImageObject","inLanguage":"de-DE","@id":"https:\/\/buod.de\/#\/schema\/logo\/image\/","url":"https:\/\/buod.de\/wp-content\/uploads\/2024\/03\/BUOD-logo.png","contentUrl":"https:\/\/buod.de\/wp-content\/uploads\/2024\/03\/BUOD-logo.png","width":586,"height":490,"caption":"BUOD"},"image":{"@id":"https:\/\/buod.de\/#\/schema\/logo\/image\/"},"sameAs":["https:\/\/www.facebook.com\/profile.php?id=100082185652397"]},{"@type":"Person","@id":"https:\/\/buod.de\/#\/schema\/person\/8332a3e63b017fea8fcd17e9c0f96bf1","name":"Gery V\u00e1rkonyi","image":{"@type":"ImageObject","inLanguage":"de-DE","@id":"https:\/\/secure.gravatar.com\/avatar\/c1babe7dc68f065be4ec606c522172804715398688c78c6fffca3888b364e934?s=96&d=mm&r=g","url":"https:\/\/secure.gravatar.com\/avatar\/c1babe7dc68f065be4ec606c522172804715398688c78c6fffca3888b364e934?s=96&d=mm&r=g","contentUrl":"https:\/\/secure.gravatar.com\/avatar\/c1babe7dc68f065be4ec606c522172804715398688c78c6fffca3888b364e934?s=96&d=mm&r=g","caption":"Gery V\u00e1rkonyi"},"url":"https:\/\/buod.de\/de\/author\/geryvarkonyi\/"}]}},"_links":{"self":[{"href":"https:\/\/buod.de\/de\/wp-json\/wp\/v2\/posts\/1608","targetHints":{"allow":["GET"]}}],"collection":[{"href":"https:\/\/buod.de\/de\/wp-json\/wp\/v2\/posts"}],"about":[{"href":"https:\/\/buod.de\/de\/wp-json\/wp\/v2\/types\/post"}],"author":[{"embeddable":true,"href":"https:\/\/buod.de\/de\/wp-json\/wp\/v2\/users\/4"}],"replies":[{"embeddable":true,"href":"https:\/\/buod.de\/de\/wp-json\/wp\/v2\/comments?post=1608"}],"version-history":[{"count":1,"href":"https:\/\/buod.de\/de\/wp-json\/wp\/v2\/posts\/1608\/revisions"}],"predecessor-version":[{"id":2283,"href":"https:\/\/buod.de\/de\/wp-json\/wp\/v2\/posts\/1608\/revisions\/2283"}],"wp:attachment":[{"href":"https:\/\/buod.de\/de\/wp-json\/wp\/v2\/media?parent=1608"}],"wp:term":[{"taxonomy":"category","embeddable":true,"href":"https:\/\/buod.de\/de\/wp-json\/wp\/v2\/categories?post=1608"},{"taxonomy":"post_tag","embeddable":true,"href":"https:\/\/buod.de\/de\/wp-json\/wp\/v2\/tags?post=1608"}],"curies":[{"name":"wp","href":"https:\/\/api.w.org\/{rel}","templated":true}]}}