{"id":1686,"date":"2023-01-18T18:56:58","date_gmt":"2023-01-18T18:56:58","guid":{"rendered":"https:\/\/dev.buod.de\/kituntetett-szemelyek-emlekezteto-buod-tagszervezetek-bemutatkozasa-a-keszulo-30-ev-buod-emlekkotetben\/"},"modified":"2024-04-11T13:33:42","modified_gmt":"2024-04-11T13:33:42","slug":"kituntetett-szemelyek-emlekezteto-buod-tagszervezetek-bemutatkozasa-a-keszulo-30-ev-buod-emlekkotetben","status":"publish","type":"post","link":"https:\/\/buod.de\/de\/kituntetett-szemelyek-emlekezteto-buod-tagszervezetek-bemutatkozasa-a-keszulo-30-ev-buod-emlekkotetben\/","title":{"rendered":"Kit\u00fcntetett szem\u00e9lyek + Eml\u00e9keztet\u00f6 BUOD Tagszervezetek bemutatkoz\u00e1sa a k\u00e9sz\u00fcl\u0151 30 \u00e9v BUOD eml\u00e9kk\u00f6tetben"},"content":{"rendered":"<p>Kedves BUOD Tagegyes\u00fcleti Vezet\u0151k!<\/p>\n<p>El\u0151sz\u00f6r is boldog \u00faj \u00e9vet k\u00edv\u00e1nunk Mindny\u00e1jatoknak!<\/p>\n<p><!--more--><\/p>\n<p>Dec. 22. level\u00fcnkre szeretn\u00e9nk eml\u00e9keztetni Titeket, melyben arra kert\u00fck tagszervezeteinket, hogy a k\u00e9sz\u00fcl\u0151 30 \u00e9v BUOD eml\u00e9kk\u00f6tet sz\u00e1m\u00e1ra az egyes\u00fcleteteket, k\u00f6z\u00f6ss\u00e9geteket mutass\u00e1tok be. Ez az eml\u00e9kk\u00f6tet egy kiemelten fontos dokument\u00e1ci\u00f3ja lesz a kor\u00e1bbi \u00e9s mostani szervezett n\u00e9metorsz\u00e1gi magyar k\u00f6z\u00f6ss\u00e9gi \u00e9letnek.<\/p>\n<p>K\u00e9rj\u00fck, a besz\u00e1mol\u00f3t \u00e9s a k\u00e9peket <strong>2023. febru\u00e1r 12-ig<\/strong> a csatolt sablon seg\u00edts\u00e9g\u00e9vel a k\u00f6vetkez\u0151 c\u00edmre k\u00fcldj\u00e9tek meg: <a href=\"mailto:buod30@buod.de\"><\/a><a href=\"mailto:buod30@buod.de\">buod30@buod.de<\/a><\/p>\n<p>Tov\u00e1bb\u00e1 arra k\u00e9r\u00fcnk Titeket, t\u00e1j\u00e9koztassatok minket arr\u00f3l, hogy az egyes\u00fcletetekb\u0151l kit ill. adott esetben kiket t\u00fcntettek ki a magyar munk\u00e1val kapcsolatos \u00e1llami kit\u00fcntet\u00e9ssel (magyar vagy n\u00e9met). Ez esetben adj\u00e1tok meg a kit\u00fcntet\u00e9s pontos megnevez\u00e9s\u00e9t is. Fel szeretn\u00e9nk sorolni azokat a szem\u00e9lyeket, akik ezen fontos t\u00e1rsadalmi munk\u00e1\u00e9rt kit\u00fcntet\u00e9sben r\u00e9szes\u00fcltek. El\u0151re k\u00f6sz\u00f6nj\u00fck ezt is!<\/p>\n<p>\u00dcdv \u2013 Kori<\/p>\n<p>#####<\/p>\n<p>Kedves BUOD Tagegyes\u00fcleti Vezet\u0151k!<\/p>\n<p>Amint azt m\u00e1r a j\u00faniusi k\u00f6zgy\u0171l\u00e9s\u00fcnk\u00f6n Frankfurtban is k\u00f6z\u00f6sen tervezgett\u00fck, k\u00e9sz\u00fcl\u00fcnk egy eml\u00e9kk\u00f6tettel a BUOD 30 \u00e9ves fenn\u00e1ll\u00e1s\u00e1nak alkalm\u00e1b\u00f3l. Ebben az eml\u00e9kk\u00f6tetben minden tagszervezetnek lehet\u0151s\u00e9get szeretn\u00e9nk biztos\u00edtani arra, hogy bemutatkozzon.<\/p>\n<p>Igyekezz\u00fcnk egy \u00e1tfog\u00f3 k\u00e9pet ny\u00fajtani az \u00e1ltalunk fenntartott n\u00e9metorsz\u00e1gi magyar k\u00f6z\u00f6ss\u00e9gi \u00e9letr\u0151l!<\/p>\n<p>Ez\u00e9rt arra k\u00e9r\u00fcnk Titeket, hogy vegy\u00e9tek komolyan ezt a feladatot, hiszen ezt az eml\u00e9kk\u00f6tet nemcsak saj\u00e1t k\u00f6reinkben terjesztj\u00fck majd, hanem a magyarorsz\u00e1gi int\u00e9zm\u00e9nyekn\u00e9l, mint pl. nemzetpolitikai \u00e1llamtitk\u00e1rs\u00e1g, n\u00e9metorsz\u00e1gi magyar k\u00f6vets\u00e9g \u00e9s konzul\u00e1tusok, tudom\u00e1nyos h\u00e1l\u00f3zatok, de a vil\u00e1gm\u00e9ret\u0171 magyar diaszp\u00f3ra k\u00f6reiben is, mint pl. a NYEOMSZSZ orsz\u00e1gos tagszervezetei \u00e9s a tengerent\u00fali magyar k\u00f6z\u00f6ss\u00e9gek.<\/p>\n<p>Az ismertet\u0151, besz\u00e1mol\u00f3 elk\u00e9sz\u00edt\u00e9s\u00e9hez mell\u00e9kel\u00fcnk Nektek egy sablont. Ebbe \u00edrj\u00e1tok a sz\u00f6veget. A k\u00e9peket a k\u00e9rt f\u00f6lbont\u00e1sban k\u00fcl\u00f6n csatolj\u00e1tok. El\u0151re k\u00f6sz\u00f6nj\u00fck!<\/p>\n<p>K\u00e9rj\u00fck, a besz\u00e1mol\u00f3t \u00e9s a k\u00e9peket <strong>2023. febru\u00e1r 12-ig<\/strong> a k\u00f6vetkez\u0151 c\u00edmre k\u00fcldj\u00e9tek meg: <a href=\"mailto:buod30@buod.de\"><\/a><a href=\"mailto:buod30@buod.de\">buod30@buod.de<\/a><\/p>\n<p>El\u0151re k\u00f6sz\u00f6nj\u00fck munk\u00e1tokat \u00e9s tov\u00e1bbi sok sikert \u00e9s \u00f6r\u00f6met k\u00edv\u00e1nunk Mindny\u00e1jatoknak. Bar\u00e1ti \u00fcdv\u00f6zlettel!<\/p>\n<p>Ui.: A jubileumi megeml\u00e9kez\u00e9st el\u0151rel\u00e1that\u00f3lag 2023. szeptember 16-17-\u00e9n tartjuk (szombat \u2013 vas\u00e1rnap). Ezt az id\u0151pontot \u00edrj\u00e1tok be m\u00e1r most a napt\u00e1rotokba.<\/p>\n<p>Klement Korn\u00e9l (Kori)<\/p>","protected":false},"excerpt":{"rendered":"<p>Kedves BUOD Tagegyes\u00fcleti Vezet\u0151k! El\u0151sz\u00f6r is boldog \u00faj \u00e9vet k\u00edv\u00e1nunk Mindny\u00e1jatoknak!<\/p>","protected":false},"author":4,"featured_media":0,"comment_status":"open","ping_status":"open","sticky":false,"template":"","format":"standard","meta":{"footnotes":""},"categories":[17],"tags":[21],"class_list":["post-1686","post","type-post","status-publish","format-standard","hentry","category-hirek","tag-21"],"yoast_head":"<!-- This site is optimized with the Yoast SEO plugin v27.5 - https:\/\/yoast.com\/product\/yoast-seo-wordpress\/ -->\n<title>Kit\u00fcntetett szem\u00e9lyek + Eml\u00e9keztet\u00f6 BUOD Tagszervezetek bemutatkoz\u00e1sa a k\u00e9sz\u00fcl\u0151 30 \u00e9v BUOD eml\u00e9kk\u00f6tetben - BUOD<\/title>\n<meta name=\"robots\" content=\"index, follow, max-snippet:-1, max-image-preview:large, max-video-preview:-1\" \/>\n<link rel=\"canonical\" href=\"https:\/\/buod.de\/de\/kituntetett-szemelyek-emlekezteto-buod-tagszervezetek-bemutatkozasa-a-keszulo-30-ev-buod-emlekkotetben\/\" \/>\n<meta property=\"og:locale\" content=\"de_DE\" \/>\n<meta property=\"og:type\" content=\"article\" \/>\n<meta property=\"og:title\" content=\"Kit\u00fcntetett szem\u00e9lyek + Eml\u00e9keztet\u00f6 BUOD Tagszervezetek bemutatkoz\u00e1sa a k\u00e9sz\u00fcl\u0151 30 \u00e9v BUOD eml\u00e9kk\u00f6tetben - BUOD\" \/>\n<meta property=\"og:description\" content=\"Kedves BUOD Tagegyes\u00fcleti Vezet\u0151k! El\u0151sz\u00f6r is boldog \u00faj \u00e9vet k\u00edv\u00e1nunk Mindny\u00e1jatoknak!\" \/>\n<meta property=\"og:url\" content=\"https:\/\/buod.de\/de\/kituntetett-szemelyek-emlekezteto-buod-tagszervezetek-bemutatkozasa-a-keszulo-30-ev-buod-emlekkotetben\/\" \/>\n<meta property=\"og:site_name\" content=\"BUOD\" \/>\n<meta property=\"article:publisher\" content=\"https:\/\/www.facebook.com\/profile.php?id=100082185652397\" \/>\n<meta property=\"article:published_time\" content=\"2023-01-18T18:56:58+00:00\" \/>\n<meta property=\"article:modified_time\" content=\"2024-04-11T13:33:42+00:00\" \/>\n<meta name=\"author\" content=\"Gery V\u00e1rkonyi\" \/>\n<meta name=\"twitter:card\" content=\"summary_large_image\" \/>\n<meta name=\"twitter:label1\" content=\"Written by\" \/>\n\t<meta name=\"twitter:data1\" content=\"Gery V\u00e1rkonyi\" \/>\n\t<meta name=\"twitter:label2\" content=\"Est. reading time\" \/>\n\t<meta name=\"twitter:data2\" content=\"2 minutes\" \/>\n<script type=\"application\/ld+json\" class=\"yoast-schema-graph\">{\"@context\":\"https:\\\/\\\/schema.org\",\"@graph\":[{\"@type\":\"Article\",\"@id\":\"https:\\\/\\\/buod.de\\\/kituntetett-szemelyek-emlekezteto-buod-tagszervezetek-bemutatkozasa-a-keszulo-30-ev-buod-emlekkotetben\\\/#article\",\"isPartOf\":{\"@id\":\"https:\\\/\\\/buod.de\\\/kituntetett-szemelyek-emlekezteto-buod-tagszervezetek-bemutatkozasa-a-keszulo-30-ev-buod-emlekkotetben\\\/\"},\"author\":{\"name\":\"Gery V\u00e1rkonyi\",\"@id\":\"https:\\\/\\\/buod.de\\\/#\\\/schema\\\/person\\\/8332a3e63b017fea8fcd17e9c0f96bf1\"},\"headline\":\"Kit\u00fcntetett szem\u00e9lyek + Eml\u00e9keztet\u00f6 BUOD Tagszervezetek bemutatkoz\u00e1sa a k\u00e9sz\u00fcl\u0151 30 \u00e9v BUOD eml\u00e9kk\u00f6tetben\",\"datePublished\":\"2023-01-18T18:56:58+00:00\",\"dateModified\":\"2024-04-11T13:33:42+00:00\",\"mainEntityOfPage\":{\"@id\":\"https:\\\/\\\/buod.de\\\/kituntetett-szemelyek-emlekezteto-buod-tagszervezetek-bemutatkozasa-a-keszulo-30-ev-buod-emlekkotetben\\\/\"},\"wordCount\":510,\"commentCount\":0,\"publisher\":{\"@id\":\"https:\\\/\\\/buod.de\\\/#organization\"},\"keywords\":[\"2023\"],\"articleSection\":[\"H\u00edrek\"],\"inLanguage\":\"de-DE\",\"potentialAction\":[{\"@type\":\"CommentAction\",\"name\":\"Comment\",\"target\":[\"https:\\\/\\\/buod.de\\\/kituntetett-szemelyek-emlekezteto-buod-tagszervezetek-bemutatkozasa-a-keszulo-30-ev-buod-emlekkotetben\\\/#respond\"]}]},{\"@type\":\"WebPage\",\"@id\":\"https:\\\/\\\/buod.de\\\/kituntetett-szemelyek-emlekezteto-buod-tagszervezetek-bemutatkozasa-a-keszulo-30-ev-buod-emlekkotetben\\\/\",\"url\":\"https:\\\/\\\/buod.de\\\/kituntetett-szemelyek-emlekezteto-buod-tagszervezetek-bemutatkozasa-a-keszulo-30-ev-buod-emlekkotetben\\\/\",\"name\":\"Kit\u00fcntetett szem\u00e9lyek + Eml\u00e9keztet\u00f6 BUOD Tagszervezetek bemutatkoz\u00e1sa a k\u00e9sz\u00fcl\u0151 30 \u00e9v BUOD eml\u00e9kk\u00f6tetben - BUOD\",\"isPartOf\":{\"@id\":\"https:\\\/\\\/buod.de\\\/#website\"},\"datePublished\":\"2023-01-18T18:56:58+00:00\",\"dateModified\":\"2024-04-11T13:33:42+00:00\",\"breadcrumb\":{\"@id\":\"https:\\\/\\\/buod.de\\\/kituntetett-szemelyek-emlekezteto-buod-tagszervezetek-bemutatkozasa-a-keszulo-30-ev-buod-emlekkotetben\\\/#breadcrumb\"},\"inLanguage\":\"de-DE\",\"potentialAction\":[{\"@type\":\"ReadAction\",\"target\":[\"https:\\\/\\\/buod.de\\\/kituntetett-szemelyek-emlekezteto-buod-tagszervezetek-bemutatkozasa-a-keszulo-30-ev-buod-emlekkotetben\\\/\"]}]},{\"@type\":\"BreadcrumbList\",\"@id\":\"https:\\\/\\\/buod.de\\\/kituntetett-szemelyek-emlekezteto-buod-tagszervezetek-bemutatkozasa-a-keszulo-30-ev-buod-emlekkotetben\\\/#breadcrumb\",\"itemListElement\":[{\"@type\":\"ListItem\",\"position\":1,\"name\":\"Kezd\u0151lap\",\"item\":\"https:\\\/\\\/buod.de\\\/\"},{\"@type\":\"ListItem\",\"position\":2,\"name\":\"Kit\u00fcntetett szem\u00e9lyek + Eml\u00e9keztet\u00f6 BUOD Tagszervezetek bemutatkoz\u00e1sa a k\u00e9sz\u00fcl\u0151 30 \u00e9v BUOD eml\u00e9kk\u00f6tetben\"}]},{\"@type\":\"WebSite\",\"@id\":\"https:\\\/\\\/buod.de\\\/#website\",\"url\":\"https:\\\/\\\/buod.de\\\/\",\"name\":\"BUOD\",\"description\":\"Bund Ungarischer Organisationen in Deutschland\",\"publisher\":{\"@id\":\"https:\\\/\\\/buod.de\\\/#organization\"},\"potentialAction\":[{\"@type\":\"SearchAction\",\"target\":{\"@type\":\"EntryPoint\",\"urlTemplate\":\"https:\\\/\\\/buod.de\\\/?s={search_term_string}\"},\"query-input\":{\"@type\":\"PropertyValueSpecification\",\"valueRequired\":true,\"valueName\":\"search_term_string\"}}],\"inLanguage\":\"de-DE\"},{\"@type\":\"Organization\",\"@id\":\"https:\\\/\\\/buod.de\\\/#organization\",\"name\":\"BUOD\",\"url\":\"https:\\\/\\\/buod.de\\\/\",\"logo\":{\"@type\":\"ImageObject\",\"inLanguage\":\"de-DE\",\"@id\":\"https:\\\/\\\/buod.de\\\/#\\\/schema\\\/logo\\\/image\\\/\",\"url\":\"https:\\\/\\\/buod.de\\\/wp-content\\\/uploads\\\/2024\\\/03\\\/BUOD-logo.png\",\"contentUrl\":\"https:\\\/\\\/buod.de\\\/wp-content\\\/uploads\\\/2024\\\/03\\\/BUOD-logo.png\",\"width\":586,\"height\":490,\"caption\":\"BUOD\"},\"image\":{\"@id\":\"https:\\\/\\\/buod.de\\\/#\\\/schema\\\/logo\\\/image\\\/\"},\"sameAs\":[\"https:\\\/\\\/www.facebook.com\\\/profile.php?id=100082185652397\"]},{\"@type\":\"Person\",\"@id\":\"https:\\\/\\\/buod.de\\\/#\\\/schema\\\/person\\\/8332a3e63b017fea8fcd17e9c0f96bf1\",\"name\":\"Gery V\u00e1rkonyi\",\"image\":{\"@type\":\"ImageObject\",\"inLanguage\":\"de-DE\",\"@id\":\"https:\\\/\\\/secure.gravatar.com\\\/avatar\\\/c1babe7dc68f065be4ec606c522172804715398688c78c6fffca3888b364e934?s=96&d=mm&r=g\",\"url\":\"https:\\\/\\\/secure.gravatar.com\\\/avatar\\\/c1babe7dc68f065be4ec606c522172804715398688c78c6fffca3888b364e934?s=96&d=mm&r=g\",\"contentUrl\":\"https:\\\/\\\/secure.gravatar.com\\\/avatar\\\/c1babe7dc68f065be4ec606c522172804715398688c78c6fffca3888b364e934?s=96&d=mm&r=g\",\"caption\":\"Gery V\u00e1rkonyi\"},\"url\":\"https:\\\/\\\/buod.de\\\/de\\\/author\\\/geryvarkonyi\\\/\"}]}<\/script>\n<!-- \/ Yoast SEO plugin. -->","yoast_head_json":{"title":"Kit\u00fcntetett szem\u00e9lyek + Eml\u00e9keztet\u00f6 BUOD Tagszervezetek bemutatkoz\u00e1sa a k\u00e9sz\u00fcl\u0151 30 \u00e9v BUOD eml\u00e9kk\u00f6tetben - BUOD","robots":{"index":"index","follow":"follow","max-snippet":"max-snippet:-1","max-image-preview":"max-image-preview:large","max-video-preview":"max-video-preview:-1"},"canonical":"https:\/\/buod.de\/de\/kituntetett-szemelyek-emlekezteto-buod-tagszervezetek-bemutatkozasa-a-keszulo-30-ev-buod-emlekkotetben\/","og_locale":"de_DE","og_type":"article","og_title":"Kit\u00fcntetett szem\u00e9lyek + Eml\u00e9keztet\u00f6 BUOD Tagszervezetek bemutatkoz\u00e1sa a k\u00e9sz\u00fcl\u0151 30 \u00e9v BUOD eml\u00e9kk\u00f6tetben - BUOD","og_description":"Kedves BUOD Tagegyes\u00fcleti Vezet\u0151k! El\u0151sz\u00f6r is boldog \u00faj \u00e9vet k\u00edv\u00e1nunk Mindny\u00e1jatoknak!","og_url":"https:\/\/buod.de\/de\/kituntetett-szemelyek-emlekezteto-buod-tagszervezetek-bemutatkozasa-a-keszulo-30-ev-buod-emlekkotetben\/","og_site_name":"BUOD","article_publisher":"https:\/\/www.facebook.com\/profile.php?id=100082185652397","article_published_time":"2023-01-18T18:56:58+00:00","article_modified_time":"2024-04-11T13:33:42+00:00","author":"Gery V\u00e1rkonyi","twitter_card":"summary_large_image","twitter_misc":{"Written by":"Gery V\u00e1rkonyi","Est. reading time":"2 minutes"},"schema":{"@context":"https:\/\/schema.org","@graph":[{"@type":"Article","@id":"https:\/\/buod.de\/kituntetett-szemelyek-emlekezteto-buod-tagszervezetek-bemutatkozasa-a-keszulo-30-ev-buod-emlekkotetben\/#article","isPartOf":{"@id":"https:\/\/buod.de\/kituntetett-szemelyek-emlekezteto-buod-tagszervezetek-bemutatkozasa-a-keszulo-30-ev-buod-emlekkotetben\/"},"author":{"name":"Gery V\u00e1rkonyi","@id":"https:\/\/buod.de\/#\/schema\/person\/8332a3e63b017fea8fcd17e9c0f96bf1"},"headline":"Kit\u00fcntetett szem\u00e9lyek + Eml\u00e9keztet\u00f6 BUOD Tagszervezetek bemutatkoz\u00e1sa a k\u00e9sz\u00fcl\u0151 30 \u00e9v BUOD eml\u00e9kk\u00f6tetben","datePublished":"2023-01-18T18:56:58+00:00","dateModified":"2024-04-11T13:33:42+00:00","mainEntityOfPage":{"@id":"https:\/\/buod.de\/kituntetett-szemelyek-emlekezteto-buod-tagszervezetek-bemutatkozasa-a-keszulo-30-ev-buod-emlekkotetben\/"},"wordCount":510,"commentCount":0,"publisher":{"@id":"https:\/\/buod.de\/#organization"},"keywords":["2023"],"articleSection":["H\u00edrek"],"inLanguage":"de-DE","potentialAction":[{"@type":"CommentAction","name":"Comment","target":["https:\/\/buod.de\/kituntetett-szemelyek-emlekezteto-buod-tagszervezetek-bemutatkozasa-a-keszulo-30-ev-buod-emlekkotetben\/#respond"]}]},{"@type":"WebPage","@id":"https:\/\/buod.de\/kituntetett-szemelyek-emlekezteto-buod-tagszervezetek-bemutatkozasa-a-keszulo-30-ev-buod-emlekkotetben\/","url":"https:\/\/buod.de\/kituntetett-szemelyek-emlekezteto-buod-tagszervezetek-bemutatkozasa-a-keszulo-30-ev-buod-emlekkotetben\/","name":"Kit\u00fcntetett szem\u00e9lyek + Eml\u00e9keztet\u00f6 BUOD Tagszervezetek bemutatkoz\u00e1sa a k\u00e9sz\u00fcl\u0151 30 \u00e9v BUOD eml\u00e9kk\u00f6tetben - BUOD","isPartOf":{"@id":"https:\/\/buod.de\/#website"},"datePublished":"2023-01-18T18:56:58+00:00","dateModified":"2024-04-11T13:33:42+00:00","breadcrumb":{"@id":"https:\/\/buod.de\/kituntetett-szemelyek-emlekezteto-buod-tagszervezetek-bemutatkozasa-a-keszulo-30-ev-buod-emlekkotetben\/#breadcrumb"},"inLanguage":"de-DE","potentialAction":[{"@type":"ReadAction","target":["https:\/\/buod.de\/kituntetett-szemelyek-emlekezteto-buod-tagszervezetek-bemutatkozasa-a-keszulo-30-ev-buod-emlekkotetben\/"]}]},{"@type":"BreadcrumbList","@id":"https:\/\/buod.de\/kituntetett-szemelyek-emlekezteto-buod-tagszervezetek-bemutatkozasa-a-keszulo-30-ev-buod-emlekkotetben\/#breadcrumb","itemListElement":[{"@type":"ListItem","position":1,"name":"Kezd\u0151lap","item":"https:\/\/buod.de\/"},{"@type":"ListItem","position":2,"name":"Kit\u00fcntetett szem\u00e9lyek + Eml\u00e9keztet\u00f6 BUOD Tagszervezetek bemutatkoz\u00e1sa a k\u00e9sz\u00fcl\u0151 30 \u00e9v BUOD eml\u00e9kk\u00f6tetben"}]},{"@type":"WebSite","@id":"https:\/\/buod.de\/#website","url":"https:\/\/buod.de\/","name":"BUOD","description":"Bund Ungarischer Organisationen in Deutschland","publisher":{"@id":"https:\/\/buod.de\/#organization"},"potentialAction":[{"@type":"SearchAction","target":{"@type":"EntryPoint","urlTemplate":"https:\/\/buod.de\/?s={search_term_string}"},"query-input":{"@type":"PropertyValueSpecification","valueRequired":true,"valueName":"search_term_string"}}],"inLanguage":"de-DE"},{"@type":"Organization","@id":"https:\/\/buod.de\/#organization","name":"BUOD","url":"https:\/\/buod.de\/","logo":{"@type":"ImageObject","inLanguage":"de-DE","@id":"https:\/\/buod.de\/#\/schema\/logo\/image\/","url":"https:\/\/buod.de\/wp-content\/uploads\/2024\/03\/BUOD-logo.png","contentUrl":"https:\/\/buod.de\/wp-content\/uploads\/2024\/03\/BUOD-logo.png","width":586,"height":490,"caption":"BUOD"},"image":{"@id":"https:\/\/buod.de\/#\/schema\/logo\/image\/"},"sameAs":["https:\/\/www.facebook.com\/profile.php?id=100082185652397"]},{"@type":"Person","@id":"https:\/\/buod.de\/#\/schema\/person\/8332a3e63b017fea8fcd17e9c0f96bf1","name":"Gery V\u00e1rkonyi","image":{"@type":"ImageObject","inLanguage":"de-DE","@id":"https:\/\/secure.gravatar.com\/avatar\/c1babe7dc68f065be4ec606c522172804715398688c78c6fffca3888b364e934?s=96&d=mm&r=g","url":"https:\/\/secure.gravatar.com\/avatar\/c1babe7dc68f065be4ec606c522172804715398688c78c6fffca3888b364e934?s=96&d=mm&r=g","contentUrl":"https:\/\/secure.gravatar.com\/avatar\/c1babe7dc68f065be4ec606c522172804715398688c78c6fffca3888b364e934?s=96&d=mm&r=g","caption":"Gery V\u00e1rkonyi"},"url":"https:\/\/buod.de\/de\/author\/geryvarkonyi\/"}]}},"_links":{"self":[{"href":"https:\/\/buod.de\/de\/wp-json\/wp\/v2\/posts\/1686","targetHints":{"allow":["GET"]}}],"collection":[{"href":"https:\/\/buod.de\/de\/wp-json\/wp\/v2\/posts"}],"about":[{"href":"https:\/\/buod.de\/de\/wp-json\/wp\/v2\/types\/post"}],"author":[{"embeddable":true,"href":"https:\/\/buod.de\/de\/wp-json\/wp\/v2\/users\/4"}],"replies":[{"embeddable":true,"href":"https:\/\/buod.de\/de\/wp-json\/wp\/v2\/comments?post=1686"}],"version-history":[{"count":1,"href":"https:\/\/buod.de\/de\/wp-json\/wp\/v2\/posts\/1686\/revisions"}],"predecessor-version":[{"id":2390,"href":"https:\/\/buod.de\/de\/wp-json\/wp\/v2\/posts\/1686\/revisions\/2390"}],"wp:attachment":[{"href":"https:\/\/buod.de\/de\/wp-json\/wp\/v2\/media?parent=1686"}],"wp:term":[{"taxonomy":"category","embeddable":true,"href":"https:\/\/buod.de\/de\/wp-json\/wp\/v2\/categories?post=1686"},{"taxonomy":"post_tag","embeddable":true,"href":"https:\/\/buod.de\/de\/wp-json\/wp\/v2\/tags?post=1686"}],"curies":[{"name":"wp","href":"https:\/\/api.w.org\/{rel}","templated":true}]}}