{"id":1719,"date":"2023-03-09T11:07:40","date_gmt":"2023-03-09T11:07:40","guid":{"rendered":"https:\/\/dev.buod.de\/szeretettel-hivjuk-onoket-a-budapesti-fesztivalzenekar-koncertjere\/"},"modified":"2024-04-11T13:33:40","modified_gmt":"2024-04-11T13:33:40","slug":"szeretettel-hivjuk-onoket-a-budapesti-fesztivalzenekar-koncertjere","status":"publish","type":"post","link":"https:\/\/buod.de\/de\/szeretettel-hivjuk-onoket-a-budapesti-fesztivalzenekar-koncertjere\/","title":{"rendered":"Szeretettel h\u00edvjuk \u00d6n\u00f6ket a Budapesti Fesztiv\u00e1lzenekar koncertj\u00e9re"},"content":{"rendered":"<p><i>Kedves Bar\u00e1taink!<\/i><\/p>\n<p><i>&nbsp;M\u00e1rcius 13-\u00e1n a csod\u00e1latos Berlini Filharm\u00f3ni\u00e1ban l\u00e9p fel a vil\u00e1g egyik legjobb szimfonikus zenekara, a <a href=\"\/de\/bfz.hu\/\">Budapesti Fesztiv\u00e1lzenekar<\/a>, melyet tavaly a n\u00edv\u00f3s brit Gramophone magazin<\/i><\/p>\n<p><!--more--><\/p>\n<p><i> k\u00f6z\u00f6ns\u00e9gszavaz\u00e1s\u00e1n Az \u00c9v Zenekar\u00e1nak v\u00e1lasztottak! \u00d3ri\u00e1si lehet\u0151s\u00e9g Berlinben tal\u00e1lkozni Fischer Iv\u00e1nnal \u00e9s egy\u00fcttes\u00e9vel, akik innovat\u00edv megold\u00e1saikr\u00f3l, mindig friss \u00e9s mag\u00e1val ragad\u00f3 interpret\u00e1ci\u00f3ikr\u00f3l h\u00edresek vil\u00e1gszerte.<\/i><\/p>\n<p><i>&nbsp;A koncerten egy igazi zongorista legenda, a szipork\u00e1z\u00f3 Rudolf Buchbinder j\u00e1tssza el Schumann egyetlen befejezett, l\u00edrai hangulat\u00fa zongoraverseny\u00e9t a magyar egy\u00fcttessel. Fischer Iv\u00e1n emellett Dohn\u00e1nyi t\u00e1ncsz\u00ednpadra meg\u00e1lmodott Szimfonikus perceit \u00e9s Richard Strauss legcs\u00e1b\u00edt\u00f3bb m\u0171veit vez\u00e9nyli: a Don Juan \u00e9s a Till Eulenspiegel vid\u00e1m cs\u00ednyjei mellett a H\u00e9tf\u00e1tyolt\u00e1ncban gy\u00f6ny\u00f6rk\u00f6dhet\u00fcnk a Salome c\u00edm\u0171 oper\u00e1b\u00f3l.<\/i><\/p>\n<p><i>&nbsp;\u00d6r\u00fclj\u00fcnk egy\u00fctt a magyar sikereknek, tal\u00e1lkozzunk <b>m\u00e1rcius 13-\u00e1n 20 \u00f3rakor a Berlini Filharm\u00f3ni\u00e1ban<\/b>!<\/i><\/p>\n<p><i><a href=\"https:\/\/musikadler.eventim-inhouse.de\/webshop\/webticket\/eventlist\"><\/a><a href=\"https:\/\/musikadler.eventim-inhouse.de\/webshop\/webticket\/eventlist\">https:\/\/musikadler.eventim-inhouse.de\/webshop\/webticket\/eventlist<\/a> <\/i><\/p>\n<p><i>&nbsp;\u00dcdv\u00f6zlettel:<\/i><\/p>\n<p><i>&nbsp;Erd\u0151dy Orsolya<\/i><\/p>\n<p><i>menedzser-igazgat\u00f3<\/i><\/p>\n<p><i><a href=\"http:\/\/www.bfz.hu\/\">www.bfz.hu<\/a><\/i><\/p>","protected":false},"excerpt":{"rendered":"<p>Kedves Bar\u00e1taink! &nbsp;M\u00e1rcius 13-\u00e1n a csod\u00e1latos Berlini Filharm\u00f3ni\u00e1ban l\u00e9p fel a vil\u00e1g egyik legjobb szimfonikus zenekara, a Budapesti Fesztiv\u00e1lzenekar, melyet tavaly a n\u00edv\u00f3s brit Gramophone magazin<\/p>","protected":false},"author":4,"featured_media":0,"comment_status":"open","ping_status":"open","sticky":false,"template":"","format":"standard","meta":{"footnotes":""},"categories":[17],"tags":[21],"class_list":["post-1719","post","type-post","status-publish","format-standard","hentry","category-hirek","tag-21"],"yoast_head":"<!-- This site is optimized with the Yoast SEO plugin v27.5 - https:\/\/yoast.com\/product\/yoast-seo-wordpress\/ -->\n<title>Szeretettel h\u00edvjuk \u00d6n\u00f6ket a Budapesti Fesztiv\u00e1lzenekar koncertj\u00e9re - BUOD<\/title>\n<meta name=\"robots\" content=\"index, follow, max-snippet:-1, max-image-preview:large, max-video-preview:-1\" \/>\n<link rel=\"canonical\" href=\"https:\/\/buod.de\/de\/szeretettel-hivjuk-onoket-a-budapesti-fesztivalzenekar-koncertjere\/\" \/>\n<meta property=\"og:locale\" content=\"de_DE\" \/>\n<meta property=\"og:type\" content=\"article\" \/>\n<meta property=\"og:title\" content=\"Szeretettel h\u00edvjuk \u00d6n\u00f6ket a Budapesti Fesztiv\u00e1lzenekar koncertj\u00e9re - BUOD\" \/>\n<meta property=\"og:description\" content=\"Kedves Bar\u00e1taink! &nbsp;M\u00e1rcius 13-\u00e1n a csod\u00e1latos Berlini Filharm\u00f3ni\u00e1ban l\u00e9p fel a vil\u00e1g egyik legjobb szimfonikus zenekara, a Budapesti Fesztiv\u00e1lzenekar, melyet tavaly a n\u00edv\u00f3s brit Gramophone magazin\" \/>\n<meta property=\"og:url\" content=\"https:\/\/buod.de\/de\/szeretettel-hivjuk-onoket-a-budapesti-fesztivalzenekar-koncertjere\/\" \/>\n<meta property=\"og:site_name\" content=\"BUOD\" \/>\n<meta property=\"article:publisher\" content=\"https:\/\/www.facebook.com\/profile.php?id=100082185652397\" \/>\n<meta property=\"article:published_time\" content=\"2023-03-09T11:07:40+00:00\" \/>\n<meta property=\"article:modified_time\" content=\"2024-04-11T13:33:40+00:00\" \/>\n<meta name=\"author\" content=\"Gery V\u00e1rkonyi\" \/>\n<meta name=\"twitter:card\" content=\"summary_large_image\" \/>\n<meta name=\"twitter:label1\" content=\"Written by\" \/>\n\t<meta name=\"twitter:data1\" content=\"Gery V\u00e1rkonyi\" \/>\n\t<meta name=\"twitter:label2\" content=\"Est. reading time\" \/>\n\t<meta name=\"twitter:data2\" content=\"1 minute\" \/>\n<script type=\"application\/ld+json\" class=\"yoast-schema-graph\">{\"@context\":\"https:\\\/\\\/schema.org\",\"@graph\":[{\"@type\":\"Article\",\"@id\":\"https:\\\/\\\/buod.de\\\/szeretettel-hivjuk-onoket-a-budapesti-fesztivalzenekar-koncertjere\\\/#article\",\"isPartOf\":{\"@id\":\"https:\\\/\\\/buod.de\\\/szeretettel-hivjuk-onoket-a-budapesti-fesztivalzenekar-koncertjere\\\/\"},\"author\":{\"name\":\"Gery V\u00e1rkonyi\",\"@id\":\"https:\\\/\\\/buod.de\\\/#\\\/schema\\\/person\\\/8332a3e63b017fea8fcd17e9c0f96bf1\"},\"headline\":\"Szeretettel h\u00edvjuk \u00d6n\u00f6ket a Budapesti Fesztiv\u00e1lzenekar koncertj\u00e9re\",\"datePublished\":\"2023-03-09T11:07:40+00:00\",\"dateModified\":\"2024-04-11T13:33:40+00:00\",\"mainEntityOfPage\":{\"@id\":\"https:\\\/\\\/buod.de\\\/szeretettel-hivjuk-onoket-a-budapesti-fesztivalzenekar-koncertjere\\\/\"},\"wordCount\":215,\"commentCount\":0,\"publisher\":{\"@id\":\"https:\\\/\\\/buod.de\\\/#organization\"},\"keywords\":[\"2023\"],\"articleSection\":[\"H\u00edrek\"],\"inLanguage\":\"de-DE\",\"potentialAction\":[{\"@type\":\"CommentAction\",\"name\":\"Comment\",\"target\":[\"https:\\\/\\\/buod.de\\\/szeretettel-hivjuk-onoket-a-budapesti-fesztivalzenekar-koncertjere\\\/#respond\"]}]},{\"@type\":\"WebPage\",\"@id\":\"https:\\\/\\\/buod.de\\\/szeretettel-hivjuk-onoket-a-budapesti-fesztivalzenekar-koncertjere\\\/\",\"url\":\"https:\\\/\\\/buod.de\\\/szeretettel-hivjuk-onoket-a-budapesti-fesztivalzenekar-koncertjere\\\/\",\"name\":\"Szeretettel h\u00edvjuk \u00d6n\u00f6ket a Budapesti Fesztiv\u00e1lzenekar koncertj\u00e9re - BUOD\",\"isPartOf\":{\"@id\":\"https:\\\/\\\/buod.de\\\/#website\"},\"datePublished\":\"2023-03-09T11:07:40+00:00\",\"dateModified\":\"2024-04-11T13:33:40+00:00\",\"breadcrumb\":{\"@id\":\"https:\\\/\\\/buod.de\\\/szeretettel-hivjuk-onoket-a-budapesti-fesztivalzenekar-koncertjere\\\/#breadcrumb\"},\"inLanguage\":\"de-DE\",\"potentialAction\":[{\"@type\":\"ReadAction\",\"target\":[\"https:\\\/\\\/buod.de\\\/szeretettel-hivjuk-onoket-a-budapesti-fesztivalzenekar-koncertjere\\\/\"]}]},{\"@type\":\"BreadcrumbList\",\"@id\":\"https:\\\/\\\/buod.de\\\/szeretettel-hivjuk-onoket-a-budapesti-fesztivalzenekar-koncertjere\\\/#breadcrumb\",\"itemListElement\":[{\"@type\":\"ListItem\",\"position\":1,\"name\":\"Kezd\u0151lap\",\"item\":\"https:\\\/\\\/buod.de\\\/\"},{\"@type\":\"ListItem\",\"position\":2,\"name\":\"Szeretettel h\u00edvjuk \u00d6n\u00f6ket a Budapesti Fesztiv\u00e1lzenekar koncertj\u00e9re\"}]},{\"@type\":\"WebSite\",\"@id\":\"https:\\\/\\\/buod.de\\\/#website\",\"url\":\"https:\\\/\\\/buod.de\\\/\",\"name\":\"BUOD\",\"description\":\"Bund Ungarischer Organisationen in Deutschland\",\"publisher\":{\"@id\":\"https:\\\/\\\/buod.de\\\/#organization\"},\"potentialAction\":[{\"@type\":\"SearchAction\",\"target\":{\"@type\":\"EntryPoint\",\"urlTemplate\":\"https:\\\/\\\/buod.de\\\/?s={search_term_string}\"},\"query-input\":{\"@type\":\"PropertyValueSpecification\",\"valueRequired\":true,\"valueName\":\"search_term_string\"}}],\"inLanguage\":\"de-DE\"},{\"@type\":\"Organization\",\"@id\":\"https:\\\/\\\/buod.de\\\/#organization\",\"name\":\"BUOD\",\"url\":\"https:\\\/\\\/buod.de\\\/\",\"logo\":{\"@type\":\"ImageObject\",\"inLanguage\":\"de-DE\",\"@id\":\"https:\\\/\\\/buod.de\\\/#\\\/schema\\\/logo\\\/image\\\/\",\"url\":\"https:\\\/\\\/buod.de\\\/wp-content\\\/uploads\\\/2024\\\/03\\\/BUOD-logo.png\",\"contentUrl\":\"https:\\\/\\\/buod.de\\\/wp-content\\\/uploads\\\/2024\\\/03\\\/BUOD-logo.png\",\"width\":586,\"height\":490,\"caption\":\"BUOD\"},\"image\":{\"@id\":\"https:\\\/\\\/buod.de\\\/#\\\/schema\\\/logo\\\/image\\\/\"},\"sameAs\":[\"https:\\\/\\\/www.facebook.com\\\/profile.php?id=100082185652397\"]},{\"@type\":\"Person\",\"@id\":\"https:\\\/\\\/buod.de\\\/#\\\/schema\\\/person\\\/8332a3e63b017fea8fcd17e9c0f96bf1\",\"name\":\"Gery V\u00e1rkonyi\",\"image\":{\"@type\":\"ImageObject\",\"inLanguage\":\"de-DE\",\"@id\":\"https:\\\/\\\/secure.gravatar.com\\\/avatar\\\/c1babe7dc68f065be4ec606c522172804715398688c78c6fffca3888b364e934?s=96&d=mm&r=g\",\"url\":\"https:\\\/\\\/secure.gravatar.com\\\/avatar\\\/c1babe7dc68f065be4ec606c522172804715398688c78c6fffca3888b364e934?s=96&d=mm&r=g\",\"contentUrl\":\"https:\\\/\\\/secure.gravatar.com\\\/avatar\\\/c1babe7dc68f065be4ec606c522172804715398688c78c6fffca3888b364e934?s=96&d=mm&r=g\",\"caption\":\"Gery V\u00e1rkonyi\"},\"url\":\"https:\\\/\\\/buod.de\\\/de\\\/author\\\/geryvarkonyi\\\/\"}]}<\/script>\n<!-- \/ Yoast SEO plugin. -->","yoast_head_json":{"title":"Szeretettel h\u00edvjuk \u00d6n\u00f6ket a Budapesti Fesztiv\u00e1lzenekar koncertj\u00e9re - BUOD","robots":{"index":"index","follow":"follow","max-snippet":"max-snippet:-1","max-image-preview":"max-image-preview:large","max-video-preview":"max-video-preview:-1"},"canonical":"https:\/\/buod.de\/de\/szeretettel-hivjuk-onoket-a-budapesti-fesztivalzenekar-koncertjere\/","og_locale":"de_DE","og_type":"article","og_title":"Szeretettel h\u00edvjuk \u00d6n\u00f6ket a Budapesti Fesztiv\u00e1lzenekar koncertj\u00e9re - BUOD","og_description":"Kedves Bar\u00e1taink! &nbsp;M\u00e1rcius 13-\u00e1n a csod\u00e1latos Berlini Filharm\u00f3ni\u00e1ban l\u00e9p fel a vil\u00e1g egyik legjobb szimfonikus zenekara, a Budapesti Fesztiv\u00e1lzenekar, melyet tavaly a n\u00edv\u00f3s brit Gramophone magazin","og_url":"https:\/\/buod.de\/de\/szeretettel-hivjuk-onoket-a-budapesti-fesztivalzenekar-koncertjere\/","og_site_name":"BUOD","article_publisher":"https:\/\/www.facebook.com\/profile.php?id=100082185652397","article_published_time":"2023-03-09T11:07:40+00:00","article_modified_time":"2024-04-11T13:33:40+00:00","author":"Gery V\u00e1rkonyi","twitter_card":"summary_large_image","twitter_misc":{"Written by":"Gery V\u00e1rkonyi","Est. reading time":"1 minute"},"schema":{"@context":"https:\/\/schema.org","@graph":[{"@type":"Article","@id":"https:\/\/buod.de\/szeretettel-hivjuk-onoket-a-budapesti-fesztivalzenekar-koncertjere\/#article","isPartOf":{"@id":"https:\/\/buod.de\/szeretettel-hivjuk-onoket-a-budapesti-fesztivalzenekar-koncertjere\/"},"author":{"name":"Gery V\u00e1rkonyi","@id":"https:\/\/buod.de\/#\/schema\/person\/8332a3e63b017fea8fcd17e9c0f96bf1"},"headline":"Szeretettel h\u00edvjuk \u00d6n\u00f6ket a Budapesti Fesztiv\u00e1lzenekar koncertj\u00e9re","datePublished":"2023-03-09T11:07:40+00:00","dateModified":"2024-04-11T13:33:40+00:00","mainEntityOfPage":{"@id":"https:\/\/buod.de\/szeretettel-hivjuk-onoket-a-budapesti-fesztivalzenekar-koncertjere\/"},"wordCount":215,"commentCount":0,"publisher":{"@id":"https:\/\/buod.de\/#organization"},"keywords":["2023"],"articleSection":["H\u00edrek"],"inLanguage":"de-DE","potentialAction":[{"@type":"CommentAction","name":"Comment","target":["https:\/\/buod.de\/szeretettel-hivjuk-onoket-a-budapesti-fesztivalzenekar-koncertjere\/#respond"]}]},{"@type":"WebPage","@id":"https:\/\/buod.de\/szeretettel-hivjuk-onoket-a-budapesti-fesztivalzenekar-koncertjere\/","url":"https:\/\/buod.de\/szeretettel-hivjuk-onoket-a-budapesti-fesztivalzenekar-koncertjere\/","name":"Szeretettel h\u00edvjuk \u00d6n\u00f6ket a Budapesti Fesztiv\u00e1lzenekar koncertj\u00e9re - BUOD","isPartOf":{"@id":"https:\/\/buod.de\/#website"},"datePublished":"2023-03-09T11:07:40+00:00","dateModified":"2024-04-11T13:33:40+00:00","breadcrumb":{"@id":"https:\/\/buod.de\/szeretettel-hivjuk-onoket-a-budapesti-fesztivalzenekar-koncertjere\/#breadcrumb"},"inLanguage":"de-DE","potentialAction":[{"@type":"ReadAction","target":["https:\/\/buod.de\/szeretettel-hivjuk-onoket-a-budapesti-fesztivalzenekar-koncertjere\/"]}]},{"@type":"BreadcrumbList","@id":"https:\/\/buod.de\/szeretettel-hivjuk-onoket-a-budapesti-fesztivalzenekar-koncertjere\/#breadcrumb","itemListElement":[{"@type":"ListItem","position":1,"name":"Kezd\u0151lap","item":"https:\/\/buod.de\/"},{"@type":"ListItem","position":2,"name":"Szeretettel h\u00edvjuk \u00d6n\u00f6ket a Budapesti Fesztiv\u00e1lzenekar koncertj\u00e9re"}]},{"@type":"WebSite","@id":"https:\/\/buod.de\/#website","url":"https:\/\/buod.de\/","name":"BUOD","description":"Bund Ungarischer Organisationen in Deutschland","publisher":{"@id":"https:\/\/buod.de\/#organization"},"potentialAction":[{"@type":"SearchAction","target":{"@type":"EntryPoint","urlTemplate":"https:\/\/buod.de\/?s={search_term_string}"},"query-input":{"@type":"PropertyValueSpecification","valueRequired":true,"valueName":"search_term_string"}}],"inLanguage":"de-DE"},{"@type":"Organization","@id":"https:\/\/buod.de\/#organization","name":"BUOD","url":"https:\/\/buod.de\/","logo":{"@type":"ImageObject","inLanguage":"de-DE","@id":"https:\/\/buod.de\/#\/schema\/logo\/image\/","url":"https:\/\/buod.de\/wp-content\/uploads\/2024\/03\/BUOD-logo.png","contentUrl":"https:\/\/buod.de\/wp-content\/uploads\/2024\/03\/BUOD-logo.png","width":586,"height":490,"caption":"BUOD"},"image":{"@id":"https:\/\/buod.de\/#\/schema\/logo\/image\/"},"sameAs":["https:\/\/www.facebook.com\/profile.php?id=100082185652397"]},{"@type":"Person","@id":"https:\/\/buod.de\/#\/schema\/person\/8332a3e63b017fea8fcd17e9c0f96bf1","name":"Gery V\u00e1rkonyi","image":{"@type":"ImageObject","inLanguage":"de-DE","@id":"https:\/\/secure.gravatar.com\/avatar\/c1babe7dc68f065be4ec606c522172804715398688c78c6fffca3888b364e934?s=96&d=mm&r=g","url":"https:\/\/secure.gravatar.com\/avatar\/c1babe7dc68f065be4ec606c522172804715398688c78c6fffca3888b364e934?s=96&d=mm&r=g","contentUrl":"https:\/\/secure.gravatar.com\/avatar\/c1babe7dc68f065be4ec606c522172804715398688c78c6fffca3888b364e934?s=96&d=mm&r=g","caption":"Gery V\u00e1rkonyi"},"url":"https:\/\/buod.de\/de\/author\/geryvarkonyi\/"}]}},"_links":{"self":[{"href":"https:\/\/buod.de\/de\/wp-json\/wp\/v2\/posts\/1719","targetHints":{"allow":["GET"]}}],"collection":[{"href":"https:\/\/buod.de\/de\/wp-json\/wp\/v2\/posts"}],"about":[{"href":"https:\/\/buod.de\/de\/wp-json\/wp\/v2\/types\/post"}],"author":[{"embeddable":true,"href":"https:\/\/buod.de\/de\/wp-json\/wp\/v2\/users\/4"}],"replies":[{"embeddable":true,"href":"https:\/\/buod.de\/de\/wp-json\/wp\/v2\/comments?post=1719"}],"version-history":[{"count":1,"href":"https:\/\/buod.de\/de\/wp-json\/wp\/v2\/posts\/1719\/revisions"}],"predecessor-version":[{"id":2366,"href":"https:\/\/buod.de\/de\/wp-json\/wp\/v2\/posts\/1719\/revisions\/2366"}],"wp:attachment":[{"href":"https:\/\/buod.de\/de\/wp-json\/wp\/v2\/media?parent=1719"}],"wp:term":[{"taxonomy":"category","embeddable":true,"href":"https:\/\/buod.de\/de\/wp-json\/wp\/v2\/categories?post=1719"},{"taxonomy":"post_tag","embeddable":true,"href":"https:\/\/buod.de\/de\/wp-json\/wp\/v2\/tags?post=1719"}],"curies":[{"name":"wp","href":"https:\/\/api.w.org\/{rel}","templated":true}]}}