{"id":1747,"date":"2023-03-31T11:47:34","date_gmt":"2023-03-31T11:47:34","guid":{"rendered":"https:\/\/dev.buod.de\/uszturu-zenekar-koncert-tanchaz-es-ordongosfuzesi-tanchetvege-workshop\/"},"modified":"2024-04-11T13:33:39","modified_gmt":"2024-04-11T13:33:39","slug":"uszturu-zenekar-koncert-tanchaz-es-ordongosfuzesi-tanchetvege-workshop","status":"publish","type":"post","link":"https:\/\/buod.de\/de\/uszturu-zenekar-koncert-tanchaz-es-ordongosfuzesi-tanchetvege-workshop\/","title":{"rendered":"\u00dcszt\u00fcr\u00fc Zenekar Koncert, T\u00e1nch\u00e1z \u00e9s \u00d6rd\u00f6ng\u0151sf\u00fczesi T\u00e1nch\u00e9tv\u00e9ge-Workshop!"},"content":{"rendered":"<p><strong>\u00dcszt\u00fcr\u00fc T\u00e1nch\u00e1z, Koncert \u00e9s \u00d6rd\u00f6ng\u0151sf\u00fczesi T\u00e1nch\u00e9tv\u00e9ge-Workshop!<\/strong><\/p>\n<p><strong>Fontos, hogy a T\u00e1nck\u00e9pz\u00e9s k\u00e9t k\u00fcl\u00f6n helyszinen van szombaton \u00e9s vas\u00e1rnap!!<br \/> Szombat: CHB (Collegium Hungaricum Berlin)<br \/> Vas\u00e1rnap: TapBeat Internationales Steptanz Zentrum Berlin,<\/strong><\/p>\n<p><!--more--><\/p>\n<p><strong><br \/> Jeanne-Mammen-Bogen 580-581<br \/> 10623 Berlin (Savignyplatz)<\/strong><\/p>\n<p><strong>\u00c9rdekl\u0151dni, jelentkezni:<\/strong> <a href=\"mailto:berlini.fono@gmail.com\"><\/a><a href=\"mailto:berlini.fono@gmail.com\">berlini.fono@gmail.com<\/a><\/p>\n<p><strong>Bel\u00e9p\u0151 a T\u00e1nch\u00e1zba:<\/strong><br \/> 15\/10 euro.<br \/> 40 euro csal\u00e1di.<\/p>\n<p><strong>A kedvezm\u00e9ny az \u00e1prilis 10.-ig \u00e9rv\u00e9nyes!<\/strong><\/p>\n<p><strong>Workshop bel\u00e9p\u0151:<\/strong><br \/> 60\/50 euro \u00e1prilis 10.-ig!<br \/> Csal\u00e1di 170 euro \u00e1prilis 10.-ig!<br \/> 70\/60 euro \u00e1prilis 11.-t\u0151l!<br \/> Csal\u00e1di 200 euro \u00e1prilis 11.-t\u0151l!<\/p>\n<p><strong>Id\u0151pont:<\/strong><strong> 2023. \u00e1prilis 29. szombat \u00e9s 30. vas\u00e1rnap.<\/strong><\/p>\n<p><strong>Pontos program:<\/strong><\/p>\n<p><strong>1, 2023. \u00e1prilis 29. szombat.<\/strong><\/p>\n<p><strong>Helyszin:<\/strong> CHB (Collegium Hungaricum Berlin)<\/p>\n<p>10:00-14-30-ig \u00d6r\u00f6dng\u0151sf\u00fczesi T\u00e1ncok tanit\u00e1sa.<\/p>\n<p><strong>T\u00e1ncanyag:<\/strong> \u00d6rd\u00f6ng\u00f6sf\u00fczesi t\u00e1ncok.<\/p>\n<p><strong>Oktatnak:<\/strong> Kecsk\u00e9s-B\u00e1ba Hajni \u00e9s Kecsk\u00e9s Gerg\u0151 (Kcsp \u00f6szt\u00f6ndijasok) n\u00e9pt\u00e1ncpedag\u00f3gusok.<\/p>\n<p><strong>16:00-17:30-ig Gyerek T\u00e1nch\u00e1z<\/strong><\/p>\n<p><strong>18:00-19:00-ig \u00dcszt\u00fcr\u00fc Zenekar Koncert!<br \/> A koncerten k\u00f6zrem\u0171k\u00f6dik a Berlini Fon\u00f3 N\u00e9pt\u00e1ncegy\u00fcttes, Kecsk\u00e9s-B\u00e1ba Hajni \u00e9s Kecsk\u00e9s Gerg\u0151 (Kcsp \u00f6szt\u00f6ndijasok) n\u00e9pt\u00e1ncpedag\u00f3gusok.<br \/> Valamint meghivott vend\u00e9g\u00fcnk a Berlini Magyar K\u00f3rus.<\/strong><\/p>\n<p><strong>19:00-23:00-ig T\u00e1nch\u00e1z t\u00e1nctanit\u00e1ssal!<\/strong><\/p>\n<p><strong>H\u00e1zigazd\u00e1k: Kecsk\u00e9s B\u00e1ba Hajni \u00e9s Kecsk\u00e9s Gerg\u0151 (Kcsp \u00f6szt\u00f6ndijasok) n\u00e9pt\u00e1ncpedag\u00f3gusok, valamint a Berlini Fon\u00f3 N\u00e9pt\u00e1ncegy\u00fcttes.<\/strong><\/p>\n<p><strong>&nbsp;<\/strong><\/p>\n<p><strong>2, 2023. \u00e1prilis 30. vas\u00e1rnap.<\/strong><\/p>\n<p><strong>Helyszin:<\/strong> TapBeat Internationales Steptanz Zentrum Berlin,<br \/> Jeanne-Mammen-Bogen 580-581<br \/> 10623 Berlin (Savignyplatz)<\/p>\n<p>11:00-15:30-ig \u00d6rd\u00f6ng\u0151sf\u00fczesi t\u00e1nctanit\u00e1s.<\/p>\n<p><strong>T\u00e1ncanyag:<\/strong> \u00d6rd\u00f6ng\u00f6sf\u00fczesi t\u00e1ncok.<\/p>\n<p><strong>Oktatnak:<\/strong> Kecsk\u00e9s-B\u00e1ba Hajni \u00e9s Kecsk\u00e9s Gerg\u0151 (Kcsp \u00f6szt\u00f6ndijasok) n\u00e9pt\u00e1ncpedag\u00f3gusok,<\/p>\n<p>19:00 \u00f3r\u00e1t\u00f3l \u00dcszt\u00fcr\u00fc Koncert a G\u00e9mesk\u00fati Cs\u00e1rd\u00e1ban.<\/p>\n<p>Hultschiner Damm 236, 12623 Berlin<\/p>\n<p><strong>Szervez\u0151k:<\/strong> a Berlini Fon\u00f3 N\u00e9pt\u00e1ncegy\u00fcttes, valamint Kecsk\u00e9s-B\u00e1ba Hajni \u00e9s Kecsk\u00e9s Gerg\u0151 (Kcsp \u00f6szt\u00f6ndijasok) n\u00e9pt\u00e1ncpedag\u00f3gusok.<\/p>\n<p><strong>&nbsp;<\/strong><\/p>\n<p><strong>V\u00e1runk Mindenkit sok szeretettel!!!<\/strong><\/p>\n<p>&nbsp;<img loading=\"lazy\" decoding=\"async\" class=\"size-full wp-image-1746\" src=\"https:\/\/buod.de\/wp-content\/uploads\/2023\/03\/rdngsfzesi_online_final.jpg\" alt=\"rdngsfzesi online final\" width=\"1920\" height=\"1080\" srcset=\"https:\/\/buod.de\/wp-content\/uploads\/2023\/03\/rdngsfzesi_online_final.jpg 1920w, https:\/\/buod.de\/wp-content\/uploads\/2023\/03\/rdngsfzesi_online_final-300x169.jpg 300w, https:\/\/buod.de\/wp-content\/uploads\/2023\/03\/rdngsfzesi_online_final-1024x576.jpg 1024w, https:\/\/buod.de\/wp-content\/uploads\/2023\/03\/rdngsfzesi_online_final-768x432.jpg 768w, https:\/\/buod.de\/wp-content\/uploads\/2023\/03\/rdngsfzesi_online_final-1536x864.jpg 1536w, https:\/\/buod.de\/wp-content\/uploads\/2023\/03\/rdngsfzesi_online_final-18x10.jpg 18w\" sizes=\"auto, (max-width: 1920px) 100vw, 1920px\" \/><\/p>","protected":false},"excerpt":{"rendered":"<p>\u00dcszt\u00fcr\u00fc T\u00e1nch\u00e1z, Koncert \u00e9s \u00d6rd\u00f6ng\u0151sf\u00fczesi T\u00e1nch\u00e9tv\u00e9ge-Workshop! Fontos, hogy a T\u00e1nck\u00e9pz\u00e9s k\u00e9t k\u00fcl\u00f6n helyszinen van szombaton \u00e9s vas\u00e1rnap!! Szombat: CHB (Collegium Hungaricum Berlin) Vas\u00e1rnap: TapBeat Internationales Steptanz Zentrum Berlin,<\/p>","protected":false},"author":4,"featured_media":1746,"comment_status":"open","ping_status":"open","sticky":false,"template":"","format":"standard","meta":{"footnotes":""},"categories":[17],"tags":[21],"class_list":["post-1747","post","type-post","status-publish","format-standard","has-post-thumbnail","hentry","category-hirek","tag-21"],"yoast_head":"<!-- This site is optimized with the Yoast SEO plugin v27.5 - https:\/\/yoast.com\/product\/yoast-seo-wordpress\/ -->\n<title>\u00dcszt\u00fcr\u00fc Zenekar Koncert, T\u00e1nch\u00e1z \u00e9s \u00d6rd\u00f6ng\u0151sf\u00fczesi T\u00e1nch\u00e9tv\u00e9ge-Workshop! - BUOD<\/title>\n<meta name=\"robots\" content=\"index, follow, max-snippet:-1, max-image-preview:large, max-video-preview:-1\" \/>\n<link rel=\"canonical\" href=\"https:\/\/buod.de\/de\/uszturu-zenekar-koncert-tanchaz-es-ordongosfuzesi-tanchetvege-workshop\/\" \/>\n<meta property=\"og:locale\" content=\"de_DE\" \/>\n<meta property=\"og:type\" content=\"article\" \/>\n<meta property=\"og:title\" content=\"\u00dcszt\u00fcr\u00fc Zenekar Koncert, T\u00e1nch\u00e1z \u00e9s \u00d6rd\u00f6ng\u0151sf\u00fczesi T\u00e1nch\u00e9tv\u00e9ge-Workshop! - BUOD\" \/>\n<meta property=\"og:description\" content=\"\u00dcszt\u00fcr\u00fc T\u00e1nch\u00e1z, Koncert \u00e9s \u00d6rd\u00f6ng\u0151sf\u00fczesi T\u00e1nch\u00e9tv\u00e9ge-Workshop! Fontos, hogy a T\u00e1nck\u00e9pz\u00e9s k\u00e9t k\u00fcl\u00f6n helyszinen van szombaton \u00e9s vas\u00e1rnap!! Szombat: CHB (Collegium Hungaricum Berlin) Vas\u00e1rnap: TapBeat Internationales Steptanz Zentrum Berlin,\" \/>\n<meta property=\"og:url\" content=\"https:\/\/buod.de\/de\/uszturu-zenekar-koncert-tanchaz-es-ordongosfuzesi-tanchetvege-workshop\/\" \/>\n<meta property=\"og:site_name\" content=\"BUOD\" \/>\n<meta property=\"article:publisher\" content=\"https:\/\/www.facebook.com\/profile.php?id=100082185652397\" \/>\n<meta property=\"article:published_time\" content=\"2023-03-31T11:47:34+00:00\" \/>\n<meta property=\"article:modified_time\" content=\"2024-04-11T13:33:39+00:00\" \/>\n<meta property=\"og:image\" content=\"https:\/\/buod.de\/wp-content\/uploads\/2023\/03\/rdngsfzesi_online_final.jpg\" \/>\n\t<meta property=\"og:image:width\" content=\"1920\" \/>\n\t<meta property=\"og:image:height\" content=\"1080\" \/>\n\t<meta property=\"og:image:type\" content=\"image\/jpeg\" \/>\n<meta name=\"author\" content=\"Gery V\u00e1rkonyi\" \/>\n<meta name=\"twitter:card\" content=\"summary_large_image\" \/>\n<meta name=\"twitter:label1\" content=\"Written by\" \/>\n\t<meta name=\"twitter:data1\" content=\"Gery V\u00e1rkonyi\" \/>\n\t<meta name=\"twitter:label2\" content=\"Est. reading time\" \/>\n\t<meta name=\"twitter:data2\" content=\"2 minutes\" \/>\n<script type=\"application\/ld+json\" class=\"yoast-schema-graph\">{\"@context\":\"https:\\\/\\\/schema.org\",\"@graph\":[{\"@type\":\"Article\",\"@id\":\"https:\\\/\\\/buod.de\\\/uszturu-zenekar-koncert-tanchaz-es-ordongosfuzesi-tanchetvege-workshop\\\/#article\",\"isPartOf\":{\"@id\":\"https:\\\/\\\/buod.de\\\/uszturu-zenekar-koncert-tanchaz-es-ordongosfuzesi-tanchetvege-workshop\\\/\"},\"author\":{\"name\":\"Gery V\u00e1rkonyi\",\"@id\":\"https:\\\/\\\/buod.de\\\/#\\\/schema\\\/person\\\/8332a3e63b017fea8fcd17e9c0f96bf1\"},\"headline\":\"\u00dcszt\u00fcr\u00fc Zenekar Koncert, T\u00e1nch\u00e1z \u00e9s \u00d6rd\u00f6ng\u0151sf\u00fczesi T\u00e1nch\u00e9tv\u00e9ge-Workshop!\",\"datePublished\":\"2023-03-31T11:47:34+00:00\",\"dateModified\":\"2024-04-11T13:33:39+00:00\",\"mainEntityOfPage\":{\"@id\":\"https:\\\/\\\/buod.de\\\/uszturu-zenekar-koncert-tanchaz-es-ordongosfuzesi-tanchetvege-workshop\\\/\"},\"wordCount\":342,\"commentCount\":0,\"publisher\":{\"@id\":\"https:\\\/\\\/buod.de\\\/#organization\"},\"image\":{\"@id\":\"https:\\\/\\\/buod.de\\\/uszturu-zenekar-koncert-tanchaz-es-ordongosfuzesi-tanchetvege-workshop\\\/#primaryimage\"},\"thumbnailUrl\":\"https:\\\/\\\/buod.de\\\/wp-content\\\/uploads\\\/2023\\\/03\\\/rdngsfzesi_online_final.jpg\",\"keywords\":[\"2023\"],\"articleSection\":[\"H\u00edrek\"],\"inLanguage\":\"de-DE\",\"potentialAction\":[{\"@type\":\"CommentAction\",\"name\":\"Comment\",\"target\":[\"https:\\\/\\\/buod.de\\\/uszturu-zenekar-koncert-tanchaz-es-ordongosfuzesi-tanchetvege-workshop\\\/#respond\"]}]},{\"@type\":\"WebPage\",\"@id\":\"https:\\\/\\\/buod.de\\\/uszturu-zenekar-koncert-tanchaz-es-ordongosfuzesi-tanchetvege-workshop\\\/\",\"url\":\"https:\\\/\\\/buod.de\\\/uszturu-zenekar-koncert-tanchaz-es-ordongosfuzesi-tanchetvege-workshop\\\/\",\"name\":\"\u00dcszt\u00fcr\u00fc Zenekar Koncert, T\u00e1nch\u00e1z \u00e9s \u00d6rd\u00f6ng\u0151sf\u00fczesi T\u00e1nch\u00e9tv\u00e9ge-Workshop! - BUOD\",\"isPartOf\":{\"@id\":\"https:\\\/\\\/buod.de\\\/#website\"},\"primaryImageOfPage\":{\"@id\":\"https:\\\/\\\/buod.de\\\/uszturu-zenekar-koncert-tanchaz-es-ordongosfuzesi-tanchetvege-workshop\\\/#primaryimage\"},\"image\":{\"@id\":\"https:\\\/\\\/buod.de\\\/uszturu-zenekar-koncert-tanchaz-es-ordongosfuzesi-tanchetvege-workshop\\\/#primaryimage\"},\"thumbnailUrl\":\"https:\\\/\\\/buod.de\\\/wp-content\\\/uploads\\\/2023\\\/03\\\/rdngsfzesi_online_final.jpg\",\"datePublished\":\"2023-03-31T11:47:34+00:00\",\"dateModified\":\"2024-04-11T13:33:39+00:00\",\"breadcrumb\":{\"@id\":\"https:\\\/\\\/buod.de\\\/uszturu-zenekar-koncert-tanchaz-es-ordongosfuzesi-tanchetvege-workshop\\\/#breadcrumb\"},\"inLanguage\":\"de-DE\",\"potentialAction\":[{\"@type\":\"ReadAction\",\"target\":[\"https:\\\/\\\/buod.de\\\/uszturu-zenekar-koncert-tanchaz-es-ordongosfuzesi-tanchetvege-workshop\\\/\"]}]},{\"@type\":\"ImageObject\",\"inLanguage\":\"de-DE\",\"@id\":\"https:\\\/\\\/buod.de\\\/uszturu-zenekar-koncert-tanchaz-es-ordongosfuzesi-tanchetvege-workshop\\\/#primaryimage\",\"url\":\"https:\\\/\\\/buod.de\\\/wp-content\\\/uploads\\\/2023\\\/03\\\/rdngsfzesi_online_final.jpg\",\"contentUrl\":\"https:\\\/\\\/buod.de\\\/wp-content\\\/uploads\\\/2023\\\/03\\\/rdngsfzesi_online_final.jpg\",\"width\":1920,\"height\":1080,\"caption\":\"rdngsfzesi online final\"},{\"@type\":\"BreadcrumbList\",\"@id\":\"https:\\\/\\\/buod.de\\\/uszturu-zenekar-koncert-tanchaz-es-ordongosfuzesi-tanchetvege-workshop\\\/#breadcrumb\",\"itemListElement\":[{\"@type\":\"ListItem\",\"position\":1,\"name\":\"Kezd\u0151lap\",\"item\":\"https:\\\/\\\/buod.de\\\/\"},{\"@type\":\"ListItem\",\"position\":2,\"name\":\"\u00dcszt\u00fcr\u00fc Zenekar Koncert, T\u00e1nch\u00e1z \u00e9s \u00d6rd\u00f6ng\u0151sf\u00fczesi T\u00e1nch\u00e9tv\u00e9ge-Workshop!\"}]},{\"@type\":\"WebSite\",\"@id\":\"https:\\\/\\\/buod.de\\\/#website\",\"url\":\"https:\\\/\\\/buod.de\\\/\",\"name\":\"BUOD\",\"description\":\"Bund Ungarischer Organisationen in Deutschland\",\"publisher\":{\"@id\":\"https:\\\/\\\/buod.de\\\/#organization\"},\"potentialAction\":[{\"@type\":\"SearchAction\",\"target\":{\"@type\":\"EntryPoint\",\"urlTemplate\":\"https:\\\/\\\/buod.de\\\/?s={search_term_string}\"},\"query-input\":{\"@type\":\"PropertyValueSpecification\",\"valueRequired\":true,\"valueName\":\"search_term_string\"}}],\"inLanguage\":\"de-DE\"},{\"@type\":\"Organization\",\"@id\":\"https:\\\/\\\/buod.de\\\/#organization\",\"name\":\"BUOD\",\"url\":\"https:\\\/\\\/buod.de\\\/\",\"logo\":{\"@type\":\"ImageObject\",\"inLanguage\":\"de-DE\",\"@id\":\"https:\\\/\\\/buod.de\\\/#\\\/schema\\\/logo\\\/image\\\/\",\"url\":\"https:\\\/\\\/buod.de\\\/wp-content\\\/uploads\\\/2024\\\/03\\\/BUOD-logo.png\",\"contentUrl\":\"https:\\\/\\\/buod.de\\\/wp-content\\\/uploads\\\/2024\\\/03\\\/BUOD-logo.png\",\"width\":586,\"height\":490,\"caption\":\"BUOD\"},\"image\":{\"@id\":\"https:\\\/\\\/buod.de\\\/#\\\/schema\\\/logo\\\/image\\\/\"},\"sameAs\":[\"https:\\\/\\\/www.facebook.com\\\/profile.php?id=100082185652397\"]},{\"@type\":\"Person\",\"@id\":\"https:\\\/\\\/buod.de\\\/#\\\/schema\\\/person\\\/8332a3e63b017fea8fcd17e9c0f96bf1\",\"name\":\"Gery V\u00e1rkonyi\",\"image\":{\"@type\":\"ImageObject\",\"inLanguage\":\"de-DE\",\"@id\":\"https:\\\/\\\/secure.gravatar.com\\\/avatar\\\/c1babe7dc68f065be4ec606c522172804715398688c78c6fffca3888b364e934?s=96&d=mm&r=g\",\"url\":\"https:\\\/\\\/secure.gravatar.com\\\/avatar\\\/c1babe7dc68f065be4ec606c522172804715398688c78c6fffca3888b364e934?s=96&d=mm&r=g\",\"contentUrl\":\"https:\\\/\\\/secure.gravatar.com\\\/avatar\\\/c1babe7dc68f065be4ec606c522172804715398688c78c6fffca3888b364e934?s=96&d=mm&r=g\",\"caption\":\"Gery V\u00e1rkonyi\"},\"url\":\"https:\\\/\\\/buod.de\\\/de\\\/author\\\/geryvarkonyi\\\/\"}]}<\/script>\n<!-- \/ Yoast SEO plugin. -->","yoast_head_json":{"title":"\u00dcszt\u00fcr\u00fc Zenekar Koncert, T\u00e1nch\u00e1z \u00e9s \u00d6rd\u00f6ng\u0151sf\u00fczesi T\u00e1nch\u00e9tv\u00e9ge-Workshop! - BUOD","robots":{"index":"index","follow":"follow","max-snippet":"max-snippet:-1","max-image-preview":"max-image-preview:large","max-video-preview":"max-video-preview:-1"},"canonical":"https:\/\/buod.de\/de\/uszturu-zenekar-koncert-tanchaz-es-ordongosfuzesi-tanchetvege-workshop\/","og_locale":"de_DE","og_type":"article","og_title":"\u00dcszt\u00fcr\u00fc Zenekar Koncert, T\u00e1nch\u00e1z \u00e9s \u00d6rd\u00f6ng\u0151sf\u00fczesi T\u00e1nch\u00e9tv\u00e9ge-Workshop! - BUOD","og_description":"\u00dcszt\u00fcr\u00fc T\u00e1nch\u00e1z, Koncert \u00e9s \u00d6rd\u00f6ng\u0151sf\u00fczesi T\u00e1nch\u00e9tv\u00e9ge-Workshop! Fontos, hogy a T\u00e1nck\u00e9pz\u00e9s k\u00e9t k\u00fcl\u00f6n helyszinen van szombaton \u00e9s vas\u00e1rnap!! Szombat: CHB (Collegium Hungaricum Berlin) Vas\u00e1rnap: TapBeat Internationales Steptanz Zentrum Berlin,","og_url":"https:\/\/buod.de\/de\/uszturu-zenekar-koncert-tanchaz-es-ordongosfuzesi-tanchetvege-workshop\/","og_site_name":"BUOD","article_publisher":"https:\/\/www.facebook.com\/profile.php?id=100082185652397","article_published_time":"2023-03-31T11:47:34+00:00","article_modified_time":"2024-04-11T13:33:39+00:00","og_image":[{"width":1920,"height":1080,"url":"https:\/\/buod.de\/wp-content\/uploads\/2023\/03\/rdngsfzesi_online_final.jpg","type":"image\/jpeg"}],"author":"Gery V\u00e1rkonyi","twitter_card":"summary_large_image","twitter_misc":{"Written by":"Gery V\u00e1rkonyi","Est. reading time":"2 minutes"},"schema":{"@context":"https:\/\/schema.org","@graph":[{"@type":"Article","@id":"https:\/\/buod.de\/uszturu-zenekar-koncert-tanchaz-es-ordongosfuzesi-tanchetvege-workshop\/#article","isPartOf":{"@id":"https:\/\/buod.de\/uszturu-zenekar-koncert-tanchaz-es-ordongosfuzesi-tanchetvege-workshop\/"},"author":{"name":"Gery V\u00e1rkonyi","@id":"https:\/\/buod.de\/#\/schema\/person\/8332a3e63b017fea8fcd17e9c0f96bf1"},"headline":"\u00dcszt\u00fcr\u00fc Zenekar Koncert, T\u00e1nch\u00e1z \u00e9s \u00d6rd\u00f6ng\u0151sf\u00fczesi T\u00e1nch\u00e9tv\u00e9ge-Workshop!","datePublished":"2023-03-31T11:47:34+00:00","dateModified":"2024-04-11T13:33:39+00:00","mainEntityOfPage":{"@id":"https:\/\/buod.de\/uszturu-zenekar-koncert-tanchaz-es-ordongosfuzesi-tanchetvege-workshop\/"},"wordCount":342,"commentCount":0,"publisher":{"@id":"https:\/\/buod.de\/#organization"},"image":{"@id":"https:\/\/buod.de\/uszturu-zenekar-koncert-tanchaz-es-ordongosfuzesi-tanchetvege-workshop\/#primaryimage"},"thumbnailUrl":"https:\/\/buod.de\/wp-content\/uploads\/2023\/03\/rdngsfzesi_online_final.jpg","keywords":["2023"],"articleSection":["H\u00edrek"],"inLanguage":"de-DE","potentialAction":[{"@type":"CommentAction","name":"Comment","target":["https:\/\/buod.de\/uszturu-zenekar-koncert-tanchaz-es-ordongosfuzesi-tanchetvege-workshop\/#respond"]}]},{"@type":"WebPage","@id":"https:\/\/buod.de\/uszturu-zenekar-koncert-tanchaz-es-ordongosfuzesi-tanchetvege-workshop\/","url":"https:\/\/buod.de\/uszturu-zenekar-koncert-tanchaz-es-ordongosfuzesi-tanchetvege-workshop\/","name":"\u00dcszt\u00fcr\u00fc Zenekar Koncert, T\u00e1nch\u00e1z \u00e9s \u00d6rd\u00f6ng\u0151sf\u00fczesi T\u00e1nch\u00e9tv\u00e9ge-Workshop! - BUOD","isPartOf":{"@id":"https:\/\/buod.de\/#website"},"primaryImageOfPage":{"@id":"https:\/\/buod.de\/uszturu-zenekar-koncert-tanchaz-es-ordongosfuzesi-tanchetvege-workshop\/#primaryimage"},"image":{"@id":"https:\/\/buod.de\/uszturu-zenekar-koncert-tanchaz-es-ordongosfuzesi-tanchetvege-workshop\/#primaryimage"},"thumbnailUrl":"https:\/\/buod.de\/wp-content\/uploads\/2023\/03\/rdngsfzesi_online_final.jpg","datePublished":"2023-03-31T11:47:34+00:00","dateModified":"2024-04-11T13:33:39+00:00","breadcrumb":{"@id":"https:\/\/buod.de\/uszturu-zenekar-koncert-tanchaz-es-ordongosfuzesi-tanchetvege-workshop\/#breadcrumb"},"inLanguage":"de-DE","potentialAction":[{"@type":"ReadAction","target":["https:\/\/buod.de\/uszturu-zenekar-koncert-tanchaz-es-ordongosfuzesi-tanchetvege-workshop\/"]}]},{"@type":"ImageObject","inLanguage":"de-DE","@id":"https:\/\/buod.de\/uszturu-zenekar-koncert-tanchaz-es-ordongosfuzesi-tanchetvege-workshop\/#primaryimage","url":"https:\/\/buod.de\/wp-content\/uploads\/2023\/03\/rdngsfzesi_online_final.jpg","contentUrl":"https:\/\/buod.de\/wp-content\/uploads\/2023\/03\/rdngsfzesi_online_final.jpg","width":1920,"height":1080,"caption":"rdngsfzesi online final"},{"@type":"BreadcrumbList","@id":"https:\/\/buod.de\/uszturu-zenekar-koncert-tanchaz-es-ordongosfuzesi-tanchetvege-workshop\/#breadcrumb","itemListElement":[{"@type":"ListItem","position":1,"name":"Kezd\u0151lap","item":"https:\/\/buod.de\/"},{"@type":"ListItem","position":2,"name":"\u00dcszt\u00fcr\u00fc Zenekar Koncert, T\u00e1nch\u00e1z \u00e9s \u00d6rd\u00f6ng\u0151sf\u00fczesi T\u00e1nch\u00e9tv\u00e9ge-Workshop!"}]},{"@type":"WebSite","@id":"https:\/\/buod.de\/#website","url":"https:\/\/buod.de\/","name":"BUOD","description":"Bund Ungarischer Organisationen in Deutschland","publisher":{"@id":"https:\/\/buod.de\/#organization"},"potentialAction":[{"@type":"SearchAction","target":{"@type":"EntryPoint","urlTemplate":"https:\/\/buod.de\/?s={search_term_string}"},"query-input":{"@type":"PropertyValueSpecification","valueRequired":true,"valueName":"search_term_string"}}],"inLanguage":"de-DE"},{"@type":"Organization","@id":"https:\/\/buod.de\/#organization","name":"BUOD","url":"https:\/\/buod.de\/","logo":{"@type":"ImageObject","inLanguage":"de-DE","@id":"https:\/\/buod.de\/#\/schema\/logo\/image\/","url":"https:\/\/buod.de\/wp-content\/uploads\/2024\/03\/BUOD-logo.png","contentUrl":"https:\/\/buod.de\/wp-content\/uploads\/2024\/03\/BUOD-logo.png","width":586,"height":490,"caption":"BUOD"},"image":{"@id":"https:\/\/buod.de\/#\/schema\/logo\/image\/"},"sameAs":["https:\/\/www.facebook.com\/profile.php?id=100082185652397"]},{"@type":"Person","@id":"https:\/\/buod.de\/#\/schema\/person\/8332a3e63b017fea8fcd17e9c0f96bf1","name":"Gery V\u00e1rkonyi","image":{"@type":"ImageObject","inLanguage":"de-DE","@id":"https:\/\/secure.gravatar.com\/avatar\/c1babe7dc68f065be4ec606c522172804715398688c78c6fffca3888b364e934?s=96&d=mm&r=g","url":"https:\/\/secure.gravatar.com\/avatar\/c1babe7dc68f065be4ec606c522172804715398688c78c6fffca3888b364e934?s=96&d=mm&r=g","contentUrl":"https:\/\/secure.gravatar.com\/avatar\/c1babe7dc68f065be4ec606c522172804715398688c78c6fffca3888b364e934?s=96&d=mm&r=g","caption":"Gery V\u00e1rkonyi"},"url":"https:\/\/buod.de\/de\/author\/geryvarkonyi\/"}]}},"_links":{"self":[{"href":"https:\/\/buod.de\/de\/wp-json\/wp\/v2\/posts\/1747","targetHints":{"allow":["GET"]}}],"collection":[{"href":"https:\/\/buod.de\/de\/wp-json\/wp\/v2\/posts"}],"about":[{"href":"https:\/\/buod.de\/de\/wp-json\/wp\/v2\/types\/post"}],"author":[{"embeddable":true,"href":"https:\/\/buod.de\/de\/wp-json\/wp\/v2\/users\/4"}],"replies":[{"embeddable":true,"href":"https:\/\/buod.de\/de\/wp-json\/wp\/v2\/comments?post=1747"}],"version-history":[{"count":1,"href":"https:\/\/buod.de\/de\/wp-json\/wp\/v2\/posts\/1747\/revisions"}],"predecessor-version":[{"id":2355,"href":"https:\/\/buod.de\/de\/wp-json\/wp\/v2\/posts\/1747\/revisions\/2355"}],"wp:featuredmedia":[{"embeddable":true,"href":"https:\/\/buod.de\/de\/wp-json\/wp\/v2\/media\/1746"}],"wp:attachment":[{"href":"https:\/\/buod.de\/de\/wp-json\/wp\/v2\/media?parent=1747"}],"wp:term":[{"taxonomy":"category","embeddable":true,"href":"https:\/\/buod.de\/de\/wp-json\/wp\/v2\/categories?post=1747"},{"taxonomy":"post_tag","embeddable":true,"href":"https:\/\/buod.de\/de\/wp-json\/wp\/v2\/tags?post=1747"}],"curies":[{"name":"wp","href":"https:\/\/api.w.org\/{rel}","templated":true}]}}