{"id":1756,"date":"2023-04-08T12:17:36","date_gmt":"2023-04-08T12:17:36","guid":{"rendered":"https:\/\/dev.buod.de\/magyar-filmsiker-amerikaban\/"},"modified":"2024-04-11T13:33:39","modified_gmt":"2024-04-11T13:33:39","slug":"magyar-filmsiker-amerikaban","status":"publish","type":"post","link":"https:\/\/buod.de\/de\/magyar-filmsiker-amerikaban\/","title":{"rendered":"Magyar filmsiker Amerik\u00e1ban"},"content":{"rendered":"<p>Kedves Listat\u00e1rsak!<\/p>\n<p>2023 m\u00e1rcius 7-\u00e9n az M5 TV Librett\u00f3 &nbsp;m\u0171sor\u00e1t n\u00e9zv\u00e9n &nbsp;\u00e9rtes\u00fcltem egy &nbsp;Mindszenty J\u00f3zsef \u00e9let\u00e9t feldolgoz\u00f3 \u201e Szeretlek, Faust\u201c c\u00edm\u0171 2010-ben k\u00e9sz\u00fclt &nbsp;magyar film siker\u00e9r\u0151l &nbsp;egy New Jerseyben megrendezett &nbsp;nemzetk\u00f6zi filmfesztiv\u00e1lon.<\/p>\n<p><!--more--><\/p>\n<p>A sz\u00e1momra ismeretlen filmet m\u00e9g akkoriban megn\u00e9ztem \u00e9s most tov\u00e1bb\u00edtom azoknak akik tal\u00e1n ma nagyp\u00e9nteken sz\u00edvesen megn\u00e9zn\u00e9k, eml\u00e9kezve &nbsp;Mindszenty b\u00edborosra.<\/p>\n<p><a href=\"https:\/\/rebrand.ly\/pt2e4yj\"><\/a><a href=\"https:\/\/rebrand.ly\/pt2e4yj\">https:\/\/rebrand.ly\/pt2e4yj<\/a><\/p>\n<p><a href=\"https:\/\/rebrand.ly\/sobirrc\"><\/a><a href=\"https:\/\/rebrand.ly\/sobirrc\">https:\/\/rebrand.ly\/sobirrc<\/a><\/p>\n<p>\u00dcdv\u00f6zlettel<\/p>\n<p>Peters \u00c9va M\u00e1ria<\/p>","protected":false},"excerpt":{"rendered":"<p>Kedves Listat\u00e1rsak! 2023 m\u00e1rcius 7-\u00e9n az M5 TV Librett\u00f3 &nbsp;m\u0171sor\u00e1t n\u00e9zv\u00e9n &nbsp;\u00e9rtes\u00fcltem egy &nbsp;Mindszenty J\u00f3zsef \u00e9let\u00e9t feldolgoz\u00f3 \u201e Szeretlek, Faust\u201c c\u00edm\u0171 2010-ben k\u00e9sz\u00fclt &nbsp;magyar film siker\u00e9r\u0151l &nbsp;egy New Jerseyben megrendezett &nbsp;nemzetk\u00f6zi filmfesztiv\u00e1lon.<\/p>","protected":false},"author":4,"featured_media":0,"comment_status":"open","ping_status":"open","sticky":false,"template":"","format":"standard","meta":{"footnotes":""},"categories":[17],"tags":[21],"class_list":["post-1756","post","type-post","status-publish","format-standard","hentry","category-hirek","tag-21"],"yoast_head":"<!-- This site is optimized with the Yoast SEO plugin v27.5 - https:\/\/yoast.com\/product\/yoast-seo-wordpress\/ -->\n<title>Magyar filmsiker Amerik\u00e1ban - BUOD<\/title>\n<meta name=\"robots\" content=\"index, follow, max-snippet:-1, max-image-preview:large, max-video-preview:-1\" \/>\n<link rel=\"canonical\" href=\"https:\/\/buod.de\/de\/magyar-filmsiker-amerikaban\/\" \/>\n<meta property=\"og:locale\" content=\"de_DE\" \/>\n<meta property=\"og:type\" content=\"article\" \/>\n<meta property=\"og:title\" content=\"Magyar filmsiker Amerik\u00e1ban - BUOD\" \/>\n<meta property=\"og:description\" content=\"Kedves Listat\u00e1rsak! 2023 m\u00e1rcius 7-\u00e9n az M5 TV Librett\u00f3 &nbsp;m\u0171sor\u00e1t n\u00e9zv\u00e9n &nbsp;\u00e9rtes\u00fcltem egy &nbsp;Mindszenty J\u00f3zsef \u00e9let\u00e9t feldolgoz\u00f3 \u201e Szeretlek, Faust\u201c c\u00edm\u0171 2010-ben k\u00e9sz\u00fclt &nbsp;magyar film siker\u00e9r\u0151l &nbsp;egy New Jerseyben megrendezett &nbsp;nemzetk\u00f6zi filmfesztiv\u00e1lon.\" \/>\n<meta property=\"og:url\" content=\"https:\/\/buod.de\/de\/magyar-filmsiker-amerikaban\/\" \/>\n<meta property=\"og:site_name\" content=\"BUOD\" \/>\n<meta property=\"article:publisher\" content=\"https:\/\/www.facebook.com\/profile.php?id=100082185652397\" \/>\n<meta property=\"article:published_time\" content=\"2023-04-08T12:17:36+00:00\" \/>\n<meta property=\"article:modified_time\" content=\"2024-04-11T13:33:39+00:00\" \/>\n<meta name=\"author\" content=\"Gery V\u00e1rkonyi\" \/>\n<meta name=\"twitter:card\" content=\"summary_large_image\" \/>\n<meta name=\"twitter:label1\" content=\"Written by\" \/>\n\t<meta name=\"twitter:data1\" content=\"Gery V\u00e1rkonyi\" \/>\n\t<meta name=\"twitter:label2\" content=\"Est. reading time\" \/>\n\t<meta name=\"twitter:data2\" content=\"1 minute\" \/>\n<script type=\"application\/ld+json\" class=\"yoast-schema-graph\">{\"@context\":\"https:\\\/\\\/schema.org\",\"@graph\":[{\"@type\":\"Article\",\"@id\":\"https:\\\/\\\/buod.de\\\/magyar-filmsiker-amerikaban\\\/#article\",\"isPartOf\":{\"@id\":\"https:\\\/\\\/buod.de\\\/magyar-filmsiker-amerikaban\\\/\"},\"author\":{\"name\":\"Gery V\u00e1rkonyi\",\"@id\":\"https:\\\/\\\/buod.de\\\/#\\\/schema\\\/person\\\/8332a3e63b017fea8fcd17e9c0f96bf1\"},\"headline\":\"Magyar filmsiker Amerik\u00e1ban\",\"datePublished\":\"2023-04-08T12:17:36+00:00\",\"dateModified\":\"2024-04-11T13:33:39+00:00\",\"mainEntityOfPage\":{\"@id\":\"https:\\\/\\\/buod.de\\\/magyar-filmsiker-amerikaban\\\/\"},\"wordCount\":106,\"commentCount\":0,\"publisher\":{\"@id\":\"https:\\\/\\\/buod.de\\\/#organization\"},\"keywords\":[\"2023\"],\"articleSection\":[\"H\u00edrek\"],\"inLanguage\":\"de-DE\",\"potentialAction\":[{\"@type\":\"CommentAction\",\"name\":\"Comment\",\"target\":[\"https:\\\/\\\/buod.de\\\/magyar-filmsiker-amerikaban\\\/#respond\"]}]},{\"@type\":\"WebPage\",\"@id\":\"https:\\\/\\\/buod.de\\\/magyar-filmsiker-amerikaban\\\/\",\"url\":\"https:\\\/\\\/buod.de\\\/magyar-filmsiker-amerikaban\\\/\",\"name\":\"Magyar filmsiker Amerik\u00e1ban - BUOD\",\"isPartOf\":{\"@id\":\"https:\\\/\\\/buod.de\\\/#website\"},\"datePublished\":\"2023-04-08T12:17:36+00:00\",\"dateModified\":\"2024-04-11T13:33:39+00:00\",\"breadcrumb\":{\"@id\":\"https:\\\/\\\/buod.de\\\/magyar-filmsiker-amerikaban\\\/#breadcrumb\"},\"inLanguage\":\"de-DE\",\"potentialAction\":[{\"@type\":\"ReadAction\",\"target\":[\"https:\\\/\\\/buod.de\\\/magyar-filmsiker-amerikaban\\\/\"]}]},{\"@type\":\"BreadcrumbList\",\"@id\":\"https:\\\/\\\/buod.de\\\/magyar-filmsiker-amerikaban\\\/#breadcrumb\",\"itemListElement\":[{\"@type\":\"ListItem\",\"position\":1,\"name\":\"Kezd\u0151lap\",\"item\":\"https:\\\/\\\/buod.de\\\/\"},{\"@type\":\"ListItem\",\"position\":2,\"name\":\"Magyar filmsiker Amerik\u00e1ban\"}]},{\"@type\":\"WebSite\",\"@id\":\"https:\\\/\\\/buod.de\\\/#website\",\"url\":\"https:\\\/\\\/buod.de\\\/\",\"name\":\"BUOD\",\"description\":\"Bund Ungarischer Organisationen in Deutschland\",\"publisher\":{\"@id\":\"https:\\\/\\\/buod.de\\\/#organization\"},\"potentialAction\":[{\"@type\":\"SearchAction\",\"target\":{\"@type\":\"EntryPoint\",\"urlTemplate\":\"https:\\\/\\\/buod.de\\\/?s={search_term_string}\"},\"query-input\":{\"@type\":\"PropertyValueSpecification\",\"valueRequired\":true,\"valueName\":\"search_term_string\"}}],\"inLanguage\":\"de-DE\"},{\"@type\":\"Organization\",\"@id\":\"https:\\\/\\\/buod.de\\\/#organization\",\"name\":\"BUOD\",\"url\":\"https:\\\/\\\/buod.de\\\/\",\"logo\":{\"@type\":\"ImageObject\",\"inLanguage\":\"de-DE\",\"@id\":\"https:\\\/\\\/buod.de\\\/#\\\/schema\\\/logo\\\/image\\\/\",\"url\":\"https:\\\/\\\/buod.de\\\/wp-content\\\/uploads\\\/2024\\\/03\\\/BUOD-logo.png\",\"contentUrl\":\"https:\\\/\\\/buod.de\\\/wp-content\\\/uploads\\\/2024\\\/03\\\/BUOD-logo.png\",\"width\":586,\"height\":490,\"caption\":\"BUOD\"},\"image\":{\"@id\":\"https:\\\/\\\/buod.de\\\/#\\\/schema\\\/logo\\\/image\\\/\"},\"sameAs\":[\"https:\\\/\\\/www.facebook.com\\\/profile.php?id=100082185652397\"]},{\"@type\":\"Person\",\"@id\":\"https:\\\/\\\/buod.de\\\/#\\\/schema\\\/person\\\/8332a3e63b017fea8fcd17e9c0f96bf1\",\"name\":\"Gery V\u00e1rkonyi\",\"image\":{\"@type\":\"ImageObject\",\"inLanguage\":\"de-DE\",\"@id\":\"https:\\\/\\\/secure.gravatar.com\\\/avatar\\\/c1babe7dc68f065be4ec606c522172804715398688c78c6fffca3888b364e934?s=96&d=mm&r=g\",\"url\":\"https:\\\/\\\/secure.gravatar.com\\\/avatar\\\/c1babe7dc68f065be4ec606c522172804715398688c78c6fffca3888b364e934?s=96&d=mm&r=g\",\"contentUrl\":\"https:\\\/\\\/secure.gravatar.com\\\/avatar\\\/c1babe7dc68f065be4ec606c522172804715398688c78c6fffca3888b364e934?s=96&d=mm&r=g\",\"caption\":\"Gery V\u00e1rkonyi\"},\"url\":\"https:\\\/\\\/buod.de\\\/de\\\/author\\\/geryvarkonyi\\\/\"}]}<\/script>\n<!-- \/ Yoast SEO plugin. -->","yoast_head_json":{"title":"Magyar filmsiker Amerik\u00e1ban - BUOD","robots":{"index":"index","follow":"follow","max-snippet":"max-snippet:-1","max-image-preview":"max-image-preview:large","max-video-preview":"max-video-preview:-1"},"canonical":"https:\/\/buod.de\/de\/magyar-filmsiker-amerikaban\/","og_locale":"de_DE","og_type":"article","og_title":"Magyar filmsiker Amerik\u00e1ban - BUOD","og_description":"Kedves Listat\u00e1rsak! 2023 m\u00e1rcius 7-\u00e9n az M5 TV Librett\u00f3 &nbsp;m\u0171sor\u00e1t n\u00e9zv\u00e9n &nbsp;\u00e9rtes\u00fcltem egy &nbsp;Mindszenty J\u00f3zsef \u00e9let\u00e9t feldolgoz\u00f3 \u201e Szeretlek, Faust\u201c c\u00edm\u0171 2010-ben k\u00e9sz\u00fclt &nbsp;magyar film siker\u00e9r\u0151l &nbsp;egy New Jerseyben megrendezett &nbsp;nemzetk\u00f6zi filmfesztiv\u00e1lon.","og_url":"https:\/\/buod.de\/de\/magyar-filmsiker-amerikaban\/","og_site_name":"BUOD","article_publisher":"https:\/\/www.facebook.com\/profile.php?id=100082185652397","article_published_time":"2023-04-08T12:17:36+00:00","article_modified_time":"2024-04-11T13:33:39+00:00","author":"Gery V\u00e1rkonyi","twitter_card":"summary_large_image","twitter_misc":{"Written by":"Gery V\u00e1rkonyi","Est. reading time":"1 minute"},"schema":{"@context":"https:\/\/schema.org","@graph":[{"@type":"Article","@id":"https:\/\/buod.de\/magyar-filmsiker-amerikaban\/#article","isPartOf":{"@id":"https:\/\/buod.de\/magyar-filmsiker-amerikaban\/"},"author":{"name":"Gery V\u00e1rkonyi","@id":"https:\/\/buod.de\/#\/schema\/person\/8332a3e63b017fea8fcd17e9c0f96bf1"},"headline":"Magyar filmsiker Amerik\u00e1ban","datePublished":"2023-04-08T12:17:36+00:00","dateModified":"2024-04-11T13:33:39+00:00","mainEntityOfPage":{"@id":"https:\/\/buod.de\/magyar-filmsiker-amerikaban\/"},"wordCount":106,"commentCount":0,"publisher":{"@id":"https:\/\/buod.de\/#organization"},"keywords":["2023"],"articleSection":["H\u00edrek"],"inLanguage":"de-DE","potentialAction":[{"@type":"CommentAction","name":"Comment","target":["https:\/\/buod.de\/magyar-filmsiker-amerikaban\/#respond"]}]},{"@type":"WebPage","@id":"https:\/\/buod.de\/magyar-filmsiker-amerikaban\/","url":"https:\/\/buod.de\/magyar-filmsiker-amerikaban\/","name":"Magyar filmsiker Amerik\u00e1ban - BUOD","isPartOf":{"@id":"https:\/\/buod.de\/#website"},"datePublished":"2023-04-08T12:17:36+00:00","dateModified":"2024-04-11T13:33:39+00:00","breadcrumb":{"@id":"https:\/\/buod.de\/magyar-filmsiker-amerikaban\/#breadcrumb"},"inLanguage":"de-DE","potentialAction":[{"@type":"ReadAction","target":["https:\/\/buod.de\/magyar-filmsiker-amerikaban\/"]}]},{"@type":"BreadcrumbList","@id":"https:\/\/buod.de\/magyar-filmsiker-amerikaban\/#breadcrumb","itemListElement":[{"@type":"ListItem","position":1,"name":"Kezd\u0151lap","item":"https:\/\/buod.de\/"},{"@type":"ListItem","position":2,"name":"Magyar filmsiker Amerik\u00e1ban"}]},{"@type":"WebSite","@id":"https:\/\/buod.de\/#website","url":"https:\/\/buod.de\/","name":"BUOD","description":"Bund Ungarischer Organisationen in Deutschland","publisher":{"@id":"https:\/\/buod.de\/#organization"},"potentialAction":[{"@type":"SearchAction","target":{"@type":"EntryPoint","urlTemplate":"https:\/\/buod.de\/?s={search_term_string}"},"query-input":{"@type":"PropertyValueSpecification","valueRequired":true,"valueName":"search_term_string"}}],"inLanguage":"de-DE"},{"@type":"Organization","@id":"https:\/\/buod.de\/#organization","name":"BUOD","url":"https:\/\/buod.de\/","logo":{"@type":"ImageObject","inLanguage":"de-DE","@id":"https:\/\/buod.de\/#\/schema\/logo\/image\/","url":"https:\/\/buod.de\/wp-content\/uploads\/2024\/03\/BUOD-logo.png","contentUrl":"https:\/\/buod.de\/wp-content\/uploads\/2024\/03\/BUOD-logo.png","width":586,"height":490,"caption":"BUOD"},"image":{"@id":"https:\/\/buod.de\/#\/schema\/logo\/image\/"},"sameAs":["https:\/\/www.facebook.com\/profile.php?id=100082185652397"]},{"@type":"Person","@id":"https:\/\/buod.de\/#\/schema\/person\/8332a3e63b017fea8fcd17e9c0f96bf1","name":"Gery V\u00e1rkonyi","image":{"@type":"ImageObject","inLanguage":"de-DE","@id":"https:\/\/secure.gravatar.com\/avatar\/c1babe7dc68f065be4ec606c522172804715398688c78c6fffca3888b364e934?s=96&d=mm&r=g","url":"https:\/\/secure.gravatar.com\/avatar\/c1babe7dc68f065be4ec606c522172804715398688c78c6fffca3888b364e934?s=96&d=mm&r=g","contentUrl":"https:\/\/secure.gravatar.com\/avatar\/c1babe7dc68f065be4ec606c522172804715398688c78c6fffca3888b364e934?s=96&d=mm&r=g","caption":"Gery V\u00e1rkonyi"},"url":"https:\/\/buod.de\/de\/author\/geryvarkonyi\/"}]}},"_links":{"self":[{"href":"https:\/\/buod.de\/de\/wp-json\/wp\/v2\/posts\/1756","targetHints":{"allow":["GET"]}}],"collection":[{"href":"https:\/\/buod.de\/de\/wp-json\/wp\/v2\/posts"}],"about":[{"href":"https:\/\/buod.de\/de\/wp-json\/wp\/v2\/types\/post"}],"author":[{"embeddable":true,"href":"https:\/\/buod.de\/de\/wp-json\/wp\/v2\/users\/4"}],"replies":[{"embeddable":true,"href":"https:\/\/buod.de\/de\/wp-json\/wp\/v2\/comments?post=1756"}],"version-history":[{"count":1,"href":"https:\/\/buod.de\/de\/wp-json\/wp\/v2\/posts\/1756\/revisions"}],"predecessor-version":[{"id":2352,"href":"https:\/\/buod.de\/de\/wp-json\/wp\/v2\/posts\/1756\/revisions\/2352"}],"wp:attachment":[{"href":"https:\/\/buod.de\/de\/wp-json\/wp\/v2\/media?parent=1756"}],"wp:term":[{"taxonomy":"category","embeddable":true,"href":"https:\/\/buod.de\/de\/wp-json\/wp\/v2\/categories?post=1756"},{"taxonomy":"post_tag","embeddable":true,"href":"https:\/\/buod.de\/de\/wp-json\/wp\/v2\/tags?post=1756"}],"curies":[{"name":"wp","href":"https:\/\/api.w.org\/{rel}","templated":true}]}}