{"id":1762,"date":"2023-04-12T12:32:33","date_gmt":"2023-04-12T12:32:33","guid":{"rendered":"https:\/\/dev.buod.de\/szechenyi-kor-meghivo-2023-aprilis-25-en-kedden\/"},"modified":"2024-04-11T13:33:38","modified_gmt":"2024-04-11T13:33:38","slug":"szechenyi-kor-meghivo-2023-aprilis-25-en-kedden","status":"publish","type":"post","link":"https:\/\/buod.de\/de\/szechenyi-kor-meghivo-2023-aprilis-25-en-kedden\/","title":{"rendered":"Sz\u00e9chenyi K\u00f6r megh\u00edv\u00f3, 2023. \u00e1prilis 25-\u00e9n Kedden"},"content":{"rendered":"<p><strong>Megh\u00edv\u00f3<\/strong><\/p>\n<p>Szeretettel megh\u00edvjuk \u00d6nt, kedves csal\u00e1dj\u00e1t \u00e9s bar\u00e1tait az al\u00e1bbi rendezv\u00e9nyre:<\/p>\n<p><strong>Nem vagyok, csak m\u00e1sok l\u00e1tnak<\/strong><\/p>\n<p><strong>(sz\u00ednh\u00e1zi k\u00eds\u00e9rlet J\u00f3zsef Attil\u00e1val)<\/strong><\/p>\n<p>Az Oson\u00f3 Sz\u00ednh\u00e1zm\u0171hely monodr\u00e1m\u00e1ja<\/p>\n<p><!--more--><\/p>\n<p>Az Oson\u00f3 Sz\u00ednh\u00e1zm\u0171hely f\u00fcggetlen, alternat\u00edv, a k\u00f6z\u00f6ns\u00e9ggel val\u00f3 p\u00e1rbesz\u00e9dre t\u00f6rekv\u0151 kezdem\u00e9nyez\u00e9s, mely teret ad a fiatal alkot\u00f3k sz\u00ednh\u00e1zi k\u00eds\u00e9rleteinek. A sz\u00edni el\u0151ad\u00e1sok mellett a t\u00e1rsulat szoci\u00e1lisan is elk\u00f6telezi mag\u00e1t, m\u0171helyfoglalkoz\u00e1sokat \u00e9s k\u00e9pz\u00e9seket szervez fiatalok \u00e9s feln\u0151ttek sz\u00e1m\u00e1ra.<\/p>\n<p>A t\u00e1rsulat Magyarorsz\u00e1gon k\u00edv\u00fcl, a vil\u00e1g nagyv\u00e1rosaiban, Bangkokt\u00f3l Hamburgig, de Erd\u00e9ly sz\u00e1mos telep\u00fcl\u00e9s\u00e9n is bemutatkozott m\u00e1r, k\u00fcl\u00f6n\u00f6s tekintettel a sz\u00f3rv\u00e1nytelep\u00fcl\u00e9sekre. 30 hazai \u00e9s nemzetk\u00f6zi d\u00edjat tudhat mag\u00e1\u00e9nak, k\u00f6zt\u00fck a Nemzeti Er\u0151forr\u00e1s Miniszt\u00e9riuma \u00e1ltal oda\u00edt\u00e9lt <strong><em>Csokonai Vit\u00e9z Mih\u00e1ly K\u00f6z\u00f6ss\u00e9gi d\u00edj<\/em><\/strong>at (2012) vagy az Eur\u00f3pai Parlament \u00e9rt\u00e9kel\u00e9se alapj\u00e1n az <strong><em>Ifj\u00fas\u00e1gi Nagy-K\u00e1roly D\u00edj<\/em><\/strong>at (2016).<\/p>\n<p>A jelen el\u0151ad\u00e1ssal az Oson\u00f3 tal\u00e1lkoz\u00e1sra h\u00edv: szem\u00e9lyes tal\u00e1lkoz\u00e1sra egym\u00e1ssal \u2013 \u00e9s J\u00f3zsef Attil\u00e1val. Egy emberrel, aki k\u00f6z\u00e9nk \u00fcl, r\u00e1nk n\u00e9z, megosztja vel\u00fcnk falatnyi \u00fatraval\u00f3j\u00e1t, s akinek sz\u00e1j\u00e1b\u00f3l \u00fagy fordulnak ki a j\u00f3l ismert szavak, ahogy m\u00e9g nem tal\u00e1lkoztunk vel\u00fck. Verssorokb\u00f3l bontakozik ki egy \u00e9let: az eny\u00e9m vagy a ti\u00e9d, \u00e9s \u2013 tal\u00e1n \u2013 egy szeg\u00e9ny, Attila nev\u0171 bar\u00e1tunk\u00e9.<\/p>\n<p>Az 55 perces monodr\u00e1ma J\u00f3zsef Attila-sz\u00f6vegekb\u0151l \u00e9p\u00edtkezve keresi az \u00e9letm\u0171 aktualit\u00e1s\u00e1t, a k\u00f6lt\u0151 megid\u00e9zhet\u0151s\u00e9g\u00e9t, az azt k\u00f6vet\u0151 besz\u00e9lget\u00e9s pedig lehet\u0151s\u00e9get ad, hogy a tal\u00e1lkoz\u00e1s val\u00f3di p\u00e1rbesz\u00e9dd\u00e9 v\u00e1ljon.<\/p>\n<p><em>El\u0151adja: <\/em><strong><em>Mucha Oszk\u00e1r<\/em><\/strong><\/p>\n<p><em>Rendezte: <\/em><strong><em>Fazakas Misi<\/em><\/strong><\/p>\n<p><strong><em>&nbsp;<\/em><\/strong><\/p>\n<p><strong><em>Az est h\u00e1zigazd\u00e1ja: Iv\u00e1nfi \u00c1d\u00e1m, M\u00fcnchen<\/em><\/strong><\/p>\n<p><strong>Magyar Katolikus Misszi\u00f3 M\u00fcnchen, Oberf\u00f6hringer Str. 40<\/strong><\/p>\n<p><strong>2023. \u00e1prilis 25-\u00e9n, <em>KEDDEN<\/em>, 19.00-kor<\/strong><\/p>\n<p><strong>Sz\u00edves k\u00f6lts\u00e9ghozz\u00e1j\u00e1rul\u00e1s\u00e1ra sz\u00e1m\u00edtunk.&nbsp;&nbsp;&nbsp;&nbsp;&nbsp;&nbsp;&nbsp;&nbsp;&nbsp;&nbsp;&nbsp; Mindenkit szeretettel v\u00e1runk!<\/strong><\/p>\n<p>&nbsp;<\/p>\n<p><a href=\"https:\/\/buod.de\/wp-content\/uploads\/2023\/04\/2023-04-25-Meghv1684.pdf\">http:\/\/www.buod.de\/https:\/\/buod.de\/wp-content\/uploads\/2023\/04\/2023-04-25-Meghv1684.pdf <\/a><\/p>\n<p><strong><br \/> <\/strong><\/p>\n<p>&nbsp;<\/p>","protected":false},"excerpt":{"rendered":"<p>Megh\u00edv\u00f3 Szeretettel megh\u00edvjuk \u00d6nt, kedves csal\u00e1dj\u00e1t \u00e9s bar\u00e1tait az al\u00e1bbi rendezv\u00e9nyre: Nem vagyok, csak m\u00e1sok l\u00e1tnak (sz\u00ednh\u00e1zi k\u00eds\u00e9rlet J\u00f3zsef Attil\u00e1val) Az Oson\u00f3 Sz\u00ednh\u00e1zm\u0171hely monodr\u00e1m\u00e1ja<\/p>","protected":false},"author":4,"featured_media":0,"comment_status":"open","ping_status":"open","sticky":false,"template":"","format":"standard","meta":{"footnotes":""},"categories":[17],"tags":[21],"class_list":["post-1762","post","type-post","status-publish","format-standard","hentry","category-hirek","tag-21"],"yoast_head":"<!-- This site is optimized with the Yoast SEO plugin v27.5 - https:\/\/yoast.com\/product\/yoast-seo-wordpress\/ -->\n<title>Sz\u00e9chenyi K\u00f6r megh\u00edv\u00f3, 2023. \u00e1prilis 25-\u00e9n Kedden - BUOD<\/title>\n<meta name=\"robots\" content=\"index, follow, max-snippet:-1, max-image-preview:large, max-video-preview:-1\" \/>\n<link rel=\"canonical\" href=\"https:\/\/buod.de\/de\/szechenyi-kor-meghivo-2023-aprilis-25-en-kedden\/\" \/>\n<meta property=\"og:locale\" content=\"de_DE\" \/>\n<meta property=\"og:type\" content=\"article\" \/>\n<meta property=\"og:title\" content=\"Sz\u00e9chenyi K\u00f6r megh\u00edv\u00f3, 2023. \u00e1prilis 25-\u00e9n Kedden - BUOD\" \/>\n<meta property=\"og:description\" content=\"Megh\u00edv\u00f3 Szeretettel megh\u00edvjuk \u00d6nt, kedves csal\u00e1dj\u00e1t \u00e9s bar\u00e1tait az al\u00e1bbi rendezv\u00e9nyre: Nem vagyok, csak m\u00e1sok l\u00e1tnak (sz\u00ednh\u00e1zi k\u00eds\u00e9rlet J\u00f3zsef Attil\u00e1val) Az Oson\u00f3 Sz\u00ednh\u00e1zm\u0171hely monodr\u00e1m\u00e1ja\" \/>\n<meta property=\"og:url\" content=\"https:\/\/buod.de\/de\/szechenyi-kor-meghivo-2023-aprilis-25-en-kedden\/\" \/>\n<meta property=\"og:site_name\" content=\"BUOD\" \/>\n<meta property=\"article:publisher\" content=\"https:\/\/www.facebook.com\/profile.php?id=100082185652397\" \/>\n<meta property=\"article:published_time\" content=\"2023-04-12T12:32:33+00:00\" \/>\n<meta property=\"article:modified_time\" content=\"2024-04-11T13:33:38+00:00\" \/>\n<meta name=\"author\" content=\"Gery V\u00e1rkonyi\" \/>\n<meta name=\"twitter:card\" content=\"summary_large_image\" \/>\n<meta name=\"twitter:label1\" content=\"Written by\" \/>\n\t<meta name=\"twitter:data1\" content=\"Gery V\u00e1rkonyi\" \/>\n\t<meta name=\"twitter:label2\" content=\"Est. reading time\" \/>\n\t<meta name=\"twitter:data2\" content=\"2 minutes\" \/>\n<script type=\"application\/ld+json\" class=\"yoast-schema-graph\">{\"@context\":\"https:\\\/\\\/schema.org\",\"@graph\":[{\"@type\":\"Article\",\"@id\":\"https:\\\/\\\/buod.de\\\/szechenyi-kor-meghivo-2023-aprilis-25-en-kedden\\\/#article\",\"isPartOf\":{\"@id\":\"https:\\\/\\\/buod.de\\\/szechenyi-kor-meghivo-2023-aprilis-25-en-kedden\\\/\"},\"author\":{\"name\":\"Gery V\u00e1rkonyi\",\"@id\":\"https:\\\/\\\/buod.de\\\/#\\\/schema\\\/person\\\/8332a3e63b017fea8fcd17e9c0f96bf1\"},\"headline\":\"Sz\u00e9chenyi K\u00f6r megh\u00edv\u00f3, 2023. \u00e1prilis 25-\u00e9n Kedden\",\"datePublished\":\"2023-04-12T12:32:33+00:00\",\"dateModified\":\"2024-04-11T13:33:38+00:00\",\"mainEntityOfPage\":{\"@id\":\"https:\\\/\\\/buod.de\\\/szechenyi-kor-meghivo-2023-aprilis-25-en-kedden\\\/\"},\"wordCount\":428,\"commentCount\":0,\"publisher\":{\"@id\":\"https:\\\/\\\/buod.de\\\/#organization\"},\"keywords\":[\"2023\"],\"articleSection\":[\"H\u00edrek\"],\"inLanguage\":\"de-DE\",\"potentialAction\":[{\"@type\":\"CommentAction\",\"name\":\"Comment\",\"target\":[\"https:\\\/\\\/buod.de\\\/szechenyi-kor-meghivo-2023-aprilis-25-en-kedden\\\/#respond\"]}]},{\"@type\":\"WebPage\",\"@id\":\"https:\\\/\\\/buod.de\\\/szechenyi-kor-meghivo-2023-aprilis-25-en-kedden\\\/\",\"url\":\"https:\\\/\\\/buod.de\\\/szechenyi-kor-meghivo-2023-aprilis-25-en-kedden\\\/\",\"name\":\"Sz\u00e9chenyi K\u00f6r megh\u00edv\u00f3, 2023. \u00e1prilis 25-\u00e9n Kedden - BUOD\",\"isPartOf\":{\"@id\":\"https:\\\/\\\/buod.de\\\/#website\"},\"datePublished\":\"2023-04-12T12:32:33+00:00\",\"dateModified\":\"2024-04-11T13:33:38+00:00\",\"breadcrumb\":{\"@id\":\"https:\\\/\\\/buod.de\\\/szechenyi-kor-meghivo-2023-aprilis-25-en-kedden\\\/#breadcrumb\"},\"inLanguage\":\"de-DE\",\"potentialAction\":[{\"@type\":\"ReadAction\",\"target\":[\"https:\\\/\\\/buod.de\\\/szechenyi-kor-meghivo-2023-aprilis-25-en-kedden\\\/\"]}]},{\"@type\":\"BreadcrumbList\",\"@id\":\"https:\\\/\\\/buod.de\\\/szechenyi-kor-meghivo-2023-aprilis-25-en-kedden\\\/#breadcrumb\",\"itemListElement\":[{\"@type\":\"ListItem\",\"position\":1,\"name\":\"Kezd\u0151lap\",\"item\":\"https:\\\/\\\/buod.de\\\/\"},{\"@type\":\"ListItem\",\"position\":2,\"name\":\"Sz\u00e9chenyi K\u00f6r megh\u00edv\u00f3, 2023. \u00e1prilis 25-\u00e9n Kedden\"}]},{\"@type\":\"WebSite\",\"@id\":\"https:\\\/\\\/buod.de\\\/#website\",\"url\":\"https:\\\/\\\/buod.de\\\/\",\"name\":\"BUOD\",\"description\":\"Bund Ungarischer Organisationen in Deutschland\",\"publisher\":{\"@id\":\"https:\\\/\\\/buod.de\\\/#organization\"},\"potentialAction\":[{\"@type\":\"SearchAction\",\"target\":{\"@type\":\"EntryPoint\",\"urlTemplate\":\"https:\\\/\\\/buod.de\\\/?s={search_term_string}\"},\"query-input\":{\"@type\":\"PropertyValueSpecification\",\"valueRequired\":true,\"valueName\":\"search_term_string\"}}],\"inLanguage\":\"de-DE\"},{\"@type\":\"Organization\",\"@id\":\"https:\\\/\\\/buod.de\\\/#organization\",\"name\":\"BUOD\",\"url\":\"https:\\\/\\\/buod.de\\\/\",\"logo\":{\"@type\":\"ImageObject\",\"inLanguage\":\"de-DE\",\"@id\":\"https:\\\/\\\/buod.de\\\/#\\\/schema\\\/logo\\\/image\\\/\",\"url\":\"https:\\\/\\\/buod.de\\\/wp-content\\\/uploads\\\/2024\\\/03\\\/BUOD-logo.png\",\"contentUrl\":\"https:\\\/\\\/buod.de\\\/wp-content\\\/uploads\\\/2024\\\/03\\\/BUOD-logo.png\",\"width\":586,\"height\":490,\"caption\":\"BUOD\"},\"image\":{\"@id\":\"https:\\\/\\\/buod.de\\\/#\\\/schema\\\/logo\\\/image\\\/\"},\"sameAs\":[\"https:\\\/\\\/www.facebook.com\\\/profile.php?id=100082185652397\"]},{\"@type\":\"Person\",\"@id\":\"https:\\\/\\\/buod.de\\\/#\\\/schema\\\/person\\\/8332a3e63b017fea8fcd17e9c0f96bf1\",\"name\":\"Gery V\u00e1rkonyi\",\"image\":{\"@type\":\"ImageObject\",\"inLanguage\":\"de-DE\",\"@id\":\"https:\\\/\\\/secure.gravatar.com\\\/avatar\\\/c1babe7dc68f065be4ec606c522172804715398688c78c6fffca3888b364e934?s=96&d=mm&r=g\",\"url\":\"https:\\\/\\\/secure.gravatar.com\\\/avatar\\\/c1babe7dc68f065be4ec606c522172804715398688c78c6fffca3888b364e934?s=96&d=mm&r=g\",\"contentUrl\":\"https:\\\/\\\/secure.gravatar.com\\\/avatar\\\/c1babe7dc68f065be4ec606c522172804715398688c78c6fffca3888b364e934?s=96&d=mm&r=g\",\"caption\":\"Gery V\u00e1rkonyi\"},\"url\":\"https:\\\/\\\/buod.de\\\/de\\\/author\\\/geryvarkonyi\\\/\"}]}<\/script>\n<!-- \/ Yoast SEO plugin. -->","yoast_head_json":{"title":"Sz\u00e9chenyi K\u00f6r megh\u00edv\u00f3, 2023. \u00e1prilis 25-\u00e9n Kedden - BUOD","robots":{"index":"index","follow":"follow","max-snippet":"max-snippet:-1","max-image-preview":"max-image-preview:large","max-video-preview":"max-video-preview:-1"},"canonical":"https:\/\/buod.de\/de\/szechenyi-kor-meghivo-2023-aprilis-25-en-kedden\/","og_locale":"de_DE","og_type":"article","og_title":"Sz\u00e9chenyi K\u00f6r megh\u00edv\u00f3, 2023. \u00e1prilis 25-\u00e9n Kedden - BUOD","og_description":"Megh\u00edv\u00f3 Szeretettel megh\u00edvjuk \u00d6nt, kedves csal\u00e1dj\u00e1t \u00e9s bar\u00e1tait az al\u00e1bbi rendezv\u00e9nyre: Nem vagyok, csak m\u00e1sok l\u00e1tnak (sz\u00ednh\u00e1zi k\u00eds\u00e9rlet J\u00f3zsef Attil\u00e1val) Az Oson\u00f3 Sz\u00ednh\u00e1zm\u0171hely monodr\u00e1m\u00e1ja","og_url":"https:\/\/buod.de\/de\/szechenyi-kor-meghivo-2023-aprilis-25-en-kedden\/","og_site_name":"BUOD","article_publisher":"https:\/\/www.facebook.com\/profile.php?id=100082185652397","article_published_time":"2023-04-12T12:32:33+00:00","article_modified_time":"2024-04-11T13:33:38+00:00","author":"Gery V\u00e1rkonyi","twitter_card":"summary_large_image","twitter_misc":{"Written by":"Gery V\u00e1rkonyi","Est. reading time":"2 minutes"},"schema":{"@context":"https:\/\/schema.org","@graph":[{"@type":"Article","@id":"https:\/\/buod.de\/szechenyi-kor-meghivo-2023-aprilis-25-en-kedden\/#article","isPartOf":{"@id":"https:\/\/buod.de\/szechenyi-kor-meghivo-2023-aprilis-25-en-kedden\/"},"author":{"name":"Gery V\u00e1rkonyi","@id":"https:\/\/buod.de\/#\/schema\/person\/8332a3e63b017fea8fcd17e9c0f96bf1"},"headline":"Sz\u00e9chenyi K\u00f6r megh\u00edv\u00f3, 2023. \u00e1prilis 25-\u00e9n Kedden","datePublished":"2023-04-12T12:32:33+00:00","dateModified":"2024-04-11T13:33:38+00:00","mainEntityOfPage":{"@id":"https:\/\/buod.de\/szechenyi-kor-meghivo-2023-aprilis-25-en-kedden\/"},"wordCount":428,"commentCount":0,"publisher":{"@id":"https:\/\/buod.de\/#organization"},"keywords":["2023"],"articleSection":["H\u00edrek"],"inLanguage":"de-DE","potentialAction":[{"@type":"CommentAction","name":"Comment","target":["https:\/\/buod.de\/szechenyi-kor-meghivo-2023-aprilis-25-en-kedden\/#respond"]}]},{"@type":"WebPage","@id":"https:\/\/buod.de\/szechenyi-kor-meghivo-2023-aprilis-25-en-kedden\/","url":"https:\/\/buod.de\/szechenyi-kor-meghivo-2023-aprilis-25-en-kedden\/","name":"Sz\u00e9chenyi K\u00f6r megh\u00edv\u00f3, 2023. \u00e1prilis 25-\u00e9n Kedden - BUOD","isPartOf":{"@id":"https:\/\/buod.de\/#website"},"datePublished":"2023-04-12T12:32:33+00:00","dateModified":"2024-04-11T13:33:38+00:00","breadcrumb":{"@id":"https:\/\/buod.de\/szechenyi-kor-meghivo-2023-aprilis-25-en-kedden\/#breadcrumb"},"inLanguage":"de-DE","potentialAction":[{"@type":"ReadAction","target":["https:\/\/buod.de\/szechenyi-kor-meghivo-2023-aprilis-25-en-kedden\/"]}]},{"@type":"BreadcrumbList","@id":"https:\/\/buod.de\/szechenyi-kor-meghivo-2023-aprilis-25-en-kedden\/#breadcrumb","itemListElement":[{"@type":"ListItem","position":1,"name":"Kezd\u0151lap","item":"https:\/\/buod.de\/"},{"@type":"ListItem","position":2,"name":"Sz\u00e9chenyi K\u00f6r megh\u00edv\u00f3, 2023. \u00e1prilis 25-\u00e9n Kedden"}]},{"@type":"WebSite","@id":"https:\/\/buod.de\/#website","url":"https:\/\/buod.de\/","name":"BUOD","description":"Bund Ungarischer Organisationen in Deutschland","publisher":{"@id":"https:\/\/buod.de\/#organization"},"potentialAction":[{"@type":"SearchAction","target":{"@type":"EntryPoint","urlTemplate":"https:\/\/buod.de\/?s={search_term_string}"},"query-input":{"@type":"PropertyValueSpecification","valueRequired":true,"valueName":"search_term_string"}}],"inLanguage":"de-DE"},{"@type":"Organization","@id":"https:\/\/buod.de\/#organization","name":"BUOD","url":"https:\/\/buod.de\/","logo":{"@type":"ImageObject","inLanguage":"de-DE","@id":"https:\/\/buod.de\/#\/schema\/logo\/image\/","url":"https:\/\/buod.de\/wp-content\/uploads\/2024\/03\/BUOD-logo.png","contentUrl":"https:\/\/buod.de\/wp-content\/uploads\/2024\/03\/BUOD-logo.png","width":586,"height":490,"caption":"BUOD"},"image":{"@id":"https:\/\/buod.de\/#\/schema\/logo\/image\/"},"sameAs":["https:\/\/www.facebook.com\/profile.php?id=100082185652397"]},{"@type":"Person","@id":"https:\/\/buod.de\/#\/schema\/person\/8332a3e63b017fea8fcd17e9c0f96bf1","name":"Gery V\u00e1rkonyi","image":{"@type":"ImageObject","inLanguage":"de-DE","@id":"https:\/\/secure.gravatar.com\/avatar\/c1babe7dc68f065be4ec606c522172804715398688c78c6fffca3888b364e934?s=96&d=mm&r=g","url":"https:\/\/secure.gravatar.com\/avatar\/c1babe7dc68f065be4ec606c522172804715398688c78c6fffca3888b364e934?s=96&d=mm&r=g","contentUrl":"https:\/\/secure.gravatar.com\/avatar\/c1babe7dc68f065be4ec606c522172804715398688c78c6fffca3888b364e934?s=96&d=mm&r=g","caption":"Gery V\u00e1rkonyi"},"url":"https:\/\/buod.de\/de\/author\/geryvarkonyi\/"}]}},"_links":{"self":[{"href":"https:\/\/buod.de\/de\/wp-json\/wp\/v2\/posts\/1762","targetHints":{"allow":["GET"]}}],"collection":[{"href":"https:\/\/buod.de\/de\/wp-json\/wp\/v2\/posts"}],"about":[{"href":"https:\/\/buod.de\/de\/wp-json\/wp\/v2\/types\/post"}],"author":[{"embeddable":true,"href":"https:\/\/buod.de\/de\/wp-json\/wp\/v2\/users\/4"}],"replies":[{"embeddable":true,"href":"https:\/\/buod.de\/de\/wp-json\/wp\/v2\/comments?post=1762"}],"version-history":[{"count":1,"href":"https:\/\/buod.de\/de\/wp-json\/wp\/v2\/posts\/1762\/revisions"}],"predecessor-version":[{"id":2349,"href":"https:\/\/buod.de\/de\/wp-json\/wp\/v2\/posts\/1762\/revisions\/2349"}],"wp:attachment":[{"href":"https:\/\/buod.de\/de\/wp-json\/wp\/v2\/media?parent=1762"}],"wp:term":[{"taxonomy":"category","embeddable":true,"href":"https:\/\/buod.de\/de\/wp-json\/wp\/v2\/categories?post=1762"},{"taxonomy":"post_tag","embeddable":true,"href":"https:\/\/buod.de\/de\/wp-json\/wp\/v2\/tags?post=1762"}],"curies":[{"name":"wp","href":"https:\/\/api.w.org\/{rel}","templated":true}]}}