{"id":1766,"date":"2023-04-23T13:07:40","date_gmt":"2023-04-23T13:07:40","guid":{"rendered":"https:\/\/dev.buod.de\/papst-besuch-in-ungarn-einladungen-nach-bonn-und-zum-jugendcamp\/"},"modified":"2024-04-11T13:33:38","modified_gmt":"2024-04-11T13:33:38","slug":"papst-besuch-in-ungarn-einladungen-nach-bonn-und-zum-jugendcamp","status":"publish","type":"post","link":"https:\/\/buod.de\/de\/papst-besuch-in-ungarn-einladungen-nach-bonn-und-zum-jugendcamp\/","title":{"rendered":"Papst-Besuch in Ungarn, Einladungen nach Bonn und zum Jugendcamp"},"content":{"rendered":"<p>An die Mitglieder und Freunde der<\/p>\n<p>Deutsch-Ungarischen Gesellschaft in der Bundesrepublik Deutschland e.V.<\/p>\n<p>Sehr geehrte Damen und Herren,<\/p>\n<p>vom 28. April an wird Papst Franziskus f\u00fcr drei Tage nach Ungarn kommen!<\/p>\n<p><!--more--><\/p>\n<p>F\u00fcr ein Volk, dessen Staatswerdung untrennbar mit seiner Hinwendung zum Christentum verbunden ist und das sich bis heute als Verteidiger christlich-abendl\u00e4ndischer Werte sieht, ist das naturgem\u00e4\u00df ein ganz besonderes Ereignis.<\/p>\n<p>Papst Franziskus war \u00fcbrigens bereits im September 2021 in Ungarn, allerdings nur f\u00fcr einige Stunden, zur Feier der Schlussmesse des Eucharistischen Weltkongresses. Trotz der seinerzeitigen Corona-Beschr\u00e4nkungen nahmen an der Papstmesse in Budapest mehr als 100.000 Menschen teil.<\/p>\n<p>Am kommenden Wochenende werden mit Sicherheit noch viel mehr Ungarn dabei sein wollen. Wir d\u00fcrfen also gespannt sein, auch auf die Berichterstattung in Deutschland. Bisher war vom Papstbesuch in Ungarn dort kaum die Rede.<\/p>\n<p><strong>Anf\u00fcgen d\u00fcrfen wir Ihnen zudem zwei weitere, sehr interessante DUG-Einladungen: Prof. Dr. Heinz Theisen, derzeit Gastprofessor in Budapest, wird am Mittwoch, 24. Mai, 18.30 Uhr, in Bonn \u00fcber &#8222;Die Selbstbehauptung Ungarns in einem Europa der Selbstaufgabe&#8221; sprechen und diskutieren.&nbsp;<\/strong><\/p>\n<p><strong>Und vom 6.-10. August wird in R\u00e9vf\u00fcl\u00f6p am Balaton, unser zweites deutsch-ungarisches &#8222;Summer-Camp&#8221; f\u00fcr junge Erwachsene stattfinden, in bew\u00e4hrter Zusammenarbeit von Deutsch-Ungarischer Gesellschaft und Deutsch-Ungarischem Institut beim MCC: &#8222;Deutschlands und Ungarns Zukunft in Europa&#8221;.<\/strong><\/p>\n<p>Unser erstes Jugendcamp im vergangenen Jahr war ein gro\u00dfer Erfolg und hat den Teilnehmern viel Spa\u00df gemacht. Sprechen Sie bitte auch junge Familienangeh\u00f6rige und Freunde darauf an und leiten Sie unsere anliegende Einladung weiter!<\/p>\n<p>Anmeldungen zu beiden Veranstaltungen bitte unter den in den Einladungen genannten Mail-Adressen. F\u00fcr R\u00fcckfragen stehen wir selbstverst\u00e4ndlich gerne zur Verf\u00fcgung.<\/p>\n<p>Ihnen noch einen sch\u00f6nen Sonntagabend und dann einen guten Start in die neue Woche!<\/p>\n<p>Herzliche Gr\u00fc\u00dfe<\/p>\n<p>Ihr<\/p>\n<p>Gerhard Papke<\/p>\n<p><strong>Dr. Gerhard Papke<\/strong><\/p>\n<p>Landtagsvizepr\u00e4sident NRW a.D.<\/p>\n<p>Pr\u00e4sident der Deutsch-Ungarischen Gesellschaft<\/p>\n<p>in der Bundesrepublik Deutschland e.V.<\/p>\n<p>&nbsp;<\/p>\n<p>&nbsp;<\/p>\n<p><a href=\"https:\/\/buod.de\/de\/images\/BUOD_info\/Einladung_Summer_Camp_2023.pdf\/\">http:\/\/www.buod.de\/images\/BUOD_info\/Einladung_Summer_Camp_2023.pdf<\/a><\/p>\n<p><a href=\"https:\/\/buod.de\/de\/images\/BUOD_info\/DUG_Einladung_nach_Bonn_24-5-2023.pdf\/\">http:\/\/www.buod.de\/images\/BUOD_info\/DUG_Einladung_nach_Bonn_24-5-2023.pdf&nbsp;<\/a><\/p>","protected":false},"excerpt":{"rendered":"<p>An die Mitglieder und Freunde der Deutsch-Ungarischen Gesellschaft in der Bundesrepublik Deutschland e.V. Sehr geehrte Damen und Herren, vom 28. April an wird Papst Franziskus f\u00fcr drei Tage nach Ungarn kommen!<\/p>","protected":false},"author":4,"featured_media":0,"comment_status":"open","ping_status":"open","sticky":false,"template":"","format":"standard","meta":{"footnotes":""},"categories":[17],"tags":[21],"class_list":["post-1766","post","type-post","status-publish","format-standard","hentry","category-hirek","tag-21"],"yoast_head":"<!-- This site is optimized with the Yoast SEO plugin v27.5 - https:\/\/yoast.com\/product\/yoast-seo-wordpress\/ -->\n<title>Papst-Besuch in Ungarn, Einladungen nach Bonn und zum Jugendcamp - BUOD<\/title>\n<meta name=\"robots\" content=\"index, follow, max-snippet:-1, max-image-preview:large, max-video-preview:-1\" \/>\n<link rel=\"canonical\" href=\"https:\/\/buod.de\/de\/papst-besuch-in-ungarn-einladungen-nach-bonn-und-zum-jugendcamp\/\" \/>\n<meta property=\"og:locale\" content=\"de_DE\" \/>\n<meta property=\"og:type\" content=\"article\" \/>\n<meta property=\"og:title\" content=\"Papst-Besuch in Ungarn, Einladungen nach Bonn und zum Jugendcamp - BUOD\" \/>\n<meta property=\"og:description\" content=\"An die Mitglieder und Freunde der Deutsch-Ungarischen Gesellschaft in der Bundesrepublik Deutschland e.V. Sehr geehrte Damen und Herren, vom 28. April an wird Papst Franziskus f\u00fcr drei Tage nach Ungarn kommen!\" \/>\n<meta property=\"og:url\" content=\"https:\/\/buod.de\/de\/papst-besuch-in-ungarn-einladungen-nach-bonn-und-zum-jugendcamp\/\" \/>\n<meta property=\"og:site_name\" content=\"BUOD\" \/>\n<meta property=\"article:publisher\" content=\"https:\/\/www.facebook.com\/profile.php?id=100082185652397\" \/>\n<meta property=\"article:published_time\" content=\"2023-04-23T13:07:40+00:00\" \/>\n<meta property=\"article:modified_time\" content=\"2024-04-11T13:33:38+00:00\" \/>\n<meta name=\"author\" content=\"Gery V\u00e1rkonyi\" \/>\n<meta name=\"twitter:card\" content=\"summary_large_image\" \/>\n<meta name=\"twitter:label1\" content=\"Written by\" \/>\n\t<meta name=\"twitter:data1\" content=\"Gery V\u00e1rkonyi\" \/>\n\t<meta name=\"twitter:label2\" content=\"Est. reading time\" \/>\n\t<meta name=\"twitter:data2\" content=\"2 minutes\" \/>\n<script type=\"application\/ld+json\" class=\"yoast-schema-graph\">{\"@context\":\"https:\\\/\\\/schema.org\",\"@graph\":[{\"@type\":\"Article\",\"@id\":\"https:\\\/\\\/buod.de\\\/papst-besuch-in-ungarn-einladungen-nach-bonn-und-zum-jugendcamp\\\/#article\",\"isPartOf\":{\"@id\":\"https:\\\/\\\/buod.de\\\/papst-besuch-in-ungarn-einladungen-nach-bonn-und-zum-jugendcamp\\\/\"},\"author\":{\"name\":\"Gery V\u00e1rkonyi\",\"@id\":\"https:\\\/\\\/buod.de\\\/#\\\/schema\\\/person\\\/8332a3e63b017fea8fcd17e9c0f96bf1\"},\"headline\":\"Papst-Besuch in Ungarn, Einladungen nach Bonn und zum Jugendcamp\",\"datePublished\":\"2023-04-23T13:07:40+00:00\",\"dateModified\":\"2024-04-11T13:33:38+00:00\",\"mainEntityOfPage\":{\"@id\":\"https:\\\/\\\/buod.de\\\/papst-besuch-in-ungarn-einladungen-nach-bonn-und-zum-jugendcamp\\\/\"},\"wordCount\":352,\"commentCount\":0,\"publisher\":{\"@id\":\"https:\\\/\\\/buod.de\\\/#organization\"},\"keywords\":[\"2023\"],\"articleSection\":[\"H\u00edrek\"],\"inLanguage\":\"de-DE\",\"potentialAction\":[{\"@type\":\"CommentAction\",\"name\":\"Comment\",\"target\":[\"https:\\\/\\\/buod.de\\\/papst-besuch-in-ungarn-einladungen-nach-bonn-und-zum-jugendcamp\\\/#respond\"]}]},{\"@type\":\"WebPage\",\"@id\":\"https:\\\/\\\/buod.de\\\/papst-besuch-in-ungarn-einladungen-nach-bonn-und-zum-jugendcamp\\\/\",\"url\":\"https:\\\/\\\/buod.de\\\/papst-besuch-in-ungarn-einladungen-nach-bonn-und-zum-jugendcamp\\\/\",\"name\":\"Papst-Besuch in Ungarn, Einladungen nach Bonn und zum Jugendcamp - BUOD\",\"isPartOf\":{\"@id\":\"https:\\\/\\\/buod.de\\\/#website\"},\"datePublished\":\"2023-04-23T13:07:40+00:00\",\"dateModified\":\"2024-04-11T13:33:38+00:00\",\"breadcrumb\":{\"@id\":\"https:\\\/\\\/buod.de\\\/papst-besuch-in-ungarn-einladungen-nach-bonn-und-zum-jugendcamp\\\/#breadcrumb\"},\"inLanguage\":\"de-DE\",\"potentialAction\":[{\"@type\":\"ReadAction\",\"target\":[\"https:\\\/\\\/buod.de\\\/papst-besuch-in-ungarn-einladungen-nach-bonn-und-zum-jugendcamp\\\/\"]}]},{\"@type\":\"BreadcrumbList\",\"@id\":\"https:\\\/\\\/buod.de\\\/papst-besuch-in-ungarn-einladungen-nach-bonn-und-zum-jugendcamp\\\/#breadcrumb\",\"itemListElement\":[{\"@type\":\"ListItem\",\"position\":1,\"name\":\"Kezd\u0151lap\",\"item\":\"https:\\\/\\\/buod.de\\\/\"},{\"@type\":\"ListItem\",\"position\":2,\"name\":\"Papst-Besuch in Ungarn, Einladungen nach Bonn und zum Jugendcamp\"}]},{\"@type\":\"WebSite\",\"@id\":\"https:\\\/\\\/buod.de\\\/#website\",\"url\":\"https:\\\/\\\/buod.de\\\/\",\"name\":\"BUOD\",\"description\":\"Bund Ungarischer Organisationen in Deutschland\",\"publisher\":{\"@id\":\"https:\\\/\\\/buod.de\\\/#organization\"},\"potentialAction\":[{\"@type\":\"SearchAction\",\"target\":{\"@type\":\"EntryPoint\",\"urlTemplate\":\"https:\\\/\\\/buod.de\\\/?s={search_term_string}\"},\"query-input\":{\"@type\":\"PropertyValueSpecification\",\"valueRequired\":true,\"valueName\":\"search_term_string\"}}],\"inLanguage\":\"de-DE\"},{\"@type\":\"Organization\",\"@id\":\"https:\\\/\\\/buod.de\\\/#organization\",\"name\":\"BUOD\",\"url\":\"https:\\\/\\\/buod.de\\\/\",\"logo\":{\"@type\":\"ImageObject\",\"inLanguage\":\"de-DE\",\"@id\":\"https:\\\/\\\/buod.de\\\/#\\\/schema\\\/logo\\\/image\\\/\",\"url\":\"https:\\\/\\\/buod.de\\\/wp-content\\\/uploads\\\/2024\\\/03\\\/BUOD-logo.png\",\"contentUrl\":\"https:\\\/\\\/buod.de\\\/wp-content\\\/uploads\\\/2024\\\/03\\\/BUOD-logo.png\",\"width\":586,\"height\":490,\"caption\":\"BUOD\"},\"image\":{\"@id\":\"https:\\\/\\\/buod.de\\\/#\\\/schema\\\/logo\\\/image\\\/\"},\"sameAs\":[\"https:\\\/\\\/www.facebook.com\\\/profile.php?id=100082185652397\"]},{\"@type\":\"Person\",\"@id\":\"https:\\\/\\\/buod.de\\\/#\\\/schema\\\/person\\\/8332a3e63b017fea8fcd17e9c0f96bf1\",\"name\":\"Gery V\u00e1rkonyi\",\"image\":{\"@type\":\"ImageObject\",\"inLanguage\":\"de-DE\",\"@id\":\"https:\\\/\\\/secure.gravatar.com\\\/avatar\\\/c1babe7dc68f065be4ec606c522172804715398688c78c6fffca3888b364e934?s=96&d=mm&r=g\",\"url\":\"https:\\\/\\\/secure.gravatar.com\\\/avatar\\\/c1babe7dc68f065be4ec606c522172804715398688c78c6fffca3888b364e934?s=96&d=mm&r=g\",\"contentUrl\":\"https:\\\/\\\/secure.gravatar.com\\\/avatar\\\/c1babe7dc68f065be4ec606c522172804715398688c78c6fffca3888b364e934?s=96&d=mm&r=g\",\"caption\":\"Gery V\u00e1rkonyi\"},\"url\":\"https:\\\/\\\/buod.de\\\/de\\\/author\\\/geryvarkonyi\\\/\"}]}<\/script>\n<!-- \/ Yoast SEO plugin. -->","yoast_head_json":{"title":"Papst-Besuch in Ungarn, Einladungen nach Bonn und zum Jugendcamp - BUOD","robots":{"index":"index","follow":"follow","max-snippet":"max-snippet:-1","max-image-preview":"max-image-preview:large","max-video-preview":"max-video-preview:-1"},"canonical":"https:\/\/buod.de\/de\/papst-besuch-in-ungarn-einladungen-nach-bonn-und-zum-jugendcamp\/","og_locale":"de_DE","og_type":"article","og_title":"Papst-Besuch in Ungarn, Einladungen nach Bonn und zum Jugendcamp - BUOD","og_description":"An die Mitglieder und Freunde der Deutsch-Ungarischen Gesellschaft in der Bundesrepublik Deutschland e.V. Sehr geehrte Damen und Herren, vom 28. April an wird Papst Franziskus f\u00fcr drei Tage nach Ungarn kommen!","og_url":"https:\/\/buod.de\/de\/papst-besuch-in-ungarn-einladungen-nach-bonn-und-zum-jugendcamp\/","og_site_name":"BUOD","article_publisher":"https:\/\/www.facebook.com\/profile.php?id=100082185652397","article_published_time":"2023-04-23T13:07:40+00:00","article_modified_time":"2024-04-11T13:33:38+00:00","author":"Gery V\u00e1rkonyi","twitter_card":"summary_large_image","twitter_misc":{"Written by":"Gery V\u00e1rkonyi","Est. reading time":"2 minutes"},"schema":{"@context":"https:\/\/schema.org","@graph":[{"@type":"Article","@id":"https:\/\/buod.de\/papst-besuch-in-ungarn-einladungen-nach-bonn-und-zum-jugendcamp\/#article","isPartOf":{"@id":"https:\/\/buod.de\/papst-besuch-in-ungarn-einladungen-nach-bonn-und-zum-jugendcamp\/"},"author":{"name":"Gery V\u00e1rkonyi","@id":"https:\/\/buod.de\/#\/schema\/person\/8332a3e63b017fea8fcd17e9c0f96bf1"},"headline":"Papst-Besuch in Ungarn, Einladungen nach Bonn und zum Jugendcamp","datePublished":"2023-04-23T13:07:40+00:00","dateModified":"2024-04-11T13:33:38+00:00","mainEntityOfPage":{"@id":"https:\/\/buod.de\/papst-besuch-in-ungarn-einladungen-nach-bonn-und-zum-jugendcamp\/"},"wordCount":352,"commentCount":0,"publisher":{"@id":"https:\/\/buod.de\/#organization"},"keywords":["2023"],"articleSection":["H\u00edrek"],"inLanguage":"de-DE","potentialAction":[{"@type":"CommentAction","name":"Comment","target":["https:\/\/buod.de\/papst-besuch-in-ungarn-einladungen-nach-bonn-und-zum-jugendcamp\/#respond"]}]},{"@type":"WebPage","@id":"https:\/\/buod.de\/papst-besuch-in-ungarn-einladungen-nach-bonn-und-zum-jugendcamp\/","url":"https:\/\/buod.de\/papst-besuch-in-ungarn-einladungen-nach-bonn-und-zum-jugendcamp\/","name":"Papst-Besuch in Ungarn, Einladungen nach Bonn und zum Jugendcamp - BUOD","isPartOf":{"@id":"https:\/\/buod.de\/#website"},"datePublished":"2023-04-23T13:07:40+00:00","dateModified":"2024-04-11T13:33:38+00:00","breadcrumb":{"@id":"https:\/\/buod.de\/papst-besuch-in-ungarn-einladungen-nach-bonn-und-zum-jugendcamp\/#breadcrumb"},"inLanguage":"de-DE","potentialAction":[{"@type":"ReadAction","target":["https:\/\/buod.de\/papst-besuch-in-ungarn-einladungen-nach-bonn-und-zum-jugendcamp\/"]}]},{"@type":"BreadcrumbList","@id":"https:\/\/buod.de\/papst-besuch-in-ungarn-einladungen-nach-bonn-und-zum-jugendcamp\/#breadcrumb","itemListElement":[{"@type":"ListItem","position":1,"name":"Kezd\u0151lap","item":"https:\/\/buod.de\/"},{"@type":"ListItem","position":2,"name":"Papst-Besuch in Ungarn, Einladungen nach Bonn und zum Jugendcamp"}]},{"@type":"WebSite","@id":"https:\/\/buod.de\/#website","url":"https:\/\/buod.de\/","name":"BUOD","description":"Bund Ungarischer Organisationen in Deutschland","publisher":{"@id":"https:\/\/buod.de\/#organization"},"potentialAction":[{"@type":"SearchAction","target":{"@type":"EntryPoint","urlTemplate":"https:\/\/buod.de\/?s={search_term_string}"},"query-input":{"@type":"PropertyValueSpecification","valueRequired":true,"valueName":"search_term_string"}}],"inLanguage":"de-DE"},{"@type":"Organization","@id":"https:\/\/buod.de\/#organization","name":"BUOD","url":"https:\/\/buod.de\/","logo":{"@type":"ImageObject","inLanguage":"de-DE","@id":"https:\/\/buod.de\/#\/schema\/logo\/image\/","url":"https:\/\/buod.de\/wp-content\/uploads\/2024\/03\/BUOD-logo.png","contentUrl":"https:\/\/buod.de\/wp-content\/uploads\/2024\/03\/BUOD-logo.png","width":586,"height":490,"caption":"BUOD"},"image":{"@id":"https:\/\/buod.de\/#\/schema\/logo\/image\/"},"sameAs":["https:\/\/www.facebook.com\/profile.php?id=100082185652397"]},{"@type":"Person","@id":"https:\/\/buod.de\/#\/schema\/person\/8332a3e63b017fea8fcd17e9c0f96bf1","name":"Gery V\u00e1rkonyi","image":{"@type":"ImageObject","inLanguage":"de-DE","@id":"https:\/\/secure.gravatar.com\/avatar\/c1babe7dc68f065be4ec606c522172804715398688c78c6fffca3888b364e934?s=96&d=mm&r=g","url":"https:\/\/secure.gravatar.com\/avatar\/c1babe7dc68f065be4ec606c522172804715398688c78c6fffca3888b364e934?s=96&d=mm&r=g","contentUrl":"https:\/\/secure.gravatar.com\/avatar\/c1babe7dc68f065be4ec606c522172804715398688c78c6fffca3888b364e934?s=96&d=mm&r=g","caption":"Gery V\u00e1rkonyi"},"url":"https:\/\/buod.de\/de\/author\/geryvarkonyi\/"}]}},"_links":{"self":[{"href":"https:\/\/buod.de\/de\/wp-json\/wp\/v2\/posts\/1766","targetHints":{"allow":["GET"]}}],"collection":[{"href":"https:\/\/buod.de\/de\/wp-json\/wp\/v2\/posts"}],"about":[{"href":"https:\/\/buod.de\/de\/wp-json\/wp\/v2\/types\/post"}],"author":[{"embeddable":true,"href":"https:\/\/buod.de\/de\/wp-json\/wp\/v2\/users\/4"}],"replies":[{"embeddable":true,"href":"https:\/\/buod.de\/de\/wp-json\/wp\/v2\/comments?post=1766"}],"version-history":[{"count":1,"href":"https:\/\/buod.de\/de\/wp-json\/wp\/v2\/posts\/1766\/revisions"}],"predecessor-version":[{"id":2347,"href":"https:\/\/buod.de\/de\/wp-json\/wp\/v2\/posts\/1766\/revisions\/2347"}],"wp:attachment":[{"href":"https:\/\/buod.de\/de\/wp-json\/wp\/v2\/media?parent=1766"}],"wp:term":[{"taxonomy":"category","embeddable":true,"href":"https:\/\/buod.de\/de\/wp-json\/wp\/v2\/categories?post=1766"},{"taxonomy":"post_tag","embeddable":true,"href":"https:\/\/buod.de\/de\/wp-json\/wp\/v2\/tags?post=1766"}],"curies":[{"name":"wp","href":"https:\/\/api.w.org\/{rel}","templated":true}]}}