{"id":1797,"date":"2023-07-02T13:11:20","date_gmt":"2023-07-02T13:11:20","guid":{"rendered":"https:\/\/dev.buod.de\/ungarn-und-der-asylkompromiss-einladung-nach-munchen\/"},"modified":"2024-04-11T13:33:37","modified_gmt":"2024-04-11T13:33:37","slug":"ungarn-und-der-asylkompromiss-einladung-nach-munchen","status":"publish","type":"post","link":"https:\/\/buod.de\/de\/ungarn-und-der-asylkompromiss-einladung-nach-munchen\/","title":{"rendered":"Ungarn und der &#8222;Asylkompromiss&#8221;, Einladung nach M\u00fcnchen"},"content":{"rendered":"<p>An die Mitglieder und Freunde der<\/p>\n<p>Deutsch-Ungarischen Gesellschaft in der Bundesrepublik Deutschland e.V.<\/p>\n<p>Sehr geehrte Damen und Herren,<\/p>\n<p>auf dem am Freitag beendeten EU-Gipfel haben sich Ungarn und Polen dem sogenannten &#8222;Asylkompromiss&#8221; verweigert. Beide L\u00e4nder wollen nicht hinnehmen, dass sie k\u00fcnftig verpflichtet werden, Migranten aufzunehmen und andernfalls Strafzahlungen leisten m\u00fcssen.<\/p>\n<p><!--more--><\/p>\n<p>Jetzt liegt das weitere Verfahren erst einmal im EU-Parlament. Aber diese Auseinandersetzung wird weitergehen.<\/p>\n<p>Dabei zeigen die <span class=\"css-901oao\">Bilder brennender St\u00e4dte und die emp\u00f6rende Sch\u00e4ndung j\u00fcdischer Gedenkst\u00e4tten in Frankreich derzeit doch \u00fcberdeutlich, was passiert, wenn man die Kultur und die Grenzen des eigenen Landes nicht verteidigt, sondern preisgibt. Europa sollte den Ungarn dankbar sein, dass sie sich seit vielen Jahren so beharrlich gegen eine unkontrollierte Massenzuwanderung zur Wehr setzen!&nbsp;<\/span><\/p>\n<p><span class=\"css-901oao\">Ich hatte am Freitag Gelegenheit, in einem knapp zehnmin\u00fctigen Interview im &#8222;WELT Fernsehen&#8221; die Haltung von Polen und Ungarn zu erl\u00e4utern und den \u00fcblichen Vorw\u00fcrfen an die Adresse Ungarns etwas entgegenzusetzen. Falls es Sie interessiert, so finden Sie den Video-Mitschnitt auf unserer Homepage (<a href=\"http:\/\/www.dug-dach.de\">www.dug-dach.de<\/a>) oder direkt unter folgendem Link: <a href=\"https:\/\/www.dug-dach.de\/.cm4all\/uproc.php\/0\/Startseite\/.Mitschnitt%20WELT%20Nachrichten%2030-06-2023%20Schalte%20Gerhard%20Papke.mp4\/video.mp4?_=18910c06052\"><\/a><a href=\"https:\/\/www.dug-dach.de\/.cm4all\/uproc.php\/0\/Startseite\/.Mitschnitt%20WELT%20Nachrichten%2030-06-2023%20Schalte%20Gerhard%20Papke.mp4\/video.mp4?_=18910c06052\">https:\/\/www.dug-dach.de\/.cm4all\/uproc.php\/0\/Startseite\/.Mitschnitt%20WELT%20Nachrichten%2030-06-2023%20Schalte%20Gerhard%20Papke.mp4\/video.mp4?_=18910c06052<\/a>.<\/span><\/p>\n<p>Und noch ein Veranstaltungshinweis: Am Donnerstag, 20. Juli, 20.00 Uhr, werde ich auf Einladung des Bayerisch-Ungarischen Forums in M\u00fcnchen \u00fcber &#8222;Ungarn, Deutschland und Europa&#8221; sprechen. Ort: Hofbr\u00e4uhaus, Platzl 9, 80331 M\u00fcnchen, M\u00fcnchner Zimmer. Auch DUG-Mitglieder und Freunde sind herzlich dazu eingeladen. Anmeldungen bitte bis zum 15. Juli, am besten \u00fcber uns an <a href=\"mailto:kontakt@dug-dach.de\"><\/a><a href=\"mailto:kontakt@dug-dach.de\">kontakt@dug-dach.de<\/a>. Wir leiten Ihre Anmeldungen dann an den Veranstalter weiter.<\/p>\n<p>Ihnen noch einen sch\u00f6nen Sonntag und dann einen guten Start in die neue Woche!<\/p>\n<p>Herzliche Gr\u00fc\u00dfe<\/p>\n<p>Ihr<\/p>\n<p>Gerhard Papke<\/p>\n<p><strong>Dr. Gerhard Papke<\/strong><\/p>\n<p>Landtagsvizepr\u00e4sident NRW a.D.<\/p>\n<p>Pr\u00e4sident der Deutsch-Ungarischen Gesellschaft<\/p>\n<p>in der Bundesrepublik Deutschland e.V.<\/p>","protected":false},"excerpt":{"rendered":"<p>An die Mitglieder und Freunde der Deutsch-Ungarischen Gesellschaft in der Bundesrepublik Deutschland e.V. Sehr geehrte Damen und Herren, auf dem am Freitag beendeten EU-Gipfel haben sich Ungarn und Polen dem sogenannten &#8222;Asylkompromiss&#8221; verweigert. Beide L\u00e4nder wollen nicht hinnehmen, dass sie k\u00fcnftig verpflichtet werden, Migranten aufzunehmen und andernfalls Strafzahlungen leisten m\u00fcssen.<\/p>","protected":false},"author":4,"featured_media":0,"comment_status":"open","ping_status":"open","sticky":false,"template":"","format":"standard","meta":{"footnotes":""},"categories":[17],"tags":[21],"class_list":["post-1797","post","type-post","status-publish","format-standard","hentry","category-hirek","tag-21"],"yoast_head":"<!-- This site is optimized with the Yoast SEO plugin v27.5 - https:\/\/yoast.com\/product\/yoast-seo-wordpress\/ -->\n<title>Ungarn und der &quot;Asylkompromiss&quot;, Einladung nach M\u00fcnchen - BUOD<\/title>\n<meta name=\"robots\" content=\"index, follow, max-snippet:-1, max-image-preview:large, max-video-preview:-1\" \/>\n<link rel=\"canonical\" href=\"https:\/\/buod.de\/de\/ungarn-und-der-asylkompromiss-einladung-nach-munchen\/\" \/>\n<meta property=\"og:locale\" content=\"de_DE\" \/>\n<meta property=\"og:type\" content=\"article\" \/>\n<meta property=\"og:title\" content=\"Ungarn und der &quot;Asylkompromiss&quot;, Einladung nach M\u00fcnchen - BUOD\" \/>\n<meta property=\"og:description\" content=\"An die Mitglieder und Freunde der Deutsch-Ungarischen Gesellschaft in der Bundesrepublik Deutschland e.V. Sehr geehrte Damen und Herren, auf dem am Freitag beendeten EU-Gipfel haben sich Ungarn und Polen dem sogenannten &#8222;Asylkompromiss&#8221; verweigert. Beide L\u00e4nder wollen nicht hinnehmen, dass sie k\u00fcnftig verpflichtet werden, Migranten aufzunehmen und andernfalls Strafzahlungen leisten m\u00fcssen.\" \/>\n<meta property=\"og:url\" content=\"https:\/\/buod.de\/de\/ungarn-und-der-asylkompromiss-einladung-nach-munchen\/\" \/>\n<meta property=\"og:site_name\" content=\"BUOD\" \/>\n<meta property=\"article:publisher\" content=\"https:\/\/www.facebook.com\/profile.php?id=100082185652397\" \/>\n<meta property=\"article:published_time\" content=\"2023-07-02T13:11:20+00:00\" \/>\n<meta property=\"article:modified_time\" content=\"2024-04-11T13:33:37+00:00\" \/>\n<meta name=\"author\" content=\"Gery V\u00e1rkonyi\" \/>\n<meta name=\"twitter:card\" content=\"summary_large_image\" \/>\n<meta name=\"twitter:label1\" content=\"Written by\" \/>\n\t<meta name=\"twitter:data1\" content=\"Gery V\u00e1rkonyi\" \/>\n\t<meta name=\"twitter:label2\" content=\"Est. reading time\" \/>\n\t<meta name=\"twitter:data2\" content=\"2 minutes\" \/>\n<script type=\"application\/ld+json\" class=\"yoast-schema-graph\">{\"@context\":\"https:\\\/\\\/schema.org\",\"@graph\":[{\"@type\":\"Article\",\"@id\":\"https:\\\/\\\/buod.de\\\/ungarn-und-der-asylkompromiss-einladung-nach-munchen\\\/#article\",\"isPartOf\":{\"@id\":\"https:\\\/\\\/buod.de\\\/ungarn-und-der-asylkompromiss-einladung-nach-munchen\\\/\"},\"author\":{\"name\":\"Gery V\u00e1rkonyi\",\"@id\":\"https:\\\/\\\/buod.de\\\/#\\\/schema\\\/person\\\/8332a3e63b017fea8fcd17e9c0f96bf1\"},\"headline\":\"Ungarn und der &#8222;Asylkompromiss&#8221;, Einladung nach M\u00fcnchen\",\"datePublished\":\"2023-07-02T13:11:20+00:00\",\"dateModified\":\"2024-04-11T13:33:37+00:00\",\"mainEntityOfPage\":{\"@id\":\"https:\\\/\\\/buod.de\\\/ungarn-und-der-asylkompromiss-einladung-nach-munchen\\\/\"},\"wordCount\":314,\"commentCount\":0,\"publisher\":{\"@id\":\"https:\\\/\\\/buod.de\\\/#organization\"},\"keywords\":[\"2023\"],\"articleSection\":[\"H\u00edrek\"],\"inLanguage\":\"de-DE\",\"potentialAction\":[{\"@type\":\"CommentAction\",\"name\":\"Comment\",\"target\":[\"https:\\\/\\\/buod.de\\\/ungarn-und-der-asylkompromiss-einladung-nach-munchen\\\/#respond\"]}]},{\"@type\":\"WebPage\",\"@id\":\"https:\\\/\\\/buod.de\\\/ungarn-und-der-asylkompromiss-einladung-nach-munchen\\\/\",\"url\":\"https:\\\/\\\/buod.de\\\/ungarn-und-der-asylkompromiss-einladung-nach-munchen\\\/\",\"name\":\"Ungarn und der \\\"Asylkompromiss\\\", Einladung nach M\u00fcnchen - BUOD\",\"isPartOf\":{\"@id\":\"https:\\\/\\\/buod.de\\\/#website\"},\"datePublished\":\"2023-07-02T13:11:20+00:00\",\"dateModified\":\"2024-04-11T13:33:37+00:00\",\"breadcrumb\":{\"@id\":\"https:\\\/\\\/buod.de\\\/ungarn-und-der-asylkompromiss-einladung-nach-munchen\\\/#breadcrumb\"},\"inLanguage\":\"de-DE\",\"potentialAction\":[{\"@type\":\"ReadAction\",\"target\":[\"https:\\\/\\\/buod.de\\\/ungarn-und-der-asylkompromiss-einladung-nach-munchen\\\/\"]}]},{\"@type\":\"BreadcrumbList\",\"@id\":\"https:\\\/\\\/buod.de\\\/ungarn-und-der-asylkompromiss-einladung-nach-munchen\\\/#breadcrumb\",\"itemListElement\":[{\"@type\":\"ListItem\",\"position\":1,\"name\":\"Kezd\u0151lap\",\"item\":\"https:\\\/\\\/buod.de\\\/\"},{\"@type\":\"ListItem\",\"position\":2,\"name\":\"Ungarn und der &#8222;Asylkompromiss&#8221;, Einladung nach M\u00fcnchen\"}]},{\"@type\":\"WebSite\",\"@id\":\"https:\\\/\\\/buod.de\\\/#website\",\"url\":\"https:\\\/\\\/buod.de\\\/\",\"name\":\"BUOD\",\"description\":\"Bund Ungarischer Organisationen in Deutschland\",\"publisher\":{\"@id\":\"https:\\\/\\\/buod.de\\\/#organization\"},\"potentialAction\":[{\"@type\":\"SearchAction\",\"target\":{\"@type\":\"EntryPoint\",\"urlTemplate\":\"https:\\\/\\\/buod.de\\\/?s={search_term_string}\"},\"query-input\":{\"@type\":\"PropertyValueSpecification\",\"valueRequired\":true,\"valueName\":\"search_term_string\"}}],\"inLanguage\":\"de-DE\"},{\"@type\":\"Organization\",\"@id\":\"https:\\\/\\\/buod.de\\\/#organization\",\"name\":\"BUOD\",\"url\":\"https:\\\/\\\/buod.de\\\/\",\"logo\":{\"@type\":\"ImageObject\",\"inLanguage\":\"de-DE\",\"@id\":\"https:\\\/\\\/buod.de\\\/#\\\/schema\\\/logo\\\/image\\\/\",\"url\":\"https:\\\/\\\/buod.de\\\/wp-content\\\/uploads\\\/2024\\\/03\\\/BUOD-logo.png\",\"contentUrl\":\"https:\\\/\\\/buod.de\\\/wp-content\\\/uploads\\\/2024\\\/03\\\/BUOD-logo.png\",\"width\":586,\"height\":490,\"caption\":\"BUOD\"},\"image\":{\"@id\":\"https:\\\/\\\/buod.de\\\/#\\\/schema\\\/logo\\\/image\\\/\"},\"sameAs\":[\"https:\\\/\\\/www.facebook.com\\\/profile.php?id=100082185652397\"]},{\"@type\":\"Person\",\"@id\":\"https:\\\/\\\/buod.de\\\/#\\\/schema\\\/person\\\/8332a3e63b017fea8fcd17e9c0f96bf1\",\"name\":\"Gery V\u00e1rkonyi\",\"image\":{\"@type\":\"ImageObject\",\"inLanguage\":\"de-DE\",\"@id\":\"https:\\\/\\\/secure.gravatar.com\\\/avatar\\\/c1babe7dc68f065be4ec606c522172804715398688c78c6fffca3888b364e934?s=96&d=mm&r=g\",\"url\":\"https:\\\/\\\/secure.gravatar.com\\\/avatar\\\/c1babe7dc68f065be4ec606c522172804715398688c78c6fffca3888b364e934?s=96&d=mm&r=g\",\"contentUrl\":\"https:\\\/\\\/secure.gravatar.com\\\/avatar\\\/c1babe7dc68f065be4ec606c522172804715398688c78c6fffca3888b364e934?s=96&d=mm&r=g\",\"caption\":\"Gery V\u00e1rkonyi\"},\"url\":\"https:\\\/\\\/buod.de\\\/de\\\/author\\\/geryvarkonyi\\\/\"}]}<\/script>\n<!-- \/ Yoast SEO plugin. -->","yoast_head_json":{"title":"Ungarn und der \"Asylkompromiss\", Einladung nach M\u00fcnchen - BUOD","robots":{"index":"index","follow":"follow","max-snippet":"max-snippet:-1","max-image-preview":"max-image-preview:large","max-video-preview":"max-video-preview:-1"},"canonical":"https:\/\/buod.de\/de\/ungarn-und-der-asylkompromiss-einladung-nach-munchen\/","og_locale":"de_DE","og_type":"article","og_title":"Ungarn und der \"Asylkompromiss\", Einladung nach M\u00fcnchen - BUOD","og_description":"An die Mitglieder und Freunde der Deutsch-Ungarischen Gesellschaft in der Bundesrepublik Deutschland e.V. Sehr geehrte Damen und Herren, auf dem am Freitag beendeten EU-Gipfel haben sich Ungarn und Polen dem sogenannten &#8222;Asylkompromiss&#8221; verweigert. Beide L\u00e4nder wollen nicht hinnehmen, dass sie k\u00fcnftig verpflichtet werden, Migranten aufzunehmen und andernfalls Strafzahlungen leisten m\u00fcssen.","og_url":"https:\/\/buod.de\/de\/ungarn-und-der-asylkompromiss-einladung-nach-munchen\/","og_site_name":"BUOD","article_publisher":"https:\/\/www.facebook.com\/profile.php?id=100082185652397","article_published_time":"2023-07-02T13:11:20+00:00","article_modified_time":"2024-04-11T13:33:37+00:00","author":"Gery V\u00e1rkonyi","twitter_card":"summary_large_image","twitter_misc":{"Written by":"Gery V\u00e1rkonyi","Est. reading time":"2 minutes"},"schema":{"@context":"https:\/\/schema.org","@graph":[{"@type":"Article","@id":"https:\/\/buod.de\/ungarn-und-der-asylkompromiss-einladung-nach-munchen\/#article","isPartOf":{"@id":"https:\/\/buod.de\/ungarn-und-der-asylkompromiss-einladung-nach-munchen\/"},"author":{"name":"Gery V\u00e1rkonyi","@id":"https:\/\/buod.de\/#\/schema\/person\/8332a3e63b017fea8fcd17e9c0f96bf1"},"headline":"Ungarn und der &#8222;Asylkompromiss&#8221;, Einladung nach M\u00fcnchen","datePublished":"2023-07-02T13:11:20+00:00","dateModified":"2024-04-11T13:33:37+00:00","mainEntityOfPage":{"@id":"https:\/\/buod.de\/ungarn-und-der-asylkompromiss-einladung-nach-munchen\/"},"wordCount":314,"commentCount":0,"publisher":{"@id":"https:\/\/buod.de\/#organization"},"keywords":["2023"],"articleSection":["H\u00edrek"],"inLanguage":"de-DE","potentialAction":[{"@type":"CommentAction","name":"Comment","target":["https:\/\/buod.de\/ungarn-und-der-asylkompromiss-einladung-nach-munchen\/#respond"]}]},{"@type":"WebPage","@id":"https:\/\/buod.de\/ungarn-und-der-asylkompromiss-einladung-nach-munchen\/","url":"https:\/\/buod.de\/ungarn-und-der-asylkompromiss-einladung-nach-munchen\/","name":"Ungarn und der \"Asylkompromiss\", Einladung nach M\u00fcnchen - BUOD","isPartOf":{"@id":"https:\/\/buod.de\/#website"},"datePublished":"2023-07-02T13:11:20+00:00","dateModified":"2024-04-11T13:33:37+00:00","breadcrumb":{"@id":"https:\/\/buod.de\/ungarn-und-der-asylkompromiss-einladung-nach-munchen\/#breadcrumb"},"inLanguage":"de-DE","potentialAction":[{"@type":"ReadAction","target":["https:\/\/buod.de\/ungarn-und-der-asylkompromiss-einladung-nach-munchen\/"]}]},{"@type":"BreadcrumbList","@id":"https:\/\/buod.de\/ungarn-und-der-asylkompromiss-einladung-nach-munchen\/#breadcrumb","itemListElement":[{"@type":"ListItem","position":1,"name":"Kezd\u0151lap","item":"https:\/\/buod.de\/"},{"@type":"ListItem","position":2,"name":"Ungarn und der &#8222;Asylkompromiss&#8221;, Einladung nach M\u00fcnchen"}]},{"@type":"WebSite","@id":"https:\/\/buod.de\/#website","url":"https:\/\/buod.de\/","name":"BUOD","description":"Bund Ungarischer Organisationen in Deutschland","publisher":{"@id":"https:\/\/buod.de\/#organization"},"potentialAction":[{"@type":"SearchAction","target":{"@type":"EntryPoint","urlTemplate":"https:\/\/buod.de\/?s={search_term_string}"},"query-input":{"@type":"PropertyValueSpecification","valueRequired":true,"valueName":"search_term_string"}}],"inLanguage":"de-DE"},{"@type":"Organization","@id":"https:\/\/buod.de\/#organization","name":"BUOD","url":"https:\/\/buod.de\/","logo":{"@type":"ImageObject","inLanguage":"de-DE","@id":"https:\/\/buod.de\/#\/schema\/logo\/image\/","url":"https:\/\/buod.de\/wp-content\/uploads\/2024\/03\/BUOD-logo.png","contentUrl":"https:\/\/buod.de\/wp-content\/uploads\/2024\/03\/BUOD-logo.png","width":586,"height":490,"caption":"BUOD"},"image":{"@id":"https:\/\/buod.de\/#\/schema\/logo\/image\/"},"sameAs":["https:\/\/www.facebook.com\/profile.php?id=100082185652397"]},{"@type":"Person","@id":"https:\/\/buod.de\/#\/schema\/person\/8332a3e63b017fea8fcd17e9c0f96bf1","name":"Gery V\u00e1rkonyi","image":{"@type":"ImageObject","inLanguage":"de-DE","@id":"https:\/\/secure.gravatar.com\/avatar\/c1babe7dc68f065be4ec606c522172804715398688c78c6fffca3888b364e934?s=96&d=mm&r=g","url":"https:\/\/secure.gravatar.com\/avatar\/c1babe7dc68f065be4ec606c522172804715398688c78c6fffca3888b364e934?s=96&d=mm&r=g","contentUrl":"https:\/\/secure.gravatar.com\/avatar\/c1babe7dc68f065be4ec606c522172804715398688c78c6fffca3888b364e934?s=96&d=mm&r=g","caption":"Gery V\u00e1rkonyi"},"url":"https:\/\/buod.de\/de\/author\/geryvarkonyi\/"}]}},"_links":{"self":[{"href":"https:\/\/buod.de\/de\/wp-json\/wp\/v2\/posts\/1797","targetHints":{"allow":["GET"]}}],"collection":[{"href":"https:\/\/buod.de\/de\/wp-json\/wp\/v2\/posts"}],"about":[{"href":"https:\/\/buod.de\/de\/wp-json\/wp\/v2\/types\/post"}],"author":[{"embeddable":true,"href":"https:\/\/buod.de\/de\/wp-json\/wp\/v2\/users\/4"}],"replies":[{"embeddable":true,"href":"https:\/\/buod.de\/de\/wp-json\/wp\/v2\/comments?post=1797"}],"version-history":[{"count":1,"href":"https:\/\/buod.de\/de\/wp-json\/wp\/v2\/posts\/1797\/revisions"}],"predecessor-version":[{"id":2328,"href":"https:\/\/buod.de\/de\/wp-json\/wp\/v2\/posts\/1797\/revisions\/2328"}],"wp:attachment":[{"href":"https:\/\/buod.de\/de\/wp-json\/wp\/v2\/media?parent=1797"}],"wp:term":[{"taxonomy":"category","embeddable":true,"href":"https:\/\/buod.de\/de\/wp-json\/wp\/v2\/categories?post=1797"},{"taxonomy":"post_tag","embeddable":true,"href":"https:\/\/buod.de\/de\/wp-json\/wp\/v2\/tags?post=1797"}],"curies":[{"name":"wp","href":"https:\/\/api.w.org\/{rel}","templated":true}]}}