{"id":1798,"date":"2023-07-18T13:14:38","date_gmt":"2023-07-18T13:14:38","guid":{"rendered":"https:\/\/dev.buod.de\/was-denken-die-ungarn-einladung-zum-online-gesprach\/"},"modified":"2024-04-11T13:33:37","modified_gmt":"2024-04-11T13:33:37","slug":"was-denken-die-ungarn-einladung-zum-online-gesprach","status":"publish","type":"post","link":"https:\/\/buod.de\/de\/was-denken-die-ungarn-einladung-zum-online-gesprach\/","title":{"rendered":"&#8222;Was denken die Ungarn?&#8221;, Einladung zum Online-Gespr\u00e4ch"},"content":{"rendered":"<p>An die Mitglieder und Freunde der<\/p>\n<p>Deutsch-Ungarischen Gesellschaft in der Bundesrepublik Deutschland e.V.<\/p>\n<p>Sehr geehrte Damen und Herren,<\/p>\n<p>die SPD-Politikerin Barley hat in einem Zeitungsinterview deutsche Firmen aufgerufen, nicht mehr in Ungarn zu investieren:<\/p>\n<p><!--more--><\/p>\n<p>Eine weitere schlimme Entgleisung im Umgang mit einem befreundeten Land der Europ\u00e4ischen Union, die ich im Kurznachrichtendienst &#8222;Twitter&#8221; mit klaren Worten zur\u00fcckgewiesen habe. Offenbar verlieren manche deutsche EU-Abgeordnete inzwischen jedes Gef\u00fchl f\u00fcr politischen Anstand.<\/p>\n<p>Aber schauen wir positiv nach vorne: Anbei finden Sie, in der gemeinsamen Veranstaltungsreihe &#8222;Deutschland und Ungarn im Gespr\u00e4ch&#8221; von DUG und MCC, die Einladung zu einem Online-Vortrag von Dr. \u00c1goston Mr\u00e1z, einem der f\u00fchrenden ungarischen Demoskopen. Er ist Direktor des N\u00e9z\u0151pont-Meinungsforschungsinstituts und wird \u00fcber das Thema &#8222;Was denken die Ungarn? Wirtschaft, Familie, Migration&#8221; sprechen und mit uns diskutieren.<\/p>\n<p>Wann? Am Montag, dem 7. August 2023, um 16.00 Uhr. Bitte melden Sie sich bei Interesse direkt \u00fcber den Link in der angeh\u00e4ngten Einladung zu der Veranstaltung an!<\/p>\n<p>Einige von Ihnen werde ich ja bereits \u00fcbermorgen bei meinem Vortrag in M\u00fcnchen treffen. Weitere Einladungen f\u00fcr DUG-Treffen in R\u00e9vf\u00fcl\u00f6p am 9. August und in Bonn am 23. August sind in Vorbereitung und gehen Ihnen in der n\u00e4chsten Woche zu. Bitte merken Sie die Termine bei Interesse schon einmal vor.<\/p>\n<p>Bis bald und herzliche Gr\u00fc\u00dfe<\/p>\n<p>Ihr<\/p>\n<p>Gerhard Papke<\/p>\n<p><strong>Dr. Gerhard Papke<\/strong><\/p>\n<p>Landtagsvizepr\u00e4sident NRW a.D.<\/p>\n<p>Pr\u00e4sident der Deutsch-Ungarischen Gesellschaft<\/p>\n<p>in der Bundesrepublik Deutschland e.V.<\/p>","protected":false},"excerpt":{"rendered":"<p>An die Mitglieder und Freunde der Deutsch-Ungarischen Gesellschaft in der Bundesrepublik Deutschland e.V. Sehr geehrte Damen und Herren, die SPD-Politikerin Barley hat in einem Zeitungsinterview deutsche Firmen aufgerufen, nicht mehr in Ungarn zu investieren:<\/p>","protected":false},"author":4,"featured_media":0,"comment_status":"open","ping_status":"open","sticky":false,"template":"","format":"standard","meta":{"footnotes":""},"categories":[17],"tags":[21],"class_list":["post-1798","post","type-post","status-publish","format-standard","hentry","category-hirek","tag-21"],"yoast_head":"<!-- This site is optimized with the Yoast SEO plugin v27.5 - https:\/\/yoast.com\/product\/yoast-seo-wordpress\/ -->\n<title>&quot;Was denken die Ungarn?&quot;, Einladung zum Online-Gespr\u00e4ch - BUOD<\/title>\n<meta name=\"robots\" content=\"index, follow, max-snippet:-1, max-image-preview:large, max-video-preview:-1\" \/>\n<link rel=\"canonical\" href=\"https:\/\/buod.de\/de\/was-denken-die-ungarn-einladung-zum-online-gesprach\/\" \/>\n<meta property=\"og:locale\" content=\"de_DE\" \/>\n<meta property=\"og:type\" content=\"article\" \/>\n<meta property=\"og:title\" content=\"&quot;Was denken die Ungarn?&quot;, Einladung zum Online-Gespr\u00e4ch - BUOD\" \/>\n<meta property=\"og:description\" content=\"An die Mitglieder und Freunde der Deutsch-Ungarischen Gesellschaft in der Bundesrepublik Deutschland e.V. Sehr geehrte Damen und Herren, die SPD-Politikerin Barley hat in einem Zeitungsinterview deutsche Firmen aufgerufen, nicht mehr in Ungarn zu investieren:\" \/>\n<meta property=\"og:url\" content=\"https:\/\/buod.de\/de\/was-denken-die-ungarn-einladung-zum-online-gesprach\/\" \/>\n<meta property=\"og:site_name\" content=\"BUOD\" \/>\n<meta property=\"article:publisher\" content=\"https:\/\/www.facebook.com\/profile.php?id=100082185652397\" \/>\n<meta property=\"article:published_time\" content=\"2023-07-18T13:14:38+00:00\" \/>\n<meta property=\"article:modified_time\" content=\"2024-04-11T13:33:37+00:00\" \/>\n<meta name=\"author\" content=\"Gery V\u00e1rkonyi\" \/>\n<meta name=\"twitter:card\" content=\"summary_large_image\" \/>\n<meta name=\"twitter:label1\" content=\"Written by\" \/>\n\t<meta name=\"twitter:data1\" content=\"Gery V\u00e1rkonyi\" \/>\n\t<meta name=\"twitter:label2\" content=\"Est. reading time\" \/>\n\t<meta name=\"twitter:data2\" content=\"1 minute\" \/>\n<script type=\"application\/ld+json\" class=\"yoast-schema-graph\">{\"@context\":\"https:\\\/\\\/schema.org\",\"@graph\":[{\"@type\":\"Article\",\"@id\":\"https:\\\/\\\/buod.de\\\/was-denken-die-ungarn-einladung-zum-online-gesprach\\\/#article\",\"isPartOf\":{\"@id\":\"https:\\\/\\\/buod.de\\\/was-denken-die-ungarn-einladung-zum-online-gesprach\\\/\"},\"author\":{\"name\":\"Gery V\u00e1rkonyi\",\"@id\":\"https:\\\/\\\/buod.de\\\/#\\\/schema\\\/person\\\/8332a3e63b017fea8fcd17e9c0f96bf1\"},\"headline\":\"&#8222;Was denken die Ungarn?&#8221;, Einladung zum Online-Gespr\u00e4ch\",\"datePublished\":\"2023-07-18T13:14:38+00:00\",\"dateModified\":\"2024-04-11T13:33:37+00:00\",\"mainEntityOfPage\":{\"@id\":\"https:\\\/\\\/buod.de\\\/was-denken-die-ungarn-einladung-zum-online-gesprach\\\/\"},\"wordCount\":252,\"commentCount\":0,\"publisher\":{\"@id\":\"https:\\\/\\\/buod.de\\\/#organization\"},\"keywords\":[\"2023\"],\"articleSection\":[\"H\u00edrek\"],\"inLanguage\":\"de-DE\",\"potentialAction\":[{\"@type\":\"CommentAction\",\"name\":\"Comment\",\"target\":[\"https:\\\/\\\/buod.de\\\/was-denken-die-ungarn-einladung-zum-online-gesprach\\\/#respond\"]}]},{\"@type\":\"WebPage\",\"@id\":\"https:\\\/\\\/buod.de\\\/was-denken-die-ungarn-einladung-zum-online-gesprach\\\/\",\"url\":\"https:\\\/\\\/buod.de\\\/was-denken-die-ungarn-einladung-zum-online-gesprach\\\/\",\"name\":\"\\\"Was denken die Ungarn?\\\", Einladung zum Online-Gespr\u00e4ch - BUOD\",\"isPartOf\":{\"@id\":\"https:\\\/\\\/buod.de\\\/#website\"},\"datePublished\":\"2023-07-18T13:14:38+00:00\",\"dateModified\":\"2024-04-11T13:33:37+00:00\",\"breadcrumb\":{\"@id\":\"https:\\\/\\\/buod.de\\\/was-denken-die-ungarn-einladung-zum-online-gesprach\\\/#breadcrumb\"},\"inLanguage\":\"de-DE\",\"potentialAction\":[{\"@type\":\"ReadAction\",\"target\":[\"https:\\\/\\\/buod.de\\\/was-denken-die-ungarn-einladung-zum-online-gesprach\\\/\"]}]},{\"@type\":\"BreadcrumbList\",\"@id\":\"https:\\\/\\\/buod.de\\\/was-denken-die-ungarn-einladung-zum-online-gesprach\\\/#breadcrumb\",\"itemListElement\":[{\"@type\":\"ListItem\",\"position\":1,\"name\":\"Kezd\u0151lap\",\"item\":\"https:\\\/\\\/buod.de\\\/\"},{\"@type\":\"ListItem\",\"position\":2,\"name\":\"&#8222;Was denken die Ungarn?&#8221;, Einladung zum Online-Gespr\u00e4ch\"}]},{\"@type\":\"WebSite\",\"@id\":\"https:\\\/\\\/buod.de\\\/#website\",\"url\":\"https:\\\/\\\/buod.de\\\/\",\"name\":\"BUOD\",\"description\":\"Bund Ungarischer Organisationen in Deutschland\",\"publisher\":{\"@id\":\"https:\\\/\\\/buod.de\\\/#organization\"},\"potentialAction\":[{\"@type\":\"SearchAction\",\"target\":{\"@type\":\"EntryPoint\",\"urlTemplate\":\"https:\\\/\\\/buod.de\\\/?s={search_term_string}\"},\"query-input\":{\"@type\":\"PropertyValueSpecification\",\"valueRequired\":true,\"valueName\":\"search_term_string\"}}],\"inLanguage\":\"de-DE\"},{\"@type\":\"Organization\",\"@id\":\"https:\\\/\\\/buod.de\\\/#organization\",\"name\":\"BUOD\",\"url\":\"https:\\\/\\\/buod.de\\\/\",\"logo\":{\"@type\":\"ImageObject\",\"inLanguage\":\"de-DE\",\"@id\":\"https:\\\/\\\/buod.de\\\/#\\\/schema\\\/logo\\\/image\\\/\",\"url\":\"https:\\\/\\\/buod.de\\\/wp-content\\\/uploads\\\/2024\\\/03\\\/BUOD-logo.png\",\"contentUrl\":\"https:\\\/\\\/buod.de\\\/wp-content\\\/uploads\\\/2024\\\/03\\\/BUOD-logo.png\",\"width\":586,\"height\":490,\"caption\":\"BUOD\"},\"image\":{\"@id\":\"https:\\\/\\\/buod.de\\\/#\\\/schema\\\/logo\\\/image\\\/\"},\"sameAs\":[\"https:\\\/\\\/www.facebook.com\\\/profile.php?id=100082185652397\"]},{\"@type\":\"Person\",\"@id\":\"https:\\\/\\\/buod.de\\\/#\\\/schema\\\/person\\\/8332a3e63b017fea8fcd17e9c0f96bf1\",\"name\":\"Gery V\u00e1rkonyi\",\"image\":{\"@type\":\"ImageObject\",\"inLanguage\":\"de-DE\",\"@id\":\"https:\\\/\\\/secure.gravatar.com\\\/avatar\\\/c1babe7dc68f065be4ec606c522172804715398688c78c6fffca3888b364e934?s=96&d=mm&r=g\",\"url\":\"https:\\\/\\\/secure.gravatar.com\\\/avatar\\\/c1babe7dc68f065be4ec606c522172804715398688c78c6fffca3888b364e934?s=96&d=mm&r=g\",\"contentUrl\":\"https:\\\/\\\/secure.gravatar.com\\\/avatar\\\/c1babe7dc68f065be4ec606c522172804715398688c78c6fffca3888b364e934?s=96&d=mm&r=g\",\"caption\":\"Gery V\u00e1rkonyi\"},\"url\":\"https:\\\/\\\/buod.de\\\/de\\\/author\\\/geryvarkonyi\\\/\"}]}<\/script>\n<!-- \/ Yoast SEO plugin. -->","yoast_head_json":{"title":"\"Was denken die Ungarn?\", Einladung zum Online-Gespr\u00e4ch - BUOD","robots":{"index":"index","follow":"follow","max-snippet":"max-snippet:-1","max-image-preview":"max-image-preview:large","max-video-preview":"max-video-preview:-1"},"canonical":"https:\/\/buod.de\/de\/was-denken-die-ungarn-einladung-zum-online-gesprach\/","og_locale":"de_DE","og_type":"article","og_title":"\"Was denken die Ungarn?\", Einladung zum Online-Gespr\u00e4ch - BUOD","og_description":"An die Mitglieder und Freunde der Deutsch-Ungarischen Gesellschaft in der Bundesrepublik Deutschland e.V. Sehr geehrte Damen und Herren, die SPD-Politikerin Barley hat in einem Zeitungsinterview deutsche Firmen aufgerufen, nicht mehr in Ungarn zu investieren:","og_url":"https:\/\/buod.de\/de\/was-denken-die-ungarn-einladung-zum-online-gesprach\/","og_site_name":"BUOD","article_publisher":"https:\/\/www.facebook.com\/profile.php?id=100082185652397","article_published_time":"2023-07-18T13:14:38+00:00","article_modified_time":"2024-04-11T13:33:37+00:00","author":"Gery V\u00e1rkonyi","twitter_card":"summary_large_image","twitter_misc":{"Written by":"Gery V\u00e1rkonyi","Est. reading time":"1 minute"},"schema":{"@context":"https:\/\/schema.org","@graph":[{"@type":"Article","@id":"https:\/\/buod.de\/was-denken-die-ungarn-einladung-zum-online-gesprach\/#article","isPartOf":{"@id":"https:\/\/buod.de\/was-denken-die-ungarn-einladung-zum-online-gesprach\/"},"author":{"name":"Gery V\u00e1rkonyi","@id":"https:\/\/buod.de\/#\/schema\/person\/8332a3e63b017fea8fcd17e9c0f96bf1"},"headline":"&#8222;Was denken die Ungarn?&#8221;, Einladung zum Online-Gespr\u00e4ch","datePublished":"2023-07-18T13:14:38+00:00","dateModified":"2024-04-11T13:33:37+00:00","mainEntityOfPage":{"@id":"https:\/\/buod.de\/was-denken-die-ungarn-einladung-zum-online-gesprach\/"},"wordCount":252,"commentCount":0,"publisher":{"@id":"https:\/\/buod.de\/#organization"},"keywords":["2023"],"articleSection":["H\u00edrek"],"inLanguage":"de-DE","potentialAction":[{"@type":"CommentAction","name":"Comment","target":["https:\/\/buod.de\/was-denken-die-ungarn-einladung-zum-online-gesprach\/#respond"]}]},{"@type":"WebPage","@id":"https:\/\/buod.de\/was-denken-die-ungarn-einladung-zum-online-gesprach\/","url":"https:\/\/buod.de\/was-denken-die-ungarn-einladung-zum-online-gesprach\/","name":"\"Was denken die Ungarn?\", Einladung zum Online-Gespr\u00e4ch - BUOD","isPartOf":{"@id":"https:\/\/buod.de\/#website"},"datePublished":"2023-07-18T13:14:38+00:00","dateModified":"2024-04-11T13:33:37+00:00","breadcrumb":{"@id":"https:\/\/buod.de\/was-denken-die-ungarn-einladung-zum-online-gesprach\/#breadcrumb"},"inLanguage":"de-DE","potentialAction":[{"@type":"ReadAction","target":["https:\/\/buod.de\/was-denken-die-ungarn-einladung-zum-online-gesprach\/"]}]},{"@type":"BreadcrumbList","@id":"https:\/\/buod.de\/was-denken-die-ungarn-einladung-zum-online-gesprach\/#breadcrumb","itemListElement":[{"@type":"ListItem","position":1,"name":"Kezd\u0151lap","item":"https:\/\/buod.de\/"},{"@type":"ListItem","position":2,"name":"&#8222;Was denken die Ungarn?&#8221;, Einladung zum Online-Gespr\u00e4ch"}]},{"@type":"WebSite","@id":"https:\/\/buod.de\/#website","url":"https:\/\/buod.de\/","name":"BUOD","description":"Bund Ungarischer Organisationen in Deutschland","publisher":{"@id":"https:\/\/buod.de\/#organization"},"potentialAction":[{"@type":"SearchAction","target":{"@type":"EntryPoint","urlTemplate":"https:\/\/buod.de\/?s={search_term_string}"},"query-input":{"@type":"PropertyValueSpecification","valueRequired":true,"valueName":"search_term_string"}}],"inLanguage":"de-DE"},{"@type":"Organization","@id":"https:\/\/buod.de\/#organization","name":"BUOD","url":"https:\/\/buod.de\/","logo":{"@type":"ImageObject","inLanguage":"de-DE","@id":"https:\/\/buod.de\/#\/schema\/logo\/image\/","url":"https:\/\/buod.de\/wp-content\/uploads\/2024\/03\/BUOD-logo.png","contentUrl":"https:\/\/buod.de\/wp-content\/uploads\/2024\/03\/BUOD-logo.png","width":586,"height":490,"caption":"BUOD"},"image":{"@id":"https:\/\/buod.de\/#\/schema\/logo\/image\/"},"sameAs":["https:\/\/www.facebook.com\/profile.php?id=100082185652397"]},{"@type":"Person","@id":"https:\/\/buod.de\/#\/schema\/person\/8332a3e63b017fea8fcd17e9c0f96bf1","name":"Gery V\u00e1rkonyi","image":{"@type":"ImageObject","inLanguage":"de-DE","@id":"https:\/\/secure.gravatar.com\/avatar\/c1babe7dc68f065be4ec606c522172804715398688c78c6fffca3888b364e934?s=96&d=mm&r=g","url":"https:\/\/secure.gravatar.com\/avatar\/c1babe7dc68f065be4ec606c522172804715398688c78c6fffca3888b364e934?s=96&d=mm&r=g","contentUrl":"https:\/\/secure.gravatar.com\/avatar\/c1babe7dc68f065be4ec606c522172804715398688c78c6fffca3888b364e934?s=96&d=mm&r=g","caption":"Gery V\u00e1rkonyi"},"url":"https:\/\/buod.de\/de\/author\/geryvarkonyi\/"}]}},"_links":{"self":[{"href":"https:\/\/buod.de\/de\/wp-json\/wp\/v2\/posts\/1798","targetHints":{"allow":["GET"]}}],"collection":[{"href":"https:\/\/buod.de\/de\/wp-json\/wp\/v2\/posts"}],"about":[{"href":"https:\/\/buod.de\/de\/wp-json\/wp\/v2\/types\/post"}],"author":[{"embeddable":true,"href":"https:\/\/buod.de\/de\/wp-json\/wp\/v2\/users\/4"}],"replies":[{"embeddable":true,"href":"https:\/\/buod.de\/de\/wp-json\/wp\/v2\/comments?post=1798"}],"version-history":[{"count":1,"href":"https:\/\/buod.de\/de\/wp-json\/wp\/v2\/posts\/1798\/revisions"}],"predecessor-version":[{"id":2327,"href":"https:\/\/buod.de\/de\/wp-json\/wp\/v2\/posts\/1798\/revisions\/2327"}],"wp:attachment":[{"href":"https:\/\/buod.de\/de\/wp-json\/wp\/v2\/media?parent=1798"}],"wp:term":[{"taxonomy":"category","embeddable":true,"href":"https:\/\/buod.de\/de\/wp-json\/wp\/v2\/categories?post=1798"},{"taxonomy":"post_tag","embeddable":true,"href":"https:\/\/buod.de\/de\/wp-json\/wp\/v2\/tags?post=1798"}],"curies":[{"name":"wp","href":"https:\/\/api.w.org\/{rel}","templated":true}]}}