{"id":1799,"date":"2023-07-19T13:16:09","date_gmt":"2023-07-19T13:16:09","guid":{"rendered":"https:\/\/dev.buod.de\/nemet-magyar-esemenyek-1-tortenelmi-landolas-2-stuttgart-21-a-vasuti-oriasprojekt-3-a-budavari-palotanegyed-turisztikai-kapuja\/"},"modified":"2024-04-11T13:33:36","modified_gmt":"2024-04-11T13:33:36","slug":"nemet-magyar-esemenyek-1-tortenelmi-landolas-2-stuttgart-21-a-vasuti-oriasprojekt-3-a-budavari-palotanegyed-turisztikai-kapuja","status":"publish","type":"post","link":"https:\/\/buod.de\/de\/nemet-magyar-esemenyek-1-tortenelmi-landolas-2-stuttgart-21-a-vasuti-oriasprojekt-3-a-budavari-palotanegyed-turisztikai-kapuja\/","title":{"rendered":"N\u00e9met-magyar esem\u00e9nyek"},"content":{"rendered":"<p>Kedves Listat\u00e1rsak!<\/p>\n<p>1. T\u00f6rt\u00e9nelmi landol\u00e1s \u2013 lesz\u00e1llt az els\u0151 magyar utassz\u00e1ll\u00edt\u00f3 az \u00faj sz\u00e9kelyf\u00f6ldi rep\u00fcl\u0151t\u00e9ren. C\u00e9l a magyaroklakta r\u00e9gi\u00f3 megtart\u00f3 erej\u00e9nek a n\u00f6vel\u00e9se. <br \/> \u00c9vek \u00f3ta dolgoztak azon, hogy l\u00e9gi kapcsolatot teremtsenek Magyarorsz\u00e1g \u00e9s Erd\u00e9ly k\u00f6z\u00f6tt, ami aut\u00f3val, vagy vas\u00faton neh\u00e9z.<br \/> J\u00f6v\u0151re napi k\u00e9t j\u00e1ratot terveznek Budapest \u00e9s Gyergy\u00f3remete k\u00f6z\u00f6tt.<\/p>\n<p><!--more--><\/p>\n<p><a href=\"https:\/\/magyarepitok.hu\/mi-epul\/2023\/07\/tortenelmi-landolas-leszallt-az-elso-magyar-utasszallito-az-uj-szekelyfoldi-repuloteren\"><\/a><a href=\"https:\/\/magyarepitok.hu\/mi-epul\/2023\/07\/tortenelmi-landolas-leszallt-az-elso-magyar-utasszallito-az-uj-szekelyfoldi-repuloteren\">https:\/\/magyarepitok.hu\/mi-epul\/2023\/07\/tortenelmi-landolas-leszallt-az-elso-magyar-utasszallito-az-uj-szekelyfoldi-repuloteren<\/a><\/p>\n<p>2. Stuttgart 21: A vas\u00fati \u00f3ri\u00e1sprojekt&nbsp; \u00e9s a nagysebess\u00e9g\u0171 vas\u00fatvonal ki\u00e9p\u00edt\u00e9s\u00e9ben magyar szakemberek is k\u00f6zrem\u0171k\u00f6dtek.<\/p>\n<p>A <a href=\"https:\/\/magyarepitok.hu\/kotott-palya\/2022\/11\/decemberben-mar-robognak-a-vonatok-a-filstal-hidon-amelynek-epiteseben-a-vasuttechnika-is-reszt-vett\">Stuttgart 21<\/a> k\u00f6zleked\u00e9s- \u00e9s v\u00e1rosfejleszt\u00e9si projekt a stuttgarti vas\u00fati csom\u00f3pont teljes \u00e1t\u00e9p\u00edt\u00e9s\u00e9t \u00e9s \u00fajj\u00e1szervez\u00e9s\u00e9t tartalmazza. Az \u00e1talak\u00edt\u00e1s k\u00f6zponti eleme a stuttgarti f\u0151p\u00e1lyaudvar \u00e1t\u00e9p\u00edt\u00e9se 17 v\u00e1g\u00e1nyos fejp\u00e1lyaudvarb\u00f3l 8 v\u00e1g\u00e1nyos f\u00f6ldalatti \u00e1tmen\u0151 p\u00e1lyaudvarr\u00e1. A projekthez kapcsol\u00f3dik a Wendlingen\u2013Ulm vas\u00fatvonal, ahol 60 kilom\u00e9ter hossz\u00fa modern, nagy sebess\u00e9g\u0171 vas\u00fatvonalat \u00e9p\u00edtettek ki, a szakaszon \u00f6sszesen 27 kilom\u00e9ter hossz\u00fa, hegyeket \u00e1tszel\u0151 alagutak kialak\u00edt\u00e1s\u00e1val.<\/p>\n<p><a href=\"https:\/\/magyarepitok.hu\/kotott-palya\/2023\/07\/stuttgart-21-a-vasuti-oriasprojekt-soran-is-kiemelten-kezelik-a-fenntarthatosagot\"><\/a><a href=\"https:\/\/magyarepitok.hu\/kotott-palya\/2023\/07\/stuttgart-21-a-vasuti-oriasprojekt-soran-is-kiemelten-kezelik-a-fenntarthatosagot\">https:\/\/magyarepitok.hu\/kotott-palya\/2023\/07\/stuttgart-21-a-vasuti-oriasprojekt-soran-is-kiemelten-kezelik-a-fenntarthatosagot<\/a><\/p>\n<p>3. Az egykori Honv\u00e9d F\u0151parancsnoks\u00e1g \u00e9p\u00fclete lesz a Budav\u00e1ri Palotanegyed turisztikai kapuja.<\/p>\n<p>Az 1800-as \u00e9vek v\u00e9g\u00e9n neorenesz\u00e1nsz st\u00edlusban \u00e9p\u00fclt eredetileg n\u00e9gy szintes, kupol\u00e1s \u00e9p\u00fclet\u00e9b\u0151l a vil\u00e1gh\u00e1bor\u00fas puszt\u00edt\u00e1sok ut\u00e1n csak a pince \u00e9s k\u00e9t felsz\u00edn feletti szint maradt meg. Az \u00fajj\u00e1\u00e9p\u00edt\u00e9s keret\u00e9ben az eredeti magass\u00e1g\u00e1ba emelik vissza a palot\u00e1t. M\u00e1ra elk\u00e9sz\u00fclt a kupola ac\u00e9lszerkezet\u0171 v\u00e1za is, \u00edgy az \u00e9p\u00fclet elnyerte eredeti magass\u00e1g\u00e1t \u00e9s kubat\u00far\u00e1j\u00e1t. A Nemzeti Hauszmann Program keret\u00e9ben megval\u00f3sul\u00f3 \u00fajj\u00e1\u00e9p\u00edt\u00e9s egy hi\u00e1nyp\u00f3tl\u00f3 funkci\u00f3t hoz majd a V\u00e1rhegy kiemelten fontos helysz\u00edn\u00e9re. Mivel ez lesz a budai v\u00e1r egyik legmagasabb pontja, a kupola kil\u00e1t\u00f3k\u00e9nt ny\u00edlik majd meg.<\/p>\n<p><a href=\"https:\/\/magyarepitok.hu\/mi-epul\/2023\/07\/a-fejer-bal-kivitelezesevel-valosul-meg-a-budavari-palotanegyed-egyik-legnagyobb-es-legdiszesebb-kupolaja\"><\/a><a href=\"https:\/\/magyarepitok.hu\/mi-epul\/2023\/07\/a-fejer-bal-kivitelezesevel-valosul-meg-a-budavari-palotanegyed-egyik-legnagyobb-es-legdiszesebb-kupolaja\">https:\/\/magyarepitok.hu\/mi-epul\/2023\/07\/a-fejer-bal-kivitelezesevel-valosul-meg-a-budavari-palotanegyed-egyik-legnagyobb-es-legdiszesebb-kupolaja<\/a><\/p>","protected":false},"excerpt":{"rendered":"<p>Kedves Listat\u00e1rsak! 1. T\u00f6rt\u00e9nelmi landol\u00e1s \u2013 lesz\u00e1llt az els\u0151 magyar utassz\u00e1ll\u00edt\u00f3 az \u00faj sz\u00e9kelyf\u00f6ldi rep\u00fcl\u0151t\u00e9ren. C\u00e9l a magyaroklakta r\u00e9gi\u00f3 megtart\u00f3 erej\u00e9nek a n\u00f6vel\u00e9se. \u00c9vek \u00f3ta dolgoztak azon, hogy l\u00e9gi kapcsolatot teremtsenek Magyarorsz\u00e1g \u00e9s Erd\u00e9ly k\u00f6z\u00f6tt, ami aut\u00f3val, vagy vas\u00faton neh\u00e9z. J\u00f6v\u0151re napi k\u00e9t j\u00e1ratot terveznek Budapest \u00e9s Gyergy\u00f3remete k\u00f6z\u00f6tt.<\/p>","protected":false},"author":4,"featured_media":0,"comment_status":"open","ping_status":"open","sticky":false,"template":"","format":"standard","meta":{"footnotes":""},"categories":[17],"tags":[21],"class_list":["post-1799","post","type-post","status-publish","format-standard","hentry","category-hirek","tag-21"],"yoast_head":"<!-- This site is optimized with the Yoast SEO plugin v27.5 - https:\/\/yoast.com\/product\/yoast-seo-wordpress\/ -->\n<title>N\u00e9met-magyar esem\u00e9nyek - BUOD<\/title>\n<meta name=\"robots\" content=\"index, follow, max-snippet:-1, max-image-preview:large, max-video-preview:-1\" \/>\n<link rel=\"canonical\" href=\"https:\/\/buod.de\/de\/nemet-magyar-esemenyek-1-tortenelmi-landolas-2-stuttgart-21-a-vasuti-oriasprojekt-3-a-budavari-palotanegyed-turisztikai-kapuja\/\" \/>\n<meta property=\"og:locale\" content=\"de_DE\" \/>\n<meta property=\"og:type\" content=\"article\" \/>\n<meta property=\"og:title\" content=\"N\u00e9met-magyar esem\u00e9nyek - BUOD\" \/>\n<meta property=\"og:description\" content=\"Kedves Listat\u00e1rsak! 1. T\u00f6rt\u00e9nelmi landol\u00e1s \u2013 lesz\u00e1llt az els\u0151 magyar utassz\u00e1ll\u00edt\u00f3 az \u00faj sz\u00e9kelyf\u00f6ldi rep\u00fcl\u0151t\u00e9ren. C\u00e9l a magyaroklakta r\u00e9gi\u00f3 megtart\u00f3 erej\u00e9nek a n\u00f6vel\u00e9se. \u00c9vek \u00f3ta dolgoztak azon, hogy l\u00e9gi kapcsolatot teremtsenek Magyarorsz\u00e1g \u00e9s Erd\u00e9ly k\u00f6z\u00f6tt, ami aut\u00f3val, vagy vas\u00faton neh\u00e9z. J\u00f6v\u0151re napi k\u00e9t j\u00e1ratot terveznek Budapest \u00e9s Gyergy\u00f3remete k\u00f6z\u00f6tt.\" \/>\n<meta property=\"og:url\" content=\"https:\/\/buod.de\/de\/nemet-magyar-esemenyek-1-tortenelmi-landolas-2-stuttgart-21-a-vasuti-oriasprojekt-3-a-budavari-palotanegyed-turisztikai-kapuja\/\" \/>\n<meta property=\"og:site_name\" content=\"BUOD\" \/>\n<meta property=\"article:publisher\" content=\"https:\/\/www.facebook.com\/profile.php?id=100082185652397\" \/>\n<meta property=\"article:published_time\" content=\"2023-07-19T13:16:09+00:00\" \/>\n<meta property=\"article:modified_time\" content=\"2024-04-11T13:33:36+00:00\" \/>\n<meta name=\"author\" content=\"Gery V\u00e1rkonyi\" \/>\n<meta name=\"twitter:card\" content=\"summary_large_image\" \/>\n<meta name=\"twitter:label1\" content=\"Written by\" \/>\n\t<meta name=\"twitter:data1\" content=\"Gery V\u00e1rkonyi\" \/>\n\t<meta name=\"twitter:label2\" content=\"Est. reading time\" \/>\n\t<meta name=\"twitter:data2\" content=\"2 minutes\" \/>\n<script type=\"application\/ld+json\" class=\"yoast-schema-graph\">{\"@context\":\"https:\\\/\\\/schema.org\",\"@graph\":[{\"@type\":\"Article\",\"@id\":\"https:\\\/\\\/buod.de\\\/nemet-magyar-esemenyek-1-tortenelmi-landolas-2-stuttgart-21-a-vasuti-oriasprojekt-3-a-budavari-palotanegyed-turisztikai-kapuja\\\/#article\",\"isPartOf\":{\"@id\":\"https:\\\/\\\/buod.de\\\/nemet-magyar-esemenyek-1-tortenelmi-landolas-2-stuttgart-21-a-vasuti-oriasprojekt-3-a-budavari-palotanegyed-turisztikai-kapuja\\\/\"},\"author\":{\"name\":\"Gery V\u00e1rkonyi\",\"@id\":\"https:\\\/\\\/buod.de\\\/#\\\/schema\\\/person\\\/8332a3e63b017fea8fcd17e9c0f96bf1\"},\"headline\":\"N\u00e9met-magyar esem\u00e9nyek\",\"datePublished\":\"2023-07-19T13:16:09+00:00\",\"dateModified\":\"2024-04-11T13:33:36+00:00\",\"mainEntityOfPage\":{\"@id\":\"https:\\\/\\\/buod.de\\\/nemet-magyar-esemenyek-1-tortenelmi-landolas-2-stuttgart-21-a-vasuti-oriasprojekt-3-a-budavari-palotanegyed-turisztikai-kapuja\\\/\"},\"wordCount\":368,\"commentCount\":0,\"publisher\":{\"@id\":\"https:\\\/\\\/buod.de\\\/#organization\"},\"keywords\":[\"2023\"],\"articleSection\":[\"H\u00edrek\"],\"inLanguage\":\"de-DE\",\"potentialAction\":[{\"@type\":\"CommentAction\",\"name\":\"Comment\",\"target\":[\"https:\\\/\\\/buod.de\\\/nemet-magyar-esemenyek-1-tortenelmi-landolas-2-stuttgart-21-a-vasuti-oriasprojekt-3-a-budavari-palotanegyed-turisztikai-kapuja\\\/#respond\"]}]},{\"@type\":\"WebPage\",\"@id\":\"https:\\\/\\\/buod.de\\\/nemet-magyar-esemenyek-1-tortenelmi-landolas-2-stuttgart-21-a-vasuti-oriasprojekt-3-a-budavari-palotanegyed-turisztikai-kapuja\\\/\",\"url\":\"https:\\\/\\\/buod.de\\\/nemet-magyar-esemenyek-1-tortenelmi-landolas-2-stuttgart-21-a-vasuti-oriasprojekt-3-a-budavari-palotanegyed-turisztikai-kapuja\\\/\",\"name\":\"N\u00e9met-magyar esem\u00e9nyek - BUOD\",\"isPartOf\":{\"@id\":\"https:\\\/\\\/buod.de\\\/#website\"},\"datePublished\":\"2023-07-19T13:16:09+00:00\",\"dateModified\":\"2024-04-11T13:33:36+00:00\",\"breadcrumb\":{\"@id\":\"https:\\\/\\\/buod.de\\\/nemet-magyar-esemenyek-1-tortenelmi-landolas-2-stuttgart-21-a-vasuti-oriasprojekt-3-a-budavari-palotanegyed-turisztikai-kapuja\\\/#breadcrumb\"},\"inLanguage\":\"de-DE\",\"potentialAction\":[{\"@type\":\"ReadAction\",\"target\":[\"https:\\\/\\\/buod.de\\\/nemet-magyar-esemenyek-1-tortenelmi-landolas-2-stuttgart-21-a-vasuti-oriasprojekt-3-a-budavari-palotanegyed-turisztikai-kapuja\\\/\"]}]},{\"@type\":\"BreadcrumbList\",\"@id\":\"https:\\\/\\\/buod.de\\\/nemet-magyar-esemenyek-1-tortenelmi-landolas-2-stuttgart-21-a-vasuti-oriasprojekt-3-a-budavari-palotanegyed-turisztikai-kapuja\\\/#breadcrumb\",\"itemListElement\":[{\"@type\":\"ListItem\",\"position\":1,\"name\":\"Kezd\u0151lap\",\"item\":\"https:\\\/\\\/buod.de\\\/\"},{\"@type\":\"ListItem\",\"position\":2,\"name\":\"N\u00e9met-magyar esem\u00e9nyek\"}]},{\"@type\":\"WebSite\",\"@id\":\"https:\\\/\\\/buod.de\\\/#website\",\"url\":\"https:\\\/\\\/buod.de\\\/\",\"name\":\"BUOD\",\"description\":\"Bund Ungarischer Organisationen in Deutschland\",\"publisher\":{\"@id\":\"https:\\\/\\\/buod.de\\\/#organization\"},\"potentialAction\":[{\"@type\":\"SearchAction\",\"target\":{\"@type\":\"EntryPoint\",\"urlTemplate\":\"https:\\\/\\\/buod.de\\\/?s={search_term_string}\"},\"query-input\":{\"@type\":\"PropertyValueSpecification\",\"valueRequired\":true,\"valueName\":\"search_term_string\"}}],\"inLanguage\":\"de-DE\"},{\"@type\":\"Organization\",\"@id\":\"https:\\\/\\\/buod.de\\\/#organization\",\"name\":\"BUOD\",\"url\":\"https:\\\/\\\/buod.de\\\/\",\"logo\":{\"@type\":\"ImageObject\",\"inLanguage\":\"de-DE\",\"@id\":\"https:\\\/\\\/buod.de\\\/#\\\/schema\\\/logo\\\/image\\\/\",\"url\":\"https:\\\/\\\/buod.de\\\/wp-content\\\/uploads\\\/2024\\\/03\\\/BUOD-logo.png\",\"contentUrl\":\"https:\\\/\\\/buod.de\\\/wp-content\\\/uploads\\\/2024\\\/03\\\/BUOD-logo.png\",\"width\":586,\"height\":490,\"caption\":\"BUOD\"},\"image\":{\"@id\":\"https:\\\/\\\/buod.de\\\/#\\\/schema\\\/logo\\\/image\\\/\"},\"sameAs\":[\"https:\\\/\\\/www.facebook.com\\\/profile.php?id=100082185652397\"]},{\"@type\":\"Person\",\"@id\":\"https:\\\/\\\/buod.de\\\/#\\\/schema\\\/person\\\/8332a3e63b017fea8fcd17e9c0f96bf1\",\"name\":\"Gery V\u00e1rkonyi\",\"image\":{\"@type\":\"ImageObject\",\"inLanguage\":\"de-DE\",\"@id\":\"https:\\\/\\\/secure.gravatar.com\\\/avatar\\\/c1babe7dc68f065be4ec606c522172804715398688c78c6fffca3888b364e934?s=96&d=mm&r=g\",\"url\":\"https:\\\/\\\/secure.gravatar.com\\\/avatar\\\/c1babe7dc68f065be4ec606c522172804715398688c78c6fffca3888b364e934?s=96&d=mm&r=g\",\"contentUrl\":\"https:\\\/\\\/secure.gravatar.com\\\/avatar\\\/c1babe7dc68f065be4ec606c522172804715398688c78c6fffca3888b364e934?s=96&d=mm&r=g\",\"caption\":\"Gery V\u00e1rkonyi\"},\"url\":\"https:\\\/\\\/buod.de\\\/de\\\/author\\\/geryvarkonyi\\\/\"}]}<\/script>\n<!-- \/ Yoast SEO plugin. -->","yoast_head_json":{"title":"N\u00e9met-magyar esem\u00e9nyek - BUOD","robots":{"index":"index","follow":"follow","max-snippet":"max-snippet:-1","max-image-preview":"max-image-preview:large","max-video-preview":"max-video-preview:-1"},"canonical":"https:\/\/buod.de\/de\/nemet-magyar-esemenyek-1-tortenelmi-landolas-2-stuttgart-21-a-vasuti-oriasprojekt-3-a-budavari-palotanegyed-turisztikai-kapuja\/","og_locale":"de_DE","og_type":"article","og_title":"N\u00e9met-magyar esem\u00e9nyek - BUOD","og_description":"Kedves Listat\u00e1rsak! 1. T\u00f6rt\u00e9nelmi landol\u00e1s \u2013 lesz\u00e1llt az els\u0151 magyar utassz\u00e1ll\u00edt\u00f3 az \u00faj sz\u00e9kelyf\u00f6ldi rep\u00fcl\u0151t\u00e9ren. C\u00e9l a magyaroklakta r\u00e9gi\u00f3 megtart\u00f3 erej\u00e9nek a n\u00f6vel\u00e9se. \u00c9vek \u00f3ta dolgoztak azon, hogy l\u00e9gi kapcsolatot teremtsenek Magyarorsz\u00e1g \u00e9s Erd\u00e9ly k\u00f6z\u00f6tt, ami aut\u00f3val, vagy vas\u00faton neh\u00e9z. J\u00f6v\u0151re napi k\u00e9t j\u00e1ratot terveznek Budapest \u00e9s Gyergy\u00f3remete k\u00f6z\u00f6tt.","og_url":"https:\/\/buod.de\/de\/nemet-magyar-esemenyek-1-tortenelmi-landolas-2-stuttgart-21-a-vasuti-oriasprojekt-3-a-budavari-palotanegyed-turisztikai-kapuja\/","og_site_name":"BUOD","article_publisher":"https:\/\/www.facebook.com\/profile.php?id=100082185652397","article_published_time":"2023-07-19T13:16:09+00:00","article_modified_time":"2024-04-11T13:33:36+00:00","author":"Gery V\u00e1rkonyi","twitter_card":"summary_large_image","twitter_misc":{"Written by":"Gery V\u00e1rkonyi","Est. reading time":"2 minutes"},"schema":{"@context":"https:\/\/schema.org","@graph":[{"@type":"Article","@id":"https:\/\/buod.de\/nemet-magyar-esemenyek-1-tortenelmi-landolas-2-stuttgart-21-a-vasuti-oriasprojekt-3-a-budavari-palotanegyed-turisztikai-kapuja\/#article","isPartOf":{"@id":"https:\/\/buod.de\/nemet-magyar-esemenyek-1-tortenelmi-landolas-2-stuttgart-21-a-vasuti-oriasprojekt-3-a-budavari-palotanegyed-turisztikai-kapuja\/"},"author":{"name":"Gery V\u00e1rkonyi","@id":"https:\/\/buod.de\/#\/schema\/person\/8332a3e63b017fea8fcd17e9c0f96bf1"},"headline":"N\u00e9met-magyar esem\u00e9nyek","datePublished":"2023-07-19T13:16:09+00:00","dateModified":"2024-04-11T13:33:36+00:00","mainEntityOfPage":{"@id":"https:\/\/buod.de\/nemet-magyar-esemenyek-1-tortenelmi-landolas-2-stuttgart-21-a-vasuti-oriasprojekt-3-a-budavari-palotanegyed-turisztikai-kapuja\/"},"wordCount":368,"commentCount":0,"publisher":{"@id":"https:\/\/buod.de\/#organization"},"keywords":["2023"],"articleSection":["H\u00edrek"],"inLanguage":"de-DE","potentialAction":[{"@type":"CommentAction","name":"Comment","target":["https:\/\/buod.de\/nemet-magyar-esemenyek-1-tortenelmi-landolas-2-stuttgart-21-a-vasuti-oriasprojekt-3-a-budavari-palotanegyed-turisztikai-kapuja\/#respond"]}]},{"@type":"WebPage","@id":"https:\/\/buod.de\/nemet-magyar-esemenyek-1-tortenelmi-landolas-2-stuttgart-21-a-vasuti-oriasprojekt-3-a-budavari-palotanegyed-turisztikai-kapuja\/","url":"https:\/\/buod.de\/nemet-magyar-esemenyek-1-tortenelmi-landolas-2-stuttgart-21-a-vasuti-oriasprojekt-3-a-budavari-palotanegyed-turisztikai-kapuja\/","name":"N\u00e9met-magyar esem\u00e9nyek - BUOD","isPartOf":{"@id":"https:\/\/buod.de\/#website"},"datePublished":"2023-07-19T13:16:09+00:00","dateModified":"2024-04-11T13:33:36+00:00","breadcrumb":{"@id":"https:\/\/buod.de\/nemet-magyar-esemenyek-1-tortenelmi-landolas-2-stuttgart-21-a-vasuti-oriasprojekt-3-a-budavari-palotanegyed-turisztikai-kapuja\/#breadcrumb"},"inLanguage":"de-DE","potentialAction":[{"@type":"ReadAction","target":["https:\/\/buod.de\/nemet-magyar-esemenyek-1-tortenelmi-landolas-2-stuttgart-21-a-vasuti-oriasprojekt-3-a-budavari-palotanegyed-turisztikai-kapuja\/"]}]},{"@type":"BreadcrumbList","@id":"https:\/\/buod.de\/nemet-magyar-esemenyek-1-tortenelmi-landolas-2-stuttgart-21-a-vasuti-oriasprojekt-3-a-budavari-palotanegyed-turisztikai-kapuja\/#breadcrumb","itemListElement":[{"@type":"ListItem","position":1,"name":"Kezd\u0151lap","item":"https:\/\/buod.de\/"},{"@type":"ListItem","position":2,"name":"N\u00e9met-magyar esem\u00e9nyek"}]},{"@type":"WebSite","@id":"https:\/\/buod.de\/#website","url":"https:\/\/buod.de\/","name":"BUOD","description":"Bund Ungarischer Organisationen in Deutschland","publisher":{"@id":"https:\/\/buod.de\/#organization"},"potentialAction":[{"@type":"SearchAction","target":{"@type":"EntryPoint","urlTemplate":"https:\/\/buod.de\/?s={search_term_string}"},"query-input":{"@type":"PropertyValueSpecification","valueRequired":true,"valueName":"search_term_string"}}],"inLanguage":"de-DE"},{"@type":"Organization","@id":"https:\/\/buod.de\/#organization","name":"BUOD","url":"https:\/\/buod.de\/","logo":{"@type":"ImageObject","inLanguage":"de-DE","@id":"https:\/\/buod.de\/#\/schema\/logo\/image\/","url":"https:\/\/buod.de\/wp-content\/uploads\/2024\/03\/BUOD-logo.png","contentUrl":"https:\/\/buod.de\/wp-content\/uploads\/2024\/03\/BUOD-logo.png","width":586,"height":490,"caption":"BUOD"},"image":{"@id":"https:\/\/buod.de\/#\/schema\/logo\/image\/"},"sameAs":["https:\/\/www.facebook.com\/profile.php?id=100082185652397"]},{"@type":"Person","@id":"https:\/\/buod.de\/#\/schema\/person\/8332a3e63b017fea8fcd17e9c0f96bf1","name":"Gery V\u00e1rkonyi","image":{"@type":"ImageObject","inLanguage":"de-DE","@id":"https:\/\/secure.gravatar.com\/avatar\/c1babe7dc68f065be4ec606c522172804715398688c78c6fffca3888b364e934?s=96&d=mm&r=g","url":"https:\/\/secure.gravatar.com\/avatar\/c1babe7dc68f065be4ec606c522172804715398688c78c6fffca3888b364e934?s=96&d=mm&r=g","contentUrl":"https:\/\/secure.gravatar.com\/avatar\/c1babe7dc68f065be4ec606c522172804715398688c78c6fffca3888b364e934?s=96&d=mm&r=g","caption":"Gery V\u00e1rkonyi"},"url":"https:\/\/buod.de\/de\/author\/geryvarkonyi\/"}]}},"_links":{"self":[{"href":"https:\/\/buod.de\/de\/wp-json\/wp\/v2\/posts\/1799","targetHints":{"allow":["GET"]}}],"collection":[{"href":"https:\/\/buod.de\/de\/wp-json\/wp\/v2\/posts"}],"about":[{"href":"https:\/\/buod.de\/de\/wp-json\/wp\/v2\/types\/post"}],"author":[{"embeddable":true,"href":"https:\/\/buod.de\/de\/wp-json\/wp\/v2\/users\/4"}],"replies":[{"embeddable":true,"href":"https:\/\/buod.de\/de\/wp-json\/wp\/v2\/comments?post=1799"}],"version-history":[{"count":1,"href":"https:\/\/buod.de\/de\/wp-json\/wp\/v2\/posts\/1799\/revisions"}],"predecessor-version":[{"id":2326,"href":"https:\/\/buod.de\/de\/wp-json\/wp\/v2\/posts\/1799\/revisions\/2326"}],"wp:attachment":[{"href":"https:\/\/buod.de\/de\/wp-json\/wp\/v2\/media?parent=1799"}],"wp:term":[{"taxonomy":"category","embeddable":true,"href":"https:\/\/buod.de\/de\/wp-json\/wp\/v2\/categories?post=1799"},{"taxonomy":"post_tag","embeddable":true,"href":"https:\/\/buod.de\/de\/wp-json\/wp\/v2\/tags?post=1799"}],"curies":[{"name":"wp","href":"https:\/\/api.w.org\/{rel}","templated":true}]}}