{"id":1804,"date":"2023-07-24T09:00:07","date_gmt":"2023-07-24T09:00:07","guid":{"rendered":"https:\/\/dev.buod.de\/elhunyt-dr-cserhati-ferenc-puspok-atya\/"},"modified":"2024-04-11T13:33:36","modified_gmt":"2024-04-11T13:33:36","slug":"elhunyt-dr-cserhati-ferenc-puspok-atya","status":"publish","type":"post","link":"https:\/\/buod.de\/de\/elhunyt-dr-cserhati-ferenc-puspok-atya\/","title":{"rendered":"Elhunyt Dr. Cserh\u00e1ti Ferenc p\u00fcsp\u00f6k atya"},"content":{"rendered":"<div>Az Esztergom-Budapesti F\u0151egyh\u00e1zmegye megrend\u00fclten tudatja, hogy Dr. Cserh\u00e1ti Ferenc nyugalmazott esztergom-budapesti seg\u00e9dp\u00fcsp\u00f6k ma hajnali h\u00e1rom \u00f3rakor, azaz 2023. j\u00falius 22-\u00e9n, szombaton \u00e9let\u00e9nek 77., paps\u00e1g\u00e1nak 53., p\u00fcsp\u00f6ki szolg\u00e1lat\u00e1nak 16. \u00e9v\u00e9ben elhunyt. Az al\u00e1bbiakban Erd\u0151 P\u00e9ter b\u00edboros, pr\u00edm\u00e1s eml\u00e9kez\u0151 sorait olvashatj\u00e1k.<\/div>\n<p><!--more--><\/p>\n<p>&nbsp;<\/p>\n<p><a href=\"https:\/\/www.magyarkurir.hu\/hirek\/elhunyt-cserhati-ferenc-puspok?fbclid=IwAR17CuMpgnQILSkUe7gM6U2JGynO5NrCpAnQNDU_znUJ7SMJrfoKFoNLiYo\"><\/a><a href=\"https:\/\/www.magyarkurir.hu\/hirek\/elhunyt-cserhati-ferenc-puspok?fbclid=IwAR17CuMpgnQILSkUe7gM6U2JGynO5NrCpAnQNDU_znUJ7SMJrfoKFoNLiYo\">https:\/\/www.magyarkurir.hu\/hirek\/elhunyt-cserhati-ferenc-puspok?fbclid=IwAR17CuMpgnQILSkUe7gM6U2JGynO5NrCpAnQNDU_znUJ7SMJrfoKFoNLiYo<\/a><\/p>","protected":false},"excerpt":{"rendered":"<p>Az Esztergom-Budapesti F\u0151egyh\u00e1zmegye megrend\u00fclten tudatja, hogy Dr. Cserh\u00e1ti Ferenc nyugalmazott esztergom-budapesti seg\u00e9dp\u00fcsp\u00f6k ma hajnali h\u00e1rom \u00f3rakor, azaz 2023. j\u00falius 22-\u00e9n, szombaton \u00e9let\u00e9nek 77., paps\u00e1g\u00e1nak 53., p\u00fcsp\u00f6ki szolg\u00e1lat\u00e1nak 16. \u00e9v\u00e9ben elhunyt. Az al\u00e1bbiakban Erd\u0151 P\u00e9ter b\u00edboros, pr\u00edm\u00e1s eml\u00e9kez\u0151 sorait olvashatj\u00e1k.<\/p>","protected":false},"author":4,"featured_media":0,"comment_status":"open","ping_status":"open","sticky":false,"template":"","format":"standard","meta":{"footnotes":""},"categories":[17],"tags":[21],"class_list":["post-1804","post","type-post","status-publish","format-standard","hentry","category-hirek","tag-21"],"yoast_head":"<!-- This site is optimized with the Yoast SEO plugin v27.5 - https:\/\/yoast.com\/product\/yoast-seo-wordpress\/ -->\n<title>Elhunyt Dr. Cserh\u00e1ti Ferenc p\u00fcsp\u00f6k atya - BUOD<\/title>\n<meta name=\"robots\" content=\"index, follow, max-snippet:-1, max-image-preview:large, max-video-preview:-1\" \/>\n<link rel=\"canonical\" href=\"https:\/\/buod.de\/de\/elhunyt-dr-cserhati-ferenc-puspok-atya\/\" \/>\n<meta property=\"og:locale\" content=\"de_DE\" \/>\n<meta property=\"og:type\" content=\"article\" \/>\n<meta property=\"og:title\" content=\"Elhunyt Dr. Cserh\u00e1ti Ferenc p\u00fcsp\u00f6k atya - BUOD\" \/>\n<meta property=\"og:description\" content=\"Az Esztergom-Budapesti F\u0151egyh\u00e1zmegye megrend\u00fclten tudatja, hogy Dr. Cserh\u00e1ti Ferenc nyugalmazott esztergom-budapesti seg\u00e9dp\u00fcsp\u00f6k ma hajnali h\u00e1rom \u00f3rakor, azaz 2023. j\u00falius 22-\u00e9n, szombaton \u00e9let\u00e9nek 77., paps\u00e1g\u00e1nak 53., p\u00fcsp\u00f6ki szolg\u00e1lat\u00e1nak 16. \u00e9v\u00e9ben elhunyt. Az al\u00e1bbiakban Erd\u0151 P\u00e9ter b\u00edboros, pr\u00edm\u00e1s eml\u00e9kez\u0151 sorait olvashatj\u00e1k.\" \/>\n<meta property=\"og:url\" content=\"https:\/\/buod.de\/de\/elhunyt-dr-cserhati-ferenc-puspok-atya\/\" \/>\n<meta property=\"og:site_name\" content=\"BUOD\" \/>\n<meta property=\"article:publisher\" content=\"https:\/\/www.facebook.com\/profile.php?id=100082185652397\" \/>\n<meta property=\"article:published_time\" content=\"2023-07-24T09:00:07+00:00\" \/>\n<meta property=\"article:modified_time\" content=\"2024-04-11T13:33:36+00:00\" \/>\n<meta name=\"author\" content=\"Gery V\u00e1rkonyi\" \/>\n<meta name=\"twitter:card\" content=\"summary_large_image\" \/>\n<meta name=\"twitter:label1\" content=\"Written by\" \/>\n\t<meta name=\"twitter:data1\" content=\"Gery V\u00e1rkonyi\" \/>\n<script type=\"application\/ld+json\" class=\"yoast-schema-graph\">{\"@context\":\"https:\\\/\\\/schema.org\",\"@graph\":[{\"@type\":\"Article\",\"@id\":\"https:\\\/\\\/buod.de\\\/elhunyt-dr-cserhati-ferenc-puspok-atya\\\/#article\",\"isPartOf\":{\"@id\":\"https:\\\/\\\/buod.de\\\/elhunyt-dr-cserhati-ferenc-puspok-atya\\\/\"},\"author\":{\"name\":\"Gery V\u00e1rkonyi\",\"@id\":\"https:\\\/\\\/buod.de\\\/#\\\/schema\\\/person\\\/8332a3e63b017fea8fcd17e9c0f96bf1\"},\"headline\":\"Elhunyt Dr. Cserh\u00e1ti Ferenc p\u00fcsp\u00f6k atya\",\"datePublished\":\"2023-07-24T09:00:07+00:00\",\"dateModified\":\"2024-04-11T13:33:36+00:00\",\"mainEntityOfPage\":{\"@id\":\"https:\\\/\\\/buod.de\\\/elhunyt-dr-cserhati-ferenc-puspok-atya\\\/\"},\"wordCount\":85,\"commentCount\":0,\"publisher\":{\"@id\":\"https:\\\/\\\/buod.de\\\/#organization\"},\"keywords\":[\"2023\"],\"articleSection\":[\"H\u00edrek\"],\"inLanguage\":\"de-DE\",\"potentialAction\":[{\"@type\":\"CommentAction\",\"name\":\"Comment\",\"target\":[\"https:\\\/\\\/buod.de\\\/elhunyt-dr-cserhati-ferenc-puspok-atya\\\/#respond\"]}]},{\"@type\":\"WebPage\",\"@id\":\"https:\\\/\\\/buod.de\\\/elhunyt-dr-cserhati-ferenc-puspok-atya\\\/\",\"url\":\"https:\\\/\\\/buod.de\\\/elhunyt-dr-cserhati-ferenc-puspok-atya\\\/\",\"name\":\"Elhunyt Dr. Cserh\u00e1ti Ferenc p\u00fcsp\u00f6k atya - BUOD\",\"isPartOf\":{\"@id\":\"https:\\\/\\\/buod.de\\\/#website\"},\"datePublished\":\"2023-07-24T09:00:07+00:00\",\"dateModified\":\"2024-04-11T13:33:36+00:00\",\"breadcrumb\":{\"@id\":\"https:\\\/\\\/buod.de\\\/elhunyt-dr-cserhati-ferenc-puspok-atya\\\/#breadcrumb\"},\"inLanguage\":\"de-DE\",\"potentialAction\":[{\"@type\":\"ReadAction\",\"target\":[\"https:\\\/\\\/buod.de\\\/elhunyt-dr-cserhati-ferenc-puspok-atya\\\/\"]}]},{\"@type\":\"BreadcrumbList\",\"@id\":\"https:\\\/\\\/buod.de\\\/elhunyt-dr-cserhati-ferenc-puspok-atya\\\/#breadcrumb\",\"itemListElement\":[{\"@type\":\"ListItem\",\"position\":1,\"name\":\"Kezd\u0151lap\",\"item\":\"https:\\\/\\\/buod.de\\\/\"},{\"@type\":\"ListItem\",\"position\":2,\"name\":\"Elhunyt Dr. Cserh\u00e1ti Ferenc p\u00fcsp\u00f6k atya\"}]},{\"@type\":\"WebSite\",\"@id\":\"https:\\\/\\\/buod.de\\\/#website\",\"url\":\"https:\\\/\\\/buod.de\\\/\",\"name\":\"BUOD\",\"description\":\"Bund Ungarischer Organisationen in Deutschland\",\"publisher\":{\"@id\":\"https:\\\/\\\/buod.de\\\/#organization\"},\"potentialAction\":[{\"@type\":\"SearchAction\",\"target\":{\"@type\":\"EntryPoint\",\"urlTemplate\":\"https:\\\/\\\/buod.de\\\/?s={search_term_string}\"},\"query-input\":{\"@type\":\"PropertyValueSpecification\",\"valueRequired\":true,\"valueName\":\"search_term_string\"}}],\"inLanguage\":\"de-DE\"},{\"@type\":\"Organization\",\"@id\":\"https:\\\/\\\/buod.de\\\/#organization\",\"name\":\"BUOD\",\"url\":\"https:\\\/\\\/buod.de\\\/\",\"logo\":{\"@type\":\"ImageObject\",\"inLanguage\":\"de-DE\",\"@id\":\"https:\\\/\\\/buod.de\\\/#\\\/schema\\\/logo\\\/image\\\/\",\"url\":\"https:\\\/\\\/buod.de\\\/wp-content\\\/uploads\\\/2024\\\/03\\\/BUOD-logo.png\",\"contentUrl\":\"https:\\\/\\\/buod.de\\\/wp-content\\\/uploads\\\/2024\\\/03\\\/BUOD-logo.png\",\"width\":586,\"height\":490,\"caption\":\"BUOD\"},\"image\":{\"@id\":\"https:\\\/\\\/buod.de\\\/#\\\/schema\\\/logo\\\/image\\\/\"},\"sameAs\":[\"https:\\\/\\\/www.facebook.com\\\/profile.php?id=100082185652397\"]},{\"@type\":\"Person\",\"@id\":\"https:\\\/\\\/buod.de\\\/#\\\/schema\\\/person\\\/8332a3e63b017fea8fcd17e9c0f96bf1\",\"name\":\"Gery V\u00e1rkonyi\",\"image\":{\"@type\":\"ImageObject\",\"inLanguage\":\"de-DE\",\"@id\":\"https:\\\/\\\/secure.gravatar.com\\\/avatar\\\/c1babe7dc68f065be4ec606c522172804715398688c78c6fffca3888b364e934?s=96&d=mm&r=g\",\"url\":\"https:\\\/\\\/secure.gravatar.com\\\/avatar\\\/c1babe7dc68f065be4ec606c522172804715398688c78c6fffca3888b364e934?s=96&d=mm&r=g\",\"contentUrl\":\"https:\\\/\\\/secure.gravatar.com\\\/avatar\\\/c1babe7dc68f065be4ec606c522172804715398688c78c6fffca3888b364e934?s=96&d=mm&r=g\",\"caption\":\"Gery V\u00e1rkonyi\"},\"url\":\"https:\\\/\\\/buod.de\\\/de\\\/author\\\/geryvarkonyi\\\/\"}]}<\/script>\n<!-- \/ Yoast SEO plugin. -->","yoast_head_json":{"title":"Elhunyt Dr. Cserh\u00e1ti Ferenc p\u00fcsp\u00f6k atya - BUOD","robots":{"index":"index","follow":"follow","max-snippet":"max-snippet:-1","max-image-preview":"max-image-preview:large","max-video-preview":"max-video-preview:-1"},"canonical":"https:\/\/buod.de\/de\/elhunyt-dr-cserhati-ferenc-puspok-atya\/","og_locale":"de_DE","og_type":"article","og_title":"Elhunyt Dr. Cserh\u00e1ti Ferenc p\u00fcsp\u00f6k atya - BUOD","og_description":"Az Esztergom-Budapesti F\u0151egyh\u00e1zmegye megrend\u00fclten tudatja, hogy Dr. Cserh\u00e1ti Ferenc nyugalmazott esztergom-budapesti seg\u00e9dp\u00fcsp\u00f6k ma hajnali h\u00e1rom \u00f3rakor, azaz 2023. j\u00falius 22-\u00e9n, szombaton \u00e9let\u00e9nek 77., paps\u00e1g\u00e1nak 53., p\u00fcsp\u00f6ki szolg\u00e1lat\u00e1nak 16. \u00e9v\u00e9ben elhunyt. Az al\u00e1bbiakban Erd\u0151 P\u00e9ter b\u00edboros, pr\u00edm\u00e1s eml\u00e9kez\u0151 sorait olvashatj\u00e1k.","og_url":"https:\/\/buod.de\/de\/elhunyt-dr-cserhati-ferenc-puspok-atya\/","og_site_name":"BUOD","article_publisher":"https:\/\/www.facebook.com\/profile.php?id=100082185652397","article_published_time":"2023-07-24T09:00:07+00:00","article_modified_time":"2024-04-11T13:33:36+00:00","author":"Gery V\u00e1rkonyi","twitter_card":"summary_large_image","twitter_misc":{"Written by":"Gery V\u00e1rkonyi"},"schema":{"@context":"https:\/\/schema.org","@graph":[{"@type":"Article","@id":"https:\/\/buod.de\/elhunyt-dr-cserhati-ferenc-puspok-atya\/#article","isPartOf":{"@id":"https:\/\/buod.de\/elhunyt-dr-cserhati-ferenc-puspok-atya\/"},"author":{"name":"Gery V\u00e1rkonyi","@id":"https:\/\/buod.de\/#\/schema\/person\/8332a3e63b017fea8fcd17e9c0f96bf1"},"headline":"Elhunyt Dr. Cserh\u00e1ti Ferenc p\u00fcsp\u00f6k atya","datePublished":"2023-07-24T09:00:07+00:00","dateModified":"2024-04-11T13:33:36+00:00","mainEntityOfPage":{"@id":"https:\/\/buod.de\/elhunyt-dr-cserhati-ferenc-puspok-atya\/"},"wordCount":85,"commentCount":0,"publisher":{"@id":"https:\/\/buod.de\/#organization"},"keywords":["2023"],"articleSection":["H\u00edrek"],"inLanguage":"de-DE","potentialAction":[{"@type":"CommentAction","name":"Comment","target":["https:\/\/buod.de\/elhunyt-dr-cserhati-ferenc-puspok-atya\/#respond"]}]},{"@type":"WebPage","@id":"https:\/\/buod.de\/elhunyt-dr-cserhati-ferenc-puspok-atya\/","url":"https:\/\/buod.de\/elhunyt-dr-cserhati-ferenc-puspok-atya\/","name":"Elhunyt Dr. Cserh\u00e1ti Ferenc p\u00fcsp\u00f6k atya - BUOD","isPartOf":{"@id":"https:\/\/buod.de\/#website"},"datePublished":"2023-07-24T09:00:07+00:00","dateModified":"2024-04-11T13:33:36+00:00","breadcrumb":{"@id":"https:\/\/buod.de\/elhunyt-dr-cserhati-ferenc-puspok-atya\/#breadcrumb"},"inLanguage":"de-DE","potentialAction":[{"@type":"ReadAction","target":["https:\/\/buod.de\/elhunyt-dr-cserhati-ferenc-puspok-atya\/"]}]},{"@type":"BreadcrumbList","@id":"https:\/\/buod.de\/elhunyt-dr-cserhati-ferenc-puspok-atya\/#breadcrumb","itemListElement":[{"@type":"ListItem","position":1,"name":"Kezd\u0151lap","item":"https:\/\/buod.de\/"},{"@type":"ListItem","position":2,"name":"Elhunyt Dr. Cserh\u00e1ti Ferenc p\u00fcsp\u00f6k atya"}]},{"@type":"WebSite","@id":"https:\/\/buod.de\/#website","url":"https:\/\/buod.de\/","name":"BUOD","description":"Bund Ungarischer Organisationen in Deutschland","publisher":{"@id":"https:\/\/buod.de\/#organization"},"potentialAction":[{"@type":"SearchAction","target":{"@type":"EntryPoint","urlTemplate":"https:\/\/buod.de\/?s={search_term_string}"},"query-input":{"@type":"PropertyValueSpecification","valueRequired":true,"valueName":"search_term_string"}}],"inLanguage":"de-DE"},{"@type":"Organization","@id":"https:\/\/buod.de\/#organization","name":"BUOD","url":"https:\/\/buod.de\/","logo":{"@type":"ImageObject","inLanguage":"de-DE","@id":"https:\/\/buod.de\/#\/schema\/logo\/image\/","url":"https:\/\/buod.de\/wp-content\/uploads\/2024\/03\/BUOD-logo.png","contentUrl":"https:\/\/buod.de\/wp-content\/uploads\/2024\/03\/BUOD-logo.png","width":586,"height":490,"caption":"BUOD"},"image":{"@id":"https:\/\/buod.de\/#\/schema\/logo\/image\/"},"sameAs":["https:\/\/www.facebook.com\/profile.php?id=100082185652397"]},{"@type":"Person","@id":"https:\/\/buod.de\/#\/schema\/person\/8332a3e63b017fea8fcd17e9c0f96bf1","name":"Gery V\u00e1rkonyi","image":{"@type":"ImageObject","inLanguage":"de-DE","@id":"https:\/\/secure.gravatar.com\/avatar\/c1babe7dc68f065be4ec606c522172804715398688c78c6fffca3888b364e934?s=96&d=mm&r=g","url":"https:\/\/secure.gravatar.com\/avatar\/c1babe7dc68f065be4ec606c522172804715398688c78c6fffca3888b364e934?s=96&d=mm&r=g","contentUrl":"https:\/\/secure.gravatar.com\/avatar\/c1babe7dc68f065be4ec606c522172804715398688c78c6fffca3888b364e934?s=96&d=mm&r=g","caption":"Gery V\u00e1rkonyi"},"url":"https:\/\/buod.de\/de\/author\/geryvarkonyi\/"}]}},"_links":{"self":[{"href":"https:\/\/buod.de\/de\/wp-json\/wp\/v2\/posts\/1804","targetHints":{"allow":["GET"]}}],"collection":[{"href":"https:\/\/buod.de\/de\/wp-json\/wp\/v2\/posts"}],"about":[{"href":"https:\/\/buod.de\/de\/wp-json\/wp\/v2\/types\/post"}],"author":[{"embeddable":true,"href":"https:\/\/buod.de\/de\/wp-json\/wp\/v2\/users\/4"}],"replies":[{"embeddable":true,"href":"https:\/\/buod.de\/de\/wp-json\/wp\/v2\/comments?post=1804"}],"version-history":[{"count":1,"href":"https:\/\/buod.de\/de\/wp-json\/wp\/v2\/posts\/1804\/revisions"}],"predecessor-version":[{"id":2323,"href":"https:\/\/buod.de\/de\/wp-json\/wp\/v2\/posts\/1804\/revisions\/2323"}],"wp:attachment":[{"href":"https:\/\/buod.de\/de\/wp-json\/wp\/v2\/media?parent=1804"}],"wp:term":[{"taxonomy":"category","embeddable":true,"href":"https:\/\/buod.de\/de\/wp-json\/wp\/v2\/categories?post=1804"},{"taxonomy":"post_tag","embeddable":true,"href":"https:\/\/buod.de\/de\/wp-json\/wp\/v2\/tags?post=1804"}],"curies":[{"name":"wp","href":"https:\/\/api.w.org\/{rel}","templated":true}]}}