{"id":1806,"date":"2023-07-25T09:04:41","date_gmt":"2023-07-25T09:04:41","guid":{"rendered":"https:\/\/dev.buod.de\/cserhati-ferenc-kossuth-radio-2023-julius-25\/"},"modified":"2024-04-11T13:33:36","modified_gmt":"2024-04-11T13:33:36","slug":"cserhati-ferenc-kossuth-radio-2023-julius-25","status":"publish","type":"post","link":"https:\/\/buod.de\/de\/cserhati-ferenc-kossuth-radio-2023-julius-25\/","title":{"rendered":"Cserh\u00e1ti Ferenc \/ Kossuth R\u00e1di\u00f3 2023. j\u00falius 25."},"content":{"rendered":"<p>Kedves Mindny\u00e1jan!<br \/> Cserh\u00e1ti p\u00fcsp\u00f6k \u00far, Feri atya m\u00e9ltat\u00e1sa csak most kezd\u0151d\u00f6tt. M\u00e9g gy\u00e1szoljuk, egyhamar nem t\u00e9r\u00fcnk napirendre elt\u00e1voz\u00e1sa f\u00f6l\u00f6tt, hi\u00e1nyzik. A Kossuth r\u00e1di\u00f3 katolikus egyh\u00e1zi f\u00e9l\u00f3r\u00e1j\u00e1nak mai ad\u00e1s\u00e1ban nemcsak m\u00e9ltatj\u00e1k, de hallhatjuk is Feri aty\u00e1t, ez\u00e9rt k\u00fcld\u00f6m ezt a linket Zolt\u00e1n testv\u00e9rem j\u00f3volt\u00e1b\u00f3l. A <em>Tan\u00faim lesztek <\/em>j\u00falius 25-i ad\u00e1s\u00e1ra kell kattintani. Ekkor a bal fels\u0151 mez\u0151ben megjelenik a r\u00e1di\u00f3m\u0171sor, amelyre szint\u00e9n kattintani kell.<\/p>\n<p><!--more--><\/p>\n<p> \u00dcgyelni kell arra, hogy a hangsz\u00f3r\u00f3 is be legyen ott kapcsolva. \u00c9rdemes Feri atya \u00fczenet\u00e9t, sz\u00e9p tan\u00fabizonys\u00e1g\u00e1t meghallgatni \u00e9s megfogadni. Ezzel tartozunk eml\u00e9k\u00e9nek, \u00e1ldozatos szolg\u00e1lat\u00e1nak, ir\u00e1ntunk val\u00f3 k\u00fcl\u00f6nleges szeretet\u00e9nek.<br \/> Im\u00e1dkozzunk, hogy m\u00e9lt\u00f3 ut\u00f3dja legyen ebben a nem k\u00f6nny\u0171, de fontos diaszp\u00f3ra szolg\u00e1latban, amelyre sz\u00fcks\u00e9g van!<\/p>\n<p> \u00dcdv\u00f6zlettel:<br \/> Ravasz \u00c1kos<\/p>\n<p>&nbsp;<\/p>\n<p>&nbsp;A Kossuth R\u00e1di\u00f3 mai j\u00falius 25-i a &#8221; R\u00f3mai Katolikus Egyh\u00e1z f\u00e9l\u00f3r\u00e1ja&#8221; c\u00edm\u00fc ad\u00e1s\u00e1ban:<\/p>\n<p><a href=\"https:\/\/mediaklikk.hu\/musor\/tanuim-lesztek-a-romai-katolikus-egyhaz-feloraja\/\" moz-do-not-send=\"true\"><\/a><a href=\"https:\/\/mediaklikk.hu\/musor\/tanuim-lesztek-a-romai-katolikus-egyhaz-feloraja\/\">https:\/\/mediaklikk.hu\/musor\/tanuim-lesztek-a-romai-katolikus-egyhaz-feloraja\/<\/a><\/p>\n<p>Erd\u0151 P\u00e9ter b\u00edboros, esztergom-budapesti \u00e9rsek nekrol\u00f3gj\u00e1ban azt \u00edrta, Cserh\u00e1ti Ferenc k\u00fcldet\u00e9s\u00e9t mindig kiemelked\u0151 hozz\u00e1\u00e9rt\u00e9ssel \u00e9s lelkip\u00e1sztori szeretettel l\u00e1tta el.<\/p>\n<p>\u00d6kumenikus nyitotts\u00e1ggal vett r\u00e9szt a Diaszp\u00f3ra Tan\u00e1cs munk\u00e1j\u00e1ban. \u201eAz egyh\u00e1z \u00e9s a magyars\u00e1g szolg\u00e1lat\u00e1ban v\u00e9gzett kiemelked\u0151 munk\u00e1ss\u00e1g\u00e1nak \u00e9s kedves szem\u00e9ly\u00e9nek<\/p>\n<p>eml\u00e9k\u00e9t tisztelettel \u00e9s h\u00e1l\u00e1s szeretettel \u0151rizz\u00fck\u201d \u2013 fogalmazott a b\u00edboros.<\/p>\n<p>Cserh\u00e1ti Ferenc 1947. febru\u00e1r 12-\u00e9n sz\u00fcletett a Rom\u00e1nia ter\u00fclet\u00e9n tal\u00e1lhat\u00f3 T\u00farterebesen. 1971. \u00e1prilis 18-\u00e1n szentelt\u00e9k papp\u00e1 Gyulafeh\u00e9rv\u00e1ron a Szatm\u00e1ri Egyh\u00e1zmegye szolg\u00e1lat\u00e1ra.<\/p>\n<p>1971 \u00e9s 1973 k\u00f6z\u00f6tt Kaplonyban, 1973 \u00e9s 1979 k\u00f6z\u00f6tt M\u00e1ramarosszigeten volt k\u00e1pl\u00e1n.Magasabb teol\u00f3giai tanulm\u00e1nyokat folytatott 1979-t\u0151l Frankfurtban, majd az innsbrucki<\/p>\n<p>Leopold-Franzens-Egyetemen, ahol 1982-ben hittudom\u00e1nyi doktor\u00e1tust szerzett. Ezut\u00e1n 1982\u20131984-ig M\u00fcnchenben volt k\u00e1pl\u00e1n, 1984\u20132002-ig a m\u00fcncheni Magyar Katolikus Misszi\u00f3t vezette.<\/p>\n<p>1996-t\u00f3l 2006-ig a k\u00fclf\u00f6ld\u00f6n \u00e9l\u0151 r\u00f3mai katolikus magyarok p\u00fcsp\u00f6k\u00e9nek eur\u00f3pai deleg\u00e1tusa, valamint a N\u00e9met P\u00fcsp\u00f6ki Konferencia magyar deleg\u00e1tusa \u00e9s n\u00e9metorsz\u00e1gi magyar f\u0151lelk\u00e9sz volt.<\/p>\n<p>2007. j\u00fanius 15-\u00e9n XVI. Benedek p\u00e1pa kinevezte esztergom-budapesti seg\u00e9dp\u00fcsp\u00f6kk\u00e9 \u00e9s centuriai c\u00edmzetes p\u00fcsp\u00f6kk\u00e9. 2007. augusztus 15-\u00e9n szentelt\u00e9k p\u00fcsp\u00f6kk\u00e9 az esztergomi bazilik\u00e1ban.<\/p>\n<p>A Magyar Katolikus P\u00fcsp\u00f6ki Konferenci\u00e1t\u00f3l ezzel egyidej\u0171leg megb\u00edz\u00e1st kapott a k\u00fclf\u00f6ldi magyar lelkip\u00e1sztori szolg\u00e1lat koordin\u00e1tor\u00e1nak tiszts\u00e9g\u00e9re. Feladatk\u00f6r\u00e9be a K\u00e1rp\u00e1t-medenc\u00e9n k\u00edv\u00fcli<\/p>\n<p>magyar sz\u00f3rv\u00e1ny szolg\u00e1lata \u00e9s &#8211; Erd\u0151 P\u00e9ter b\u00edborost\u00f3l kapott kinevez\u00e9se alapj\u00e1n &#8211; az Esztergom-Budapesti F\u0151egyh\u00e1zmegye ter\u00fclet\u00e9n \u00e9l\u0151 nemzetis\u00e9gek, migr\u00e1nsok, turist\u00e1k lelkip\u00e1sztori<\/p>\n<p>ell\u00e1t\u00e1s\u00e1nak koordin\u00e1l\u00e1sa tartozott. Cserh\u00e1ti Ferenc lemond\u00e1s\u00e1t seg\u00e9dp\u00fcsp\u00f6ki tiszts\u00e9g\u00e9r\u0151l Ferenc p\u00e1pa febru\u00e1r 3-\u00e1n fogadta el \u00e9letkor\u00e1ra tekintettel.<\/p>","protected":false},"excerpt":{"rendered":"<p>Kedves Mindny\u00e1jan! Cserh\u00e1ti p\u00fcsp\u00f6k \u00far, Feri atya m\u00e9ltat\u00e1sa csak most kezd\u0151d\u00f6tt. M\u00e9g gy\u00e1szoljuk, egyhamar nem t\u00e9r\u00fcnk napirendre elt\u00e1voz\u00e1sa f\u00f6l\u00f6tt, hi\u00e1nyzik. A Kossuth r\u00e1di\u00f3 katolikus egyh\u00e1zi f\u00e9l\u00f3r\u00e1j\u00e1nak mai ad\u00e1s\u00e1ban nemcsak m\u00e9ltatj\u00e1k, de hallhatjuk is Feri aty\u00e1t, ez\u00e9rt k\u00fcld\u00f6m ezt a linket Zolt\u00e1n testv\u00e9rem j\u00f3volt\u00e1b\u00f3l. A Tan\u00faim lesztek j\u00falius 25-i ad\u00e1s\u00e1ra kell kattintani. Ekkor a bal fels\u0151 [&hellip;]<\/p>\n","protected":false},"author":4,"featured_media":0,"comment_status":"open","ping_status":"open","sticky":false,"template":"","format":"standard","meta":{"footnotes":""},"categories":[17],"tags":[21],"class_list":["post-1806","post","type-post","status-publish","format-standard","hentry","category-hirek","tag-21"],"yoast_head":"<!-- This site is optimized with the Yoast SEO plugin v27.5 - https:\/\/yoast.com\/product\/yoast-seo-wordpress\/ -->\n<title>Cserh\u00e1ti Ferenc \/ Kossuth R\u00e1di\u00f3 2023. j\u00falius 25. - BUOD<\/title>\n<meta name=\"robots\" content=\"index, follow, max-snippet:-1, max-image-preview:large, max-video-preview:-1\" \/>\n<link rel=\"canonical\" href=\"https:\/\/buod.de\/de\/cserhati-ferenc-kossuth-radio-2023-julius-25\/\" \/>\n<meta property=\"og:locale\" content=\"de_DE\" \/>\n<meta property=\"og:type\" content=\"article\" \/>\n<meta property=\"og:title\" content=\"Cserh\u00e1ti Ferenc \/ Kossuth R\u00e1di\u00f3 2023. j\u00falius 25. - BUOD\" \/>\n<meta property=\"og:description\" content=\"Kedves Mindny\u00e1jan! Cserh\u00e1ti p\u00fcsp\u00f6k \u00far, Feri atya m\u00e9ltat\u00e1sa csak most kezd\u0151d\u00f6tt. M\u00e9g gy\u00e1szoljuk, egyhamar nem t\u00e9r\u00fcnk napirendre elt\u00e1voz\u00e1sa f\u00f6l\u00f6tt, hi\u00e1nyzik. A Kossuth r\u00e1di\u00f3 katolikus egyh\u00e1zi f\u00e9l\u00f3r\u00e1j\u00e1nak mai ad\u00e1s\u00e1ban nemcsak m\u00e9ltatj\u00e1k, de hallhatjuk is Feri aty\u00e1t, ez\u00e9rt k\u00fcld\u00f6m ezt a linket Zolt\u00e1n testv\u00e9rem j\u00f3volt\u00e1b\u00f3l. A Tan\u00faim lesztek j\u00falius 25-i ad\u00e1s\u00e1ra kell kattintani. Ekkor a bal fels\u0151 [&hellip;]\" \/>\n<meta property=\"og:url\" content=\"https:\/\/buod.de\/de\/cserhati-ferenc-kossuth-radio-2023-julius-25\/\" \/>\n<meta property=\"og:site_name\" content=\"BUOD\" \/>\n<meta property=\"article:publisher\" content=\"https:\/\/www.facebook.com\/profile.php?id=100082185652397\" \/>\n<meta property=\"article:published_time\" content=\"2023-07-25T09:04:41+00:00\" \/>\n<meta property=\"article:modified_time\" content=\"2024-04-11T13:33:36+00:00\" \/>\n<meta name=\"author\" content=\"Gery V\u00e1rkonyi\" \/>\n<meta name=\"twitter:card\" content=\"summary_large_image\" \/>\n<meta name=\"twitter:label1\" content=\"Written by\" \/>\n\t<meta name=\"twitter:data1\" content=\"Gery V\u00e1rkonyi\" \/>\n\t<meta name=\"twitter:label2\" content=\"Est. reading time\" \/>\n\t<meta name=\"twitter:data2\" content=\"3 minutes\" \/>\n<script type=\"application\/ld+json\" class=\"yoast-schema-graph\">{\"@context\":\"https:\\\/\\\/schema.org\",\"@graph\":[{\"@type\":\"Article\",\"@id\":\"https:\\\/\\\/buod.de\\\/cserhati-ferenc-kossuth-radio-2023-julius-25\\\/#article\",\"isPartOf\":{\"@id\":\"https:\\\/\\\/buod.de\\\/cserhati-ferenc-kossuth-radio-2023-julius-25\\\/\"},\"author\":{\"name\":\"Gery V\u00e1rkonyi\",\"@id\":\"https:\\\/\\\/buod.de\\\/#\\\/schema\\\/person\\\/8332a3e63b017fea8fcd17e9c0f96bf1\"},\"headline\":\"Cserh\u00e1ti Ferenc \\\/ Kossuth R\u00e1di\u00f3 2023. j\u00falius 25.\",\"datePublished\":\"2023-07-25T09:04:41+00:00\",\"dateModified\":\"2024-04-11T13:33:36+00:00\",\"mainEntityOfPage\":{\"@id\":\"https:\\\/\\\/buod.de\\\/cserhati-ferenc-kossuth-radio-2023-julius-25\\\/\"},\"wordCount\":575,\"commentCount\":0,\"publisher\":{\"@id\":\"https:\\\/\\\/buod.de\\\/#organization\"},\"keywords\":[\"2023\"],\"articleSection\":[\"H\u00edrek\"],\"inLanguage\":\"de-DE\",\"potentialAction\":[{\"@type\":\"CommentAction\",\"name\":\"Comment\",\"target\":[\"https:\\\/\\\/buod.de\\\/cserhati-ferenc-kossuth-radio-2023-julius-25\\\/#respond\"]}]},{\"@type\":\"WebPage\",\"@id\":\"https:\\\/\\\/buod.de\\\/cserhati-ferenc-kossuth-radio-2023-julius-25\\\/\",\"url\":\"https:\\\/\\\/buod.de\\\/cserhati-ferenc-kossuth-radio-2023-julius-25\\\/\",\"name\":\"Cserh\u00e1ti Ferenc \\\/ Kossuth R\u00e1di\u00f3 2023. j\u00falius 25. - BUOD\",\"isPartOf\":{\"@id\":\"https:\\\/\\\/buod.de\\\/#website\"},\"datePublished\":\"2023-07-25T09:04:41+00:00\",\"dateModified\":\"2024-04-11T13:33:36+00:00\",\"breadcrumb\":{\"@id\":\"https:\\\/\\\/buod.de\\\/cserhati-ferenc-kossuth-radio-2023-julius-25\\\/#breadcrumb\"},\"inLanguage\":\"de-DE\",\"potentialAction\":[{\"@type\":\"ReadAction\",\"target\":[\"https:\\\/\\\/buod.de\\\/cserhati-ferenc-kossuth-radio-2023-julius-25\\\/\"]}]},{\"@type\":\"BreadcrumbList\",\"@id\":\"https:\\\/\\\/buod.de\\\/cserhati-ferenc-kossuth-radio-2023-julius-25\\\/#breadcrumb\",\"itemListElement\":[{\"@type\":\"ListItem\",\"position\":1,\"name\":\"Kezd\u0151lap\",\"item\":\"https:\\\/\\\/buod.de\\\/\"},{\"@type\":\"ListItem\",\"position\":2,\"name\":\"Cserh\u00e1ti Ferenc \\\/ Kossuth R\u00e1di\u00f3 2023. j\u00falius 25.\"}]},{\"@type\":\"WebSite\",\"@id\":\"https:\\\/\\\/buod.de\\\/#website\",\"url\":\"https:\\\/\\\/buod.de\\\/\",\"name\":\"BUOD\",\"description\":\"Bund Ungarischer Organisationen in Deutschland\",\"publisher\":{\"@id\":\"https:\\\/\\\/buod.de\\\/#organization\"},\"potentialAction\":[{\"@type\":\"SearchAction\",\"target\":{\"@type\":\"EntryPoint\",\"urlTemplate\":\"https:\\\/\\\/buod.de\\\/?s={search_term_string}\"},\"query-input\":{\"@type\":\"PropertyValueSpecification\",\"valueRequired\":true,\"valueName\":\"search_term_string\"}}],\"inLanguage\":\"de-DE\"},{\"@type\":\"Organization\",\"@id\":\"https:\\\/\\\/buod.de\\\/#organization\",\"name\":\"BUOD\",\"url\":\"https:\\\/\\\/buod.de\\\/\",\"logo\":{\"@type\":\"ImageObject\",\"inLanguage\":\"de-DE\",\"@id\":\"https:\\\/\\\/buod.de\\\/#\\\/schema\\\/logo\\\/image\\\/\",\"url\":\"https:\\\/\\\/buod.de\\\/wp-content\\\/uploads\\\/2024\\\/03\\\/BUOD-logo.png\",\"contentUrl\":\"https:\\\/\\\/buod.de\\\/wp-content\\\/uploads\\\/2024\\\/03\\\/BUOD-logo.png\",\"width\":586,\"height\":490,\"caption\":\"BUOD\"},\"image\":{\"@id\":\"https:\\\/\\\/buod.de\\\/#\\\/schema\\\/logo\\\/image\\\/\"},\"sameAs\":[\"https:\\\/\\\/www.facebook.com\\\/profile.php?id=100082185652397\"]},{\"@type\":\"Person\",\"@id\":\"https:\\\/\\\/buod.de\\\/#\\\/schema\\\/person\\\/8332a3e63b017fea8fcd17e9c0f96bf1\",\"name\":\"Gery V\u00e1rkonyi\",\"image\":{\"@type\":\"ImageObject\",\"inLanguage\":\"de-DE\",\"@id\":\"https:\\\/\\\/secure.gravatar.com\\\/avatar\\\/c1babe7dc68f065be4ec606c522172804715398688c78c6fffca3888b364e934?s=96&d=mm&r=g\",\"url\":\"https:\\\/\\\/secure.gravatar.com\\\/avatar\\\/c1babe7dc68f065be4ec606c522172804715398688c78c6fffca3888b364e934?s=96&d=mm&r=g\",\"contentUrl\":\"https:\\\/\\\/secure.gravatar.com\\\/avatar\\\/c1babe7dc68f065be4ec606c522172804715398688c78c6fffca3888b364e934?s=96&d=mm&r=g\",\"caption\":\"Gery V\u00e1rkonyi\"},\"url\":\"https:\\\/\\\/buod.de\\\/de\\\/author\\\/geryvarkonyi\\\/\"}]}<\/script>\n<!-- \/ Yoast SEO plugin. -->","yoast_head_json":{"title":"Cserh\u00e1ti Ferenc \/ Kossuth R\u00e1di\u00f3 2023. j\u00falius 25. - BUOD","robots":{"index":"index","follow":"follow","max-snippet":"max-snippet:-1","max-image-preview":"max-image-preview:large","max-video-preview":"max-video-preview:-1"},"canonical":"https:\/\/buod.de\/de\/cserhati-ferenc-kossuth-radio-2023-julius-25\/","og_locale":"de_DE","og_type":"article","og_title":"Cserh\u00e1ti Ferenc \/ Kossuth R\u00e1di\u00f3 2023. j\u00falius 25. - BUOD","og_description":"Kedves Mindny\u00e1jan! Cserh\u00e1ti p\u00fcsp\u00f6k \u00far, Feri atya m\u00e9ltat\u00e1sa csak most kezd\u0151d\u00f6tt. M\u00e9g gy\u00e1szoljuk, egyhamar nem t\u00e9r\u00fcnk napirendre elt\u00e1voz\u00e1sa f\u00f6l\u00f6tt, hi\u00e1nyzik. A Kossuth r\u00e1di\u00f3 katolikus egyh\u00e1zi f\u00e9l\u00f3r\u00e1j\u00e1nak mai ad\u00e1s\u00e1ban nemcsak m\u00e9ltatj\u00e1k, de hallhatjuk is Feri aty\u00e1t, ez\u00e9rt k\u00fcld\u00f6m ezt a linket Zolt\u00e1n testv\u00e9rem j\u00f3volt\u00e1b\u00f3l. A Tan\u00faim lesztek j\u00falius 25-i ad\u00e1s\u00e1ra kell kattintani. Ekkor a bal fels\u0151 [&hellip;]","og_url":"https:\/\/buod.de\/de\/cserhati-ferenc-kossuth-radio-2023-julius-25\/","og_site_name":"BUOD","article_publisher":"https:\/\/www.facebook.com\/profile.php?id=100082185652397","article_published_time":"2023-07-25T09:04:41+00:00","article_modified_time":"2024-04-11T13:33:36+00:00","author":"Gery V\u00e1rkonyi","twitter_card":"summary_large_image","twitter_misc":{"Written by":"Gery V\u00e1rkonyi","Est. reading time":"3 minutes"},"schema":{"@context":"https:\/\/schema.org","@graph":[{"@type":"Article","@id":"https:\/\/buod.de\/cserhati-ferenc-kossuth-radio-2023-julius-25\/#article","isPartOf":{"@id":"https:\/\/buod.de\/cserhati-ferenc-kossuth-radio-2023-julius-25\/"},"author":{"name":"Gery V\u00e1rkonyi","@id":"https:\/\/buod.de\/#\/schema\/person\/8332a3e63b017fea8fcd17e9c0f96bf1"},"headline":"Cserh\u00e1ti Ferenc \/ Kossuth R\u00e1di\u00f3 2023. j\u00falius 25.","datePublished":"2023-07-25T09:04:41+00:00","dateModified":"2024-04-11T13:33:36+00:00","mainEntityOfPage":{"@id":"https:\/\/buod.de\/cserhati-ferenc-kossuth-radio-2023-julius-25\/"},"wordCount":575,"commentCount":0,"publisher":{"@id":"https:\/\/buod.de\/#organization"},"keywords":["2023"],"articleSection":["H\u00edrek"],"inLanguage":"de-DE","potentialAction":[{"@type":"CommentAction","name":"Comment","target":["https:\/\/buod.de\/cserhati-ferenc-kossuth-radio-2023-julius-25\/#respond"]}]},{"@type":"WebPage","@id":"https:\/\/buod.de\/cserhati-ferenc-kossuth-radio-2023-julius-25\/","url":"https:\/\/buod.de\/cserhati-ferenc-kossuth-radio-2023-julius-25\/","name":"Cserh\u00e1ti Ferenc \/ Kossuth R\u00e1di\u00f3 2023. j\u00falius 25. - BUOD","isPartOf":{"@id":"https:\/\/buod.de\/#website"},"datePublished":"2023-07-25T09:04:41+00:00","dateModified":"2024-04-11T13:33:36+00:00","breadcrumb":{"@id":"https:\/\/buod.de\/cserhati-ferenc-kossuth-radio-2023-julius-25\/#breadcrumb"},"inLanguage":"de-DE","potentialAction":[{"@type":"ReadAction","target":["https:\/\/buod.de\/cserhati-ferenc-kossuth-radio-2023-julius-25\/"]}]},{"@type":"BreadcrumbList","@id":"https:\/\/buod.de\/cserhati-ferenc-kossuth-radio-2023-julius-25\/#breadcrumb","itemListElement":[{"@type":"ListItem","position":1,"name":"Kezd\u0151lap","item":"https:\/\/buod.de\/"},{"@type":"ListItem","position":2,"name":"Cserh\u00e1ti Ferenc \/ Kossuth R\u00e1di\u00f3 2023. j\u00falius 25."}]},{"@type":"WebSite","@id":"https:\/\/buod.de\/#website","url":"https:\/\/buod.de\/","name":"BUOD","description":"Bund Ungarischer Organisationen in Deutschland","publisher":{"@id":"https:\/\/buod.de\/#organization"},"potentialAction":[{"@type":"SearchAction","target":{"@type":"EntryPoint","urlTemplate":"https:\/\/buod.de\/?s={search_term_string}"},"query-input":{"@type":"PropertyValueSpecification","valueRequired":true,"valueName":"search_term_string"}}],"inLanguage":"de-DE"},{"@type":"Organization","@id":"https:\/\/buod.de\/#organization","name":"BUOD","url":"https:\/\/buod.de\/","logo":{"@type":"ImageObject","inLanguage":"de-DE","@id":"https:\/\/buod.de\/#\/schema\/logo\/image\/","url":"https:\/\/buod.de\/wp-content\/uploads\/2024\/03\/BUOD-logo.png","contentUrl":"https:\/\/buod.de\/wp-content\/uploads\/2024\/03\/BUOD-logo.png","width":586,"height":490,"caption":"BUOD"},"image":{"@id":"https:\/\/buod.de\/#\/schema\/logo\/image\/"},"sameAs":["https:\/\/www.facebook.com\/profile.php?id=100082185652397"]},{"@type":"Person","@id":"https:\/\/buod.de\/#\/schema\/person\/8332a3e63b017fea8fcd17e9c0f96bf1","name":"Gery V\u00e1rkonyi","image":{"@type":"ImageObject","inLanguage":"de-DE","@id":"https:\/\/secure.gravatar.com\/avatar\/c1babe7dc68f065be4ec606c522172804715398688c78c6fffca3888b364e934?s=96&d=mm&r=g","url":"https:\/\/secure.gravatar.com\/avatar\/c1babe7dc68f065be4ec606c522172804715398688c78c6fffca3888b364e934?s=96&d=mm&r=g","contentUrl":"https:\/\/secure.gravatar.com\/avatar\/c1babe7dc68f065be4ec606c522172804715398688c78c6fffca3888b364e934?s=96&d=mm&r=g","caption":"Gery V\u00e1rkonyi"},"url":"https:\/\/buod.de\/de\/author\/geryvarkonyi\/"}]}},"_links":{"self":[{"href":"https:\/\/buod.de\/de\/wp-json\/wp\/v2\/posts\/1806","targetHints":{"allow":["GET"]}}],"collection":[{"href":"https:\/\/buod.de\/de\/wp-json\/wp\/v2\/posts"}],"about":[{"href":"https:\/\/buod.de\/de\/wp-json\/wp\/v2\/types\/post"}],"author":[{"embeddable":true,"href":"https:\/\/buod.de\/de\/wp-json\/wp\/v2\/users\/4"}],"replies":[{"embeddable":true,"href":"https:\/\/buod.de\/de\/wp-json\/wp\/v2\/comments?post=1806"}],"version-history":[{"count":1,"href":"https:\/\/buod.de\/de\/wp-json\/wp\/v2\/posts\/1806\/revisions"}],"predecessor-version":[{"id":2322,"href":"https:\/\/buod.de\/de\/wp-json\/wp\/v2\/posts\/1806\/revisions\/2322"}],"wp:attachment":[{"href":"https:\/\/buod.de\/de\/wp-json\/wp\/v2\/media?parent=1806"}],"wp:term":[{"taxonomy":"category","embeddable":true,"href":"https:\/\/buod.de\/de\/wp-json\/wp\/v2\/categories?post=1806"},{"taxonomy":"post_tag","embeddable":true,"href":"https:\/\/buod.de\/de\/wp-json\/wp\/v2\/tags?post=1806"}],"curies":[{"name":"wp","href":"https:\/\/api.w.org\/{rel}","templated":true}]}}