{"id":1809,"date":"2023-08-12T12:51:15","date_gmt":"2023-08-12T12:51:15","guid":{"rendered":"https:\/\/dev.buod.de\/kulonleges-elmeny-besonderer-abend-roby-lakatos-in-hagen\/"},"modified":"2024-04-11T13:34:13","modified_gmt":"2024-04-11T13:34:13","slug":"kulonleges-elmeny-besonderer-abend-roby-lakatos-in-hagen","status":"publish","type":"post","link":"https:\/\/buod.de\/de\/kulonleges-elmeny-besonderer-abend-roby-lakatos-in-hagen\/","title":{"rendered":"K\u00fcl\u00f6nleges \u00e9lm\u00e9ny_besonderer Abend-Roby Lakatos in Hagen"},"content":{"rendered":"<p>Kedves Listat\u00e1rsak!<\/p>\n<p>Szeretn\u00e9m felh\u00edvni a figyelm\u00fcket\/figyelmetetek egy rendk\u00edv\u00fcli zenei csemeg\u00e9re, <strong>szeptember 1-\u00e9n 19:30-kor a nagyszer\u0171 Roby Lakatos &amp; egy\u00fcttese <\/strong>vend\u00e9gj\u00e1t\u00e9k\u00e1ra <strong>Hagenben<\/strong>!<\/p>\n<p><!--more--><\/p>\n<p> N\u00e9h\u00e1ny \u00e9vvel ezel\u0151tt m\u00e1r fell\u00e9ptek itt a hageni Filharmonikus Zenekerral egy\u00fctt, a siker \u00f3ri\u00e1si volt! Virtu\u00f3zit\u00e1suk, sokoldalus\u00e1guk, temperamentumuk mindenkit &nbsp;elragadtatott. Elegend\u0151 jelentkez\u0151 eset\u00e9n, kedvezm\u00e9nyes jegyeket kaphatunk, aki teh\u00e1t r\u00e9szese akar lenni ennek a k\u00fcl\u00f6nleges \u00e9lm\u00e9nynek, <strong>VIII.15-ig jelentkezzen<\/strong><a href=\"mailto:vadrozsa@web.de\">vadrozsa@web.de<\/a> mail c\u00edm\u00fcnk\u00f6n!<\/p>\n<p>Lieber Ungarn- und Musikfreunde!<\/p>\n<p>Ich m\u00f6chte Sie auf einen ganz besonderen musikalischen Leckerbissen aufmerksam machen.<br \/> Am<strong> 1. September <\/strong>kommt der<strong> gro\u00dfartiger Geiger Roby Lakatos &amp; Ensemble auf ein Gastspiel um 19:30 Uhr nach Hage<\/strong>n. Bei deren Auftritt vor einigen Jahren zusammen mit dem Philharmonischen Orchester Hagen hat ihre Virtuosit\u00e4t, Temperament alle vom Stuhl gerissen. Bei ausreichenden Anmeldungen k\u00f6nnen wir erm\u00e4\u00dfigte Karten bekommen. Wenn Sie auch diesen besonderen Abend miterleben wollen, <strong>melden Sie sich bis zum 15.08.23 <\/strong>&nbsp;an unserem E-mail Adresse <a href=\"mailto:vadrozsa@web.de\" target=\"_blank\" rel=\"noopener\"><\/a><a href=\"mailto:vadrozsa@web.de\">vadrozsa@web.de<\/a> an!<\/p>\n<p>Szives \u00fcdv\u00f6zlettel \/ Mit sch\u00f6nen Gr\u00fc\u00dfen&nbsp;&nbsp;<\/p>\n<p>M\u00fcnnich-\u00c1kontz Ildik\u00f3<br \/> Ungarischer Kulturverein Hagen e.V.<\/p>","protected":false},"excerpt":{"rendered":"<p>Kedves Listat\u00e1rsak! Szeretn\u00e9m felh\u00edvni a figyelm\u00fcket\/figyelmetetek egy rendk\u00edv\u00fcli zenei csemeg\u00e9re, szeptember 1-\u00e9n 19:30-kor a nagyszer\u0171 Roby Lakatos &amp; egy\u00fcttese vend\u00e9gj\u00e1t\u00e9k\u00e1ra Hagenben!<\/p>","protected":false},"author":4,"featured_media":0,"comment_status":"open","ping_status":"open","sticky":false,"template":"","format":"standard","meta":{"footnotes":""},"categories":[17],"tags":[21],"class_list":["post-1809","post","type-post","status-publish","format-standard","hentry","category-hirek","tag-21"],"yoast_head":"<!-- This site is optimized with the Yoast SEO plugin v27.5 - https:\/\/yoast.com\/product\/yoast-seo-wordpress\/ -->\n<title>K\u00fcl\u00f6nleges \u00e9lm\u00e9ny_besonderer Abend-Roby Lakatos in Hagen - BUOD<\/title>\n<meta name=\"robots\" content=\"index, follow, max-snippet:-1, max-image-preview:large, max-video-preview:-1\" \/>\n<link rel=\"canonical\" href=\"https:\/\/buod.de\/de\/kulonleges-elmeny-besonderer-abend-roby-lakatos-in-hagen\/\" \/>\n<meta property=\"og:locale\" content=\"de_DE\" \/>\n<meta property=\"og:type\" content=\"article\" \/>\n<meta property=\"og:title\" content=\"K\u00fcl\u00f6nleges \u00e9lm\u00e9ny_besonderer Abend-Roby Lakatos in Hagen - BUOD\" \/>\n<meta property=\"og:description\" content=\"Kedves Listat\u00e1rsak! Szeretn\u00e9m felh\u00edvni a figyelm\u00fcket\/figyelmetetek egy rendk\u00edv\u00fcli zenei csemeg\u00e9re, szeptember 1-\u00e9n 19:30-kor a nagyszer\u0171 Roby Lakatos &amp; egy\u00fcttese vend\u00e9gj\u00e1t\u00e9k\u00e1ra Hagenben!\" \/>\n<meta property=\"og:url\" content=\"https:\/\/buod.de\/de\/kulonleges-elmeny-besonderer-abend-roby-lakatos-in-hagen\/\" \/>\n<meta property=\"og:site_name\" content=\"BUOD\" \/>\n<meta property=\"article:publisher\" content=\"https:\/\/www.facebook.com\/profile.php?id=100082185652397\" \/>\n<meta property=\"article:published_time\" content=\"2023-08-12T12:51:15+00:00\" \/>\n<meta property=\"article:modified_time\" content=\"2024-04-11T13:34:13+00:00\" \/>\n<meta name=\"author\" content=\"Gery V\u00e1rkonyi\" \/>\n<meta name=\"twitter:card\" content=\"summary_large_image\" \/>\n<meta name=\"twitter:label1\" content=\"Written by\" \/>\n\t<meta name=\"twitter:data1\" content=\"Gery V\u00e1rkonyi\" \/>\n\t<meta name=\"twitter:label2\" content=\"Est. reading time\" \/>\n\t<meta name=\"twitter:data2\" content=\"1 minute\" \/>\n<script type=\"application\/ld+json\" class=\"yoast-schema-graph\">{\"@context\":\"https:\\\/\\\/schema.org\",\"@graph\":[{\"@type\":\"Article\",\"@id\":\"https:\\\/\\\/buod.de\\\/kulonleges-elmeny-besonderer-abend-roby-lakatos-in-hagen\\\/#article\",\"isPartOf\":{\"@id\":\"https:\\\/\\\/buod.de\\\/kulonleges-elmeny-besonderer-abend-roby-lakatos-in-hagen\\\/\"},\"author\":{\"name\":\"Gery V\u00e1rkonyi\",\"@id\":\"https:\\\/\\\/buod.de\\\/#\\\/schema\\\/person\\\/8332a3e63b017fea8fcd17e9c0f96bf1\"},\"headline\":\"K\u00fcl\u00f6nleges \u00e9lm\u00e9ny_besonderer Abend-Roby Lakatos in Hagen\",\"datePublished\":\"2023-08-12T12:51:15+00:00\",\"dateModified\":\"2024-04-11T13:34:13+00:00\",\"mainEntityOfPage\":{\"@id\":\"https:\\\/\\\/buod.de\\\/kulonleges-elmeny-besonderer-abend-roby-lakatos-in-hagen\\\/\"},\"wordCount\":215,\"commentCount\":0,\"publisher\":{\"@id\":\"https:\\\/\\\/buod.de\\\/#organization\"},\"keywords\":[\"2023\"],\"articleSection\":[\"H\u00edrek\"],\"inLanguage\":\"de-DE\",\"potentialAction\":[{\"@type\":\"CommentAction\",\"name\":\"Comment\",\"target\":[\"https:\\\/\\\/buod.de\\\/kulonleges-elmeny-besonderer-abend-roby-lakatos-in-hagen\\\/#respond\"]}]},{\"@type\":\"WebPage\",\"@id\":\"https:\\\/\\\/buod.de\\\/kulonleges-elmeny-besonderer-abend-roby-lakatos-in-hagen\\\/\",\"url\":\"https:\\\/\\\/buod.de\\\/kulonleges-elmeny-besonderer-abend-roby-lakatos-in-hagen\\\/\",\"name\":\"K\u00fcl\u00f6nleges \u00e9lm\u00e9ny_besonderer Abend-Roby Lakatos in Hagen - BUOD\",\"isPartOf\":{\"@id\":\"https:\\\/\\\/buod.de\\\/#website\"},\"datePublished\":\"2023-08-12T12:51:15+00:00\",\"dateModified\":\"2024-04-11T13:34:13+00:00\",\"breadcrumb\":{\"@id\":\"https:\\\/\\\/buod.de\\\/kulonleges-elmeny-besonderer-abend-roby-lakatos-in-hagen\\\/#breadcrumb\"},\"inLanguage\":\"de-DE\",\"potentialAction\":[{\"@type\":\"ReadAction\",\"target\":[\"https:\\\/\\\/buod.de\\\/kulonleges-elmeny-besonderer-abend-roby-lakatos-in-hagen\\\/\"]}]},{\"@type\":\"BreadcrumbList\",\"@id\":\"https:\\\/\\\/buod.de\\\/kulonleges-elmeny-besonderer-abend-roby-lakatos-in-hagen\\\/#breadcrumb\",\"itemListElement\":[{\"@type\":\"ListItem\",\"position\":1,\"name\":\"Kezd\u0151lap\",\"item\":\"https:\\\/\\\/buod.de\\\/\"},{\"@type\":\"ListItem\",\"position\":2,\"name\":\"K\u00fcl\u00f6nleges \u00e9lm\u00e9ny_besonderer Abend-Roby Lakatos in Hagen\"}]},{\"@type\":\"WebSite\",\"@id\":\"https:\\\/\\\/buod.de\\\/#website\",\"url\":\"https:\\\/\\\/buod.de\\\/\",\"name\":\"BUOD\",\"description\":\"Bund Ungarischer Organisationen in Deutschland\",\"publisher\":{\"@id\":\"https:\\\/\\\/buod.de\\\/#organization\"},\"potentialAction\":[{\"@type\":\"SearchAction\",\"target\":{\"@type\":\"EntryPoint\",\"urlTemplate\":\"https:\\\/\\\/buod.de\\\/?s={search_term_string}\"},\"query-input\":{\"@type\":\"PropertyValueSpecification\",\"valueRequired\":true,\"valueName\":\"search_term_string\"}}],\"inLanguage\":\"de-DE\"},{\"@type\":\"Organization\",\"@id\":\"https:\\\/\\\/buod.de\\\/#organization\",\"name\":\"BUOD\",\"url\":\"https:\\\/\\\/buod.de\\\/\",\"logo\":{\"@type\":\"ImageObject\",\"inLanguage\":\"de-DE\",\"@id\":\"https:\\\/\\\/buod.de\\\/#\\\/schema\\\/logo\\\/image\\\/\",\"url\":\"https:\\\/\\\/buod.de\\\/wp-content\\\/uploads\\\/2024\\\/03\\\/BUOD-logo.png\",\"contentUrl\":\"https:\\\/\\\/buod.de\\\/wp-content\\\/uploads\\\/2024\\\/03\\\/BUOD-logo.png\",\"width\":586,\"height\":490,\"caption\":\"BUOD\"},\"image\":{\"@id\":\"https:\\\/\\\/buod.de\\\/#\\\/schema\\\/logo\\\/image\\\/\"},\"sameAs\":[\"https:\\\/\\\/www.facebook.com\\\/profile.php?id=100082185652397\"]},{\"@type\":\"Person\",\"@id\":\"https:\\\/\\\/buod.de\\\/#\\\/schema\\\/person\\\/8332a3e63b017fea8fcd17e9c0f96bf1\",\"name\":\"Gery V\u00e1rkonyi\",\"image\":{\"@type\":\"ImageObject\",\"inLanguage\":\"de-DE\",\"@id\":\"https:\\\/\\\/secure.gravatar.com\\\/avatar\\\/c1babe7dc68f065be4ec606c522172804715398688c78c6fffca3888b364e934?s=96&d=mm&r=g\",\"url\":\"https:\\\/\\\/secure.gravatar.com\\\/avatar\\\/c1babe7dc68f065be4ec606c522172804715398688c78c6fffca3888b364e934?s=96&d=mm&r=g\",\"contentUrl\":\"https:\\\/\\\/secure.gravatar.com\\\/avatar\\\/c1babe7dc68f065be4ec606c522172804715398688c78c6fffca3888b364e934?s=96&d=mm&r=g\",\"caption\":\"Gery V\u00e1rkonyi\"},\"url\":\"https:\\\/\\\/buod.de\\\/de\\\/author\\\/geryvarkonyi\\\/\"}]}<\/script>\n<!-- \/ Yoast SEO plugin. -->","yoast_head_json":{"title":"K\u00fcl\u00f6nleges \u00e9lm\u00e9ny_besonderer Abend-Roby Lakatos in Hagen - BUOD","robots":{"index":"index","follow":"follow","max-snippet":"max-snippet:-1","max-image-preview":"max-image-preview:large","max-video-preview":"max-video-preview:-1"},"canonical":"https:\/\/buod.de\/de\/kulonleges-elmeny-besonderer-abend-roby-lakatos-in-hagen\/","og_locale":"de_DE","og_type":"article","og_title":"K\u00fcl\u00f6nleges \u00e9lm\u00e9ny_besonderer Abend-Roby Lakatos in Hagen - BUOD","og_description":"Kedves Listat\u00e1rsak! Szeretn\u00e9m felh\u00edvni a figyelm\u00fcket\/figyelmetetek egy rendk\u00edv\u00fcli zenei csemeg\u00e9re, szeptember 1-\u00e9n 19:30-kor a nagyszer\u0171 Roby Lakatos &amp; egy\u00fcttese vend\u00e9gj\u00e1t\u00e9k\u00e1ra Hagenben!","og_url":"https:\/\/buod.de\/de\/kulonleges-elmeny-besonderer-abend-roby-lakatos-in-hagen\/","og_site_name":"BUOD","article_publisher":"https:\/\/www.facebook.com\/profile.php?id=100082185652397","article_published_time":"2023-08-12T12:51:15+00:00","article_modified_time":"2024-04-11T13:34:13+00:00","author":"Gery V\u00e1rkonyi","twitter_card":"summary_large_image","twitter_misc":{"Written by":"Gery V\u00e1rkonyi","Est. reading time":"1 minute"},"schema":{"@context":"https:\/\/schema.org","@graph":[{"@type":"Article","@id":"https:\/\/buod.de\/kulonleges-elmeny-besonderer-abend-roby-lakatos-in-hagen\/#article","isPartOf":{"@id":"https:\/\/buod.de\/kulonleges-elmeny-besonderer-abend-roby-lakatos-in-hagen\/"},"author":{"name":"Gery V\u00e1rkonyi","@id":"https:\/\/buod.de\/#\/schema\/person\/8332a3e63b017fea8fcd17e9c0f96bf1"},"headline":"K\u00fcl\u00f6nleges \u00e9lm\u00e9ny_besonderer Abend-Roby Lakatos in Hagen","datePublished":"2023-08-12T12:51:15+00:00","dateModified":"2024-04-11T13:34:13+00:00","mainEntityOfPage":{"@id":"https:\/\/buod.de\/kulonleges-elmeny-besonderer-abend-roby-lakatos-in-hagen\/"},"wordCount":215,"commentCount":0,"publisher":{"@id":"https:\/\/buod.de\/#organization"},"keywords":["2023"],"articleSection":["H\u00edrek"],"inLanguage":"de-DE","potentialAction":[{"@type":"CommentAction","name":"Comment","target":["https:\/\/buod.de\/kulonleges-elmeny-besonderer-abend-roby-lakatos-in-hagen\/#respond"]}]},{"@type":"WebPage","@id":"https:\/\/buod.de\/kulonleges-elmeny-besonderer-abend-roby-lakatos-in-hagen\/","url":"https:\/\/buod.de\/kulonleges-elmeny-besonderer-abend-roby-lakatos-in-hagen\/","name":"K\u00fcl\u00f6nleges \u00e9lm\u00e9ny_besonderer Abend-Roby Lakatos in Hagen - BUOD","isPartOf":{"@id":"https:\/\/buod.de\/#website"},"datePublished":"2023-08-12T12:51:15+00:00","dateModified":"2024-04-11T13:34:13+00:00","breadcrumb":{"@id":"https:\/\/buod.de\/kulonleges-elmeny-besonderer-abend-roby-lakatos-in-hagen\/#breadcrumb"},"inLanguage":"de-DE","potentialAction":[{"@type":"ReadAction","target":["https:\/\/buod.de\/kulonleges-elmeny-besonderer-abend-roby-lakatos-in-hagen\/"]}]},{"@type":"BreadcrumbList","@id":"https:\/\/buod.de\/kulonleges-elmeny-besonderer-abend-roby-lakatos-in-hagen\/#breadcrumb","itemListElement":[{"@type":"ListItem","position":1,"name":"Kezd\u0151lap","item":"https:\/\/buod.de\/"},{"@type":"ListItem","position":2,"name":"K\u00fcl\u00f6nleges \u00e9lm\u00e9ny_besonderer Abend-Roby Lakatos in Hagen"}]},{"@type":"WebSite","@id":"https:\/\/buod.de\/#website","url":"https:\/\/buod.de\/","name":"BUOD","description":"Bund Ungarischer Organisationen in Deutschland","publisher":{"@id":"https:\/\/buod.de\/#organization"},"potentialAction":[{"@type":"SearchAction","target":{"@type":"EntryPoint","urlTemplate":"https:\/\/buod.de\/?s={search_term_string}"},"query-input":{"@type":"PropertyValueSpecification","valueRequired":true,"valueName":"search_term_string"}}],"inLanguage":"de-DE"},{"@type":"Organization","@id":"https:\/\/buod.de\/#organization","name":"BUOD","url":"https:\/\/buod.de\/","logo":{"@type":"ImageObject","inLanguage":"de-DE","@id":"https:\/\/buod.de\/#\/schema\/logo\/image\/","url":"https:\/\/buod.de\/wp-content\/uploads\/2024\/03\/BUOD-logo.png","contentUrl":"https:\/\/buod.de\/wp-content\/uploads\/2024\/03\/BUOD-logo.png","width":586,"height":490,"caption":"BUOD"},"image":{"@id":"https:\/\/buod.de\/#\/schema\/logo\/image\/"},"sameAs":["https:\/\/www.facebook.com\/profile.php?id=100082185652397"]},{"@type":"Person","@id":"https:\/\/buod.de\/#\/schema\/person\/8332a3e63b017fea8fcd17e9c0f96bf1","name":"Gery V\u00e1rkonyi","image":{"@type":"ImageObject","inLanguage":"de-DE","@id":"https:\/\/secure.gravatar.com\/avatar\/c1babe7dc68f065be4ec606c522172804715398688c78c6fffca3888b364e934?s=96&d=mm&r=g","url":"https:\/\/secure.gravatar.com\/avatar\/c1babe7dc68f065be4ec606c522172804715398688c78c6fffca3888b364e934?s=96&d=mm&r=g","contentUrl":"https:\/\/secure.gravatar.com\/avatar\/c1babe7dc68f065be4ec606c522172804715398688c78c6fffca3888b364e934?s=96&d=mm&r=g","caption":"Gery V\u00e1rkonyi"},"url":"https:\/\/buod.de\/de\/author\/geryvarkonyi\/"}]}},"_links":{"self":[{"href":"https:\/\/buod.de\/de\/wp-json\/wp\/v2\/posts\/1809","targetHints":{"allow":["GET"]}}],"collection":[{"href":"https:\/\/buod.de\/de\/wp-json\/wp\/v2\/posts"}],"about":[{"href":"https:\/\/buod.de\/de\/wp-json\/wp\/v2\/types\/post"}],"author":[{"embeddable":true,"href":"https:\/\/buod.de\/de\/wp-json\/wp\/v2\/users\/4"}],"replies":[{"embeddable":true,"href":"https:\/\/buod.de\/de\/wp-json\/wp\/v2\/comments?post=1809"}],"version-history":[{"count":1,"href":"https:\/\/buod.de\/de\/wp-json\/wp\/v2\/posts\/1809\/revisions"}],"predecessor-version":[{"id":2447,"href":"https:\/\/buod.de\/de\/wp-json\/wp\/v2\/posts\/1809\/revisions\/2447"}],"wp:attachment":[{"href":"https:\/\/buod.de\/de\/wp-json\/wp\/v2\/media?parent=1809"}],"wp:term":[{"taxonomy":"category","embeddable":true,"href":"https:\/\/buod.de\/de\/wp-json\/wp\/v2\/categories?post=1809"},{"taxonomy":"post_tag","embeddable":true,"href":"https:\/\/buod.de\/de\/wp-json\/wp\/v2\/tags?post=1809"}],"curies":[{"name":"wp","href":"https:\/\/api.w.org\/{rel}","templated":true}]}}