{"id":1820,"date":"2023-09-17T14:57:12","date_gmt":"2023-09-17T14:57:12","guid":{"rendered":"https:\/\/dev.buod.de\/tajekoztato-hetvegi-magyar-iskolak-vi-orszagos-oktatasi-konferenciaja-london\/"},"modified":"2024-04-11T13:34:12","modified_gmt":"2024-04-11T13:34:12","slug":"tajekoztato-hetvegi-magyar-iskolak-vi-orszagos-oktatasi-konferenciaja-london","status":"publish","type":"post","link":"https:\/\/buod.de\/de\/tajekoztato-hetvegi-magyar-iskolak-vi-orszagos-oktatasi-konferenciaja-london\/","title":{"rendered":"H\u00e9tv\u00e9gi Magyar Iskol\u00e1k VI. Orsz\u00e1gos Oktat\u00e1si Konferenci\u00e1ja, London"},"content":{"rendered":"<p>Kedves N\u00e9metorsz\u00e1gi Magyar Iskol\u00e1k Tan\u00e1rai, Pedag\u00f3gusai!<\/p>\n<p>Az al\u00e1bbi lehet\u0151s\u00e9get sz\u00edves figyelmetekbe aj\u00e1nljuk!<\/p>\n<p>Bar\u00e1ti \u00fcdv\u00f6zlettel &#8211; Kori<\/p>\n<p><!--more--><\/p>\n<p>&nbsp;<\/p>\n<p>&nbsp;<\/p>\n<table>\n<tbody>\n<tr>\n<td>\n<p>Kedves Pedag\u00f3gusok!<br \/> &nbsp;<br \/> Imm\u00e1r hatodszor rendezz\u00fck meg konferenci\u00e1nkat a Londoni Magyar Nagyk\u00f6vets\u00e9g \u00e9s a Londoni Liszt Int\u00e9zettel k\u00f6z\u00f6s szervez\u00e9sben, valamint&nbsp;a Gy\u0151ri Sz\u00e9chenyi Istv\u00e1n Egyetem oktat\u00f3inak r\u00e9szv\u00e9tel\u00e9vel.<br \/> &nbsp;<br \/> 2023. okt\u00f3ber 21-22-\u00e9n Londonban, a Magyarok H\u00e1z\u00e1ban (<a href=\"https:\/\/zsoltkovacs.us19.list-manage.com\/track\/click?u=681b3a4336e5fcfcf2c204bb8&amp;id=17efdf7592&amp;e=34de08a812\">17-19 Cockspur St, St. James<\/a>&#8216;<a href=\"https:\/\/zsoltkovacs.us19.list-manage.com\/track\/click?u=681b3a4336e5fcfcf2c204bb8&amp;id=3e597eb022&amp;e=34de08a812\">s, London SW1Y 5BL<\/a>) tartjuk mindk\u00e9t nap programj\u00e1t.&nbsp;El\u0151rel\u00e1that\u00f3lag szombaton 09.00-18.00-ig, vas\u00e1rnap pedig 09.00-16.00-ig tart majd a program. A vas\u00e1rnapi napot a MAOSZ 1956-os forradalomr\u00f3l megeml\u00e9kez\u0151 m\u0171sora z\u00e1rja.&nbsp;<em><strong>Az eur\u00f3pai magyar diaszp\u00f3ra m\u00e1s orsz\u00e1gaiban \u00e9l\u0151&nbsp;\u00e9s tan\u00edt\u00f3&nbsp;kolleg\u00e1k r\u00e9szv\u00e9tel\u00e9re is lesz lehet\u0151s\u00e9g.&nbsp;<\/strong><\/em><br \/> &nbsp;<br \/> Mivel a r\u00e9sztvev\u0151k sz\u00e1ma korl\u00e1tozott, \u00edgy k\u00e9rj\u00fck, mindenki mihamarabb regisztr\u00e1ljon. A szem\u00e9lyes r\u00e9szv\u00e9telre val\u00f3 regisztr\u00e1ci\u00f3 m\u00e9g nem jelenti automatikusan azt, hogy r\u00e9szt tudnak venni, ehhez sz\u00fcks\u00e9g lesz majd t\u0151l\u00fcnk egy visszaigazol\u00e1sra, amit a be\u00e9rkezett jelentkez\u00e9si lapok \u00e9s iskol\u00e1k sz\u00e1ma alapj\u00e1n fogunk \u00f6sszes\u00edteni okt\u00f3ber m\u00e1sodik het\u00e9ben.&nbsp;<strong>K\u00e9rj\u00fck, r\u00e9szv\u00e9teli sz\u00e1nd\u00e9kukat okt\u00f3ber 8-ig jelezz\u00e9k az email alj\u00e1n tal\u00e1lhat\u00f3 linkre kattintva.<\/strong><br \/> &nbsp;<br \/> Terveink szerint a k\u00f6vetkez\u0151 t\u00e9m\u00e1kban lesznek elm\u00e9leti \u00e9s gyakorlati el\u0151ad\u00e1sok \u00e9s munkam\u0171hely foglalkoz\u00e1sok:<\/p>\n<ul>\n<li>A tanul\u00e1si motiv\u00e1ci\u00f3 fejleszt\u00e9s\u00e9nek lehet\u0151s\u00e9gei<\/li>\n<li>Erd\u0151pedag\u00f3gia \u2013 erdei iskola &#8211; k\u00f6rnyezeti nevel\u00e9s \u00e9lm\u00e9nyszer\u0171en<\/li>\n<li>A tanul\u00e1si neh\u00e9zs\u00e9gek, tanul\u00e1si zavarok gy\u00f3gypedag\u00f3giai megk\u00f6zel\u00edt\u00e9se<\/li>\n<li>Sz\u00f3kincsfejleszt\u00e9s az \u0151szi jelesnapokhoz kapcsol\u00f3d\u00f3 n\u00e9pdalok, n\u00e9pi gyermekj\u00e1t\u00e9kok, mond\u00f3k\u00e1k seg\u00edts\u00e9g\u00e9vel<\/li>\n<li>Nemzeti \u00fcnnepekhez kapcsol\u00f3d\u00f3 dr\u00e1ma\u00f3ra&nbsp;&nbsp; &nbsp; &nbsp; &nbsp;<\/li>\n<li>A j\u00e1t\u00e9kok vil\u00e1ga &#8211; gyakorlati p\u00e9ld\u00e1k New Portb\u00f3l<\/li>\n<li>\u201eBest practice \u2013 egy dolog, amire b\u00fcszk\u00e9k vagyunk\u201d. K\u00e9rj\u00fck, hogy ha hozn\u00e1nak magukkal ilyen &#8211;&nbsp;iskol\u00e1nk\u00e9nt egy &#8211; b\u00fcszkes\u00e9get, akkor azt el\u0151re p\u00e1r mondatban \u00edrj\u00e1k meg nek\u00fcnk a lenti e-mail c\u00edmre, hogy tudjuk, hogy k\u00e9sz\u00fclj\u00fcnk. Az email t\u00e1rgy\u00e1ban legyenek sz\u00edvesek felt\u00fcntetni: \u201eBest Practice\u201d<\/li>\n<\/ul>\n<p>&nbsp;A k\u00e9tnapos rendezv\u00e9nyen a r\u00e9szv\u00e9tel INGYENES. A sz\u00e1ll\u00e1st szombat est\u00e9re ig\u00e9ny szerint, illetve az \u00fatik\u00f6lts\u00e9get a MAOSZ &#8211;&nbsp;sz\u00e1mla ellen\u00e9ben, el\u0151zetes egyeztet\u00e9s alapj\u00e1n &#8211; az arra r\u00e1szorul\u00f3knak megt\u00e9r\u00edti. A konferencia alatt \u00e9tkez\u00e9st biztos\u00edtunk.&nbsp;<br \/> &nbsp;<br \/> K\u00e9rj\u00fck az iskolavezet\u0151ket, hogy ossz\u00e1k meg ezt az emailt tan\u00e1raikkal. Nagyon k\u00f6sz\u00f6nj\u00fck!<br \/> &nbsp;<br \/> Ha addig is b\u00e1rmilyen k\u00e9rd\u00e9s\u00fck van, azt az al\u00e1bbi e-mail c\u00edmre v\u00e1rjuk:&nbsp;<a href=\"mailto:oktatasikonferencia@maosz.org.uk\"><\/a><a href=\"mailto:oktatasikonferencia@maosz.org.uk\">oktatasikonferencia@maosz.org.uk<\/a><\/p>\n<p> <a href=\"https:\/\/zsoltkovacs.us19.list-manage.com\/track\/click?u=681b3a4336e5fcfcf2c204bb8&amp;id=a044e543c1&amp;e=34de08a812\"><strong>Regisztr\u00e1lni az al\u00e1bbi linkre kattintva lehet<\/strong><\/a><br \/> &nbsp;<br \/> A miel\u0151bbi viszontl\u00e1t\u00e1s rem\u00e9ny\u00e9ben,<br \/> &nbsp;<br \/> MAOSZ<br \/> &nbsp;<\/p>\n<\/td>\n<\/tr>\n<\/tbody>\n<\/table>","protected":false},"excerpt":{"rendered":"<p>Kedves N\u00e9metorsz\u00e1gi Magyar Iskol\u00e1k Tan\u00e1rai, Pedag\u00f3gusai! Az al\u00e1bbi lehet\u0151s\u00e9get sz\u00edves figyelmetekbe aj\u00e1nljuk! Bar\u00e1ti \u00fcdv\u00f6zlettel &#8211; Kori<\/p>","protected":false},"author":4,"featured_media":0,"comment_status":"open","ping_status":"open","sticky":false,"template":"","format":"standard","meta":{"footnotes":""},"categories":[17],"tags":[21],"class_list":["post-1820","post","type-post","status-publish","format-standard","hentry","category-hirek","tag-21"],"yoast_head":"<!-- This site is optimized with the Yoast SEO plugin v27.5 - https:\/\/yoast.com\/product\/yoast-seo-wordpress\/ -->\n<title>H\u00e9tv\u00e9gi Magyar Iskol\u00e1k VI. Orsz\u00e1gos Oktat\u00e1si Konferenci\u00e1ja, London - BUOD<\/title>\n<meta name=\"robots\" content=\"index, follow, max-snippet:-1, max-image-preview:large, max-video-preview:-1\" \/>\n<link rel=\"canonical\" href=\"https:\/\/buod.de\/de\/tajekoztato-hetvegi-magyar-iskolak-vi-orszagos-oktatasi-konferenciaja-london\/\" \/>\n<meta property=\"og:locale\" content=\"de_DE\" \/>\n<meta property=\"og:type\" content=\"article\" \/>\n<meta property=\"og:title\" content=\"H\u00e9tv\u00e9gi Magyar Iskol\u00e1k VI. Orsz\u00e1gos Oktat\u00e1si Konferenci\u00e1ja, London - BUOD\" \/>\n<meta property=\"og:description\" content=\"Kedves N\u00e9metorsz\u00e1gi Magyar Iskol\u00e1k Tan\u00e1rai, Pedag\u00f3gusai! Az al\u00e1bbi lehet\u0151s\u00e9get sz\u00edves figyelmetekbe aj\u00e1nljuk! Bar\u00e1ti \u00fcdv\u00f6zlettel &#8211; Kori\" \/>\n<meta property=\"og:url\" content=\"https:\/\/buod.de\/de\/tajekoztato-hetvegi-magyar-iskolak-vi-orszagos-oktatasi-konferenciaja-london\/\" \/>\n<meta property=\"og:site_name\" content=\"BUOD\" \/>\n<meta property=\"article:publisher\" content=\"https:\/\/www.facebook.com\/profile.php?id=100082185652397\" \/>\n<meta property=\"article:published_time\" content=\"2023-09-17T14:57:12+00:00\" \/>\n<meta property=\"article:modified_time\" content=\"2024-04-11T13:34:12+00:00\" \/>\n<meta name=\"author\" content=\"Gery V\u00e1rkonyi\" \/>\n<meta name=\"twitter:card\" content=\"summary_large_image\" \/>\n<meta name=\"twitter:label1\" content=\"Written by\" \/>\n\t<meta name=\"twitter:data1\" content=\"Gery V\u00e1rkonyi\" \/>\n\t<meta name=\"twitter:label2\" content=\"Est. reading time\" \/>\n\t<meta name=\"twitter:data2\" content=\"3 minutes\" \/>\n<script type=\"application\/ld+json\" class=\"yoast-schema-graph\">{\"@context\":\"https:\\\/\\\/schema.org\",\"@graph\":[{\"@type\":\"Article\",\"@id\":\"https:\\\/\\\/buod.de\\\/tajekoztato-hetvegi-magyar-iskolak-vi-orszagos-oktatasi-konferenciaja-london\\\/#article\",\"isPartOf\":{\"@id\":\"https:\\\/\\\/buod.de\\\/tajekoztato-hetvegi-magyar-iskolak-vi-orszagos-oktatasi-konferenciaja-london\\\/\"},\"author\":{\"name\":\"Gery V\u00e1rkonyi\",\"@id\":\"https:\\\/\\\/buod.de\\\/#\\\/schema\\\/person\\\/8332a3e63b017fea8fcd17e9c0f96bf1\"},\"headline\":\"H\u00e9tv\u00e9gi Magyar Iskol\u00e1k VI. Orsz\u00e1gos Oktat\u00e1si Konferenci\u00e1ja, London\",\"datePublished\":\"2023-09-17T14:57:12+00:00\",\"dateModified\":\"2024-04-11T13:34:12+00:00\",\"mainEntityOfPage\":{\"@id\":\"https:\\\/\\\/buod.de\\\/tajekoztato-hetvegi-magyar-iskolak-vi-orszagos-oktatasi-konferenciaja-london\\\/\"},\"wordCount\":572,\"commentCount\":0,\"publisher\":{\"@id\":\"https:\\\/\\\/buod.de\\\/#organization\"},\"keywords\":[\"2023\"],\"articleSection\":[\"H\u00edrek\"],\"inLanguage\":\"de-DE\",\"potentialAction\":[{\"@type\":\"CommentAction\",\"name\":\"Comment\",\"target\":[\"https:\\\/\\\/buod.de\\\/tajekoztato-hetvegi-magyar-iskolak-vi-orszagos-oktatasi-konferenciaja-london\\\/#respond\"]}]},{\"@type\":\"WebPage\",\"@id\":\"https:\\\/\\\/buod.de\\\/tajekoztato-hetvegi-magyar-iskolak-vi-orszagos-oktatasi-konferenciaja-london\\\/\",\"url\":\"https:\\\/\\\/buod.de\\\/tajekoztato-hetvegi-magyar-iskolak-vi-orszagos-oktatasi-konferenciaja-london\\\/\",\"name\":\"H\u00e9tv\u00e9gi Magyar Iskol\u00e1k VI. Orsz\u00e1gos Oktat\u00e1si Konferenci\u00e1ja, London - BUOD\",\"isPartOf\":{\"@id\":\"https:\\\/\\\/buod.de\\\/#website\"},\"datePublished\":\"2023-09-17T14:57:12+00:00\",\"dateModified\":\"2024-04-11T13:34:12+00:00\",\"breadcrumb\":{\"@id\":\"https:\\\/\\\/buod.de\\\/tajekoztato-hetvegi-magyar-iskolak-vi-orszagos-oktatasi-konferenciaja-london\\\/#breadcrumb\"},\"inLanguage\":\"de-DE\",\"potentialAction\":[{\"@type\":\"ReadAction\",\"target\":[\"https:\\\/\\\/buod.de\\\/tajekoztato-hetvegi-magyar-iskolak-vi-orszagos-oktatasi-konferenciaja-london\\\/\"]}]},{\"@type\":\"BreadcrumbList\",\"@id\":\"https:\\\/\\\/buod.de\\\/tajekoztato-hetvegi-magyar-iskolak-vi-orszagos-oktatasi-konferenciaja-london\\\/#breadcrumb\",\"itemListElement\":[{\"@type\":\"ListItem\",\"position\":1,\"name\":\"Kezd\u0151lap\",\"item\":\"https:\\\/\\\/buod.de\\\/\"},{\"@type\":\"ListItem\",\"position\":2,\"name\":\"H\u00e9tv\u00e9gi Magyar Iskol\u00e1k VI. Orsz\u00e1gos Oktat\u00e1si Konferenci\u00e1ja, London\"}]},{\"@type\":\"WebSite\",\"@id\":\"https:\\\/\\\/buod.de\\\/#website\",\"url\":\"https:\\\/\\\/buod.de\\\/\",\"name\":\"BUOD\",\"description\":\"Bund Ungarischer Organisationen in Deutschland\",\"publisher\":{\"@id\":\"https:\\\/\\\/buod.de\\\/#organization\"},\"potentialAction\":[{\"@type\":\"SearchAction\",\"target\":{\"@type\":\"EntryPoint\",\"urlTemplate\":\"https:\\\/\\\/buod.de\\\/?s={search_term_string}\"},\"query-input\":{\"@type\":\"PropertyValueSpecification\",\"valueRequired\":true,\"valueName\":\"search_term_string\"}}],\"inLanguage\":\"de-DE\"},{\"@type\":\"Organization\",\"@id\":\"https:\\\/\\\/buod.de\\\/#organization\",\"name\":\"BUOD\",\"url\":\"https:\\\/\\\/buod.de\\\/\",\"logo\":{\"@type\":\"ImageObject\",\"inLanguage\":\"de-DE\",\"@id\":\"https:\\\/\\\/buod.de\\\/#\\\/schema\\\/logo\\\/image\\\/\",\"url\":\"https:\\\/\\\/buod.de\\\/wp-content\\\/uploads\\\/2024\\\/03\\\/BUOD-logo.png\",\"contentUrl\":\"https:\\\/\\\/buod.de\\\/wp-content\\\/uploads\\\/2024\\\/03\\\/BUOD-logo.png\",\"width\":586,\"height\":490,\"caption\":\"BUOD\"},\"image\":{\"@id\":\"https:\\\/\\\/buod.de\\\/#\\\/schema\\\/logo\\\/image\\\/\"},\"sameAs\":[\"https:\\\/\\\/www.facebook.com\\\/profile.php?id=100082185652397\"]},{\"@type\":\"Person\",\"@id\":\"https:\\\/\\\/buod.de\\\/#\\\/schema\\\/person\\\/8332a3e63b017fea8fcd17e9c0f96bf1\",\"name\":\"Gery V\u00e1rkonyi\",\"image\":{\"@type\":\"ImageObject\",\"inLanguage\":\"de-DE\",\"@id\":\"https:\\\/\\\/secure.gravatar.com\\\/avatar\\\/c1babe7dc68f065be4ec606c522172804715398688c78c6fffca3888b364e934?s=96&d=mm&r=g\",\"url\":\"https:\\\/\\\/secure.gravatar.com\\\/avatar\\\/c1babe7dc68f065be4ec606c522172804715398688c78c6fffca3888b364e934?s=96&d=mm&r=g\",\"contentUrl\":\"https:\\\/\\\/secure.gravatar.com\\\/avatar\\\/c1babe7dc68f065be4ec606c522172804715398688c78c6fffca3888b364e934?s=96&d=mm&r=g\",\"caption\":\"Gery V\u00e1rkonyi\"},\"url\":\"https:\\\/\\\/buod.de\\\/de\\\/author\\\/geryvarkonyi\\\/\"}]}<\/script>\n<!-- \/ Yoast SEO plugin. -->","yoast_head_json":{"title":"H\u00e9tv\u00e9gi Magyar Iskol\u00e1k VI. Orsz\u00e1gos Oktat\u00e1si Konferenci\u00e1ja, London - BUOD","robots":{"index":"index","follow":"follow","max-snippet":"max-snippet:-1","max-image-preview":"max-image-preview:large","max-video-preview":"max-video-preview:-1"},"canonical":"https:\/\/buod.de\/de\/tajekoztato-hetvegi-magyar-iskolak-vi-orszagos-oktatasi-konferenciaja-london\/","og_locale":"de_DE","og_type":"article","og_title":"H\u00e9tv\u00e9gi Magyar Iskol\u00e1k VI. Orsz\u00e1gos Oktat\u00e1si Konferenci\u00e1ja, London - BUOD","og_description":"Kedves N\u00e9metorsz\u00e1gi Magyar Iskol\u00e1k Tan\u00e1rai, Pedag\u00f3gusai! Az al\u00e1bbi lehet\u0151s\u00e9get sz\u00edves figyelmetekbe aj\u00e1nljuk! Bar\u00e1ti \u00fcdv\u00f6zlettel &#8211; Kori","og_url":"https:\/\/buod.de\/de\/tajekoztato-hetvegi-magyar-iskolak-vi-orszagos-oktatasi-konferenciaja-london\/","og_site_name":"BUOD","article_publisher":"https:\/\/www.facebook.com\/profile.php?id=100082185652397","article_published_time":"2023-09-17T14:57:12+00:00","article_modified_time":"2024-04-11T13:34:12+00:00","author":"Gery V\u00e1rkonyi","twitter_card":"summary_large_image","twitter_misc":{"Written by":"Gery V\u00e1rkonyi","Est. reading time":"3 minutes"},"schema":{"@context":"https:\/\/schema.org","@graph":[{"@type":"Article","@id":"https:\/\/buod.de\/tajekoztato-hetvegi-magyar-iskolak-vi-orszagos-oktatasi-konferenciaja-london\/#article","isPartOf":{"@id":"https:\/\/buod.de\/tajekoztato-hetvegi-magyar-iskolak-vi-orszagos-oktatasi-konferenciaja-london\/"},"author":{"name":"Gery V\u00e1rkonyi","@id":"https:\/\/buod.de\/#\/schema\/person\/8332a3e63b017fea8fcd17e9c0f96bf1"},"headline":"H\u00e9tv\u00e9gi Magyar Iskol\u00e1k VI. Orsz\u00e1gos Oktat\u00e1si Konferenci\u00e1ja, London","datePublished":"2023-09-17T14:57:12+00:00","dateModified":"2024-04-11T13:34:12+00:00","mainEntityOfPage":{"@id":"https:\/\/buod.de\/tajekoztato-hetvegi-magyar-iskolak-vi-orszagos-oktatasi-konferenciaja-london\/"},"wordCount":572,"commentCount":0,"publisher":{"@id":"https:\/\/buod.de\/#organization"},"keywords":["2023"],"articleSection":["H\u00edrek"],"inLanguage":"de-DE","potentialAction":[{"@type":"CommentAction","name":"Comment","target":["https:\/\/buod.de\/tajekoztato-hetvegi-magyar-iskolak-vi-orszagos-oktatasi-konferenciaja-london\/#respond"]}]},{"@type":"WebPage","@id":"https:\/\/buod.de\/tajekoztato-hetvegi-magyar-iskolak-vi-orszagos-oktatasi-konferenciaja-london\/","url":"https:\/\/buod.de\/tajekoztato-hetvegi-magyar-iskolak-vi-orszagos-oktatasi-konferenciaja-london\/","name":"H\u00e9tv\u00e9gi Magyar Iskol\u00e1k VI. Orsz\u00e1gos Oktat\u00e1si Konferenci\u00e1ja, London - BUOD","isPartOf":{"@id":"https:\/\/buod.de\/#website"},"datePublished":"2023-09-17T14:57:12+00:00","dateModified":"2024-04-11T13:34:12+00:00","breadcrumb":{"@id":"https:\/\/buod.de\/tajekoztato-hetvegi-magyar-iskolak-vi-orszagos-oktatasi-konferenciaja-london\/#breadcrumb"},"inLanguage":"de-DE","potentialAction":[{"@type":"ReadAction","target":["https:\/\/buod.de\/tajekoztato-hetvegi-magyar-iskolak-vi-orszagos-oktatasi-konferenciaja-london\/"]}]},{"@type":"BreadcrumbList","@id":"https:\/\/buod.de\/tajekoztato-hetvegi-magyar-iskolak-vi-orszagos-oktatasi-konferenciaja-london\/#breadcrumb","itemListElement":[{"@type":"ListItem","position":1,"name":"Kezd\u0151lap","item":"https:\/\/buod.de\/"},{"@type":"ListItem","position":2,"name":"H\u00e9tv\u00e9gi Magyar Iskol\u00e1k VI. Orsz\u00e1gos Oktat\u00e1si Konferenci\u00e1ja, London"}]},{"@type":"WebSite","@id":"https:\/\/buod.de\/#website","url":"https:\/\/buod.de\/","name":"BUOD","description":"Bund Ungarischer Organisationen in Deutschland","publisher":{"@id":"https:\/\/buod.de\/#organization"},"potentialAction":[{"@type":"SearchAction","target":{"@type":"EntryPoint","urlTemplate":"https:\/\/buod.de\/?s={search_term_string}"},"query-input":{"@type":"PropertyValueSpecification","valueRequired":true,"valueName":"search_term_string"}}],"inLanguage":"de-DE"},{"@type":"Organization","@id":"https:\/\/buod.de\/#organization","name":"BUOD","url":"https:\/\/buod.de\/","logo":{"@type":"ImageObject","inLanguage":"de-DE","@id":"https:\/\/buod.de\/#\/schema\/logo\/image\/","url":"https:\/\/buod.de\/wp-content\/uploads\/2024\/03\/BUOD-logo.png","contentUrl":"https:\/\/buod.de\/wp-content\/uploads\/2024\/03\/BUOD-logo.png","width":586,"height":490,"caption":"BUOD"},"image":{"@id":"https:\/\/buod.de\/#\/schema\/logo\/image\/"},"sameAs":["https:\/\/www.facebook.com\/profile.php?id=100082185652397"]},{"@type":"Person","@id":"https:\/\/buod.de\/#\/schema\/person\/8332a3e63b017fea8fcd17e9c0f96bf1","name":"Gery V\u00e1rkonyi","image":{"@type":"ImageObject","inLanguage":"de-DE","@id":"https:\/\/secure.gravatar.com\/avatar\/c1babe7dc68f065be4ec606c522172804715398688c78c6fffca3888b364e934?s=96&d=mm&r=g","url":"https:\/\/secure.gravatar.com\/avatar\/c1babe7dc68f065be4ec606c522172804715398688c78c6fffca3888b364e934?s=96&d=mm&r=g","contentUrl":"https:\/\/secure.gravatar.com\/avatar\/c1babe7dc68f065be4ec606c522172804715398688c78c6fffca3888b364e934?s=96&d=mm&r=g","caption":"Gery V\u00e1rkonyi"},"url":"https:\/\/buod.de\/de\/author\/geryvarkonyi\/"}]}},"_links":{"self":[{"href":"https:\/\/buod.de\/de\/wp-json\/wp\/v2\/posts\/1820","targetHints":{"allow":["GET"]}}],"collection":[{"href":"https:\/\/buod.de\/de\/wp-json\/wp\/v2\/posts"}],"about":[{"href":"https:\/\/buod.de\/de\/wp-json\/wp\/v2\/types\/post"}],"author":[{"embeddable":true,"href":"https:\/\/buod.de\/de\/wp-json\/wp\/v2\/users\/4"}],"replies":[{"embeddable":true,"href":"https:\/\/buod.de\/de\/wp-json\/wp\/v2\/comments?post=1820"}],"version-history":[{"count":1,"href":"https:\/\/buod.de\/de\/wp-json\/wp\/v2\/posts\/1820\/revisions"}],"predecessor-version":[{"id":2437,"href":"https:\/\/buod.de\/de\/wp-json\/wp\/v2\/posts\/1820\/revisions\/2437"}],"wp:attachment":[{"href":"https:\/\/buod.de\/de\/wp-json\/wp\/v2\/media?parent=1820"}],"wp:term":[{"taxonomy":"category","embeddable":true,"href":"https:\/\/buod.de\/de\/wp-json\/wp\/v2\/categories?post=1820"},{"taxonomy":"post_tag","embeddable":true,"href":"https:\/\/buod.de\/de\/wp-json\/wp\/v2\/tags?post=1820"}],"curies":[{"name":"wp","href":"https:\/\/api.w.org\/{rel}","templated":true}]}}