{"id":1821,"date":"2023-09-18T10:37:42","date_gmt":"2023-09-18T10:37:42","guid":{"rendered":"https:\/\/dev.buod.de\/arany-ja-nos-e-s-csala-dja-felu-ji-tott-si-remle-ke-nek-a-tada-sa\/"},"modified":"2024-04-11T13:34:12","modified_gmt":"2024-04-11T13:34:12","slug":"arany-ja-nos-e-s-csala-dja-felu-ji-tott-si-remle-ke-nek-a-tada-sa","status":"publish","type":"post","link":"https:\/\/buod.de\/de\/arany-ja-nos-e-s-csala-dja-felu-ji-tott-si-remle-ke-nek-a-tada-sa\/","title":{"rendered":"Arany Ja\u0301nos e\u0301s csala\u0301dja felu\u0301ji\u0301tott si\u0301remle\u0301ke\u0301nek a\u0301tada\u0301sa"},"content":{"rendered":"<p>Kedves Listat\u00e1rsak!<br \/> Tegnap t\u00e9rt\u00fcnk vissza Kastlb\u00f3l a BUOD jubileumi konferenci\u00e1j\u00e1r\u00f3l \u00e9s k\u00f6zgy\u0171l\u00e9s\u00e9r\u0151l. Sikeres, tartalmas, csal\u00e1dias, eredm\u00e9nyes id\u0151t t\u00f6lt\u00f6tt\u00fcnk egy\u00fctt!<\/p>\n<p><!--more--><\/p>\n<p> Az eln\u00f6ks\u00e9g fiatalodott, siker munk\u00e1jukhoz! A BUOD jelent\u0151s\u00e9ge n\u0151, imm\u00e1r 42 szervezet, egyes\u00fclet a tagja. A vitorl\u00e1sok vallj\u00e1k, hogy ellensz\u00e9lben lehet a legjobban vitorl\u00e1zni, ebb\u0151l most b\u0151ven<br \/> kijut nek\u00fcnk ebben a sz\u00e9p \u00e9s nagy orsz\u00e1gban. Az inga is \u00e1tbillen egyszer&nbsp; a m\u00e1sik oldalra, van rem\u00e9nys\u00e9g, van munka, vannak nem kevesen, akik felv\u00e1llalj\u00e1k. Adjon mindennek \u00faj impulzust a KCSP \u00f6szt\u00f6nd\u00edjasok&nbsp;<br \/> k\u00f6zeli \u00e9rkez\u00e9se. A mell\u00e9kelt n\u00e9h\u00e1ny perces tud\u00f3s\u00edt\u00e1sban egy hasonl\u00f3s\u00e1got \u00e9reztem a kastli egy\u00fcttl\u00e9t komolys\u00e1g\u00e1val, elk\u00f6teletts\u00e9g\u00e9vel. <br \/> \u00dcdv\u00f6zlettel:<br \/> Ravasz \u00c1kos<\/p>\n<p><a href=\"https:\/\/www.youtube.com\/watch?v=vqAiQghsHi0\">https:\/\/www.youtube.com\/watch?v=vqAiQghsHi0<\/a><\/p>\n<p>&nbsp;<\/p>","protected":false},"excerpt":{"rendered":"<p>Kedves Listat\u00e1rsak! Tegnap t\u00e9rt\u00fcnk vissza Kastlb\u00f3l a BUOD jubileumi konferenci\u00e1j\u00e1r\u00f3l \u00e9s k\u00f6zgy\u0171l\u00e9s\u00e9r\u0151l. Sikeres, tartalmas, csal\u00e1dias, eredm\u00e9nyes id\u0151t t\u00f6lt\u00f6tt\u00fcnk egy\u00fctt!<\/p>","protected":false},"author":4,"featured_media":0,"comment_status":"open","ping_status":"open","sticky":false,"template":"","format":"standard","meta":{"footnotes":""},"categories":[17],"tags":[21],"class_list":["post-1821","post","type-post","status-publish","format-standard","hentry","category-hirek","tag-21"],"yoast_head":"<!-- This site is optimized with the Yoast SEO plugin v27.5 - https:\/\/yoast.com\/product\/yoast-seo-wordpress\/ -->\n<title>Arany Ja\u0301nos e\u0301s csala\u0301dja felu\u0301ji\u0301tott si\u0301remle\u0301ke\u0301nek a\u0301tada\u0301sa - BUOD<\/title>\n<meta name=\"robots\" content=\"index, follow, max-snippet:-1, max-image-preview:large, max-video-preview:-1\" \/>\n<link rel=\"canonical\" href=\"https:\/\/buod.de\/de\/arany-ja-nos-e-s-csala-dja-felu-ji-tott-si-remle-ke-nek-a-tada-sa\/\" \/>\n<meta property=\"og:locale\" content=\"de_DE\" \/>\n<meta property=\"og:type\" content=\"article\" \/>\n<meta property=\"og:title\" content=\"Arany Ja\u0301nos e\u0301s csala\u0301dja felu\u0301ji\u0301tott si\u0301remle\u0301ke\u0301nek a\u0301tada\u0301sa - BUOD\" \/>\n<meta property=\"og:description\" content=\"Kedves Listat\u00e1rsak! Tegnap t\u00e9rt\u00fcnk vissza Kastlb\u00f3l a BUOD jubileumi konferenci\u00e1j\u00e1r\u00f3l \u00e9s k\u00f6zgy\u0171l\u00e9s\u00e9r\u0151l. Sikeres, tartalmas, csal\u00e1dias, eredm\u00e9nyes id\u0151t t\u00f6lt\u00f6tt\u00fcnk egy\u00fctt!\" \/>\n<meta property=\"og:url\" content=\"https:\/\/buod.de\/de\/arany-ja-nos-e-s-csala-dja-felu-ji-tott-si-remle-ke-nek-a-tada-sa\/\" \/>\n<meta property=\"og:site_name\" content=\"BUOD\" \/>\n<meta property=\"article:publisher\" content=\"https:\/\/www.facebook.com\/profile.php?id=100082185652397\" \/>\n<meta property=\"article:published_time\" content=\"2023-09-18T10:37:42+00:00\" \/>\n<meta property=\"article:modified_time\" content=\"2024-04-11T13:34:12+00:00\" \/>\n<meta name=\"author\" content=\"Gery V\u00e1rkonyi\" \/>\n<meta name=\"twitter:card\" content=\"summary_large_image\" \/>\n<meta name=\"twitter:label1\" content=\"Written by\" \/>\n\t<meta name=\"twitter:data1\" content=\"Gery V\u00e1rkonyi\" \/>\n\t<meta name=\"twitter:label2\" content=\"Est. reading time\" \/>\n\t<meta name=\"twitter:data2\" content=\"1 minute\" \/>\n<script type=\"application\/ld+json\" class=\"yoast-schema-graph\">{\"@context\":\"https:\\\/\\\/schema.org\",\"@graph\":[{\"@type\":\"Article\",\"@id\":\"https:\\\/\\\/buod.de\\\/arany-ja-nos-e-s-csala-dja-felu-ji-tott-si-remle-ke-nek-a-tada-sa\\\/#article\",\"isPartOf\":{\"@id\":\"https:\\\/\\\/buod.de\\\/arany-ja-nos-e-s-csala-dja-felu-ji-tott-si-remle-ke-nek-a-tada-sa\\\/\"},\"author\":{\"name\":\"Gery V\u00e1rkonyi\",\"@id\":\"https:\\\/\\\/buod.de\\\/#\\\/schema\\\/person\\\/8332a3e63b017fea8fcd17e9c0f96bf1\"},\"headline\":\"Arany Ja\u0301nos e\u0301s csala\u0301dja felu\u0301ji\u0301tott si\u0301remle\u0301ke\u0301nek a\u0301tada\u0301sa\",\"datePublished\":\"2023-09-18T10:37:42+00:00\",\"dateModified\":\"2024-04-11T13:34:12+00:00\",\"mainEntityOfPage\":{\"@id\":\"https:\\\/\\\/buod.de\\\/arany-ja-nos-e-s-csala-dja-felu-ji-tott-si-remle-ke-nek-a-tada-sa\\\/\"},\"wordCount\":182,\"commentCount\":0,\"publisher\":{\"@id\":\"https:\\\/\\\/buod.de\\\/#organization\"},\"keywords\":[\"2023\"],\"articleSection\":[\"H\u00edrek\"],\"inLanguage\":\"de-DE\",\"potentialAction\":[{\"@type\":\"CommentAction\",\"name\":\"Comment\",\"target\":[\"https:\\\/\\\/buod.de\\\/arany-ja-nos-e-s-csala-dja-felu-ji-tott-si-remle-ke-nek-a-tada-sa\\\/#respond\"]}]},{\"@type\":\"WebPage\",\"@id\":\"https:\\\/\\\/buod.de\\\/arany-ja-nos-e-s-csala-dja-felu-ji-tott-si-remle-ke-nek-a-tada-sa\\\/\",\"url\":\"https:\\\/\\\/buod.de\\\/arany-ja-nos-e-s-csala-dja-felu-ji-tott-si-remle-ke-nek-a-tada-sa\\\/\",\"name\":\"Arany Ja\u0301nos e\u0301s csala\u0301dja felu\u0301ji\u0301tott si\u0301remle\u0301ke\u0301nek a\u0301tada\u0301sa - BUOD\",\"isPartOf\":{\"@id\":\"https:\\\/\\\/buod.de\\\/#website\"},\"datePublished\":\"2023-09-18T10:37:42+00:00\",\"dateModified\":\"2024-04-11T13:34:12+00:00\",\"breadcrumb\":{\"@id\":\"https:\\\/\\\/buod.de\\\/arany-ja-nos-e-s-csala-dja-felu-ji-tott-si-remle-ke-nek-a-tada-sa\\\/#breadcrumb\"},\"inLanguage\":\"de-DE\",\"potentialAction\":[{\"@type\":\"ReadAction\",\"target\":[\"https:\\\/\\\/buod.de\\\/arany-ja-nos-e-s-csala-dja-felu-ji-tott-si-remle-ke-nek-a-tada-sa\\\/\"]}]},{\"@type\":\"BreadcrumbList\",\"@id\":\"https:\\\/\\\/buod.de\\\/arany-ja-nos-e-s-csala-dja-felu-ji-tott-si-remle-ke-nek-a-tada-sa\\\/#breadcrumb\",\"itemListElement\":[{\"@type\":\"ListItem\",\"position\":1,\"name\":\"Kezd\u0151lap\",\"item\":\"https:\\\/\\\/buod.de\\\/\"},{\"@type\":\"ListItem\",\"position\":2,\"name\":\"Arany Ja\u0301nos e\u0301s csala\u0301dja felu\u0301ji\u0301tott si\u0301remle\u0301ke\u0301nek a\u0301tada\u0301sa\"}]},{\"@type\":\"WebSite\",\"@id\":\"https:\\\/\\\/buod.de\\\/#website\",\"url\":\"https:\\\/\\\/buod.de\\\/\",\"name\":\"BUOD\",\"description\":\"Bund Ungarischer Organisationen in Deutschland\",\"publisher\":{\"@id\":\"https:\\\/\\\/buod.de\\\/#organization\"},\"potentialAction\":[{\"@type\":\"SearchAction\",\"target\":{\"@type\":\"EntryPoint\",\"urlTemplate\":\"https:\\\/\\\/buod.de\\\/?s={search_term_string}\"},\"query-input\":{\"@type\":\"PropertyValueSpecification\",\"valueRequired\":true,\"valueName\":\"search_term_string\"}}],\"inLanguage\":\"de-DE\"},{\"@type\":\"Organization\",\"@id\":\"https:\\\/\\\/buod.de\\\/#organization\",\"name\":\"BUOD\",\"url\":\"https:\\\/\\\/buod.de\\\/\",\"logo\":{\"@type\":\"ImageObject\",\"inLanguage\":\"de-DE\",\"@id\":\"https:\\\/\\\/buod.de\\\/#\\\/schema\\\/logo\\\/image\\\/\",\"url\":\"https:\\\/\\\/buod.de\\\/wp-content\\\/uploads\\\/2024\\\/03\\\/BUOD-logo.png\",\"contentUrl\":\"https:\\\/\\\/buod.de\\\/wp-content\\\/uploads\\\/2024\\\/03\\\/BUOD-logo.png\",\"width\":586,\"height\":490,\"caption\":\"BUOD\"},\"image\":{\"@id\":\"https:\\\/\\\/buod.de\\\/#\\\/schema\\\/logo\\\/image\\\/\"},\"sameAs\":[\"https:\\\/\\\/www.facebook.com\\\/profile.php?id=100082185652397\"]},{\"@type\":\"Person\",\"@id\":\"https:\\\/\\\/buod.de\\\/#\\\/schema\\\/person\\\/8332a3e63b017fea8fcd17e9c0f96bf1\",\"name\":\"Gery V\u00e1rkonyi\",\"image\":{\"@type\":\"ImageObject\",\"inLanguage\":\"de-DE\",\"@id\":\"https:\\\/\\\/secure.gravatar.com\\\/avatar\\\/c1babe7dc68f065be4ec606c522172804715398688c78c6fffca3888b364e934?s=96&d=mm&r=g\",\"url\":\"https:\\\/\\\/secure.gravatar.com\\\/avatar\\\/c1babe7dc68f065be4ec606c522172804715398688c78c6fffca3888b364e934?s=96&d=mm&r=g\",\"contentUrl\":\"https:\\\/\\\/secure.gravatar.com\\\/avatar\\\/c1babe7dc68f065be4ec606c522172804715398688c78c6fffca3888b364e934?s=96&d=mm&r=g\",\"caption\":\"Gery V\u00e1rkonyi\"},\"url\":\"https:\\\/\\\/buod.de\\\/de\\\/author\\\/geryvarkonyi\\\/\"}]}<\/script>\n<!-- \/ Yoast SEO plugin. -->","yoast_head_json":{"title":"Arany Ja\u0301nos e\u0301s csala\u0301dja felu\u0301ji\u0301tott si\u0301remle\u0301ke\u0301nek a\u0301tada\u0301sa - BUOD","robots":{"index":"index","follow":"follow","max-snippet":"max-snippet:-1","max-image-preview":"max-image-preview:large","max-video-preview":"max-video-preview:-1"},"canonical":"https:\/\/buod.de\/de\/arany-ja-nos-e-s-csala-dja-felu-ji-tott-si-remle-ke-nek-a-tada-sa\/","og_locale":"de_DE","og_type":"article","og_title":"Arany Ja\u0301nos e\u0301s csala\u0301dja felu\u0301ji\u0301tott si\u0301remle\u0301ke\u0301nek a\u0301tada\u0301sa - BUOD","og_description":"Kedves Listat\u00e1rsak! Tegnap t\u00e9rt\u00fcnk vissza Kastlb\u00f3l a BUOD jubileumi konferenci\u00e1j\u00e1r\u00f3l \u00e9s k\u00f6zgy\u0171l\u00e9s\u00e9r\u0151l. Sikeres, tartalmas, csal\u00e1dias, eredm\u00e9nyes id\u0151t t\u00f6lt\u00f6tt\u00fcnk egy\u00fctt!","og_url":"https:\/\/buod.de\/de\/arany-ja-nos-e-s-csala-dja-felu-ji-tott-si-remle-ke-nek-a-tada-sa\/","og_site_name":"BUOD","article_publisher":"https:\/\/www.facebook.com\/profile.php?id=100082185652397","article_published_time":"2023-09-18T10:37:42+00:00","article_modified_time":"2024-04-11T13:34:12+00:00","author":"Gery V\u00e1rkonyi","twitter_card":"summary_large_image","twitter_misc":{"Written by":"Gery V\u00e1rkonyi","Est. reading time":"1 minute"},"schema":{"@context":"https:\/\/schema.org","@graph":[{"@type":"Article","@id":"https:\/\/buod.de\/arany-ja-nos-e-s-csala-dja-felu-ji-tott-si-remle-ke-nek-a-tada-sa\/#article","isPartOf":{"@id":"https:\/\/buod.de\/arany-ja-nos-e-s-csala-dja-felu-ji-tott-si-remle-ke-nek-a-tada-sa\/"},"author":{"name":"Gery V\u00e1rkonyi","@id":"https:\/\/buod.de\/#\/schema\/person\/8332a3e63b017fea8fcd17e9c0f96bf1"},"headline":"Arany Ja\u0301nos e\u0301s csala\u0301dja felu\u0301ji\u0301tott si\u0301remle\u0301ke\u0301nek a\u0301tada\u0301sa","datePublished":"2023-09-18T10:37:42+00:00","dateModified":"2024-04-11T13:34:12+00:00","mainEntityOfPage":{"@id":"https:\/\/buod.de\/arany-ja-nos-e-s-csala-dja-felu-ji-tott-si-remle-ke-nek-a-tada-sa\/"},"wordCount":182,"commentCount":0,"publisher":{"@id":"https:\/\/buod.de\/#organization"},"keywords":["2023"],"articleSection":["H\u00edrek"],"inLanguage":"de-DE","potentialAction":[{"@type":"CommentAction","name":"Comment","target":["https:\/\/buod.de\/arany-ja-nos-e-s-csala-dja-felu-ji-tott-si-remle-ke-nek-a-tada-sa\/#respond"]}]},{"@type":"WebPage","@id":"https:\/\/buod.de\/arany-ja-nos-e-s-csala-dja-felu-ji-tott-si-remle-ke-nek-a-tada-sa\/","url":"https:\/\/buod.de\/arany-ja-nos-e-s-csala-dja-felu-ji-tott-si-remle-ke-nek-a-tada-sa\/","name":"Arany Ja\u0301nos e\u0301s csala\u0301dja felu\u0301ji\u0301tott si\u0301remle\u0301ke\u0301nek a\u0301tada\u0301sa - BUOD","isPartOf":{"@id":"https:\/\/buod.de\/#website"},"datePublished":"2023-09-18T10:37:42+00:00","dateModified":"2024-04-11T13:34:12+00:00","breadcrumb":{"@id":"https:\/\/buod.de\/arany-ja-nos-e-s-csala-dja-felu-ji-tott-si-remle-ke-nek-a-tada-sa\/#breadcrumb"},"inLanguage":"de-DE","potentialAction":[{"@type":"ReadAction","target":["https:\/\/buod.de\/arany-ja-nos-e-s-csala-dja-felu-ji-tott-si-remle-ke-nek-a-tada-sa\/"]}]},{"@type":"BreadcrumbList","@id":"https:\/\/buod.de\/arany-ja-nos-e-s-csala-dja-felu-ji-tott-si-remle-ke-nek-a-tada-sa\/#breadcrumb","itemListElement":[{"@type":"ListItem","position":1,"name":"Kezd\u0151lap","item":"https:\/\/buod.de\/"},{"@type":"ListItem","position":2,"name":"Arany Ja\u0301nos e\u0301s csala\u0301dja felu\u0301ji\u0301tott si\u0301remle\u0301ke\u0301nek a\u0301tada\u0301sa"}]},{"@type":"WebSite","@id":"https:\/\/buod.de\/#website","url":"https:\/\/buod.de\/","name":"BUOD","description":"Bund Ungarischer Organisationen in Deutschland","publisher":{"@id":"https:\/\/buod.de\/#organization"},"potentialAction":[{"@type":"SearchAction","target":{"@type":"EntryPoint","urlTemplate":"https:\/\/buod.de\/?s={search_term_string}"},"query-input":{"@type":"PropertyValueSpecification","valueRequired":true,"valueName":"search_term_string"}}],"inLanguage":"de-DE"},{"@type":"Organization","@id":"https:\/\/buod.de\/#organization","name":"BUOD","url":"https:\/\/buod.de\/","logo":{"@type":"ImageObject","inLanguage":"de-DE","@id":"https:\/\/buod.de\/#\/schema\/logo\/image\/","url":"https:\/\/buod.de\/wp-content\/uploads\/2024\/03\/BUOD-logo.png","contentUrl":"https:\/\/buod.de\/wp-content\/uploads\/2024\/03\/BUOD-logo.png","width":586,"height":490,"caption":"BUOD"},"image":{"@id":"https:\/\/buod.de\/#\/schema\/logo\/image\/"},"sameAs":["https:\/\/www.facebook.com\/profile.php?id=100082185652397"]},{"@type":"Person","@id":"https:\/\/buod.de\/#\/schema\/person\/8332a3e63b017fea8fcd17e9c0f96bf1","name":"Gery V\u00e1rkonyi","image":{"@type":"ImageObject","inLanguage":"de-DE","@id":"https:\/\/secure.gravatar.com\/avatar\/c1babe7dc68f065be4ec606c522172804715398688c78c6fffca3888b364e934?s=96&d=mm&r=g","url":"https:\/\/secure.gravatar.com\/avatar\/c1babe7dc68f065be4ec606c522172804715398688c78c6fffca3888b364e934?s=96&d=mm&r=g","contentUrl":"https:\/\/secure.gravatar.com\/avatar\/c1babe7dc68f065be4ec606c522172804715398688c78c6fffca3888b364e934?s=96&d=mm&r=g","caption":"Gery V\u00e1rkonyi"},"url":"https:\/\/buod.de\/de\/author\/geryvarkonyi\/"}]}},"_links":{"self":[{"href":"https:\/\/buod.de\/de\/wp-json\/wp\/v2\/posts\/1821","targetHints":{"allow":["GET"]}}],"collection":[{"href":"https:\/\/buod.de\/de\/wp-json\/wp\/v2\/posts"}],"about":[{"href":"https:\/\/buod.de\/de\/wp-json\/wp\/v2\/types\/post"}],"author":[{"embeddable":true,"href":"https:\/\/buod.de\/de\/wp-json\/wp\/v2\/users\/4"}],"replies":[{"embeddable":true,"href":"https:\/\/buod.de\/de\/wp-json\/wp\/v2\/comments?post=1821"}],"version-history":[{"count":1,"href":"https:\/\/buod.de\/de\/wp-json\/wp\/v2\/posts\/1821\/revisions"}],"predecessor-version":[{"id":2436,"href":"https:\/\/buod.de\/de\/wp-json\/wp\/v2\/posts\/1821\/revisions\/2436"}],"wp:attachment":[{"href":"https:\/\/buod.de\/de\/wp-json\/wp\/v2\/media?parent=1821"}],"wp:term":[{"taxonomy":"category","embeddable":true,"href":"https:\/\/buod.de\/de\/wp-json\/wp\/v2\/categories?post=1821"},{"taxonomy":"post_tag","embeddable":true,"href":"https:\/\/buod.de\/de\/wp-json\/wp\/v2\/tags?post=1821"}],"curies":[{"name":"wp","href":"https:\/\/api.w.org\/{rel}","templated":true}]}}