{"id":1834,"date":"2023-10-15T13:37:30","date_gmt":"2023-10-15T13:37:30","guid":{"rendered":"https:\/\/dev.buod.de\/argent-n-magyarsag\/"},"modified":"2024-04-11T13:34:11","modified_gmt":"2024-04-11T13:34:11","slug":"argent-n-magyarsag","status":"publish","type":"post","link":"https:\/\/buod.de\/de\/argent-n-magyarsag\/","title":{"rendered":"Argent\u00ecn magyars\u00e1g"},"content":{"rendered":"<p>Tisztelt H\u00f6lgyeim \u00e9s &nbsp;Uraim!<\/p>\n<p>Az elm\u00falt k\u00e9t h\u00e9tben Buenos Airesben koncerteztem, \u00e9s term\u00e9szetesen megl\u00e1togattam a magyar k\u00f6z\u00f6ss\u00e9get \u00e9s a Vit\u00e9zi Rend ott el\u0151 tagjait is.<\/p>\n<p><!--more--><\/p>\n<p>Egy kis r\u00f6vid \u00f6sszefoglal\u00f3t itt olvashattok:<\/p>\n<p><a href=\"http:\/\/www.vitezi-rend.com\/hu\/visit-in-buenos-aires\/\"><\/a><a href=\"http:\/\/www.vitezi-rend.com\/hu\/visit-in-buenos-aires\/\">http:\/\/www.vitezi-rend.com\/hu\/visit-in-buenos-aires\/<\/a><\/p>\n<p>J\u00f3 volt l\u00e1tni, hogy az argentin magyars\u00e1g \u00e8l \u00e8s virul!<\/p>\n<p>\u00dcdv\u00f6zlet mindenkinek!<\/p>\n<p>G\u00e1bor<\/p>\n<p>G\u00e1bor v. HEGYI<\/p>\n<p>Ritterorden der Vit\u00e9z<\/p>\n<p>Tel.:+49-171-179-2356<\/p>\n<p><a href=\"http:\/\/www.vitezi-rend.com\">www.vitezi-rend.com<\/a><\/p>","protected":false},"excerpt":{"rendered":"<p>Tisztelt H\u00f6lgyeim \u00e9s &nbsp;Uraim! Az elm\u00falt k\u00e9t h\u00e9tben Buenos Airesben koncerteztem, \u00e9s term\u00e9szetesen megl\u00e1togattam a magyar k\u00f6z\u00f6ss\u00e9get \u00e9s a Vit\u00e9zi Rend ott el\u0151 tagjait is.<\/p>","protected":false},"author":4,"featured_media":0,"comment_status":"open","ping_status":"open","sticky":false,"template":"","format":"standard","meta":{"footnotes":""},"categories":[17],"tags":[21],"class_list":["post-1834","post","type-post","status-publish","format-standard","hentry","category-hirek","tag-21"],"yoast_head":"<!-- This site is optimized with the Yoast SEO plugin v27.5 - https:\/\/yoast.com\/product\/yoast-seo-wordpress\/ -->\n<title>Argent\u00ecn magyars\u00e1g - BUOD<\/title>\n<meta name=\"robots\" content=\"index, follow, max-snippet:-1, max-image-preview:large, max-video-preview:-1\" \/>\n<link rel=\"canonical\" href=\"https:\/\/buod.de\/de\/argent-n-magyarsag\/\" \/>\n<meta property=\"og:locale\" content=\"de_DE\" \/>\n<meta property=\"og:type\" content=\"article\" \/>\n<meta property=\"og:title\" content=\"Argent\u00ecn magyars\u00e1g - BUOD\" \/>\n<meta property=\"og:description\" content=\"Tisztelt H\u00f6lgyeim \u00e9s &nbsp;Uraim! Az elm\u00falt k\u00e9t h\u00e9tben Buenos Airesben koncerteztem, \u00e9s term\u00e9szetesen megl\u00e1togattam a magyar k\u00f6z\u00f6ss\u00e9get \u00e9s a Vit\u00e9zi Rend ott el\u0151 tagjait is.\" \/>\n<meta property=\"og:url\" content=\"https:\/\/buod.de\/de\/argent-n-magyarsag\/\" \/>\n<meta property=\"og:site_name\" content=\"BUOD\" \/>\n<meta property=\"article:publisher\" content=\"https:\/\/www.facebook.com\/profile.php?id=100082185652397\" \/>\n<meta property=\"article:published_time\" content=\"2023-10-15T13:37:30+00:00\" \/>\n<meta property=\"article:modified_time\" content=\"2024-04-11T13:34:11+00:00\" \/>\n<meta name=\"author\" content=\"Gery V\u00e1rkonyi\" \/>\n<meta name=\"twitter:card\" content=\"summary_large_image\" \/>\n<meta name=\"twitter:label1\" content=\"Written by\" \/>\n\t<meta name=\"twitter:data1\" content=\"Gery V\u00e1rkonyi\" \/>\n<script type=\"application\/ld+json\" class=\"yoast-schema-graph\">{\"@context\":\"https:\\\/\\\/schema.org\",\"@graph\":[{\"@type\":\"Article\",\"@id\":\"https:\\\/\\\/buod.de\\\/argent-n-magyarsag\\\/#article\",\"isPartOf\":{\"@id\":\"https:\\\/\\\/buod.de\\\/argent-n-magyarsag\\\/\"},\"author\":{\"name\":\"Gery V\u00e1rkonyi\",\"@id\":\"https:\\\/\\\/buod.de\\\/#\\\/schema\\\/person\\\/8332a3e63b017fea8fcd17e9c0f96bf1\"},\"headline\":\"Argent\u00ecn magyars\u00e1g\",\"datePublished\":\"2023-10-15T13:37:30+00:00\",\"dateModified\":\"2024-04-11T13:34:11+00:00\",\"mainEntityOfPage\":{\"@id\":\"https:\\\/\\\/buod.de\\\/argent-n-magyarsag\\\/\"},\"wordCount\":86,\"commentCount\":0,\"publisher\":{\"@id\":\"https:\\\/\\\/buod.de\\\/#organization\"},\"keywords\":[\"2023\"],\"articleSection\":[\"H\u00edrek\"],\"inLanguage\":\"de-DE\",\"potentialAction\":[{\"@type\":\"CommentAction\",\"name\":\"Comment\",\"target\":[\"https:\\\/\\\/buod.de\\\/argent-n-magyarsag\\\/#respond\"]}]},{\"@type\":\"WebPage\",\"@id\":\"https:\\\/\\\/buod.de\\\/argent-n-magyarsag\\\/\",\"url\":\"https:\\\/\\\/buod.de\\\/argent-n-magyarsag\\\/\",\"name\":\"Argent\u00ecn magyars\u00e1g - BUOD\",\"isPartOf\":{\"@id\":\"https:\\\/\\\/buod.de\\\/#website\"},\"datePublished\":\"2023-10-15T13:37:30+00:00\",\"dateModified\":\"2024-04-11T13:34:11+00:00\",\"breadcrumb\":{\"@id\":\"https:\\\/\\\/buod.de\\\/argent-n-magyarsag\\\/#breadcrumb\"},\"inLanguage\":\"de-DE\",\"potentialAction\":[{\"@type\":\"ReadAction\",\"target\":[\"https:\\\/\\\/buod.de\\\/argent-n-magyarsag\\\/\"]}]},{\"@type\":\"BreadcrumbList\",\"@id\":\"https:\\\/\\\/buod.de\\\/argent-n-magyarsag\\\/#breadcrumb\",\"itemListElement\":[{\"@type\":\"ListItem\",\"position\":1,\"name\":\"Kezd\u0151lap\",\"item\":\"https:\\\/\\\/buod.de\\\/\"},{\"@type\":\"ListItem\",\"position\":2,\"name\":\"Argent\u00ecn magyars\u00e1g\"}]},{\"@type\":\"WebSite\",\"@id\":\"https:\\\/\\\/buod.de\\\/#website\",\"url\":\"https:\\\/\\\/buod.de\\\/\",\"name\":\"BUOD\",\"description\":\"Bund Ungarischer Organisationen in Deutschland\",\"publisher\":{\"@id\":\"https:\\\/\\\/buod.de\\\/#organization\"},\"potentialAction\":[{\"@type\":\"SearchAction\",\"target\":{\"@type\":\"EntryPoint\",\"urlTemplate\":\"https:\\\/\\\/buod.de\\\/?s={search_term_string}\"},\"query-input\":{\"@type\":\"PropertyValueSpecification\",\"valueRequired\":true,\"valueName\":\"search_term_string\"}}],\"inLanguage\":\"de-DE\"},{\"@type\":\"Organization\",\"@id\":\"https:\\\/\\\/buod.de\\\/#organization\",\"name\":\"BUOD\",\"url\":\"https:\\\/\\\/buod.de\\\/\",\"logo\":{\"@type\":\"ImageObject\",\"inLanguage\":\"de-DE\",\"@id\":\"https:\\\/\\\/buod.de\\\/#\\\/schema\\\/logo\\\/image\\\/\",\"url\":\"https:\\\/\\\/buod.de\\\/wp-content\\\/uploads\\\/2024\\\/03\\\/BUOD-logo.png\",\"contentUrl\":\"https:\\\/\\\/buod.de\\\/wp-content\\\/uploads\\\/2024\\\/03\\\/BUOD-logo.png\",\"width\":586,\"height\":490,\"caption\":\"BUOD\"},\"image\":{\"@id\":\"https:\\\/\\\/buod.de\\\/#\\\/schema\\\/logo\\\/image\\\/\"},\"sameAs\":[\"https:\\\/\\\/www.facebook.com\\\/profile.php?id=100082185652397\"]},{\"@type\":\"Person\",\"@id\":\"https:\\\/\\\/buod.de\\\/#\\\/schema\\\/person\\\/8332a3e63b017fea8fcd17e9c0f96bf1\",\"name\":\"Gery V\u00e1rkonyi\",\"image\":{\"@type\":\"ImageObject\",\"inLanguage\":\"de-DE\",\"@id\":\"https:\\\/\\\/secure.gravatar.com\\\/avatar\\\/c1babe7dc68f065be4ec606c522172804715398688c78c6fffca3888b364e934?s=96&d=mm&r=g\",\"url\":\"https:\\\/\\\/secure.gravatar.com\\\/avatar\\\/c1babe7dc68f065be4ec606c522172804715398688c78c6fffca3888b364e934?s=96&d=mm&r=g\",\"contentUrl\":\"https:\\\/\\\/secure.gravatar.com\\\/avatar\\\/c1babe7dc68f065be4ec606c522172804715398688c78c6fffca3888b364e934?s=96&d=mm&r=g\",\"caption\":\"Gery V\u00e1rkonyi\"},\"url\":\"https:\\\/\\\/buod.de\\\/de\\\/author\\\/geryvarkonyi\\\/\"}]}<\/script>\n<!-- \/ Yoast SEO plugin. -->","yoast_head_json":{"title":"Argent\u00ecn magyars\u00e1g - BUOD","robots":{"index":"index","follow":"follow","max-snippet":"max-snippet:-1","max-image-preview":"max-image-preview:large","max-video-preview":"max-video-preview:-1"},"canonical":"https:\/\/buod.de\/de\/argent-n-magyarsag\/","og_locale":"de_DE","og_type":"article","og_title":"Argent\u00ecn magyars\u00e1g - BUOD","og_description":"Tisztelt H\u00f6lgyeim \u00e9s &nbsp;Uraim! Az elm\u00falt k\u00e9t h\u00e9tben Buenos Airesben koncerteztem, \u00e9s term\u00e9szetesen megl\u00e1togattam a magyar k\u00f6z\u00f6ss\u00e9get \u00e9s a Vit\u00e9zi Rend ott el\u0151 tagjait is.","og_url":"https:\/\/buod.de\/de\/argent-n-magyarsag\/","og_site_name":"BUOD","article_publisher":"https:\/\/www.facebook.com\/profile.php?id=100082185652397","article_published_time":"2023-10-15T13:37:30+00:00","article_modified_time":"2024-04-11T13:34:11+00:00","author":"Gery V\u00e1rkonyi","twitter_card":"summary_large_image","twitter_misc":{"Written by":"Gery V\u00e1rkonyi"},"schema":{"@context":"https:\/\/schema.org","@graph":[{"@type":"Article","@id":"https:\/\/buod.de\/argent-n-magyarsag\/#article","isPartOf":{"@id":"https:\/\/buod.de\/argent-n-magyarsag\/"},"author":{"name":"Gery V\u00e1rkonyi","@id":"https:\/\/buod.de\/#\/schema\/person\/8332a3e63b017fea8fcd17e9c0f96bf1"},"headline":"Argent\u00ecn magyars\u00e1g","datePublished":"2023-10-15T13:37:30+00:00","dateModified":"2024-04-11T13:34:11+00:00","mainEntityOfPage":{"@id":"https:\/\/buod.de\/argent-n-magyarsag\/"},"wordCount":86,"commentCount":0,"publisher":{"@id":"https:\/\/buod.de\/#organization"},"keywords":["2023"],"articleSection":["H\u00edrek"],"inLanguage":"de-DE","potentialAction":[{"@type":"CommentAction","name":"Comment","target":["https:\/\/buod.de\/argent-n-magyarsag\/#respond"]}]},{"@type":"WebPage","@id":"https:\/\/buod.de\/argent-n-magyarsag\/","url":"https:\/\/buod.de\/argent-n-magyarsag\/","name":"Argent\u00ecn magyars\u00e1g - BUOD","isPartOf":{"@id":"https:\/\/buod.de\/#website"},"datePublished":"2023-10-15T13:37:30+00:00","dateModified":"2024-04-11T13:34:11+00:00","breadcrumb":{"@id":"https:\/\/buod.de\/argent-n-magyarsag\/#breadcrumb"},"inLanguage":"de-DE","potentialAction":[{"@type":"ReadAction","target":["https:\/\/buod.de\/argent-n-magyarsag\/"]}]},{"@type":"BreadcrumbList","@id":"https:\/\/buod.de\/argent-n-magyarsag\/#breadcrumb","itemListElement":[{"@type":"ListItem","position":1,"name":"Kezd\u0151lap","item":"https:\/\/buod.de\/"},{"@type":"ListItem","position":2,"name":"Argent\u00ecn magyars\u00e1g"}]},{"@type":"WebSite","@id":"https:\/\/buod.de\/#website","url":"https:\/\/buod.de\/","name":"BUOD","description":"Bund Ungarischer Organisationen in Deutschland","publisher":{"@id":"https:\/\/buod.de\/#organization"},"potentialAction":[{"@type":"SearchAction","target":{"@type":"EntryPoint","urlTemplate":"https:\/\/buod.de\/?s={search_term_string}"},"query-input":{"@type":"PropertyValueSpecification","valueRequired":true,"valueName":"search_term_string"}}],"inLanguage":"de-DE"},{"@type":"Organization","@id":"https:\/\/buod.de\/#organization","name":"BUOD","url":"https:\/\/buod.de\/","logo":{"@type":"ImageObject","inLanguage":"de-DE","@id":"https:\/\/buod.de\/#\/schema\/logo\/image\/","url":"https:\/\/buod.de\/wp-content\/uploads\/2024\/03\/BUOD-logo.png","contentUrl":"https:\/\/buod.de\/wp-content\/uploads\/2024\/03\/BUOD-logo.png","width":586,"height":490,"caption":"BUOD"},"image":{"@id":"https:\/\/buod.de\/#\/schema\/logo\/image\/"},"sameAs":["https:\/\/www.facebook.com\/profile.php?id=100082185652397"]},{"@type":"Person","@id":"https:\/\/buod.de\/#\/schema\/person\/8332a3e63b017fea8fcd17e9c0f96bf1","name":"Gery V\u00e1rkonyi","image":{"@type":"ImageObject","inLanguage":"de-DE","@id":"https:\/\/secure.gravatar.com\/avatar\/c1babe7dc68f065be4ec606c522172804715398688c78c6fffca3888b364e934?s=96&d=mm&r=g","url":"https:\/\/secure.gravatar.com\/avatar\/c1babe7dc68f065be4ec606c522172804715398688c78c6fffca3888b364e934?s=96&d=mm&r=g","contentUrl":"https:\/\/secure.gravatar.com\/avatar\/c1babe7dc68f065be4ec606c522172804715398688c78c6fffca3888b364e934?s=96&d=mm&r=g","caption":"Gery V\u00e1rkonyi"},"url":"https:\/\/buod.de\/de\/author\/geryvarkonyi\/"}]}},"_links":{"self":[{"href":"https:\/\/buod.de\/de\/wp-json\/wp\/v2\/posts\/1834","targetHints":{"allow":["GET"]}}],"collection":[{"href":"https:\/\/buod.de\/de\/wp-json\/wp\/v2\/posts"}],"about":[{"href":"https:\/\/buod.de\/de\/wp-json\/wp\/v2\/types\/post"}],"author":[{"embeddable":true,"href":"https:\/\/buod.de\/de\/wp-json\/wp\/v2\/users\/4"}],"replies":[{"embeddable":true,"href":"https:\/\/buod.de\/de\/wp-json\/wp\/v2\/comments?post=1834"}],"version-history":[{"count":1,"href":"https:\/\/buod.de\/de\/wp-json\/wp\/v2\/posts\/1834\/revisions"}],"predecessor-version":[{"id":2426,"href":"https:\/\/buod.de\/de\/wp-json\/wp\/v2\/posts\/1834\/revisions\/2426"}],"wp:attachment":[{"href":"https:\/\/buod.de\/de\/wp-json\/wp\/v2\/media?parent=1834"}],"wp:term":[{"taxonomy":"category","embeddable":true,"href":"https:\/\/buod.de\/de\/wp-json\/wp\/v2\/categories?post=1834"},{"taxonomy":"post_tag","embeddable":true,"href":"https:\/\/buod.de\/de\/wp-json\/wp\/v2\/tags?post=1834"}],"curies":[{"name":"wp","href":"https:\/\/api.w.org\/{rel}","templated":true}]}}