{"id":1845,"date":"2023-10-27T08:34:42","date_gmt":"2023-10-27T08:34:42","guid":{"rendered":"https:\/\/dev.buod.de\/megnyitotta-kapuit-sepsiszentgyorgyon-a-szekely-nemzeti-muzeum\/"},"modified":"2024-04-11T13:34:10","modified_gmt":"2024-04-11T13:34:10","slug":"megnyitotta-kapuit-sepsiszentgyorgyon-a-szekely-nemzeti-muzeum","status":"publish","type":"post","link":"https:\/\/buod.de\/de\/megnyitotta-kapuit-sepsiszentgyorgyon-a-szekely-nemzeti-muzeum\/","title":{"rendered":"Megnyitotta kapuit Sepsiszentgy\u00f6rgy\u00f6n a Sz\u00e9kely Nemzeti M\u00fazeum"},"content":{"rendered":"<p>Kedves Listatt\u00e4rsak!<\/p>\n<p>Napjainkban sok h\u00edr van, amely ink\u00e1bb mag\u00e1ra vonja a figyelmet. Vannak t\u00e9m\u00e1k, amelyek m\u00e1sokat nem, de minket \u00e9rdekelnek, mert \u00e9rintenek. A sz\u00e9kelys\u00e9ggel kapcsolatban kieg\u00e9sz\u00edtend\u0151: \u0151k k\u00f6zjogilag egy nemzet,<\/p>\n<p><!--more--><\/p>\n<p>l\u00e1sd Werb\u0151czy Tripartituma, \u00e9s a nemzetk\u00f6zi jogban a nagyhatalmak \u00e9s Rom\u00e1nia k\u00f6z\u00f6tt k\u00f6t\u00f6tt kisebbs\u00e9g v\u00e9delmi szerz\u0151d\u00e9s: Az 1919 dec 9 -i szerz\u0151d\u00e9s 9. cikke a sz\u00e9kelyek \u00e9s sz\u00e1szok kultur\u00e1lis autonomi\u00e1j\u00e1t r\u00f6gz\u00edti.<\/p>\n<p>Itt e k\u00e9t nemzeti kisebbs\u00e9g, helyesebben n\u00e9pcsoport k\u00f6z\u00f6ss\u00e9gi jogalanyis\u00e1ga r\u00f6gz\u00edtett, teh\u00e1t Rom\u00e1nia ezt a <strong>szerz\u0151d\u00e9st, Treaty<\/strong>-t s\u00e9rti meg, szegi meg, amikor csak a nemzeti kisebbs\u00e9gi szem\u00e9lyek egy\u00e9ni jogait ismeri el.<\/p>\n<p>Fontos, hogy ezt meg\u00e9rts\u00fck \u00e9s tiszt\u00e1n l\u00e1ssuk. Amikor a Budapesten az Orsz\u00e1gh\u00e1z egyik lobog\u00f3ja a magyar mellett a sz\u00e9kely z\u00e1szl\u00f3, az nem&nbsp; egy EU-t bosszant\u00f3 magyarkod\u00e1s, hanem erre a rom\u00e1n jogs\u00e9rt\u00e9sre h\u00edvja fel a figyelmet.<\/p>\n<p>Egy h\u00f3nappal ezel\u0151tt Rab Ir\u00e9n M\u00fcnchenben egy tanuls\u00e1gos el\u0151aad\u00e1st tartott a sz\u00e1sz nemzet 800 \u00e9ves t\u00f6rt\u00e9net\u00e9r\u0151l, sors\u00e1r\u00f3l Erd\u00e9lyben. Rendkiv\u00fcl sikeresek voltak magyar f\u00f6ld\u00f6n, \u00fagy l\u00e1tszott,<\/p>\n<p>hogy a magyar nemzet r\u00e9sz\u00e9v\u00e9 v\u00e1ltak, azt\u00e1n egy adott t\u00f6rt\u00e9nelmi pillanatban, 1918-1919-ben kiugrott\u00e1k, parip\u00e1t v\u00e1ltottak, sz\u00edvet cser\u00e9ltek, \u00e9s 80 \u00e9v m\u00falva &#8216;k\u00f6dd\u00e9&#8217; v\u00e1ltak, Eur\u00f3pa egyik legcsod\u00e1latosabb ter\u00fclet\u00e9t,<\/p>\n<p>Erd\u00e9lyt, haz\u00e1jukat v\u00e9g\u00e9rv\u00e9nyesen elvesztett\u00e9k, n\u00e9piesen sz\u00f3lva elbok\u00e1zt\u00e1k, k\u00e9t\u00e9venk\u00e9nt Dinkelsb\u00fchlben visszas\u00edrj\u00e1k. Nem \u00fagy a sz\u00e9kelyek, \u0151k rend\u00edthetetlenek, mozd\u00edthatatlanok. Ez\u00e9rt szabad \u00e9s illik nek\u00fcnk id\u0151nk\u00e9nt<\/p>\n<p>k\u00fcl\u00f6n megeml\u00e9kezni r\u00f3luk, mint nemzet\u00fcnk egyik pill\u00e9r\u00e9r\u0151l.<\/p>\n<p>\u00dcdv\u00f6zlettel:<\/p>\n<p>Ravasz \u00c1kos<\/p>\n<h1>HOGYAN KER\u00dcLTEK A SZ\u00c1SZOK ERD\u00c9LYBE \u00c9S, HOGY KER\u00dcLTEK EL ONNAN?<\/h1>\n<h1><a href=\"https:\/\/youtube.com\/watch?v=bPjjZ-s28jw&amp;si=lHqYUQ0iz-vA4hE3\"><\/a><a href=\"https:\/\/youtube.com\/watch?v=bPjjZ-s28jw&amp;si=lHqYUQ0iz-vA4hE3\">https:\/\/youtube.com\/watch?v=bPjjZ-s28jw&amp;si=lHqYUQ0iz-vA4hE3<\/a><\/h1>\n<p>Keves Listat\u00e1rsak!<\/p>\n<p>Brendus R\u00e9ka, a magyar korm\u00e1ny Nemzetpolitikai \u00c1llamtitk\u00e1rs\u00e1g\u00e1nak oszt\u00e1lyvezet\u0151je azokr\u00f3l is sz\u00f3t ejtett, akik \u00fagy gondolj\u00e1k, hogy nincs helye a magyar, sz\u00e9kely m\u00faltnak \u00e9s kult\u00far\u00e1nak ebben az orsz\u00e1gban, de felemel\u0151, meger\u0151s\u00edt\u0151 \u00fczenete is volt.&nbsp; \u201eEz m\u00e1r nem is m\u00fazeum, ez a hely a sz\u00e9kely nemzet \u00f6r\u00f6ks\u00e9g\u00e9nek, mindennapjainak, \u00e9letm\u0171v\u00e9nek, sz\u00fclet\u00e9s\u00e9nek \u00e9s dics\u0151s\u00e9g\u00e9nek otthona \u00e9s m\u00e9g ann\u00e1l is t\u00f6bb, a sz\u00e9kelys\u00e9g megmarad\u00e1s\u00e1nak szent\u00e9lye&#8230;\u201c<\/p>\n<p> <a href=\"https:\/\/szekelyhon.ro\/aktualis\/tobb-mint-egy-epulet-tobb-mint-egy-muzeum-tobb-mint-egy-intezmeny\"><\/a><a href=\"https:\/\/szekelyhon.ro\/aktualis\/tobb-mint-egy-epulet-tobb-mint-egy-muzeum-tobb-mint-egy-intezmeny\">https:\/\/szekelyhon.ro\/aktualis\/tobb-mint-egy-epulet-tobb-mint-egy-muzeum-tobb-mint-egy-intezmeny<\/a><\/p>","protected":false},"excerpt":{"rendered":"<p>Kedves Listatt\u00e4rsak! Napjainkban sok h\u00edr van, amely ink\u00e1bb mag\u00e1ra vonja a figyelmet. Vannak t\u00e9m\u00e1k, amelyek m\u00e1sokat nem, de minket \u00e9rdekelnek, mert \u00e9rintenek. A sz\u00e9kelys\u00e9ggel kapcsolatban kieg\u00e9sz\u00edtend\u0151: \u0151k k\u00f6zjogilag egy nemzet,<\/p>","protected":false},"author":4,"featured_media":0,"comment_status":"open","ping_status":"open","sticky":false,"template":"","format":"standard","meta":{"footnotes":""},"categories":[17],"tags":[21],"class_list":["post-1845","post","type-post","status-publish","format-standard","hentry","category-hirek","tag-21"],"yoast_head":"<!-- This site is optimized with the Yoast SEO plugin v27.5 - https:\/\/yoast.com\/product\/yoast-seo-wordpress\/ -->\n<title>Megnyitotta kapuit Sepsiszentgy\u00f6rgy\u00f6n a Sz\u00e9kely Nemzeti M\u00fazeum - BUOD<\/title>\n<meta name=\"robots\" content=\"index, follow, max-snippet:-1, max-image-preview:large, max-video-preview:-1\" \/>\n<link rel=\"canonical\" href=\"https:\/\/buod.de\/de\/megnyitotta-kapuit-sepsiszentgyorgyon-a-szekely-nemzeti-muzeum\/\" \/>\n<meta property=\"og:locale\" content=\"de_DE\" \/>\n<meta property=\"og:type\" content=\"article\" \/>\n<meta property=\"og:title\" content=\"Megnyitotta kapuit Sepsiszentgy\u00f6rgy\u00f6n a Sz\u00e9kely Nemzeti M\u00fazeum - BUOD\" \/>\n<meta property=\"og:description\" content=\"Kedves Listatt\u00e4rsak! Napjainkban sok h\u00edr van, amely ink\u00e1bb mag\u00e1ra vonja a figyelmet. Vannak t\u00e9m\u00e1k, amelyek m\u00e1sokat nem, de minket \u00e9rdekelnek, mert \u00e9rintenek. A sz\u00e9kelys\u00e9ggel kapcsolatban kieg\u00e9sz\u00edtend\u0151: \u0151k k\u00f6zjogilag egy nemzet,\" \/>\n<meta property=\"og:url\" content=\"https:\/\/buod.de\/de\/megnyitotta-kapuit-sepsiszentgyorgyon-a-szekely-nemzeti-muzeum\/\" \/>\n<meta property=\"og:site_name\" content=\"BUOD\" \/>\n<meta property=\"article:publisher\" content=\"https:\/\/www.facebook.com\/profile.php?id=100082185652397\" \/>\n<meta property=\"article:published_time\" content=\"2023-10-27T08:34:42+00:00\" \/>\n<meta property=\"article:modified_time\" content=\"2024-04-11T13:34:10+00:00\" \/>\n<meta name=\"author\" content=\"Gery V\u00e1rkonyi\" \/>\n<meta name=\"twitter:card\" content=\"summary_large_image\" \/>\n<meta name=\"twitter:label1\" content=\"Written by\" \/>\n\t<meta name=\"twitter:data1\" content=\"Gery V\u00e1rkonyi\" \/>\n\t<meta name=\"twitter:label2\" content=\"Est. reading time\" \/>\n\t<meta name=\"twitter:data2\" content=\"2 minutes\" \/>\n<script type=\"application\/ld+json\" class=\"yoast-schema-graph\">{\"@context\":\"https:\\\/\\\/schema.org\",\"@graph\":[{\"@type\":\"Article\",\"@id\":\"https:\\\/\\\/buod.de\\\/megnyitotta-kapuit-sepsiszentgyorgyon-a-szekely-nemzeti-muzeum\\\/#article\",\"isPartOf\":{\"@id\":\"https:\\\/\\\/buod.de\\\/megnyitotta-kapuit-sepsiszentgyorgyon-a-szekely-nemzeti-muzeum\\\/\"},\"author\":{\"name\":\"Gery V\u00e1rkonyi\",\"@id\":\"https:\\\/\\\/buod.de\\\/#\\\/schema\\\/person\\\/8332a3e63b017fea8fcd17e9c0f96bf1\"},\"headline\":\"Megnyitotta kapuit Sepsiszentgy\u00f6rgy\u00f6n a Sz\u00e9kely Nemzeti M\u00fazeum\",\"datePublished\":\"2023-10-27T08:34:42+00:00\",\"dateModified\":\"2024-04-11T13:34:10+00:00\",\"mainEntityOfPage\":{\"@id\":\"https:\\\/\\\/buod.de\\\/megnyitotta-kapuit-sepsiszentgyorgyon-a-szekely-nemzeti-muzeum\\\/\"},\"wordCount\":486,\"commentCount\":0,\"publisher\":{\"@id\":\"https:\\\/\\\/buod.de\\\/#organization\"},\"keywords\":[\"2023\"],\"articleSection\":[\"H\u00edrek\"],\"inLanguage\":\"de-DE\",\"potentialAction\":[{\"@type\":\"CommentAction\",\"name\":\"Comment\",\"target\":[\"https:\\\/\\\/buod.de\\\/megnyitotta-kapuit-sepsiszentgyorgyon-a-szekely-nemzeti-muzeum\\\/#respond\"]}]},{\"@type\":\"WebPage\",\"@id\":\"https:\\\/\\\/buod.de\\\/megnyitotta-kapuit-sepsiszentgyorgyon-a-szekely-nemzeti-muzeum\\\/\",\"url\":\"https:\\\/\\\/buod.de\\\/megnyitotta-kapuit-sepsiszentgyorgyon-a-szekely-nemzeti-muzeum\\\/\",\"name\":\"Megnyitotta kapuit Sepsiszentgy\u00f6rgy\u00f6n a Sz\u00e9kely Nemzeti M\u00fazeum - BUOD\",\"isPartOf\":{\"@id\":\"https:\\\/\\\/buod.de\\\/#website\"},\"datePublished\":\"2023-10-27T08:34:42+00:00\",\"dateModified\":\"2024-04-11T13:34:10+00:00\",\"breadcrumb\":{\"@id\":\"https:\\\/\\\/buod.de\\\/megnyitotta-kapuit-sepsiszentgyorgyon-a-szekely-nemzeti-muzeum\\\/#breadcrumb\"},\"inLanguage\":\"de-DE\",\"potentialAction\":[{\"@type\":\"ReadAction\",\"target\":[\"https:\\\/\\\/buod.de\\\/megnyitotta-kapuit-sepsiszentgyorgyon-a-szekely-nemzeti-muzeum\\\/\"]}]},{\"@type\":\"BreadcrumbList\",\"@id\":\"https:\\\/\\\/buod.de\\\/megnyitotta-kapuit-sepsiszentgyorgyon-a-szekely-nemzeti-muzeum\\\/#breadcrumb\",\"itemListElement\":[{\"@type\":\"ListItem\",\"position\":1,\"name\":\"Kezd\u0151lap\",\"item\":\"https:\\\/\\\/buod.de\\\/\"},{\"@type\":\"ListItem\",\"position\":2,\"name\":\"Megnyitotta kapuit Sepsiszentgy\u00f6rgy\u00f6n a Sz\u00e9kely Nemzeti M\u00fazeum\"}]},{\"@type\":\"WebSite\",\"@id\":\"https:\\\/\\\/buod.de\\\/#website\",\"url\":\"https:\\\/\\\/buod.de\\\/\",\"name\":\"BUOD\",\"description\":\"Bund Ungarischer Organisationen in Deutschland\",\"publisher\":{\"@id\":\"https:\\\/\\\/buod.de\\\/#organization\"},\"potentialAction\":[{\"@type\":\"SearchAction\",\"target\":{\"@type\":\"EntryPoint\",\"urlTemplate\":\"https:\\\/\\\/buod.de\\\/?s={search_term_string}\"},\"query-input\":{\"@type\":\"PropertyValueSpecification\",\"valueRequired\":true,\"valueName\":\"search_term_string\"}}],\"inLanguage\":\"de-DE\"},{\"@type\":\"Organization\",\"@id\":\"https:\\\/\\\/buod.de\\\/#organization\",\"name\":\"BUOD\",\"url\":\"https:\\\/\\\/buod.de\\\/\",\"logo\":{\"@type\":\"ImageObject\",\"inLanguage\":\"de-DE\",\"@id\":\"https:\\\/\\\/buod.de\\\/#\\\/schema\\\/logo\\\/image\\\/\",\"url\":\"https:\\\/\\\/buod.de\\\/wp-content\\\/uploads\\\/2024\\\/03\\\/BUOD-logo.png\",\"contentUrl\":\"https:\\\/\\\/buod.de\\\/wp-content\\\/uploads\\\/2024\\\/03\\\/BUOD-logo.png\",\"width\":586,\"height\":490,\"caption\":\"BUOD\"},\"image\":{\"@id\":\"https:\\\/\\\/buod.de\\\/#\\\/schema\\\/logo\\\/image\\\/\"},\"sameAs\":[\"https:\\\/\\\/www.facebook.com\\\/profile.php?id=100082185652397\"]},{\"@type\":\"Person\",\"@id\":\"https:\\\/\\\/buod.de\\\/#\\\/schema\\\/person\\\/8332a3e63b017fea8fcd17e9c0f96bf1\",\"name\":\"Gery V\u00e1rkonyi\",\"image\":{\"@type\":\"ImageObject\",\"inLanguage\":\"de-DE\",\"@id\":\"https:\\\/\\\/secure.gravatar.com\\\/avatar\\\/c1babe7dc68f065be4ec606c522172804715398688c78c6fffca3888b364e934?s=96&d=mm&r=g\",\"url\":\"https:\\\/\\\/secure.gravatar.com\\\/avatar\\\/c1babe7dc68f065be4ec606c522172804715398688c78c6fffca3888b364e934?s=96&d=mm&r=g\",\"contentUrl\":\"https:\\\/\\\/secure.gravatar.com\\\/avatar\\\/c1babe7dc68f065be4ec606c522172804715398688c78c6fffca3888b364e934?s=96&d=mm&r=g\",\"caption\":\"Gery V\u00e1rkonyi\"},\"url\":\"https:\\\/\\\/buod.de\\\/de\\\/author\\\/geryvarkonyi\\\/\"}]}<\/script>\n<!-- \/ Yoast SEO plugin. -->","yoast_head_json":{"title":"Megnyitotta kapuit Sepsiszentgy\u00f6rgy\u00f6n a Sz\u00e9kely Nemzeti M\u00fazeum - BUOD","robots":{"index":"index","follow":"follow","max-snippet":"max-snippet:-1","max-image-preview":"max-image-preview:large","max-video-preview":"max-video-preview:-1"},"canonical":"https:\/\/buod.de\/de\/megnyitotta-kapuit-sepsiszentgyorgyon-a-szekely-nemzeti-muzeum\/","og_locale":"de_DE","og_type":"article","og_title":"Megnyitotta kapuit Sepsiszentgy\u00f6rgy\u00f6n a Sz\u00e9kely Nemzeti M\u00fazeum - BUOD","og_description":"Kedves Listatt\u00e4rsak! Napjainkban sok h\u00edr van, amely ink\u00e1bb mag\u00e1ra vonja a figyelmet. Vannak t\u00e9m\u00e1k, amelyek m\u00e1sokat nem, de minket \u00e9rdekelnek, mert \u00e9rintenek. A sz\u00e9kelys\u00e9ggel kapcsolatban kieg\u00e9sz\u00edtend\u0151: \u0151k k\u00f6zjogilag egy nemzet,","og_url":"https:\/\/buod.de\/de\/megnyitotta-kapuit-sepsiszentgyorgyon-a-szekely-nemzeti-muzeum\/","og_site_name":"BUOD","article_publisher":"https:\/\/www.facebook.com\/profile.php?id=100082185652397","article_published_time":"2023-10-27T08:34:42+00:00","article_modified_time":"2024-04-11T13:34:10+00:00","author":"Gery V\u00e1rkonyi","twitter_card":"summary_large_image","twitter_misc":{"Written by":"Gery V\u00e1rkonyi","Est. reading time":"2 minutes"},"schema":{"@context":"https:\/\/schema.org","@graph":[{"@type":"Article","@id":"https:\/\/buod.de\/megnyitotta-kapuit-sepsiszentgyorgyon-a-szekely-nemzeti-muzeum\/#article","isPartOf":{"@id":"https:\/\/buod.de\/megnyitotta-kapuit-sepsiszentgyorgyon-a-szekely-nemzeti-muzeum\/"},"author":{"name":"Gery V\u00e1rkonyi","@id":"https:\/\/buod.de\/#\/schema\/person\/8332a3e63b017fea8fcd17e9c0f96bf1"},"headline":"Megnyitotta kapuit Sepsiszentgy\u00f6rgy\u00f6n a Sz\u00e9kely Nemzeti M\u00fazeum","datePublished":"2023-10-27T08:34:42+00:00","dateModified":"2024-04-11T13:34:10+00:00","mainEntityOfPage":{"@id":"https:\/\/buod.de\/megnyitotta-kapuit-sepsiszentgyorgyon-a-szekely-nemzeti-muzeum\/"},"wordCount":486,"commentCount":0,"publisher":{"@id":"https:\/\/buod.de\/#organization"},"keywords":["2023"],"articleSection":["H\u00edrek"],"inLanguage":"de-DE","potentialAction":[{"@type":"CommentAction","name":"Comment","target":["https:\/\/buod.de\/megnyitotta-kapuit-sepsiszentgyorgyon-a-szekely-nemzeti-muzeum\/#respond"]}]},{"@type":"WebPage","@id":"https:\/\/buod.de\/megnyitotta-kapuit-sepsiszentgyorgyon-a-szekely-nemzeti-muzeum\/","url":"https:\/\/buod.de\/megnyitotta-kapuit-sepsiszentgyorgyon-a-szekely-nemzeti-muzeum\/","name":"Megnyitotta kapuit Sepsiszentgy\u00f6rgy\u00f6n a Sz\u00e9kely Nemzeti M\u00fazeum - BUOD","isPartOf":{"@id":"https:\/\/buod.de\/#website"},"datePublished":"2023-10-27T08:34:42+00:00","dateModified":"2024-04-11T13:34:10+00:00","breadcrumb":{"@id":"https:\/\/buod.de\/megnyitotta-kapuit-sepsiszentgyorgyon-a-szekely-nemzeti-muzeum\/#breadcrumb"},"inLanguage":"de-DE","potentialAction":[{"@type":"ReadAction","target":["https:\/\/buod.de\/megnyitotta-kapuit-sepsiszentgyorgyon-a-szekely-nemzeti-muzeum\/"]}]},{"@type":"BreadcrumbList","@id":"https:\/\/buod.de\/megnyitotta-kapuit-sepsiszentgyorgyon-a-szekely-nemzeti-muzeum\/#breadcrumb","itemListElement":[{"@type":"ListItem","position":1,"name":"Kezd\u0151lap","item":"https:\/\/buod.de\/"},{"@type":"ListItem","position":2,"name":"Megnyitotta kapuit Sepsiszentgy\u00f6rgy\u00f6n a Sz\u00e9kely Nemzeti M\u00fazeum"}]},{"@type":"WebSite","@id":"https:\/\/buod.de\/#website","url":"https:\/\/buod.de\/","name":"BUOD","description":"Bund Ungarischer Organisationen in Deutschland","publisher":{"@id":"https:\/\/buod.de\/#organization"},"potentialAction":[{"@type":"SearchAction","target":{"@type":"EntryPoint","urlTemplate":"https:\/\/buod.de\/?s={search_term_string}"},"query-input":{"@type":"PropertyValueSpecification","valueRequired":true,"valueName":"search_term_string"}}],"inLanguage":"de-DE"},{"@type":"Organization","@id":"https:\/\/buod.de\/#organization","name":"BUOD","url":"https:\/\/buod.de\/","logo":{"@type":"ImageObject","inLanguage":"de-DE","@id":"https:\/\/buod.de\/#\/schema\/logo\/image\/","url":"https:\/\/buod.de\/wp-content\/uploads\/2024\/03\/BUOD-logo.png","contentUrl":"https:\/\/buod.de\/wp-content\/uploads\/2024\/03\/BUOD-logo.png","width":586,"height":490,"caption":"BUOD"},"image":{"@id":"https:\/\/buod.de\/#\/schema\/logo\/image\/"},"sameAs":["https:\/\/www.facebook.com\/profile.php?id=100082185652397"]},{"@type":"Person","@id":"https:\/\/buod.de\/#\/schema\/person\/8332a3e63b017fea8fcd17e9c0f96bf1","name":"Gery V\u00e1rkonyi","image":{"@type":"ImageObject","inLanguage":"de-DE","@id":"https:\/\/secure.gravatar.com\/avatar\/c1babe7dc68f065be4ec606c522172804715398688c78c6fffca3888b364e934?s=96&d=mm&r=g","url":"https:\/\/secure.gravatar.com\/avatar\/c1babe7dc68f065be4ec606c522172804715398688c78c6fffca3888b364e934?s=96&d=mm&r=g","contentUrl":"https:\/\/secure.gravatar.com\/avatar\/c1babe7dc68f065be4ec606c522172804715398688c78c6fffca3888b364e934?s=96&d=mm&r=g","caption":"Gery V\u00e1rkonyi"},"url":"https:\/\/buod.de\/de\/author\/geryvarkonyi\/"}]}},"_links":{"self":[{"href":"https:\/\/buod.de\/de\/wp-json\/wp\/v2\/posts\/1845","targetHints":{"allow":["GET"]}}],"collection":[{"href":"https:\/\/buod.de\/de\/wp-json\/wp\/v2\/posts"}],"about":[{"href":"https:\/\/buod.de\/de\/wp-json\/wp\/v2\/types\/post"}],"author":[{"embeddable":true,"href":"https:\/\/buod.de\/de\/wp-json\/wp\/v2\/users\/4"}],"replies":[{"embeddable":true,"href":"https:\/\/buod.de\/de\/wp-json\/wp\/v2\/comments?post=1845"}],"version-history":[{"count":1,"href":"https:\/\/buod.de\/de\/wp-json\/wp\/v2\/posts\/1845\/revisions"}],"predecessor-version":[{"id":2419,"href":"https:\/\/buod.de\/de\/wp-json\/wp\/v2\/posts\/1845\/revisions\/2419"}],"wp:attachment":[{"href":"https:\/\/buod.de\/de\/wp-json\/wp\/v2\/media?parent=1845"}],"wp:term":[{"taxonomy":"category","embeddable":true,"href":"https:\/\/buod.de\/de\/wp-json\/wp\/v2\/categories?post=1845"},{"taxonomy":"post_tag","embeddable":true,"href":"https:\/\/buod.de\/de\/wp-json\/wp\/v2\/tags?post=1845"}],"curies":[{"name":"wp","href":"https:\/\/api.w.org\/{rel}","templated":true}]}}