{"id":1867,"date":"2023-11-03T15:24:11","date_gmt":"2023-11-03T15:24:11","guid":{"rendered":"https:\/\/dev.buod.de\/vi-nyugat-europai-neptancfesztival-stuttgartban\/"},"modified":"2024-04-11T13:34:10","modified_gmt":"2024-04-11T13:34:10","slug":"vi-nyugat-europai-neptancfesztival-stuttgartban","status":"publish","type":"post","link":"https:\/\/buod.de\/de\/vi-nyugat-europai-neptancfesztival-stuttgartban\/","title":{"rendered":"VI. Nyugat-Eur\u00f3pai N\u00e9pt\u00e1ncfesztiv\u00e1l Stuttgartban"},"content":{"rendered":"<p>Kedves Listatagok!<\/p>\n<p>Szeretettel k\u00fcld\u00f6m nektek az idei stuttgarti n\u00e9pt\u00e1ncfesztiv\u00e1lr\u00f3l sz\u00f3l\u00f3 cikkemet!<\/p>\n<p>\u00dcdv\u00f6zlettel:<\/p>\n<p>Jan\u00e1k R\u00e9ka<\/p>\n<p>KCsP \u00f6szt\u00f6nd\u00edjas, Stuttgart<\/p>\n<p><!--more--><\/p>\n<p>&nbsp;<\/p>\n<p>&nbsp;<\/p>\n<p>VI. Nyugat-Eur\u00f3pai N\u00e9pt\u00e1ncfesztiv\u00e1l Stuttgartban<\/p>\n<p>A n\u00e9metorsz\u00e1gi magyarok egyik legjobban v\u00e1rt esem\u00e9nye a Stuttgartban minden \u00e9vben megrendezett Nyugat-Eur\u00f3pai N\u00e9pt\u00e1ncfesztiv\u00e1l. Id\u00e9n okt\u00f3ber 27-28.-\u00e1n tartottuk, melyen a Fokos zenekar, illetve Pik\u00f3 \u00e9s band\u00e1ja h\u00fazta a t\u00e1ncosoknak a talpal\u00e1val\u00f3t.<\/p>\n<p>A m\u00e1r megszokott m\u00f3don, p\u00e9nteken kezd\u0151d\u00f6tt a nagyszab\u00e1s\u00fa rendezv\u00e9ny, amit Kem\u00e9ny J\u00f3zsef f\u0151szervez\u0151 besz\u00e9de, majd a Fokos zenekar koncertje nyitott meg a gablenbergi helysz\u00ednen. Az idei \u00e9v zs\u0171ritagjai, Kov\u00e1cs Norbert \u2019Cimbi\u2019 \u00e9s feles\u00e9ge Bea egy r\u00f6vid t\u00e1ncos \u00f6ssze\u00e1ll\u00edt\u00e1ssal eg\u00e9sz\u00edtett\u00e9k ki \u00e9s sz\u00ednes\u00edtett\u00e9k a koncert programj\u00e1t. Ezt k\u00f6vet\u0151en megkezd\u0151d\u00f6tt a t\u00e1nch\u00e1z, ahol a moldvai t\u00e1nctan\u00edt\u00e1st ut\u00e1n k\u00f6tetlen mulatts\u00e1ggal folytat\u00f3dott az este. A j\u00f3 hangulat ellen\u00e9re mindenki kor\u00e1n elfoglalta sz\u00e1ll\u00e1shely\u00e9t, hiszen a t\u00e1ncosoknak fontos szerepe volt a m\u00e1snapi g\u00e1lam\u0171soron.<\/p>\n<p>A szombati nap esem\u00e9nyeinek id\u00e9n is a Vaihingenben tal\u00e1lhat\u00f3 k\u00f6z\u00f6ss\u00e9gi h\u00e1z adott otthont. M\u00e1r a d\u00e9lel\u0151tti \u00f3r\u00e1kban k\u00e9sz\u00fcl\u0151d\u00f6tt a Cs\u00f6b\u00f6rcs\u00f6k t\u00e1ncegy\u00fcttes a vend\u00e9gek, t\u00e1ncosok \u00e9s fell\u00e9p\u0151k fogad\u00e1s\u00e1ra. D\u00e9lt\u0151l kaptak lehet\u0151s\u00e9get a t\u00e1ncegy\u00fcttesek a sz\u00ednpadbej\u00e1r\u00e1sra, mellyel p\u00e1rhuzamosan zajlottak a gyermekfoglalkoz\u00e1sok. H\u00e1rom \u00f3r\u00e1t\u00f3l Vass M\u00e1ria-Magdolna tartott k\u00e9zm\u0171ves foglalkoz\u00e1st a f\u00f6ldszinti aul\u00e1ban, majd \u00f6t \u00f3r\u00e1t\u00f3l gyermekt\u00e1nch\u00e1zat a nagyteremben. Ez id\u0151 alatt a kirakod\u00f3 v\u00e1s\u00e1r \u00e1rusai is kipakolt\u00e1k szebbn\u00e9l szebb port\u00e9k\u00e1ikat, melyet az \u00e9p\u00fclet els\u0151 emelet\u00e9n lehetett megtekinteni. Id\u00e9n is gy\u00f6ny\u00f6r\u0171, k\u00e9zzel k\u00e9sz\u00edtett term\u00e9keket sorakoztattak fel, k\u00f6zt\u00fck \u00e9kszereket \u00e9s k\u00fcl\u00f6nb\u00f6z\u0151 n\u00e9pviseleteket. A pr\u00f3b\u00e1k v\u00e9gezt\u00e9vel hat \u00f3r\u00e1t\u00f3l kezd\u0151d\u00f6tt a g\u00e1lam\u0171sor, melyre a fell\u00e9p\u0151k h\u00f3napok \u00f3ta szorgosan k\u00e9sz\u00fcltek. Nemcsak N\u00e9metorsz\u00e1gb\u00f3l, de Sv\u00e1jcb\u00f3l is \u00e9rkeztek egy\u00fcttesek. Id\u00e9n sz\u00ednpadra l\u00e9pett a berlini Fon\u00f3 t\u00e1ncegy\u00fcttes, a hageni Vadr\u00f3zsa, a heidelbergi \u00c1fonyahegy, a m\u00fcncheni Reg\u00f6s Magyar n\u00e9pt\u00e1ncegy\u00fcttes, a z\u00fcrichi \u00d3perenci\u00e1s, a genfi Pannonia, a berni Figur\u00e1s egy\u00fcttes \u00e9s a szervez\u0151, a Cs\u00f6b\u00f6rcs\u00f6k t\u00e1ncegy\u00fcttes is. Az est f\u0151v\u00e9dn\u00f6ke, ebben az \u00e9vben is Izs\u00e1k Andr\u00e1s f\u0151konzul volt. Joubert Oliv\u00e9r, stuttgarti els\u0151beosztott konzul, illetve Kem\u00e9ny J\u00f3zsef f\u0151szervez\u0151 \u00e9s a Cs\u00f6b\u00f6rcs\u00f6k T\u00e1ncegy\u00fcttes m\u0171v\u00e9szeti vezet\u0151j\u00e9nek besz\u00e9de ut\u00e1n l\u00e9ptek sz\u00ednpadra az egy\u00fcttesek. A k\u00f6zel m\u00e1sf\u00e9l \u00f3r\u00e1s g\u00e1lam\u0171sorban k\u00fcl\u00f6nb\u00f6z\u0151 t\u00e1jegys\u00e9gekr\u0151l l\u00e1thattunk koreogr\u00e1fi\u00e1ikat a Fokos zenekar k\u00eds\u00e9ret\u00e9ben. Kov\u00e1cs Norbert \u2019Cimbi\u2019 \u00e9s feles\u00e9ge, Gaschler Bea zs\u0171rik\u00e9nt tekintette meg a t\u00e1ncosok szerepl\u00e9s\u00e9t \u00e9s a m\u0171sor ut\u00e1n egy r\u00f6vid szakmai megbesz\u00e9l\u00e9s keretein bel\u00fcl l\u00e1tta el szakmai j\u00f3tan\u00e1csokkal az egy\u00fcttesvezet\u0151ket.<\/p>\n<p>A k\u00f6vetkez\u0151kben egy r\u00f6vid sz\u00fcnet ut\u00e1n a Fokos zenekar adott koncertet, melyet Cimbi, Bea \u00e9s k\u00e9t gyermek\u00fck egy-egy t\u00e1ncos bet\u00e9ttel eg\u00e9sz\u00edtett ki, ezzel meg\u00f6rvendeztetve az \u00e9rdekl\u0151d\u0151 k\u00f6z\u00f6ns\u00e9get. A szombat esti t\u00e1nch\u00e1zban id\u00e9n a Fokos zenekar, illetve Pik\u00f3 \u00e9s band\u00e1ja hajnalig h\u00fazt\u00e1k a muzsik\u00e1t a t\u00e1ncosoknak.<\/p>\n<p>A VI. Nyugat-Eur\u00f3pai N\u00e9pt\u00e1ncfesztiv\u00e1l ebben az \u00e9vben kimagasl\u00f3 l\u00e1togatotts\u00e1gnak \u00f6rvendett, hiszen k\u00f6zel 400 \u00e9rdekl\u0151d\u0151 vett r\u00e9szt a sz\u00ednes programsorozaton, valamint nagyj\u00e1b\u00f3l 150 t\u00e1ncos l\u00e9pett sz\u00ednpadra az este folyam\u00e1n. Ez a rendk\u00edv\u00fcl sz\u00ednvonalas esem\u00e9ny m\u00e1r hagyom\u00e1nny\u00e1 v\u00e1lt a nyugat-eur\u00f3pai egy\u00fcttesek \u00e9let\u00e9ben. Minden \u00e9vben buzg\u00f3n k\u00e9sz\u00fclnek, hiszen amellett, hogy a fesztiv\u00e1l lehet\u0151s\u00e9get biztos\u00edt, hogy megmutathass\u00e1k tud\u00e1sukat, emellett remek helysz\u00edn a tal\u00e1lkoz\u00e1sra, egy k\u00f6z\u00f6s, felejthetetlen \u00e9lm\u00e9ny \u00e9s mulatts\u00e1g egy\u00fcttes meg\u00e9l\u00e9s\u00e9re.<\/p>\n<p><img loading=\"lazy\" decoding=\"async\" class=\"size-full wp-image-1864\" src=\"https:\/\/buod.de\/wp-content\/uploads\/2023\/11\/DSC03656-scaled.jpeg\" alt=\"DSC03656\" width=\"6000\" height=\"4000\" srcset=\"https:\/\/buod.de\/wp-content\/uploads\/2023\/11\/DSC03656-scaled.jpeg 2560w, https:\/\/buod.de\/wp-content\/uploads\/2023\/11\/DSC03656-300x200.jpeg 300w, https:\/\/buod.de\/wp-content\/uploads\/2023\/11\/DSC03656-1024x683.jpeg 1024w, https:\/\/buod.de\/wp-content\/uploads\/2023\/11\/DSC03656-768x512.jpeg 768w, https:\/\/buod.de\/wp-content\/uploads\/2023\/11\/DSC03656-1536x1024.jpeg 1536w, https:\/\/buod.de\/wp-content\/uploads\/2023\/11\/DSC03656-2048x1365.jpeg 2048w, https:\/\/buod.de\/wp-content\/uploads\/2023\/11\/DSC03656-18x12.jpeg 18w\" sizes=\"auto, (max-width: 6000px) 100vw, 6000px\" \/><\/p>\n<p>&nbsp;<img loading=\"lazy\" decoding=\"async\" class=\"size-full wp-image-1865\" src=\"https:\/\/buod.de\/wp-content\/uploads\/2023\/11\/DSC04513.jpg\" alt=\"DSC04513\" width=\"1200\" height=\"750\" srcset=\"https:\/\/buod.de\/wp-content\/uploads\/2023\/11\/DSC04513.jpg 1200w, https:\/\/buod.de\/wp-content\/uploads\/2023\/11\/DSC04513-300x188.jpg 300w, https:\/\/buod.de\/wp-content\/uploads\/2023\/11\/DSC04513-1024x640.jpg 1024w, https:\/\/buod.de\/wp-content\/uploads\/2023\/11\/DSC04513-768x480.jpg 768w, https:\/\/buod.de\/wp-content\/uploads\/2023\/11\/DSC04513-18x12.jpg 18w\" sizes=\"auto, (max-width: 1200px) 100vw, 1200px\" \/><\/p>\n<p><img loading=\"lazy\" decoding=\"async\" class=\"size-full wp-image-1866\" src=\"https:\/\/buod.de\/wp-content\/uploads\/2023\/11\/DSC06460.jpg\" alt=\"DSC06460\" width=\"1200\" height=\"675\" srcset=\"https:\/\/buod.de\/wp-content\/uploads\/2023\/11\/DSC06460.jpg 1200w, https:\/\/buod.de\/wp-content\/uploads\/2023\/11\/DSC06460-300x169.jpg 300w, https:\/\/buod.de\/wp-content\/uploads\/2023\/11\/DSC06460-1024x576.jpg 1024w, https:\/\/buod.de\/wp-content\/uploads\/2023\/11\/DSC06460-768x432.jpg 768w, https:\/\/buod.de\/wp-content\/uploads\/2023\/11\/DSC06460-18x10.jpg 18w\" sizes=\"auto, (max-width: 1200px) 100vw, 1200px\" \/><\/p>","protected":false},"excerpt":{"rendered":"<p>Kedves Listatagok! Szeretettel k\u00fcld\u00f6m nektek az idei stuttgarti n\u00e9pt\u00e1ncfesztiv\u00e1lr\u00f3l sz\u00f3l\u00f3 cikkemet! \u00dcdv\u00f6zlettel: Jan\u00e1k R\u00e9ka KCsP \u00f6szt\u00f6nd\u00edjas, Stuttgart<\/p>","protected":false},"author":4,"featured_media":1864,"comment_status":"open","ping_status":"open","sticky":false,"template":"","format":"standard","meta":{"footnotes":""},"categories":[17],"tags":[21],"class_list":["post-1867","post","type-post","status-publish","format-standard","has-post-thumbnail","hentry","category-hirek","tag-21"],"yoast_head":"<!-- This site is optimized with the Yoast SEO plugin v27.5 - https:\/\/yoast.com\/product\/yoast-seo-wordpress\/ -->\n<title>VI. Nyugat-Eur\u00f3pai N\u00e9pt\u00e1ncfesztiv\u00e1l Stuttgartban - BUOD<\/title>\n<meta name=\"robots\" content=\"index, follow, max-snippet:-1, max-image-preview:large, max-video-preview:-1\" \/>\n<link rel=\"canonical\" href=\"https:\/\/buod.de\/de\/vi-nyugat-europai-neptancfesztival-stuttgartban\/\" \/>\n<meta property=\"og:locale\" content=\"de_DE\" \/>\n<meta property=\"og:type\" content=\"article\" \/>\n<meta property=\"og:title\" content=\"VI. Nyugat-Eur\u00f3pai N\u00e9pt\u00e1ncfesztiv\u00e1l Stuttgartban - BUOD\" \/>\n<meta property=\"og:description\" content=\"Kedves Listatagok! Szeretettel k\u00fcld\u00f6m nektek az idei stuttgarti n\u00e9pt\u00e1ncfesztiv\u00e1lr\u00f3l sz\u00f3l\u00f3 cikkemet! \u00dcdv\u00f6zlettel: Jan\u00e1k R\u00e9ka KCsP \u00f6szt\u00f6nd\u00edjas, Stuttgart\" \/>\n<meta property=\"og:url\" content=\"https:\/\/buod.de\/de\/vi-nyugat-europai-neptancfesztival-stuttgartban\/\" \/>\n<meta property=\"og:site_name\" content=\"BUOD\" \/>\n<meta property=\"article:publisher\" content=\"https:\/\/www.facebook.com\/profile.php?id=100082185652397\" \/>\n<meta property=\"article:published_time\" content=\"2023-11-03T15:24:11+00:00\" \/>\n<meta property=\"article:modified_time\" content=\"2024-04-11T13:34:10+00:00\" \/>\n<meta property=\"og:image\" content=\"https:\/\/buod.de\/wp-content\/uploads\/2023\/11\/DSC03656-scaled.jpeg\" \/>\n\t<meta property=\"og:image:width\" content=\"2560\" \/>\n\t<meta property=\"og:image:height\" content=\"1707\" \/>\n\t<meta property=\"og:image:type\" content=\"image\/jpeg\" \/>\n<meta name=\"author\" content=\"Gery V\u00e1rkonyi\" \/>\n<meta name=\"twitter:card\" content=\"summary_large_image\" \/>\n<meta name=\"twitter:label1\" content=\"Written by\" \/>\n\t<meta name=\"twitter:data1\" content=\"Gery V\u00e1rkonyi\" \/>\n\t<meta name=\"twitter:label2\" content=\"Est. reading time\" \/>\n\t<meta name=\"twitter:data2\" content=\"4 minutes\" \/>\n<script type=\"application\/ld+json\" class=\"yoast-schema-graph\">{\"@context\":\"https:\\\/\\\/schema.org\",\"@graph\":[{\"@type\":\"Article\",\"@id\":\"https:\\\/\\\/buod.de\\\/vi-nyugat-europai-neptancfesztival-stuttgartban\\\/#article\",\"isPartOf\":{\"@id\":\"https:\\\/\\\/buod.de\\\/vi-nyugat-europai-neptancfesztival-stuttgartban\\\/\"},\"author\":{\"name\":\"Gery V\u00e1rkonyi\",\"@id\":\"https:\\\/\\\/buod.de\\\/#\\\/schema\\\/person\\\/8332a3e63b017fea8fcd17e9c0f96bf1\"},\"headline\":\"VI. Nyugat-Eur\u00f3pai N\u00e9pt\u00e1ncfesztiv\u00e1l Stuttgartban\",\"datePublished\":\"2023-11-03T15:24:11+00:00\",\"dateModified\":\"2024-04-11T13:34:10+00:00\",\"mainEntityOfPage\":{\"@id\":\"https:\\\/\\\/buod.de\\\/vi-nyugat-europai-neptancfesztival-stuttgartban\\\/\"},\"wordCount\":793,\"commentCount\":0,\"publisher\":{\"@id\":\"https:\\\/\\\/buod.de\\\/#organization\"},\"image\":{\"@id\":\"https:\\\/\\\/buod.de\\\/vi-nyugat-europai-neptancfesztival-stuttgartban\\\/#primaryimage\"},\"thumbnailUrl\":\"https:\\\/\\\/buod.de\\\/wp-content\\\/uploads\\\/2023\\\/11\\\/DSC03656-scaled.jpeg\",\"keywords\":[\"2023\"],\"articleSection\":[\"H\u00edrek\"],\"inLanguage\":\"de-DE\",\"potentialAction\":[{\"@type\":\"CommentAction\",\"name\":\"Comment\",\"target\":[\"https:\\\/\\\/buod.de\\\/vi-nyugat-europai-neptancfesztival-stuttgartban\\\/#respond\"]}]},{\"@type\":\"WebPage\",\"@id\":\"https:\\\/\\\/buod.de\\\/vi-nyugat-europai-neptancfesztival-stuttgartban\\\/\",\"url\":\"https:\\\/\\\/buod.de\\\/vi-nyugat-europai-neptancfesztival-stuttgartban\\\/\",\"name\":\"VI. Nyugat-Eur\u00f3pai N\u00e9pt\u00e1ncfesztiv\u00e1l Stuttgartban - BUOD\",\"isPartOf\":{\"@id\":\"https:\\\/\\\/buod.de\\\/#website\"},\"primaryImageOfPage\":{\"@id\":\"https:\\\/\\\/buod.de\\\/vi-nyugat-europai-neptancfesztival-stuttgartban\\\/#primaryimage\"},\"image\":{\"@id\":\"https:\\\/\\\/buod.de\\\/vi-nyugat-europai-neptancfesztival-stuttgartban\\\/#primaryimage\"},\"thumbnailUrl\":\"https:\\\/\\\/buod.de\\\/wp-content\\\/uploads\\\/2023\\\/11\\\/DSC03656-scaled.jpeg\",\"datePublished\":\"2023-11-03T15:24:11+00:00\",\"dateModified\":\"2024-04-11T13:34:10+00:00\",\"breadcrumb\":{\"@id\":\"https:\\\/\\\/buod.de\\\/vi-nyugat-europai-neptancfesztival-stuttgartban\\\/#breadcrumb\"},\"inLanguage\":\"de-DE\",\"potentialAction\":[{\"@type\":\"ReadAction\",\"target\":[\"https:\\\/\\\/buod.de\\\/vi-nyugat-europai-neptancfesztival-stuttgartban\\\/\"]}]},{\"@type\":\"ImageObject\",\"inLanguage\":\"de-DE\",\"@id\":\"https:\\\/\\\/buod.de\\\/vi-nyugat-europai-neptancfesztival-stuttgartban\\\/#primaryimage\",\"url\":\"https:\\\/\\\/buod.de\\\/wp-content\\\/uploads\\\/2023\\\/11\\\/DSC03656-scaled.jpeg\",\"contentUrl\":\"https:\\\/\\\/buod.de\\\/wp-content\\\/uploads\\\/2023\\\/11\\\/DSC03656-scaled.jpeg\",\"width\":2560,\"height\":1707,\"caption\":\"DSC03656\"},{\"@type\":\"BreadcrumbList\",\"@id\":\"https:\\\/\\\/buod.de\\\/vi-nyugat-europai-neptancfesztival-stuttgartban\\\/#breadcrumb\",\"itemListElement\":[{\"@type\":\"ListItem\",\"position\":1,\"name\":\"Kezd\u0151lap\",\"item\":\"https:\\\/\\\/buod.de\\\/\"},{\"@type\":\"ListItem\",\"position\":2,\"name\":\"VI. Nyugat-Eur\u00f3pai N\u00e9pt\u00e1ncfesztiv\u00e1l Stuttgartban\"}]},{\"@type\":\"WebSite\",\"@id\":\"https:\\\/\\\/buod.de\\\/#website\",\"url\":\"https:\\\/\\\/buod.de\\\/\",\"name\":\"BUOD\",\"description\":\"Bund Ungarischer Organisationen in Deutschland\",\"publisher\":{\"@id\":\"https:\\\/\\\/buod.de\\\/#organization\"},\"potentialAction\":[{\"@type\":\"SearchAction\",\"target\":{\"@type\":\"EntryPoint\",\"urlTemplate\":\"https:\\\/\\\/buod.de\\\/?s={search_term_string}\"},\"query-input\":{\"@type\":\"PropertyValueSpecification\",\"valueRequired\":true,\"valueName\":\"search_term_string\"}}],\"inLanguage\":\"de-DE\"},{\"@type\":\"Organization\",\"@id\":\"https:\\\/\\\/buod.de\\\/#organization\",\"name\":\"BUOD\",\"url\":\"https:\\\/\\\/buod.de\\\/\",\"logo\":{\"@type\":\"ImageObject\",\"inLanguage\":\"de-DE\",\"@id\":\"https:\\\/\\\/buod.de\\\/#\\\/schema\\\/logo\\\/image\\\/\",\"url\":\"https:\\\/\\\/buod.de\\\/wp-content\\\/uploads\\\/2024\\\/03\\\/BUOD-logo.png\",\"contentUrl\":\"https:\\\/\\\/buod.de\\\/wp-content\\\/uploads\\\/2024\\\/03\\\/BUOD-logo.png\",\"width\":586,\"height\":490,\"caption\":\"BUOD\"},\"image\":{\"@id\":\"https:\\\/\\\/buod.de\\\/#\\\/schema\\\/logo\\\/image\\\/\"},\"sameAs\":[\"https:\\\/\\\/www.facebook.com\\\/profile.php?id=100082185652397\"]},{\"@type\":\"Person\",\"@id\":\"https:\\\/\\\/buod.de\\\/#\\\/schema\\\/person\\\/8332a3e63b017fea8fcd17e9c0f96bf1\",\"name\":\"Gery V\u00e1rkonyi\",\"image\":{\"@type\":\"ImageObject\",\"inLanguage\":\"de-DE\",\"@id\":\"https:\\\/\\\/secure.gravatar.com\\\/avatar\\\/c1babe7dc68f065be4ec606c522172804715398688c78c6fffca3888b364e934?s=96&d=mm&r=g\",\"url\":\"https:\\\/\\\/secure.gravatar.com\\\/avatar\\\/c1babe7dc68f065be4ec606c522172804715398688c78c6fffca3888b364e934?s=96&d=mm&r=g\",\"contentUrl\":\"https:\\\/\\\/secure.gravatar.com\\\/avatar\\\/c1babe7dc68f065be4ec606c522172804715398688c78c6fffca3888b364e934?s=96&d=mm&r=g\",\"caption\":\"Gery V\u00e1rkonyi\"},\"url\":\"https:\\\/\\\/buod.de\\\/de\\\/author\\\/geryvarkonyi\\\/\"}]}<\/script>\n<!-- \/ Yoast SEO plugin. -->","yoast_head_json":{"title":"VI. Nyugat-Eur\u00f3pai N\u00e9pt\u00e1ncfesztiv\u00e1l Stuttgartban - BUOD","robots":{"index":"index","follow":"follow","max-snippet":"max-snippet:-1","max-image-preview":"max-image-preview:large","max-video-preview":"max-video-preview:-1"},"canonical":"https:\/\/buod.de\/de\/vi-nyugat-europai-neptancfesztival-stuttgartban\/","og_locale":"de_DE","og_type":"article","og_title":"VI. Nyugat-Eur\u00f3pai N\u00e9pt\u00e1ncfesztiv\u00e1l Stuttgartban - BUOD","og_description":"Kedves Listatagok! Szeretettel k\u00fcld\u00f6m nektek az idei stuttgarti n\u00e9pt\u00e1ncfesztiv\u00e1lr\u00f3l sz\u00f3l\u00f3 cikkemet! \u00dcdv\u00f6zlettel: Jan\u00e1k R\u00e9ka KCsP \u00f6szt\u00f6nd\u00edjas, Stuttgart","og_url":"https:\/\/buod.de\/de\/vi-nyugat-europai-neptancfesztival-stuttgartban\/","og_site_name":"BUOD","article_publisher":"https:\/\/www.facebook.com\/profile.php?id=100082185652397","article_published_time":"2023-11-03T15:24:11+00:00","article_modified_time":"2024-04-11T13:34:10+00:00","og_image":[{"width":2560,"height":1707,"url":"https:\/\/buod.de\/wp-content\/uploads\/2023\/11\/DSC03656-scaled.jpeg","type":"image\/jpeg"}],"author":"Gery V\u00e1rkonyi","twitter_card":"summary_large_image","twitter_misc":{"Written by":"Gery V\u00e1rkonyi","Est. reading time":"4 minutes"},"schema":{"@context":"https:\/\/schema.org","@graph":[{"@type":"Article","@id":"https:\/\/buod.de\/vi-nyugat-europai-neptancfesztival-stuttgartban\/#article","isPartOf":{"@id":"https:\/\/buod.de\/vi-nyugat-europai-neptancfesztival-stuttgartban\/"},"author":{"name":"Gery V\u00e1rkonyi","@id":"https:\/\/buod.de\/#\/schema\/person\/8332a3e63b017fea8fcd17e9c0f96bf1"},"headline":"VI. Nyugat-Eur\u00f3pai N\u00e9pt\u00e1ncfesztiv\u00e1l Stuttgartban","datePublished":"2023-11-03T15:24:11+00:00","dateModified":"2024-04-11T13:34:10+00:00","mainEntityOfPage":{"@id":"https:\/\/buod.de\/vi-nyugat-europai-neptancfesztival-stuttgartban\/"},"wordCount":793,"commentCount":0,"publisher":{"@id":"https:\/\/buod.de\/#organization"},"image":{"@id":"https:\/\/buod.de\/vi-nyugat-europai-neptancfesztival-stuttgartban\/#primaryimage"},"thumbnailUrl":"https:\/\/buod.de\/wp-content\/uploads\/2023\/11\/DSC03656-scaled.jpeg","keywords":["2023"],"articleSection":["H\u00edrek"],"inLanguage":"de-DE","potentialAction":[{"@type":"CommentAction","name":"Comment","target":["https:\/\/buod.de\/vi-nyugat-europai-neptancfesztival-stuttgartban\/#respond"]}]},{"@type":"WebPage","@id":"https:\/\/buod.de\/vi-nyugat-europai-neptancfesztival-stuttgartban\/","url":"https:\/\/buod.de\/vi-nyugat-europai-neptancfesztival-stuttgartban\/","name":"VI. Nyugat-Eur\u00f3pai N\u00e9pt\u00e1ncfesztiv\u00e1l Stuttgartban - BUOD","isPartOf":{"@id":"https:\/\/buod.de\/#website"},"primaryImageOfPage":{"@id":"https:\/\/buod.de\/vi-nyugat-europai-neptancfesztival-stuttgartban\/#primaryimage"},"image":{"@id":"https:\/\/buod.de\/vi-nyugat-europai-neptancfesztival-stuttgartban\/#primaryimage"},"thumbnailUrl":"https:\/\/buod.de\/wp-content\/uploads\/2023\/11\/DSC03656-scaled.jpeg","datePublished":"2023-11-03T15:24:11+00:00","dateModified":"2024-04-11T13:34:10+00:00","breadcrumb":{"@id":"https:\/\/buod.de\/vi-nyugat-europai-neptancfesztival-stuttgartban\/#breadcrumb"},"inLanguage":"de-DE","potentialAction":[{"@type":"ReadAction","target":["https:\/\/buod.de\/vi-nyugat-europai-neptancfesztival-stuttgartban\/"]}]},{"@type":"ImageObject","inLanguage":"de-DE","@id":"https:\/\/buod.de\/vi-nyugat-europai-neptancfesztival-stuttgartban\/#primaryimage","url":"https:\/\/buod.de\/wp-content\/uploads\/2023\/11\/DSC03656-scaled.jpeg","contentUrl":"https:\/\/buod.de\/wp-content\/uploads\/2023\/11\/DSC03656-scaled.jpeg","width":2560,"height":1707,"caption":"DSC03656"},{"@type":"BreadcrumbList","@id":"https:\/\/buod.de\/vi-nyugat-europai-neptancfesztival-stuttgartban\/#breadcrumb","itemListElement":[{"@type":"ListItem","position":1,"name":"Kezd\u0151lap","item":"https:\/\/buod.de\/"},{"@type":"ListItem","position":2,"name":"VI. Nyugat-Eur\u00f3pai N\u00e9pt\u00e1ncfesztiv\u00e1l Stuttgartban"}]},{"@type":"WebSite","@id":"https:\/\/buod.de\/#website","url":"https:\/\/buod.de\/","name":"BUOD","description":"Bund Ungarischer Organisationen in Deutschland","publisher":{"@id":"https:\/\/buod.de\/#organization"},"potentialAction":[{"@type":"SearchAction","target":{"@type":"EntryPoint","urlTemplate":"https:\/\/buod.de\/?s={search_term_string}"},"query-input":{"@type":"PropertyValueSpecification","valueRequired":true,"valueName":"search_term_string"}}],"inLanguage":"de-DE"},{"@type":"Organization","@id":"https:\/\/buod.de\/#organization","name":"BUOD","url":"https:\/\/buod.de\/","logo":{"@type":"ImageObject","inLanguage":"de-DE","@id":"https:\/\/buod.de\/#\/schema\/logo\/image\/","url":"https:\/\/buod.de\/wp-content\/uploads\/2024\/03\/BUOD-logo.png","contentUrl":"https:\/\/buod.de\/wp-content\/uploads\/2024\/03\/BUOD-logo.png","width":586,"height":490,"caption":"BUOD"},"image":{"@id":"https:\/\/buod.de\/#\/schema\/logo\/image\/"},"sameAs":["https:\/\/www.facebook.com\/profile.php?id=100082185652397"]},{"@type":"Person","@id":"https:\/\/buod.de\/#\/schema\/person\/8332a3e63b017fea8fcd17e9c0f96bf1","name":"Gery V\u00e1rkonyi","image":{"@type":"ImageObject","inLanguage":"de-DE","@id":"https:\/\/secure.gravatar.com\/avatar\/c1babe7dc68f065be4ec606c522172804715398688c78c6fffca3888b364e934?s=96&d=mm&r=g","url":"https:\/\/secure.gravatar.com\/avatar\/c1babe7dc68f065be4ec606c522172804715398688c78c6fffca3888b364e934?s=96&d=mm&r=g","contentUrl":"https:\/\/secure.gravatar.com\/avatar\/c1babe7dc68f065be4ec606c522172804715398688c78c6fffca3888b364e934?s=96&d=mm&r=g","caption":"Gery V\u00e1rkonyi"},"url":"https:\/\/buod.de\/de\/author\/geryvarkonyi\/"}]}},"_links":{"self":[{"href":"https:\/\/buod.de\/de\/wp-json\/wp\/v2\/posts\/1867","targetHints":{"allow":["GET"]}}],"collection":[{"href":"https:\/\/buod.de\/de\/wp-json\/wp\/v2\/posts"}],"about":[{"href":"https:\/\/buod.de\/de\/wp-json\/wp\/v2\/types\/post"}],"author":[{"embeddable":true,"href":"https:\/\/buod.de\/de\/wp-json\/wp\/v2\/users\/4"}],"replies":[{"embeddable":true,"href":"https:\/\/buod.de\/de\/wp-json\/wp\/v2\/comments?post=1867"}],"version-history":[{"count":1,"href":"https:\/\/buod.de\/de\/wp-json\/wp\/v2\/posts\/1867\/revisions"}],"predecessor-version":[{"id":2412,"href":"https:\/\/buod.de\/de\/wp-json\/wp\/v2\/posts\/1867\/revisions\/2412"}],"wp:featuredmedia":[{"embeddable":true,"href":"https:\/\/buod.de\/de\/wp-json\/wp\/v2\/media\/1864"}],"wp:attachment":[{"href":"https:\/\/buod.de\/de\/wp-json\/wp\/v2\/media?parent=1867"}],"wp:term":[{"taxonomy":"category","embeddable":true,"href":"https:\/\/buod.de\/de\/wp-json\/wp\/v2\/categories?post=1867"},{"taxonomy":"post_tag","embeddable":true,"href":"https:\/\/buod.de\/de\/wp-json\/wp\/v2\/tags?post=1867"}],"curies":[{"name":"wp","href":"https:\/\/api.w.org\/{rel}","templated":true}]}}