{"id":1869,"date":"2023-11-07T08:20:59","date_gmt":"2023-11-07T08:20:59","guid":{"rendered":"https:\/\/dev.buod.de\/emlezezzunk-es-emlekeztessunk-1956-dicsoseges-forradalmanak-november-4-i-kegyetlen-verbefolytasara\/"},"modified":"2024-04-11T13:34:10","modified_gmt":"2024-04-11T13:34:10","slug":"emlezezzunk-es-emlekeztessunk-1956-dicsoseges-forradalmanak-november-4-i-kegyetlen-verbefolytasara","status":"publish","type":"post","link":"https:\/\/buod.de\/de\/emlezezzunk-es-emlekeztessunk-1956-dicsoseges-forradalmanak-november-4-i-kegyetlen-verbefolytasara\/","title":{"rendered":"Eml\u00e9zezz\u00fcnk \u00e9s eml\u00e9keztess\u00fcnk 1956 dics\u0151s\u00e9ges forradalm\u00e1nak november 4-i kegyetlen v\u00e9rbefolyt\u00e1s\u00e1ra"},"content":{"rendered":"<p>Ezzel az 1957-ben M\u00fcnchenben k\u00e9sz\u00fclt els\u00f6 dokumentum filmmel, amelyet a vil\u00e1g megannyi orsz\u00e1g\u00e1ban bemutattak:<\/p>\n<p><!--more--><\/p>\n<h2>Magyarorsz\u00e1g l\u00e1ngokban:&nbsp; Rendez\u00f6 Erd\u00e9lyi Istv\u00e1n<\/h2>\n<div>&nbsp;<\/div>\n<p><a href=\"https:\/\/www.youtube.com\/watch?v=bllhXIMGzDY\"><\/a><a href=\"https:\/\/www.youtube.com\/watch?v=bllhXIMGzDY\">https:\/\/www.youtube.com\/watch?v=bllhXIMGzDY<\/a><\/p>\n<p>A Film <strong>forgat\u00e1s\u00e1nak t\u00f6rt\u00e9nete<\/strong>:<\/p>\n<p><a href=\"https:\/\/www.mma-tv.hu\/web\/mma-tv\/mma-tv\/-\/video\/1694445\/zsigmond-vilmos-emleknap-kerekasztal-beszelgetes-a-magyarorszag-langokban-cimu-filmrol\"><\/a><a href=\"https:\/\/www.mma-tv.hu\/web\/mma-tv\/mma-tv\/-\/video\/1694445\/zsigmond-vilmos-emleknap-kerekasztal-beszelgetes-a-magyarorszag-langokban-cimu-filmrol\">https:\/\/www.mma-tv.hu\/web\/mma-tv\/mma-tv\/-\/video\/1694445\/zsigmond-vilmos-emleknap-kerekasztal-beszelgetes-a-magyarorszag-langokban-cimu-filmrol<\/a><\/p>\n<h2>Magyarorsz\u00e1g l\u00e1ngokban &#8211; 1956 (az azonos c\u00edm\u0171 film sz\u00f6vege):<\/h2>\n<p><a href=\"http:\/\/www.eucharisztikuskongresszus.hu\/1956_7.html\"><\/a><a href=\"http:\/\/www.eucharisztikuskongresszus.hu\/1956_7.html\">http:\/\/www.eucharisztikuskongresszus.hu\/1956_7.html<\/a><\/p>","protected":false},"excerpt":{"rendered":"<p>Ezzel az 1957-ben M\u00fcnchenben k\u00e9sz\u00fclt els\u00f6 dokumentum filmmel, amelyet a vil\u00e1g megannyi orsz\u00e1g\u00e1ban bemutattak:<\/p>","protected":false},"author":4,"featured_media":0,"comment_status":"open","ping_status":"open","sticky":false,"template":"","format":"standard","meta":{"footnotes":""},"categories":[17],"tags":[21],"class_list":["post-1869","post","type-post","status-publish","format-standard","hentry","category-hirek","tag-21"],"yoast_head":"<!-- This site is optimized with the Yoast SEO plugin v27.5 - https:\/\/yoast.com\/product\/yoast-seo-wordpress\/ -->\n<title>Eml\u00e9zezz\u00fcnk \u00e9s eml\u00e9keztess\u00fcnk 1956 dics\u0151s\u00e9ges forradalm\u00e1nak november 4-i kegyetlen v\u00e9rbefolyt\u00e1s\u00e1ra - BUOD<\/title>\n<meta name=\"robots\" content=\"index, follow, max-snippet:-1, max-image-preview:large, max-video-preview:-1\" \/>\n<link rel=\"canonical\" href=\"https:\/\/buod.de\/de\/emlezezzunk-es-emlekeztessunk-1956-dicsoseges-forradalmanak-november-4-i-kegyetlen-verbefolytasara\/\" \/>\n<meta property=\"og:locale\" content=\"de_DE\" \/>\n<meta property=\"og:type\" content=\"article\" \/>\n<meta property=\"og:title\" content=\"Eml\u00e9zezz\u00fcnk \u00e9s eml\u00e9keztess\u00fcnk 1956 dics\u0151s\u00e9ges forradalm\u00e1nak november 4-i kegyetlen v\u00e9rbefolyt\u00e1s\u00e1ra - BUOD\" \/>\n<meta property=\"og:description\" content=\"Ezzel az 1957-ben M\u00fcnchenben k\u00e9sz\u00fclt els\u00f6 dokumentum filmmel, amelyet a vil\u00e1g megannyi orsz\u00e1g\u00e1ban bemutattak:\" \/>\n<meta property=\"og:url\" content=\"https:\/\/buod.de\/de\/emlezezzunk-es-emlekeztessunk-1956-dicsoseges-forradalmanak-november-4-i-kegyetlen-verbefolytasara\/\" \/>\n<meta property=\"og:site_name\" content=\"BUOD\" \/>\n<meta property=\"article:publisher\" content=\"https:\/\/www.facebook.com\/profile.php?id=100082185652397\" \/>\n<meta property=\"article:published_time\" content=\"2023-11-07T08:20:59+00:00\" \/>\n<meta property=\"article:modified_time\" content=\"2024-04-11T13:34:10+00:00\" \/>\n<meta name=\"author\" content=\"Gery V\u00e1rkonyi\" \/>\n<meta name=\"twitter:card\" content=\"summary_large_image\" \/>\n<meta name=\"twitter:label1\" content=\"Written by\" \/>\n\t<meta name=\"twitter:data1\" content=\"Gery V\u00e1rkonyi\" \/>\n<script type=\"application\/ld+json\" class=\"yoast-schema-graph\">{\"@context\":\"https:\\\/\\\/schema.org\",\"@graph\":[{\"@type\":\"Article\",\"@id\":\"https:\\\/\\\/buod.de\\\/emlezezzunk-es-emlekeztessunk-1956-dicsoseges-forradalmanak-november-4-i-kegyetlen-verbefolytasara\\\/#article\",\"isPartOf\":{\"@id\":\"https:\\\/\\\/buod.de\\\/emlezezzunk-es-emlekeztessunk-1956-dicsoseges-forradalmanak-november-4-i-kegyetlen-verbefolytasara\\\/\"},\"author\":{\"name\":\"Gery V\u00e1rkonyi\",\"@id\":\"https:\\\/\\\/buod.de\\\/#\\\/schema\\\/person\\\/8332a3e63b017fea8fcd17e9c0f96bf1\"},\"headline\":\"Eml\u00e9zezz\u00fcnk \u00e9s eml\u00e9keztess\u00fcnk 1956 dics\u0151s\u00e9ges forradalm\u00e1nak november 4-i kegyetlen v\u00e9rbefolyt\u00e1s\u00e1ra\",\"datePublished\":\"2023-11-07T08:20:59+00:00\",\"dateModified\":\"2024-04-11T13:34:10+00:00\",\"mainEntityOfPage\":{\"@id\":\"https:\\\/\\\/buod.de\\\/emlezezzunk-es-emlekeztessunk-1956-dicsoseges-forradalmanak-november-4-i-kegyetlen-verbefolytasara\\\/\"},\"wordCount\":92,\"commentCount\":0,\"publisher\":{\"@id\":\"https:\\\/\\\/buod.de\\\/#organization\"},\"keywords\":[\"2023\"],\"articleSection\":[\"H\u00edrek\"],\"inLanguage\":\"de-DE\",\"potentialAction\":[{\"@type\":\"CommentAction\",\"name\":\"Comment\",\"target\":[\"https:\\\/\\\/buod.de\\\/emlezezzunk-es-emlekeztessunk-1956-dicsoseges-forradalmanak-november-4-i-kegyetlen-verbefolytasara\\\/#respond\"]}]},{\"@type\":\"WebPage\",\"@id\":\"https:\\\/\\\/buod.de\\\/emlezezzunk-es-emlekeztessunk-1956-dicsoseges-forradalmanak-november-4-i-kegyetlen-verbefolytasara\\\/\",\"url\":\"https:\\\/\\\/buod.de\\\/emlezezzunk-es-emlekeztessunk-1956-dicsoseges-forradalmanak-november-4-i-kegyetlen-verbefolytasara\\\/\",\"name\":\"Eml\u00e9zezz\u00fcnk \u00e9s eml\u00e9keztess\u00fcnk 1956 dics\u0151s\u00e9ges forradalm\u00e1nak november 4-i kegyetlen v\u00e9rbefolyt\u00e1s\u00e1ra - BUOD\",\"isPartOf\":{\"@id\":\"https:\\\/\\\/buod.de\\\/#website\"},\"datePublished\":\"2023-11-07T08:20:59+00:00\",\"dateModified\":\"2024-04-11T13:34:10+00:00\",\"breadcrumb\":{\"@id\":\"https:\\\/\\\/buod.de\\\/emlezezzunk-es-emlekeztessunk-1956-dicsoseges-forradalmanak-november-4-i-kegyetlen-verbefolytasara\\\/#breadcrumb\"},\"inLanguage\":\"de-DE\",\"potentialAction\":[{\"@type\":\"ReadAction\",\"target\":[\"https:\\\/\\\/buod.de\\\/emlezezzunk-es-emlekeztessunk-1956-dicsoseges-forradalmanak-november-4-i-kegyetlen-verbefolytasara\\\/\"]}]},{\"@type\":\"BreadcrumbList\",\"@id\":\"https:\\\/\\\/buod.de\\\/emlezezzunk-es-emlekeztessunk-1956-dicsoseges-forradalmanak-november-4-i-kegyetlen-verbefolytasara\\\/#breadcrumb\",\"itemListElement\":[{\"@type\":\"ListItem\",\"position\":1,\"name\":\"Kezd\u0151lap\",\"item\":\"https:\\\/\\\/buod.de\\\/\"},{\"@type\":\"ListItem\",\"position\":2,\"name\":\"Eml\u00e9zezz\u00fcnk \u00e9s eml\u00e9keztess\u00fcnk 1956 dics\u0151s\u00e9ges forradalm\u00e1nak november 4-i kegyetlen v\u00e9rbefolyt\u00e1s\u00e1ra\"}]},{\"@type\":\"WebSite\",\"@id\":\"https:\\\/\\\/buod.de\\\/#website\",\"url\":\"https:\\\/\\\/buod.de\\\/\",\"name\":\"BUOD\",\"description\":\"Bund Ungarischer Organisationen in Deutschland\",\"publisher\":{\"@id\":\"https:\\\/\\\/buod.de\\\/#organization\"},\"potentialAction\":[{\"@type\":\"SearchAction\",\"target\":{\"@type\":\"EntryPoint\",\"urlTemplate\":\"https:\\\/\\\/buod.de\\\/?s={search_term_string}\"},\"query-input\":{\"@type\":\"PropertyValueSpecification\",\"valueRequired\":true,\"valueName\":\"search_term_string\"}}],\"inLanguage\":\"de-DE\"},{\"@type\":\"Organization\",\"@id\":\"https:\\\/\\\/buod.de\\\/#organization\",\"name\":\"BUOD\",\"url\":\"https:\\\/\\\/buod.de\\\/\",\"logo\":{\"@type\":\"ImageObject\",\"inLanguage\":\"de-DE\",\"@id\":\"https:\\\/\\\/buod.de\\\/#\\\/schema\\\/logo\\\/image\\\/\",\"url\":\"https:\\\/\\\/buod.de\\\/wp-content\\\/uploads\\\/2024\\\/03\\\/BUOD-logo.png\",\"contentUrl\":\"https:\\\/\\\/buod.de\\\/wp-content\\\/uploads\\\/2024\\\/03\\\/BUOD-logo.png\",\"width\":586,\"height\":490,\"caption\":\"BUOD\"},\"image\":{\"@id\":\"https:\\\/\\\/buod.de\\\/#\\\/schema\\\/logo\\\/image\\\/\"},\"sameAs\":[\"https:\\\/\\\/www.facebook.com\\\/profile.php?id=100082185652397\"]},{\"@type\":\"Person\",\"@id\":\"https:\\\/\\\/buod.de\\\/#\\\/schema\\\/person\\\/8332a3e63b017fea8fcd17e9c0f96bf1\",\"name\":\"Gery V\u00e1rkonyi\",\"image\":{\"@type\":\"ImageObject\",\"inLanguage\":\"de-DE\",\"@id\":\"https:\\\/\\\/secure.gravatar.com\\\/avatar\\\/c1babe7dc68f065be4ec606c522172804715398688c78c6fffca3888b364e934?s=96&d=mm&r=g\",\"url\":\"https:\\\/\\\/secure.gravatar.com\\\/avatar\\\/c1babe7dc68f065be4ec606c522172804715398688c78c6fffca3888b364e934?s=96&d=mm&r=g\",\"contentUrl\":\"https:\\\/\\\/secure.gravatar.com\\\/avatar\\\/c1babe7dc68f065be4ec606c522172804715398688c78c6fffca3888b364e934?s=96&d=mm&r=g\",\"caption\":\"Gery V\u00e1rkonyi\"},\"url\":\"https:\\\/\\\/buod.de\\\/de\\\/author\\\/geryvarkonyi\\\/\"}]}<\/script>\n<!-- \/ Yoast SEO plugin. -->","yoast_head_json":{"title":"Eml\u00e9zezz\u00fcnk \u00e9s eml\u00e9keztess\u00fcnk 1956 dics\u0151s\u00e9ges forradalm\u00e1nak november 4-i kegyetlen v\u00e9rbefolyt\u00e1s\u00e1ra - BUOD","robots":{"index":"index","follow":"follow","max-snippet":"max-snippet:-1","max-image-preview":"max-image-preview:large","max-video-preview":"max-video-preview:-1"},"canonical":"https:\/\/buod.de\/de\/emlezezzunk-es-emlekeztessunk-1956-dicsoseges-forradalmanak-november-4-i-kegyetlen-verbefolytasara\/","og_locale":"de_DE","og_type":"article","og_title":"Eml\u00e9zezz\u00fcnk \u00e9s eml\u00e9keztess\u00fcnk 1956 dics\u0151s\u00e9ges forradalm\u00e1nak november 4-i kegyetlen v\u00e9rbefolyt\u00e1s\u00e1ra - BUOD","og_description":"Ezzel az 1957-ben M\u00fcnchenben k\u00e9sz\u00fclt els\u00f6 dokumentum filmmel, amelyet a vil\u00e1g megannyi orsz\u00e1g\u00e1ban bemutattak:","og_url":"https:\/\/buod.de\/de\/emlezezzunk-es-emlekeztessunk-1956-dicsoseges-forradalmanak-november-4-i-kegyetlen-verbefolytasara\/","og_site_name":"BUOD","article_publisher":"https:\/\/www.facebook.com\/profile.php?id=100082185652397","article_published_time":"2023-11-07T08:20:59+00:00","article_modified_time":"2024-04-11T13:34:10+00:00","author":"Gery V\u00e1rkonyi","twitter_card":"summary_large_image","twitter_misc":{"Written by":"Gery V\u00e1rkonyi"},"schema":{"@context":"https:\/\/schema.org","@graph":[{"@type":"Article","@id":"https:\/\/buod.de\/emlezezzunk-es-emlekeztessunk-1956-dicsoseges-forradalmanak-november-4-i-kegyetlen-verbefolytasara\/#article","isPartOf":{"@id":"https:\/\/buod.de\/emlezezzunk-es-emlekeztessunk-1956-dicsoseges-forradalmanak-november-4-i-kegyetlen-verbefolytasara\/"},"author":{"name":"Gery V\u00e1rkonyi","@id":"https:\/\/buod.de\/#\/schema\/person\/8332a3e63b017fea8fcd17e9c0f96bf1"},"headline":"Eml\u00e9zezz\u00fcnk \u00e9s eml\u00e9keztess\u00fcnk 1956 dics\u0151s\u00e9ges forradalm\u00e1nak november 4-i kegyetlen v\u00e9rbefolyt\u00e1s\u00e1ra","datePublished":"2023-11-07T08:20:59+00:00","dateModified":"2024-04-11T13:34:10+00:00","mainEntityOfPage":{"@id":"https:\/\/buod.de\/emlezezzunk-es-emlekeztessunk-1956-dicsoseges-forradalmanak-november-4-i-kegyetlen-verbefolytasara\/"},"wordCount":92,"commentCount":0,"publisher":{"@id":"https:\/\/buod.de\/#organization"},"keywords":["2023"],"articleSection":["H\u00edrek"],"inLanguage":"de-DE","potentialAction":[{"@type":"CommentAction","name":"Comment","target":["https:\/\/buod.de\/emlezezzunk-es-emlekeztessunk-1956-dicsoseges-forradalmanak-november-4-i-kegyetlen-verbefolytasara\/#respond"]}]},{"@type":"WebPage","@id":"https:\/\/buod.de\/emlezezzunk-es-emlekeztessunk-1956-dicsoseges-forradalmanak-november-4-i-kegyetlen-verbefolytasara\/","url":"https:\/\/buod.de\/emlezezzunk-es-emlekeztessunk-1956-dicsoseges-forradalmanak-november-4-i-kegyetlen-verbefolytasara\/","name":"Eml\u00e9zezz\u00fcnk \u00e9s eml\u00e9keztess\u00fcnk 1956 dics\u0151s\u00e9ges forradalm\u00e1nak november 4-i kegyetlen v\u00e9rbefolyt\u00e1s\u00e1ra - BUOD","isPartOf":{"@id":"https:\/\/buod.de\/#website"},"datePublished":"2023-11-07T08:20:59+00:00","dateModified":"2024-04-11T13:34:10+00:00","breadcrumb":{"@id":"https:\/\/buod.de\/emlezezzunk-es-emlekeztessunk-1956-dicsoseges-forradalmanak-november-4-i-kegyetlen-verbefolytasara\/#breadcrumb"},"inLanguage":"de-DE","potentialAction":[{"@type":"ReadAction","target":["https:\/\/buod.de\/emlezezzunk-es-emlekeztessunk-1956-dicsoseges-forradalmanak-november-4-i-kegyetlen-verbefolytasara\/"]}]},{"@type":"BreadcrumbList","@id":"https:\/\/buod.de\/emlezezzunk-es-emlekeztessunk-1956-dicsoseges-forradalmanak-november-4-i-kegyetlen-verbefolytasara\/#breadcrumb","itemListElement":[{"@type":"ListItem","position":1,"name":"Kezd\u0151lap","item":"https:\/\/buod.de\/"},{"@type":"ListItem","position":2,"name":"Eml\u00e9zezz\u00fcnk \u00e9s eml\u00e9keztess\u00fcnk 1956 dics\u0151s\u00e9ges forradalm\u00e1nak november 4-i kegyetlen v\u00e9rbefolyt\u00e1s\u00e1ra"}]},{"@type":"WebSite","@id":"https:\/\/buod.de\/#website","url":"https:\/\/buod.de\/","name":"BUOD","description":"Bund Ungarischer Organisationen in Deutschland","publisher":{"@id":"https:\/\/buod.de\/#organization"},"potentialAction":[{"@type":"SearchAction","target":{"@type":"EntryPoint","urlTemplate":"https:\/\/buod.de\/?s={search_term_string}"},"query-input":{"@type":"PropertyValueSpecification","valueRequired":true,"valueName":"search_term_string"}}],"inLanguage":"de-DE"},{"@type":"Organization","@id":"https:\/\/buod.de\/#organization","name":"BUOD","url":"https:\/\/buod.de\/","logo":{"@type":"ImageObject","inLanguage":"de-DE","@id":"https:\/\/buod.de\/#\/schema\/logo\/image\/","url":"https:\/\/buod.de\/wp-content\/uploads\/2024\/03\/BUOD-logo.png","contentUrl":"https:\/\/buod.de\/wp-content\/uploads\/2024\/03\/BUOD-logo.png","width":586,"height":490,"caption":"BUOD"},"image":{"@id":"https:\/\/buod.de\/#\/schema\/logo\/image\/"},"sameAs":["https:\/\/www.facebook.com\/profile.php?id=100082185652397"]},{"@type":"Person","@id":"https:\/\/buod.de\/#\/schema\/person\/8332a3e63b017fea8fcd17e9c0f96bf1","name":"Gery V\u00e1rkonyi","image":{"@type":"ImageObject","inLanguage":"de-DE","@id":"https:\/\/secure.gravatar.com\/avatar\/c1babe7dc68f065be4ec606c522172804715398688c78c6fffca3888b364e934?s=96&d=mm&r=g","url":"https:\/\/secure.gravatar.com\/avatar\/c1babe7dc68f065be4ec606c522172804715398688c78c6fffca3888b364e934?s=96&d=mm&r=g","contentUrl":"https:\/\/secure.gravatar.com\/avatar\/c1babe7dc68f065be4ec606c522172804715398688c78c6fffca3888b364e934?s=96&d=mm&r=g","caption":"Gery V\u00e1rkonyi"},"url":"https:\/\/buod.de\/de\/author\/geryvarkonyi\/"}]}},"_links":{"self":[{"href":"https:\/\/buod.de\/de\/wp-json\/wp\/v2\/posts\/1869","targetHints":{"allow":["GET"]}}],"collection":[{"href":"https:\/\/buod.de\/de\/wp-json\/wp\/v2\/posts"}],"about":[{"href":"https:\/\/buod.de\/de\/wp-json\/wp\/v2\/types\/post"}],"author":[{"embeddable":true,"href":"https:\/\/buod.de\/de\/wp-json\/wp\/v2\/users\/4"}],"replies":[{"embeddable":true,"href":"https:\/\/buod.de\/de\/wp-json\/wp\/v2\/comments?post=1869"}],"version-history":[{"count":1,"href":"https:\/\/buod.de\/de\/wp-json\/wp\/v2\/posts\/1869\/revisions"}],"predecessor-version":[{"id":2410,"href":"https:\/\/buod.de\/de\/wp-json\/wp\/v2\/posts\/1869\/revisions\/2410"}],"wp:attachment":[{"href":"https:\/\/buod.de\/de\/wp-json\/wp\/v2\/media?parent=1869"}],"wp:term":[{"taxonomy":"category","embeddable":true,"href":"https:\/\/buod.de\/de\/wp-json\/wp\/v2\/categories?post=1869"},{"taxonomy":"post_tag","embeddable":true,"href":"https:\/\/buod.de\/de\/wp-json\/wp\/v2\/tags?post=1869"}],"curies":[{"name":"wp","href":"https:\/\/api.w.org\/{rel}","templated":true}]}}