{"id":1872,"date":"2023-11-13T08:26:04","date_gmt":"2023-11-13T08:26:04","guid":{"rendered":"https:\/\/dev.buod.de\/okt-23-i-megemlekezes-franfurtban\/"},"modified":"2024-04-11T13:34:10","modified_gmt":"2024-04-11T13:34:10","slug":"okt-23-i-megemlekezes-franfurtban","status":"publish","type":"post","link":"https:\/\/buod.de\/de\/okt-23-i-megemlekezes-franfurtban\/","title":{"rendered":"Okt. 23-i megeml\u00e9kez\u00e9s Franfurtban"},"content":{"rendered":"<p>A Frankfurtban \u00e9l\u0151 magyarok k\u00f6z\u00f6ss\u00e9g\u00e9nek egyik legnagyobb er\u0151forr\u00e1sa a k\u00fcl\u00f6nb\u00f6z\u0151 csoportok \u00f6sszefog\u00e1sa. Cserk\u00e9szgyermekek j\u00e1rnak a Csodaorsz\u00e1g magyar iskol\u00e1ba, ministr\u00e1lnak a magyar Szent Erzs\u00e9bet katolikus pl\u00e9b\u00e1nia mis\u00e9j\u00e9n, k\u00f6z\u00f6sen vannak jelen gyerekek \u00e9s feln\u0151ttek az \u00fcnnepi alkalmakon \u00e9pp\u00fagy, mint a megval\u00f3s\u00edtand\u00f3 feladatok elv\u00e9gz\u00e9sekor.<\/p>\n<p><!--more--><\/p>\n<p> Az idei okt\u00f3ber 23-i megeml\u00e9kez\u00e9st mi, K\u0151r\u00f6si Csoma S\u00e1ndor Program \u00f6szt\u00f6nd\u00edjasok is egy\u00fctt k\u00e9sz\u00edtett\u00fck el, minden seg\u00edts\u00e9get megkapva a k\u00f6z\u00f6ss\u00e9g tagjait\u00f3l. Az \u00fcnneps\u00e9g okt\u00f3ber 22-\u00e9n a vas\u00e1rnapi mise ut\u00e1n zajlott le a pl\u00e9b\u00e1nia \u00faj otthon\u00e1ban, a frankfurti Dreifaltigkeit Kirch\u00e9ben.<br \/> A jelenl\u00e9v\u0151k k\u00f6z\u00fcl t\u00f6bben saj\u00e1t maguk is az 1956-os forradalom ut\u00e1n kiv\u00e1ndorolt csal\u00e1dok lesz\u00e1rmazottai, \u00edgy ez a megeml\u00e9kez\u00e9s nem csak a m\u00faltat eleven\u00edtette fel Mindszenty J\u00f3zsef p\u00fcsp\u00f6k szabadul\u00e1sa ut\u00e1ni, fiatalokat b\u00edztat\u00f3 mondataival, \u00d6rk\u00e9ny Istv\u00e1n Budapestet dics\u0151\u00edt\u0151, a b\u00e1tors\u00e1g \u00e9s hazafiass\u00e1g szimb\u00f3lumak\u00e9nt lefest\u0151 soraival, a kort\u00e1rs, a forradalmat elind\u00edt\u00f3 fiatalok szavait id\u00e9z\u0151 korrajzzal, a 16 pont k\u00f6vetel\u00e9seivel, Kecsk\u00e9si Tollas Tibor versszakaiban keretk\u00e9nt d\u00fcb\u00f6rg\u0151 &#8222;Beb\u00e1dogoztak minden ablakot&#8221; sor\u00e1val, vagy a h\u00e1tt\u00e9rzenek\u00e9nt felcsend\u00fcl\u0151 Beethoven Egmont-nyit\u00e1nnyal, hanem a Frankfurtban \u00e9l\u0151 \u201956-os magyar ut\u00f3dok \u00e1ltal a b\u00e1tor \u00e9s hazafias el\u0151deink a jelenben is tov\u00e1bb \u00e9lnek a niedi templomban egy\u00fctt eml\u00e9kezve a nem szemtan\u00fakkal, fiatalokkal, N\u00e9metorsz\u00e1gban sz\u00fcletettekkel.<br \/> Mi, \u00f6szt\u00f6nd\u00edjasok megtisztelve \u00e9rezt\u00fck magunkat, hogy szavalhattunk, t\u00e1ncolhattunk, majd egy\u00fctt \u00e9nekelhett\u00fck a magyar k\u00f6z\u00f6ss\u00e9ggel:<br \/> ,,Ha \u00e9n z\u00e1szl\u00f3 voln\u00e9k sohasem lobogn\u00e9k,<br \/> mindenf\u00e9le sz\u00e9lnek haragosa lenn\u00e9k, <br \/> akkor lenn\u00e9k boldog, ha kifesz\u00edten\u00e9nek,<br \/> \u2019s nem lenn\u00e9k j\u00e1t\u00e9ka mindenf\u00e9le sz\u00e9lnek.\u201d<br \/> K\u00f6sz\u00f6nj\u00fck a helysz\u00ednt a Szent Erzs\u00e9bet katolikus pl\u00e9b\u00e1ni\u00e1nak, a technikai seg\u00edts\u00e9get Klement Korn\u00e9lnak \u00e9s Klement N\u00e1ndornak!<\/p>\n<p>&#8212; <br \/> <img loading=\"lazy\" decoding=\"async\" class=\"size-full wp-image-1870\" src=\"https:\/\/buod.de\/wp-content\/uploads\/2023\/11\/okt23kp1.jpg\" alt=\"okt23kp1\" width=\"446\" height=\"206\" srcset=\"https:\/\/buod.de\/wp-content\/uploads\/2023\/11\/okt23kp1.jpg 446w, https:\/\/buod.de\/wp-content\/uploads\/2023\/11\/okt23kp1-300x139.jpg 300w, https:\/\/buod.de\/wp-content\/uploads\/2023\/11\/okt23kp1-18x8.jpg 18w\" sizes=\"auto, (max-width: 446px) 100vw, 446px\" \/><img loading=\"lazy\" decoding=\"async\" class=\"size-full wp-image-1871\" src=\"https:\/\/buod.de\/wp-content\/uploads\/2023\/11\/okt23kp2.jpg\" alt=\"okt23kp2\" width=\"2000\" height=\"924\" srcset=\"https:\/\/buod.de\/wp-content\/uploads\/2023\/11\/okt23kp2.jpg 2000w, https:\/\/buod.de\/wp-content\/uploads\/2023\/11\/okt23kp2-300x139.jpg 300w, https:\/\/buod.de\/wp-content\/uploads\/2023\/11\/okt23kp2-1024x473.jpg 1024w, https:\/\/buod.de\/wp-content\/uploads\/2023\/11\/okt23kp2-768x355.jpg 768w, https:\/\/buod.de\/wp-content\/uploads\/2023\/11\/okt23kp2-1536x710.jpg 1536w, https:\/\/buod.de\/wp-content\/uploads\/2023\/11\/okt23kp2-18x8.jpg 18w\" sizes=\"auto, (max-width: 2000px) 100vw, 2000px\" \/><\/p>\n<p>&nbsp;<\/p>","protected":false},"excerpt":{"rendered":"<p>A Frankfurtban \u00e9l\u0151 magyarok k\u00f6z\u00f6ss\u00e9g\u00e9nek egyik legnagyobb er\u0151forr\u00e1sa a k\u00fcl\u00f6nb\u00f6z\u0151 csoportok \u00f6sszefog\u00e1sa. Cserk\u00e9szgyermekek j\u00e1rnak a Csodaorsz\u00e1g magyar iskol\u00e1ba, ministr\u00e1lnak a magyar Szent Erzs\u00e9bet katolikus pl\u00e9b\u00e1nia mis\u00e9j\u00e9n, k\u00f6z\u00f6sen vannak jelen gyerekek \u00e9s feln\u0151ttek az \u00fcnnepi alkalmakon \u00e9pp\u00fagy, mint a megval\u00f3s\u00edtand\u00f3 feladatok elv\u00e9gz\u00e9sekor.<\/p>","protected":false},"author":4,"featured_media":1870,"comment_status":"open","ping_status":"open","sticky":false,"template":"","format":"standard","meta":{"footnotes":""},"categories":[17],"tags":[21],"class_list":["post-1872","post","type-post","status-publish","format-standard","has-post-thumbnail","hentry","category-hirek","tag-21"],"yoast_head":"<!-- This site is optimized with the Yoast SEO plugin v27.5 - https:\/\/yoast.com\/product\/yoast-seo-wordpress\/ -->\n<title>Okt. 23-i megeml\u00e9kez\u00e9s Franfurtban - BUOD<\/title>\n<meta name=\"robots\" content=\"index, follow, max-snippet:-1, max-image-preview:large, max-video-preview:-1\" \/>\n<link rel=\"canonical\" href=\"https:\/\/buod.de\/de\/okt-23-i-megemlekezes-franfurtban\/\" \/>\n<meta property=\"og:locale\" content=\"de_DE\" \/>\n<meta property=\"og:type\" content=\"article\" \/>\n<meta property=\"og:title\" content=\"Okt. 23-i megeml\u00e9kez\u00e9s Franfurtban - BUOD\" \/>\n<meta property=\"og:description\" content=\"A Frankfurtban \u00e9l\u0151 magyarok k\u00f6z\u00f6ss\u00e9g\u00e9nek egyik legnagyobb er\u0151forr\u00e1sa a k\u00fcl\u00f6nb\u00f6z\u0151 csoportok \u00f6sszefog\u00e1sa. Cserk\u00e9szgyermekek j\u00e1rnak a Csodaorsz\u00e1g magyar iskol\u00e1ba, ministr\u00e1lnak a magyar Szent Erzs\u00e9bet katolikus pl\u00e9b\u00e1nia mis\u00e9j\u00e9n, k\u00f6z\u00f6sen vannak jelen gyerekek \u00e9s feln\u0151ttek az \u00fcnnepi alkalmakon \u00e9pp\u00fagy, mint a megval\u00f3s\u00edtand\u00f3 feladatok elv\u00e9gz\u00e9sekor.\" \/>\n<meta property=\"og:url\" content=\"https:\/\/buod.de\/de\/okt-23-i-megemlekezes-franfurtban\/\" \/>\n<meta property=\"og:site_name\" content=\"BUOD\" \/>\n<meta property=\"article:publisher\" content=\"https:\/\/www.facebook.com\/profile.php?id=100082185652397\" \/>\n<meta property=\"article:published_time\" content=\"2023-11-13T08:26:04+00:00\" \/>\n<meta property=\"article:modified_time\" content=\"2024-04-11T13:34:10+00:00\" \/>\n<meta property=\"og:image\" content=\"https:\/\/buod.de\/wp-content\/uploads\/2023\/11\/okt23kp1.jpg\" \/>\n\t<meta property=\"og:image:width\" content=\"446\" \/>\n\t<meta property=\"og:image:height\" content=\"206\" \/>\n\t<meta property=\"og:image:type\" content=\"image\/jpeg\" \/>\n<meta name=\"author\" content=\"Gery V\u00e1rkonyi\" \/>\n<meta name=\"twitter:card\" content=\"summary_large_image\" \/>\n<meta name=\"twitter:label1\" content=\"Written by\" \/>\n\t<meta name=\"twitter:data1\" content=\"Gery V\u00e1rkonyi\" \/>\n\t<meta name=\"twitter:label2\" content=\"Est. reading time\" \/>\n\t<meta name=\"twitter:data2\" content=\"2 minutes\" \/>\n<script type=\"application\/ld+json\" class=\"yoast-schema-graph\">{\"@context\":\"https:\\\/\\\/schema.org\",\"@graph\":[{\"@type\":\"Article\",\"@id\":\"https:\\\/\\\/buod.de\\\/okt-23-i-megemlekezes-franfurtban\\\/#article\",\"isPartOf\":{\"@id\":\"https:\\\/\\\/buod.de\\\/okt-23-i-megemlekezes-franfurtban\\\/\"},\"author\":{\"name\":\"Gery V\u00e1rkonyi\",\"@id\":\"https:\\\/\\\/buod.de\\\/#\\\/schema\\\/person\\\/8332a3e63b017fea8fcd17e9c0f96bf1\"},\"headline\":\"Okt. 23-i megeml\u00e9kez\u00e9s Franfurtban\",\"datePublished\":\"2023-11-13T08:26:04+00:00\",\"dateModified\":\"2024-04-11T13:34:10+00:00\",\"mainEntityOfPage\":{\"@id\":\"https:\\\/\\\/buod.de\\\/okt-23-i-megemlekezes-franfurtban\\\/\"},\"wordCount\":383,\"commentCount\":0,\"publisher\":{\"@id\":\"https:\\\/\\\/buod.de\\\/#organization\"},\"image\":{\"@id\":\"https:\\\/\\\/buod.de\\\/okt-23-i-megemlekezes-franfurtban\\\/#primaryimage\"},\"thumbnailUrl\":\"https:\\\/\\\/buod.de\\\/wp-content\\\/uploads\\\/2023\\\/11\\\/okt23kp1.jpg\",\"keywords\":[\"2023\"],\"articleSection\":[\"H\u00edrek\"],\"inLanguage\":\"de-DE\",\"potentialAction\":[{\"@type\":\"CommentAction\",\"name\":\"Comment\",\"target\":[\"https:\\\/\\\/buod.de\\\/okt-23-i-megemlekezes-franfurtban\\\/#respond\"]}]},{\"@type\":\"WebPage\",\"@id\":\"https:\\\/\\\/buod.de\\\/okt-23-i-megemlekezes-franfurtban\\\/\",\"url\":\"https:\\\/\\\/buod.de\\\/okt-23-i-megemlekezes-franfurtban\\\/\",\"name\":\"Okt. 23-i megeml\u00e9kez\u00e9s Franfurtban - BUOD\",\"isPartOf\":{\"@id\":\"https:\\\/\\\/buod.de\\\/#website\"},\"primaryImageOfPage\":{\"@id\":\"https:\\\/\\\/buod.de\\\/okt-23-i-megemlekezes-franfurtban\\\/#primaryimage\"},\"image\":{\"@id\":\"https:\\\/\\\/buod.de\\\/okt-23-i-megemlekezes-franfurtban\\\/#primaryimage\"},\"thumbnailUrl\":\"https:\\\/\\\/buod.de\\\/wp-content\\\/uploads\\\/2023\\\/11\\\/okt23kp1.jpg\",\"datePublished\":\"2023-11-13T08:26:04+00:00\",\"dateModified\":\"2024-04-11T13:34:10+00:00\",\"breadcrumb\":{\"@id\":\"https:\\\/\\\/buod.de\\\/okt-23-i-megemlekezes-franfurtban\\\/#breadcrumb\"},\"inLanguage\":\"de-DE\",\"potentialAction\":[{\"@type\":\"ReadAction\",\"target\":[\"https:\\\/\\\/buod.de\\\/okt-23-i-megemlekezes-franfurtban\\\/\"]}]},{\"@type\":\"ImageObject\",\"inLanguage\":\"de-DE\",\"@id\":\"https:\\\/\\\/buod.de\\\/okt-23-i-megemlekezes-franfurtban\\\/#primaryimage\",\"url\":\"https:\\\/\\\/buod.de\\\/wp-content\\\/uploads\\\/2023\\\/11\\\/okt23kp1.jpg\",\"contentUrl\":\"https:\\\/\\\/buod.de\\\/wp-content\\\/uploads\\\/2023\\\/11\\\/okt23kp1.jpg\",\"width\":446,\"height\":206,\"caption\":\"okt23kp1\"},{\"@type\":\"BreadcrumbList\",\"@id\":\"https:\\\/\\\/buod.de\\\/okt-23-i-megemlekezes-franfurtban\\\/#breadcrumb\",\"itemListElement\":[{\"@type\":\"ListItem\",\"position\":1,\"name\":\"Kezd\u0151lap\",\"item\":\"https:\\\/\\\/buod.de\\\/\"},{\"@type\":\"ListItem\",\"position\":2,\"name\":\"Okt. 23-i megeml\u00e9kez\u00e9s Franfurtban\"}]},{\"@type\":\"WebSite\",\"@id\":\"https:\\\/\\\/buod.de\\\/#website\",\"url\":\"https:\\\/\\\/buod.de\\\/\",\"name\":\"BUOD\",\"description\":\"Bund Ungarischer Organisationen in Deutschland\",\"publisher\":{\"@id\":\"https:\\\/\\\/buod.de\\\/#organization\"},\"potentialAction\":[{\"@type\":\"SearchAction\",\"target\":{\"@type\":\"EntryPoint\",\"urlTemplate\":\"https:\\\/\\\/buod.de\\\/?s={search_term_string}\"},\"query-input\":{\"@type\":\"PropertyValueSpecification\",\"valueRequired\":true,\"valueName\":\"search_term_string\"}}],\"inLanguage\":\"de-DE\"},{\"@type\":\"Organization\",\"@id\":\"https:\\\/\\\/buod.de\\\/#organization\",\"name\":\"BUOD\",\"url\":\"https:\\\/\\\/buod.de\\\/\",\"logo\":{\"@type\":\"ImageObject\",\"inLanguage\":\"de-DE\",\"@id\":\"https:\\\/\\\/buod.de\\\/#\\\/schema\\\/logo\\\/image\\\/\",\"url\":\"https:\\\/\\\/buod.de\\\/wp-content\\\/uploads\\\/2024\\\/03\\\/BUOD-logo.png\",\"contentUrl\":\"https:\\\/\\\/buod.de\\\/wp-content\\\/uploads\\\/2024\\\/03\\\/BUOD-logo.png\",\"width\":586,\"height\":490,\"caption\":\"BUOD\"},\"image\":{\"@id\":\"https:\\\/\\\/buod.de\\\/#\\\/schema\\\/logo\\\/image\\\/\"},\"sameAs\":[\"https:\\\/\\\/www.facebook.com\\\/profile.php?id=100082185652397\"]},{\"@type\":\"Person\",\"@id\":\"https:\\\/\\\/buod.de\\\/#\\\/schema\\\/person\\\/8332a3e63b017fea8fcd17e9c0f96bf1\",\"name\":\"Gery V\u00e1rkonyi\",\"image\":{\"@type\":\"ImageObject\",\"inLanguage\":\"de-DE\",\"@id\":\"https:\\\/\\\/secure.gravatar.com\\\/avatar\\\/c1babe7dc68f065be4ec606c522172804715398688c78c6fffca3888b364e934?s=96&d=mm&r=g\",\"url\":\"https:\\\/\\\/secure.gravatar.com\\\/avatar\\\/c1babe7dc68f065be4ec606c522172804715398688c78c6fffca3888b364e934?s=96&d=mm&r=g\",\"contentUrl\":\"https:\\\/\\\/secure.gravatar.com\\\/avatar\\\/c1babe7dc68f065be4ec606c522172804715398688c78c6fffca3888b364e934?s=96&d=mm&r=g\",\"caption\":\"Gery V\u00e1rkonyi\"},\"url\":\"https:\\\/\\\/buod.de\\\/de\\\/author\\\/geryvarkonyi\\\/\"}]}<\/script>\n<!-- \/ Yoast SEO plugin. -->","yoast_head_json":{"title":"Okt. 23-i megeml\u00e9kez\u00e9s Franfurtban - BUOD","robots":{"index":"index","follow":"follow","max-snippet":"max-snippet:-1","max-image-preview":"max-image-preview:large","max-video-preview":"max-video-preview:-1"},"canonical":"https:\/\/buod.de\/de\/okt-23-i-megemlekezes-franfurtban\/","og_locale":"de_DE","og_type":"article","og_title":"Okt. 23-i megeml\u00e9kez\u00e9s Franfurtban - BUOD","og_description":"A Frankfurtban \u00e9l\u0151 magyarok k\u00f6z\u00f6ss\u00e9g\u00e9nek egyik legnagyobb er\u0151forr\u00e1sa a k\u00fcl\u00f6nb\u00f6z\u0151 csoportok \u00f6sszefog\u00e1sa. Cserk\u00e9szgyermekek j\u00e1rnak a Csodaorsz\u00e1g magyar iskol\u00e1ba, ministr\u00e1lnak a magyar Szent Erzs\u00e9bet katolikus pl\u00e9b\u00e1nia mis\u00e9j\u00e9n, k\u00f6z\u00f6sen vannak jelen gyerekek \u00e9s feln\u0151ttek az \u00fcnnepi alkalmakon \u00e9pp\u00fagy, mint a megval\u00f3s\u00edtand\u00f3 feladatok elv\u00e9gz\u00e9sekor.","og_url":"https:\/\/buod.de\/de\/okt-23-i-megemlekezes-franfurtban\/","og_site_name":"BUOD","article_publisher":"https:\/\/www.facebook.com\/profile.php?id=100082185652397","article_published_time":"2023-11-13T08:26:04+00:00","article_modified_time":"2024-04-11T13:34:10+00:00","og_image":[{"width":446,"height":206,"url":"https:\/\/buod.de\/wp-content\/uploads\/2023\/11\/okt23kp1.jpg","type":"image\/jpeg"}],"author":"Gery V\u00e1rkonyi","twitter_card":"summary_large_image","twitter_misc":{"Written by":"Gery V\u00e1rkonyi","Est. reading time":"2 minutes"},"schema":{"@context":"https:\/\/schema.org","@graph":[{"@type":"Article","@id":"https:\/\/buod.de\/okt-23-i-megemlekezes-franfurtban\/#article","isPartOf":{"@id":"https:\/\/buod.de\/okt-23-i-megemlekezes-franfurtban\/"},"author":{"name":"Gery V\u00e1rkonyi","@id":"https:\/\/buod.de\/#\/schema\/person\/8332a3e63b017fea8fcd17e9c0f96bf1"},"headline":"Okt. 23-i megeml\u00e9kez\u00e9s Franfurtban","datePublished":"2023-11-13T08:26:04+00:00","dateModified":"2024-04-11T13:34:10+00:00","mainEntityOfPage":{"@id":"https:\/\/buod.de\/okt-23-i-megemlekezes-franfurtban\/"},"wordCount":383,"commentCount":0,"publisher":{"@id":"https:\/\/buod.de\/#organization"},"image":{"@id":"https:\/\/buod.de\/okt-23-i-megemlekezes-franfurtban\/#primaryimage"},"thumbnailUrl":"https:\/\/buod.de\/wp-content\/uploads\/2023\/11\/okt23kp1.jpg","keywords":["2023"],"articleSection":["H\u00edrek"],"inLanguage":"de-DE","potentialAction":[{"@type":"CommentAction","name":"Comment","target":["https:\/\/buod.de\/okt-23-i-megemlekezes-franfurtban\/#respond"]}]},{"@type":"WebPage","@id":"https:\/\/buod.de\/okt-23-i-megemlekezes-franfurtban\/","url":"https:\/\/buod.de\/okt-23-i-megemlekezes-franfurtban\/","name":"Okt. 23-i megeml\u00e9kez\u00e9s Franfurtban - BUOD","isPartOf":{"@id":"https:\/\/buod.de\/#website"},"primaryImageOfPage":{"@id":"https:\/\/buod.de\/okt-23-i-megemlekezes-franfurtban\/#primaryimage"},"image":{"@id":"https:\/\/buod.de\/okt-23-i-megemlekezes-franfurtban\/#primaryimage"},"thumbnailUrl":"https:\/\/buod.de\/wp-content\/uploads\/2023\/11\/okt23kp1.jpg","datePublished":"2023-11-13T08:26:04+00:00","dateModified":"2024-04-11T13:34:10+00:00","breadcrumb":{"@id":"https:\/\/buod.de\/okt-23-i-megemlekezes-franfurtban\/#breadcrumb"},"inLanguage":"de-DE","potentialAction":[{"@type":"ReadAction","target":["https:\/\/buod.de\/okt-23-i-megemlekezes-franfurtban\/"]}]},{"@type":"ImageObject","inLanguage":"de-DE","@id":"https:\/\/buod.de\/okt-23-i-megemlekezes-franfurtban\/#primaryimage","url":"https:\/\/buod.de\/wp-content\/uploads\/2023\/11\/okt23kp1.jpg","contentUrl":"https:\/\/buod.de\/wp-content\/uploads\/2023\/11\/okt23kp1.jpg","width":446,"height":206,"caption":"okt23kp1"},{"@type":"BreadcrumbList","@id":"https:\/\/buod.de\/okt-23-i-megemlekezes-franfurtban\/#breadcrumb","itemListElement":[{"@type":"ListItem","position":1,"name":"Kezd\u0151lap","item":"https:\/\/buod.de\/"},{"@type":"ListItem","position":2,"name":"Okt. 23-i megeml\u00e9kez\u00e9s Franfurtban"}]},{"@type":"WebSite","@id":"https:\/\/buod.de\/#website","url":"https:\/\/buod.de\/","name":"BUOD","description":"Bund Ungarischer Organisationen in Deutschland","publisher":{"@id":"https:\/\/buod.de\/#organization"},"potentialAction":[{"@type":"SearchAction","target":{"@type":"EntryPoint","urlTemplate":"https:\/\/buod.de\/?s={search_term_string}"},"query-input":{"@type":"PropertyValueSpecification","valueRequired":true,"valueName":"search_term_string"}}],"inLanguage":"de-DE"},{"@type":"Organization","@id":"https:\/\/buod.de\/#organization","name":"BUOD","url":"https:\/\/buod.de\/","logo":{"@type":"ImageObject","inLanguage":"de-DE","@id":"https:\/\/buod.de\/#\/schema\/logo\/image\/","url":"https:\/\/buod.de\/wp-content\/uploads\/2024\/03\/BUOD-logo.png","contentUrl":"https:\/\/buod.de\/wp-content\/uploads\/2024\/03\/BUOD-logo.png","width":586,"height":490,"caption":"BUOD"},"image":{"@id":"https:\/\/buod.de\/#\/schema\/logo\/image\/"},"sameAs":["https:\/\/www.facebook.com\/profile.php?id=100082185652397"]},{"@type":"Person","@id":"https:\/\/buod.de\/#\/schema\/person\/8332a3e63b017fea8fcd17e9c0f96bf1","name":"Gery V\u00e1rkonyi","image":{"@type":"ImageObject","inLanguage":"de-DE","@id":"https:\/\/secure.gravatar.com\/avatar\/c1babe7dc68f065be4ec606c522172804715398688c78c6fffca3888b364e934?s=96&d=mm&r=g","url":"https:\/\/secure.gravatar.com\/avatar\/c1babe7dc68f065be4ec606c522172804715398688c78c6fffca3888b364e934?s=96&d=mm&r=g","contentUrl":"https:\/\/secure.gravatar.com\/avatar\/c1babe7dc68f065be4ec606c522172804715398688c78c6fffca3888b364e934?s=96&d=mm&r=g","caption":"Gery V\u00e1rkonyi"},"url":"https:\/\/buod.de\/de\/author\/geryvarkonyi\/"}]}},"_links":{"self":[{"href":"https:\/\/buod.de\/de\/wp-json\/wp\/v2\/posts\/1872","targetHints":{"allow":["GET"]}}],"collection":[{"href":"https:\/\/buod.de\/de\/wp-json\/wp\/v2\/posts"}],"about":[{"href":"https:\/\/buod.de\/de\/wp-json\/wp\/v2\/types\/post"}],"author":[{"embeddable":true,"href":"https:\/\/buod.de\/de\/wp-json\/wp\/v2\/users\/4"}],"replies":[{"embeddable":true,"href":"https:\/\/buod.de\/de\/wp-json\/wp\/v2\/comments?post=1872"}],"version-history":[{"count":1,"href":"https:\/\/buod.de\/de\/wp-json\/wp\/v2\/posts\/1872\/revisions"}],"predecessor-version":[{"id":2409,"href":"https:\/\/buod.de\/de\/wp-json\/wp\/v2\/posts\/1872\/revisions\/2409"}],"wp:featuredmedia":[{"embeddable":true,"href":"https:\/\/buod.de\/de\/wp-json\/wp\/v2\/media\/1870"}],"wp:attachment":[{"href":"https:\/\/buod.de\/de\/wp-json\/wp\/v2\/media?parent=1872"}],"wp:term":[{"taxonomy":"category","embeddable":true,"href":"https:\/\/buod.de\/de\/wp-json\/wp\/v2\/categories?post=1872"},{"taxonomy":"post_tag","embeddable":true,"href":"https:\/\/buod.de\/de\/wp-json\/wp\/v2\/tags?post=1872"}],"curies":[{"name":"wp","href":"https:\/\/api.w.org\/{rel}","templated":true}]}}