{"id":1875,"date":"2023-11-15T10:17:52","date_gmt":"2023-11-15T10:17:52","guid":{"rendered":"https:\/\/dev.buod.de\/dug-mitgliederversammlung-botschafter-gyorkos-zur-migrationsfrage-hagen\/"},"modified":"2024-04-11T13:34:10","modified_gmt":"2024-04-11T13:34:10","slug":"dug-mitgliederversammlung-botschafter-gyorkos-zur-migrationsfrage-hagen","status":"publish","type":"post","link":"https:\/\/buod.de\/de\/dug-mitgliederversammlung-botschafter-gyorkos-zur-migrationsfrage-hagen\/","title":{"rendered":"DUG- Mitgliederversammlung, Botschafter Gy\u00f6rk\u00f6s zur Migrationsfrage, Hagen"},"content":{"rendered":"<p>An die Mitglieder und Freunde der<\/p>\n<p>Deutsch-Ungarischen Gesellschaft in der Bundesrepublik Deutschland e.V.<\/p>\n<p>Sehr geehrte Damen und Herren,<\/p>\n<p>auf unserer diesj\u00e4hrigen ordentlichen DUG-Mitgliederversammlung am 9. November in Berlin ist<\/p>\n<p><!--more--><\/p>\n<p>der bisherige Vorstand mit gro\u00dfer Mehrheit f\u00fcr zwei weitere Jahre im Amt best\u00e4tigt worden. Daf\u00fcr bedanken wir uns sehr. Dass ich als DUG-Pr\u00e4sident in geheimer Einzelwahl einstimmig wiedergew\u00e4hlt wurde, motiviert mich, auch weiterhin in der deutschen \u00d6ffentlichkeit die Stimme f\u00fcr Ungarn und f\u00fcr die deutsch-ungarische Freundschaft zu erheben. Diese Freundschaft ist mit Blick auf die europ\u00e4ischen und globalen Herausforderungen, vor denen wir stehen, wichtiger denn je!<\/p>\n<p>Ungarns Botschafter P\u00e9ter Gy\u00f6rk\u00f6s, der uns bei der Mitgliederversammlung als Diskussionspartner zur Verf\u00fcgung stand, hat dieser Tage in der WELT einen \u00fcberaus lesenswerten Gastbeitrag ver\u00f6ffentlicht, den Sie in der Anlage finden. Viel Spa\u00df bei der Lekt\u00fcre!<\/p>\n<p>Nach zwei kurz aufeinander folgenden DUG-Veranstaltungen in Berlin sind wir als DUG heute Abend, Mittwoch, 15. November, um 18.30 Uhr, im westf\u00e4lischen Hagen (im Theater an der Volme) pr\u00e4sent: Unser Thema: &#8222;Gesch\u00fctzte Grenzen und kein Platz f\u00fcr Antisemiten &#8211; Ist Ungarn ein Vorbild f\u00fcr Europa?<\/p>\n<p>Vielleicht sehen wir uns ja heute Abend, oder sonst eventuell n\u00e4chste Woche, am 23. November, bei unserer gemeinsamen Veranstaltung mit dem MCC in Budapest.&nbsp;<\/p>\n<p>Ich w\u00fcrde mich freuen. Bleiben Sie gesund!<\/p>\n<p>Herzliche Gr\u00fc\u00dfe<\/p>\n<p>Ihr<\/p>\n<p>Gerhard Papke<\/p>\n<p><strong>Dr. Gerhard Papke<\/strong><\/p>\n<p>Landtagsvizepr\u00e4sident NRW a.D.<\/p>\n<p>Pr\u00e4sident der Deutsch-Ungarischen Gesellschaft<\/p>\n<p>in der Bundesrepublik Deutschland e.V.<\/p>","protected":false},"excerpt":{"rendered":"<p>An die Mitglieder und Freunde der Deutsch-Ungarischen Gesellschaft in der Bundesrepublik Deutschland e.V. Sehr geehrte Damen und Herren, auf unserer diesj\u00e4hrigen ordentlichen DUG-Mitgliederversammlung am 9. November in Berlin ist<\/p>","protected":false},"author":4,"featured_media":0,"comment_status":"open","ping_status":"open","sticky":false,"template":"","format":"standard","meta":{"footnotes":""},"categories":[17],"tags":[21],"class_list":["post-1875","post","type-post","status-publish","format-standard","hentry","category-hirek","tag-21"],"yoast_head":"<!-- This site is optimized with the Yoast SEO plugin v27.5 - https:\/\/yoast.com\/product\/yoast-seo-wordpress\/ -->\n<title>DUG- Mitgliederversammlung, Botschafter Gy\u00f6rk\u00f6s zur Migrationsfrage, Hagen - BUOD<\/title>\n<meta name=\"robots\" content=\"index, follow, max-snippet:-1, max-image-preview:large, max-video-preview:-1\" \/>\n<link rel=\"canonical\" href=\"https:\/\/buod.de\/de\/dug-mitgliederversammlung-botschafter-gyorkos-zur-migrationsfrage-hagen\/\" \/>\n<meta property=\"og:locale\" content=\"de_DE\" \/>\n<meta property=\"og:type\" content=\"article\" \/>\n<meta property=\"og:title\" content=\"DUG- Mitgliederversammlung, Botschafter Gy\u00f6rk\u00f6s zur Migrationsfrage, Hagen - BUOD\" \/>\n<meta property=\"og:description\" content=\"An die Mitglieder und Freunde der Deutsch-Ungarischen Gesellschaft in der Bundesrepublik Deutschland e.V. Sehr geehrte Damen und Herren, auf unserer diesj\u00e4hrigen ordentlichen DUG-Mitgliederversammlung am 9. November in Berlin ist\" \/>\n<meta property=\"og:url\" content=\"https:\/\/buod.de\/de\/dug-mitgliederversammlung-botschafter-gyorkos-zur-migrationsfrage-hagen\/\" \/>\n<meta property=\"og:site_name\" content=\"BUOD\" \/>\n<meta property=\"article:publisher\" content=\"https:\/\/www.facebook.com\/profile.php?id=100082185652397\" \/>\n<meta property=\"article:published_time\" content=\"2023-11-15T10:17:52+00:00\" \/>\n<meta property=\"article:modified_time\" content=\"2024-04-11T13:34:10+00:00\" \/>\n<meta name=\"author\" content=\"Gery V\u00e1rkonyi\" \/>\n<meta name=\"twitter:card\" content=\"summary_large_image\" \/>\n<meta name=\"twitter:label1\" content=\"Written by\" \/>\n\t<meta name=\"twitter:data1\" content=\"Gery V\u00e1rkonyi\" \/>\n\t<meta name=\"twitter:label2\" content=\"Est. reading time\" \/>\n\t<meta name=\"twitter:data2\" content=\"1 minute\" \/>\n<script type=\"application\/ld+json\" class=\"yoast-schema-graph\">{\"@context\":\"https:\\\/\\\/schema.org\",\"@graph\":[{\"@type\":\"Article\",\"@id\":\"https:\\\/\\\/buod.de\\\/dug-mitgliederversammlung-botschafter-gyorkos-zur-migrationsfrage-hagen\\\/#article\",\"isPartOf\":{\"@id\":\"https:\\\/\\\/buod.de\\\/dug-mitgliederversammlung-botschafter-gyorkos-zur-migrationsfrage-hagen\\\/\"},\"author\":{\"name\":\"Gery V\u00e1rkonyi\",\"@id\":\"https:\\\/\\\/buod.de\\\/#\\\/schema\\\/person\\\/8332a3e63b017fea8fcd17e9c0f96bf1\"},\"headline\":\"DUG- Mitgliederversammlung, Botschafter Gy\u00f6rk\u00f6s zur Migrationsfrage, Hagen\",\"datePublished\":\"2023-11-15T10:17:52+00:00\",\"dateModified\":\"2024-04-11T13:34:10+00:00\",\"mainEntityOfPage\":{\"@id\":\"https:\\\/\\\/buod.de\\\/dug-mitgliederversammlung-botschafter-gyorkos-zur-migrationsfrage-hagen\\\/\"},\"wordCount\":262,\"commentCount\":0,\"publisher\":{\"@id\":\"https:\\\/\\\/buod.de\\\/#organization\"},\"keywords\":[\"2023\"],\"articleSection\":[\"H\u00edrek\"],\"inLanguage\":\"de-DE\",\"potentialAction\":[{\"@type\":\"CommentAction\",\"name\":\"Comment\",\"target\":[\"https:\\\/\\\/buod.de\\\/dug-mitgliederversammlung-botschafter-gyorkos-zur-migrationsfrage-hagen\\\/#respond\"]}]},{\"@type\":\"WebPage\",\"@id\":\"https:\\\/\\\/buod.de\\\/dug-mitgliederversammlung-botschafter-gyorkos-zur-migrationsfrage-hagen\\\/\",\"url\":\"https:\\\/\\\/buod.de\\\/dug-mitgliederversammlung-botschafter-gyorkos-zur-migrationsfrage-hagen\\\/\",\"name\":\"DUG- Mitgliederversammlung, Botschafter Gy\u00f6rk\u00f6s zur Migrationsfrage, Hagen - BUOD\",\"isPartOf\":{\"@id\":\"https:\\\/\\\/buod.de\\\/#website\"},\"datePublished\":\"2023-11-15T10:17:52+00:00\",\"dateModified\":\"2024-04-11T13:34:10+00:00\",\"breadcrumb\":{\"@id\":\"https:\\\/\\\/buod.de\\\/dug-mitgliederversammlung-botschafter-gyorkos-zur-migrationsfrage-hagen\\\/#breadcrumb\"},\"inLanguage\":\"de-DE\",\"potentialAction\":[{\"@type\":\"ReadAction\",\"target\":[\"https:\\\/\\\/buod.de\\\/dug-mitgliederversammlung-botschafter-gyorkos-zur-migrationsfrage-hagen\\\/\"]}]},{\"@type\":\"BreadcrumbList\",\"@id\":\"https:\\\/\\\/buod.de\\\/dug-mitgliederversammlung-botschafter-gyorkos-zur-migrationsfrage-hagen\\\/#breadcrumb\",\"itemListElement\":[{\"@type\":\"ListItem\",\"position\":1,\"name\":\"Kezd\u0151lap\",\"item\":\"https:\\\/\\\/buod.de\\\/\"},{\"@type\":\"ListItem\",\"position\":2,\"name\":\"DUG- Mitgliederversammlung, Botschafter Gy\u00f6rk\u00f6s zur Migrationsfrage, Hagen\"}]},{\"@type\":\"WebSite\",\"@id\":\"https:\\\/\\\/buod.de\\\/#website\",\"url\":\"https:\\\/\\\/buod.de\\\/\",\"name\":\"BUOD\",\"description\":\"Bund Ungarischer Organisationen in Deutschland\",\"publisher\":{\"@id\":\"https:\\\/\\\/buod.de\\\/#organization\"},\"potentialAction\":[{\"@type\":\"SearchAction\",\"target\":{\"@type\":\"EntryPoint\",\"urlTemplate\":\"https:\\\/\\\/buod.de\\\/?s={search_term_string}\"},\"query-input\":{\"@type\":\"PropertyValueSpecification\",\"valueRequired\":true,\"valueName\":\"search_term_string\"}}],\"inLanguage\":\"de-DE\"},{\"@type\":\"Organization\",\"@id\":\"https:\\\/\\\/buod.de\\\/#organization\",\"name\":\"BUOD\",\"url\":\"https:\\\/\\\/buod.de\\\/\",\"logo\":{\"@type\":\"ImageObject\",\"inLanguage\":\"de-DE\",\"@id\":\"https:\\\/\\\/buod.de\\\/#\\\/schema\\\/logo\\\/image\\\/\",\"url\":\"https:\\\/\\\/buod.de\\\/wp-content\\\/uploads\\\/2024\\\/03\\\/BUOD-logo.png\",\"contentUrl\":\"https:\\\/\\\/buod.de\\\/wp-content\\\/uploads\\\/2024\\\/03\\\/BUOD-logo.png\",\"width\":586,\"height\":490,\"caption\":\"BUOD\"},\"image\":{\"@id\":\"https:\\\/\\\/buod.de\\\/#\\\/schema\\\/logo\\\/image\\\/\"},\"sameAs\":[\"https:\\\/\\\/www.facebook.com\\\/profile.php?id=100082185652397\"]},{\"@type\":\"Person\",\"@id\":\"https:\\\/\\\/buod.de\\\/#\\\/schema\\\/person\\\/8332a3e63b017fea8fcd17e9c0f96bf1\",\"name\":\"Gery V\u00e1rkonyi\",\"image\":{\"@type\":\"ImageObject\",\"inLanguage\":\"de-DE\",\"@id\":\"https:\\\/\\\/secure.gravatar.com\\\/avatar\\\/c1babe7dc68f065be4ec606c522172804715398688c78c6fffca3888b364e934?s=96&d=mm&r=g\",\"url\":\"https:\\\/\\\/secure.gravatar.com\\\/avatar\\\/c1babe7dc68f065be4ec606c522172804715398688c78c6fffca3888b364e934?s=96&d=mm&r=g\",\"contentUrl\":\"https:\\\/\\\/secure.gravatar.com\\\/avatar\\\/c1babe7dc68f065be4ec606c522172804715398688c78c6fffca3888b364e934?s=96&d=mm&r=g\",\"caption\":\"Gery V\u00e1rkonyi\"},\"url\":\"https:\\\/\\\/buod.de\\\/de\\\/author\\\/geryvarkonyi\\\/\"}]}<\/script>\n<!-- \/ Yoast SEO plugin. -->","yoast_head_json":{"title":"DUG- Mitgliederversammlung, Botschafter Gy\u00f6rk\u00f6s zur Migrationsfrage, Hagen - BUOD","robots":{"index":"index","follow":"follow","max-snippet":"max-snippet:-1","max-image-preview":"max-image-preview:large","max-video-preview":"max-video-preview:-1"},"canonical":"https:\/\/buod.de\/de\/dug-mitgliederversammlung-botschafter-gyorkos-zur-migrationsfrage-hagen\/","og_locale":"de_DE","og_type":"article","og_title":"DUG- Mitgliederversammlung, Botschafter Gy\u00f6rk\u00f6s zur Migrationsfrage, Hagen - BUOD","og_description":"An die Mitglieder und Freunde der Deutsch-Ungarischen Gesellschaft in der Bundesrepublik Deutschland e.V. Sehr geehrte Damen und Herren, auf unserer diesj\u00e4hrigen ordentlichen DUG-Mitgliederversammlung am 9. November in Berlin ist","og_url":"https:\/\/buod.de\/de\/dug-mitgliederversammlung-botschafter-gyorkos-zur-migrationsfrage-hagen\/","og_site_name":"BUOD","article_publisher":"https:\/\/www.facebook.com\/profile.php?id=100082185652397","article_published_time":"2023-11-15T10:17:52+00:00","article_modified_time":"2024-04-11T13:34:10+00:00","author":"Gery V\u00e1rkonyi","twitter_card":"summary_large_image","twitter_misc":{"Written by":"Gery V\u00e1rkonyi","Est. reading time":"1 minute"},"schema":{"@context":"https:\/\/schema.org","@graph":[{"@type":"Article","@id":"https:\/\/buod.de\/dug-mitgliederversammlung-botschafter-gyorkos-zur-migrationsfrage-hagen\/#article","isPartOf":{"@id":"https:\/\/buod.de\/dug-mitgliederversammlung-botschafter-gyorkos-zur-migrationsfrage-hagen\/"},"author":{"name":"Gery V\u00e1rkonyi","@id":"https:\/\/buod.de\/#\/schema\/person\/8332a3e63b017fea8fcd17e9c0f96bf1"},"headline":"DUG- Mitgliederversammlung, Botschafter Gy\u00f6rk\u00f6s zur Migrationsfrage, Hagen","datePublished":"2023-11-15T10:17:52+00:00","dateModified":"2024-04-11T13:34:10+00:00","mainEntityOfPage":{"@id":"https:\/\/buod.de\/dug-mitgliederversammlung-botschafter-gyorkos-zur-migrationsfrage-hagen\/"},"wordCount":262,"commentCount":0,"publisher":{"@id":"https:\/\/buod.de\/#organization"},"keywords":["2023"],"articleSection":["H\u00edrek"],"inLanguage":"de-DE","potentialAction":[{"@type":"CommentAction","name":"Comment","target":["https:\/\/buod.de\/dug-mitgliederversammlung-botschafter-gyorkos-zur-migrationsfrage-hagen\/#respond"]}]},{"@type":"WebPage","@id":"https:\/\/buod.de\/dug-mitgliederversammlung-botschafter-gyorkos-zur-migrationsfrage-hagen\/","url":"https:\/\/buod.de\/dug-mitgliederversammlung-botschafter-gyorkos-zur-migrationsfrage-hagen\/","name":"DUG- Mitgliederversammlung, Botschafter Gy\u00f6rk\u00f6s zur Migrationsfrage, Hagen - BUOD","isPartOf":{"@id":"https:\/\/buod.de\/#website"},"datePublished":"2023-11-15T10:17:52+00:00","dateModified":"2024-04-11T13:34:10+00:00","breadcrumb":{"@id":"https:\/\/buod.de\/dug-mitgliederversammlung-botschafter-gyorkos-zur-migrationsfrage-hagen\/#breadcrumb"},"inLanguage":"de-DE","potentialAction":[{"@type":"ReadAction","target":["https:\/\/buod.de\/dug-mitgliederversammlung-botschafter-gyorkos-zur-migrationsfrage-hagen\/"]}]},{"@type":"BreadcrumbList","@id":"https:\/\/buod.de\/dug-mitgliederversammlung-botschafter-gyorkos-zur-migrationsfrage-hagen\/#breadcrumb","itemListElement":[{"@type":"ListItem","position":1,"name":"Kezd\u0151lap","item":"https:\/\/buod.de\/"},{"@type":"ListItem","position":2,"name":"DUG- Mitgliederversammlung, Botschafter Gy\u00f6rk\u00f6s zur Migrationsfrage, Hagen"}]},{"@type":"WebSite","@id":"https:\/\/buod.de\/#website","url":"https:\/\/buod.de\/","name":"BUOD","description":"Bund Ungarischer Organisationen in Deutschland","publisher":{"@id":"https:\/\/buod.de\/#organization"},"potentialAction":[{"@type":"SearchAction","target":{"@type":"EntryPoint","urlTemplate":"https:\/\/buod.de\/?s={search_term_string}"},"query-input":{"@type":"PropertyValueSpecification","valueRequired":true,"valueName":"search_term_string"}}],"inLanguage":"de-DE"},{"@type":"Organization","@id":"https:\/\/buod.de\/#organization","name":"BUOD","url":"https:\/\/buod.de\/","logo":{"@type":"ImageObject","inLanguage":"de-DE","@id":"https:\/\/buod.de\/#\/schema\/logo\/image\/","url":"https:\/\/buod.de\/wp-content\/uploads\/2024\/03\/BUOD-logo.png","contentUrl":"https:\/\/buod.de\/wp-content\/uploads\/2024\/03\/BUOD-logo.png","width":586,"height":490,"caption":"BUOD"},"image":{"@id":"https:\/\/buod.de\/#\/schema\/logo\/image\/"},"sameAs":["https:\/\/www.facebook.com\/profile.php?id=100082185652397"]},{"@type":"Person","@id":"https:\/\/buod.de\/#\/schema\/person\/8332a3e63b017fea8fcd17e9c0f96bf1","name":"Gery V\u00e1rkonyi","image":{"@type":"ImageObject","inLanguage":"de-DE","@id":"https:\/\/secure.gravatar.com\/avatar\/c1babe7dc68f065be4ec606c522172804715398688c78c6fffca3888b364e934?s=96&d=mm&r=g","url":"https:\/\/secure.gravatar.com\/avatar\/c1babe7dc68f065be4ec606c522172804715398688c78c6fffca3888b364e934?s=96&d=mm&r=g","contentUrl":"https:\/\/secure.gravatar.com\/avatar\/c1babe7dc68f065be4ec606c522172804715398688c78c6fffca3888b364e934?s=96&d=mm&r=g","caption":"Gery V\u00e1rkonyi"},"url":"https:\/\/buod.de\/de\/author\/geryvarkonyi\/"}]}},"_links":{"self":[{"href":"https:\/\/buod.de\/de\/wp-json\/wp\/v2\/posts\/1875","targetHints":{"allow":["GET"]}}],"collection":[{"href":"https:\/\/buod.de\/de\/wp-json\/wp\/v2\/posts"}],"about":[{"href":"https:\/\/buod.de\/de\/wp-json\/wp\/v2\/types\/post"}],"author":[{"embeddable":true,"href":"https:\/\/buod.de\/de\/wp-json\/wp\/v2\/users\/4"}],"replies":[{"embeddable":true,"href":"https:\/\/buod.de\/de\/wp-json\/wp\/v2\/comments?post=1875"}],"version-history":[{"count":1,"href":"https:\/\/buod.de\/de\/wp-json\/wp\/v2\/posts\/1875\/revisions"}],"predecessor-version":[{"id":2407,"href":"https:\/\/buod.de\/de\/wp-json\/wp\/v2\/posts\/1875\/revisions\/2407"}],"wp:attachment":[{"href":"https:\/\/buod.de\/de\/wp-json\/wp\/v2\/media?parent=1875"}],"wp:term":[{"taxonomy":"category","embeddable":true,"href":"https:\/\/buod.de\/de\/wp-json\/wp\/v2\/categories?post=1875"},{"taxonomy":"post_tag","embeddable":true,"href":"https:\/\/buod.de\/de\/wp-json\/wp\/v2\/tags?post=1875"}],"curies":[{"name":"wp","href":"https:\/\/api.w.org\/{rel}","templated":true}]}}